{"id":20462,"date":"2022-08-17T14:55:33","date_gmt":"2022-08-17T12:55:33","guid":{"rendered":"https:\/\/vosgesinfo.fr\/epinalinfo\/2022\/08\/cups-culottes-serviettes-40e-de-subvention-lachat-de-produits-dhygiene-intime-reutilisables\/"},"modified":"2024-02-27T17:39:39","modified_gmt":"2024-02-27T16:39:39","slug":"cups-culottes-serviettes-40e-de-subvention-lachat-de-produits-dhygiene-intime-reutilisables","status":"publish","type":"post","link":"https:\/\/vosgesinfo.fr\/epinalinfo\/2022\/08\/cups-culottes-serviettes-40e-de-subvention-lachat-de-produits-dhygiene-intime-reutilisables\/","title":{"rendered":"CUPS, culottes, serviettes \u2026 40\u20ac de subvention pour l\u2019achat de produits d\u2019hygi\u00e8ne intime r\u00e9utilisables !"},"content":{"rendered":"<h2><span style=\"font-size: 14pt;\"><a href=\"https:\/\/epinalinfos.fr\/wp-content\/uploads\/2022\/08\/health-ga6c729186_1920.jpg\"><img decoding=\"async\" class=\"aligncenter size-large wp-image-206291\" src=\"https:\/\/vosgesinfo.fr\/app\/uploads\/sites\/3\/2022\/08\/health-ga6c729186-1920.jpg\" alt=\"health-ga6c729186_1920\" width=\"800\" height=\"533\" \/><\/a>Les tampons et serviettes jetables ne sont pas recyclables et repr\u00e9sentent avec les autres textiles sanitaires (couches, lingettes, mouchoirs en papier\u2026) 13% des ordures m\u00e9nag\u00e8res r\u00e9siduelles, soit plus de 30 kg par an et par habitant, selon l\u2019ADEME. <\/span><\/h2>\n<h3>R\u00e9duire les d\u00e9chets li\u00e9s au cycle menstruel !<\/h3>\n<p>Dans le cadre de ses missions de pr\u00e9vention, le SICOVAD aide \u00e0 l\u2019achat d\u2019alternatives hygi\u00e9niques r\u00e9utilisables. Il subventionne pour tout achat de protections intimes lavables \u00e0 hauteur de 40\u20ac sur justificatif et ce aupr\u00e8s de 50 familles de son territoire.<\/p>\n<p>Le dossier d\u2019inscription est t\u00e9l\u00e9chargeable sur le site du SICOVAD, rubrique \u00ab PREVENTION \u00bb. Toute famille d\u00e9sireuse de b\u00e9n\u00e9ficier du dispositif peut le remplir et le retourner d\u00e8s aujourd\u2019hui !<\/p>\n<p>Une fois l\u2019inscription confirm\u00e9e par les services du SICOVAD, la famille dispose d\u2019un mois pour acheter ses protections intimes r\u00e9utilisables et justifier de leur achat en pr\u00e9sentant une facture nominative.<\/p>\n<p>Chaque foyer r\u00e9sidant dans une commune du SICOVAD peut participer.<\/p>\n<h3>Un test concluant en 2021 !<\/h3>\n<p>En 2021 et en partenariat avec la Maison de L\u2019Etudiant, le SICOVAD avait lanc\u00e9 une exp\u00e9rimentation sur le sujet, en dotant une dizaine d\u2019\u00e9tudiantes volontaires en alternatives r\u00e9utilisables : cups, culottes ou serviettes menstruelles. Une \u00e9conomie sur le moyen et long terme Avant exp\u00e9rimentation, les \u00e9tudiantes utilisaient entre 15 et 20 protections \u00e0 usage unique.<\/p>\n<p>Pendant l\u2019op\u00e9ration et totalement satisfaites des alternatives r\u00e9utilisables, certaines n\u2019ont plus utilis\u00e9 de jetables et d\u2019autres moins de 5. Le budget moyen annuel des protections jetables est d\u2019environ 60\u20ac. L\u2019investissement \u00e0 l\u2019achat des protections r\u00e9utilisables est plus important (environ 150\u20ac) mais la dur\u00e9e d\u2019utilisation permet de rentabiliser cet investissement au bout de deux bonnes ann\u00e9es, sans compter les effets positifs pour la sant\u00e9 et l\u2019environnement. A savoir que ces alternatives se gardent en moyenne cinq ans voire plus.<\/p>\n","protected":false},"excerpt":{"rendered":"<p>Les tampons et serviettes jetables ne sont pas recyclables et repr\u00e9sentent avec les autres textiles sanitaires (couches, lingettes, mouchoirs en [&hellip;]<\/p>\n","protected":false},"author":52,"featured_media":20463,"comment_status":"open","ping_status":"open","sticky":false,"template":"","format":"standard","meta":{"footnotes":""},"categories":[22,16,5],"tags":[4091,4092,449,351,4093,4094,4095],"class_list":["post-20462","post","type-post","status-publish","format-standard","has-post-thumbnail","hentry","category-a-la-une","category-environnement","category-vosges","tag-culottes","tag-cups","tag-ecologie","tag-environnement","tag-produits-dhygiene-intime-reutilisables","tag-serviettes","tag-subvention"],"acf":[],"yoast_head":"<!-- This site is optimized with the Yoast SEO plugin v22.5 - https:\/\/yoast.com\/wordpress\/plugins\/seo\/ -->\n<title>CUPS, culottes, serviettes \u2026 40\u20ac de subvention pour l\u2019achat de produits d\u2019hygi\u00e8ne intime r\u00e9utilisables ! - Epinal Info<\/title>\n<meta name=\"robots\" content=\"index, follow, max-snippet:-1, max-image-preview:large, max-video-preview:-1\" \/>\n<link rel=\"canonical\" href=\"https:\/\/vosgesinfo.fr\/epinalinfo\/2022\/08\/cups-culottes-serviettes-40e-de-subvention-lachat-de-produits-dhygiene-intime-reutilisables\/\" \/>\n<meta name=\"twitter:card\" content=\"summary_large_image\" \/>\n<meta name=\"twitter:title\" content=\"CUPS, culottes, serviettes \u2026 40\u20ac de subvention pour l\u2019achat de produits d\u2019hygi\u00e8ne intime r\u00e9utilisables ! - Epinal Info\" \/>\n<meta name=\"twitter:description\" content=\"Les tampons et serviettes jetables ne sont pas recyclables et repr\u00e9sentent avec les autres textiles sanitaires (couches, lingettes, mouchoirs en [&hellip;]\" \/>\n<meta name=\"twitter:image\" content=\"https:\/\/vosgesinfo.fr\/app\/uploads\/sites\/3\/2022\/08\/health-ga6c729186-1920.jpg\" \/>\n<meta name=\"twitter:creator\" content=\"@VosgesInfo88\" \/>\n<meta name=\"twitter:site\" content=\"@VosgesInfo88\" \/>\n<meta name=\"twitter:label1\" content=\"\u00c9crit par\" \/>\n\t<meta name=\"twitter:data1\" content=\"C.K.\" \/>\n\t<meta name=\"twitter:label2\" content=\"Dur\u00e9e de lecture estim\u00e9e\" \/>\n\t<meta name=\"twitter:data2\" content=\"2 minutes\" \/>\n<script type=\"application\/ld+json\" class=\"yoast-schema-graph\">{\"@context\":\"https:\/\/schema.org\",\"@graph\":[{\"@type\":\"Article\",\"@id\":\"https:\/\/vosgesinfo.fr\/epinalinfo\/2022\/08\/cups-culottes-serviettes-40e-de-subvention-lachat-de-produits-dhygiene-intime-reutilisables\/#article\",\"isPartOf\":{\"@id\":\"https:\/\/vosgesinfo.fr\/epinalinfo\/2022\/08\/cups-culottes-serviettes-40e-de-subvention-lachat-de-produits-dhygiene-intime-reutilisables\/\"},\"author\":{\"name\":\"C.K.\",\"@id\":\"https:\/\/vosgesinfo.fr\/epinalinfo\/#\/schema\/person\/6f9a650eeea99d969b6c4ab78fccbe81\"},\"headline\":\"CUPS, culottes, serviettes \u2026 40\u20ac de subvention pour l\u2019achat de produits d\u2019hygi\u00e8ne intime r\u00e9utilisables !\",\"datePublished\":\"2022-08-17T12:55:33+00:00\",\"dateModified\":\"2024-02-27T16:39:39+00:00\",\"mainEntityOfPage\":{\"@id\":\"https:\/\/vosgesinfo.fr\/epinalinfo\/2022\/08\/cups-culottes-serviettes-40e-de-subvention-lachat-de-produits-dhygiene-intime-reutilisables\/\"},\"wordCount\":336,\"commentCount\":0,\"publisher\":{\"@id\":\"https:\/\/vosgesinfo.fr\/epinalinfo\/#organization\"},\"image\":{\"@id\":\"https:\/\/vosgesinfo.fr\/epinalinfo\/2022\/08\/cups-culottes-serviettes-40e-de-subvention-lachat-de-produits-dhygiene-intime-reutilisables\/#primaryimage\"},\"thumbnailUrl\":\"https:\/\/vosgesinfo.fr\/app\/uploads\/sites\/3\/2022\/08\/health-ga6c729186-1920.jpg\",\"keywords\":[\"culottes\",\"CUPS\",\"\u00e9cologie\",\"environnement\",\"produits d\u2019hygi\u00e8ne intime r\u00e9utilisables\",\"serviettes\",\"subvention\"],\"articleSection\":[\"A la Une\",\"Environnement\",\"Vosges\"],\"inLanguage\":\"fr-FR\",\"potentialAction\":[{\"@type\":\"CommentAction\",\"name\":\"Comment\",\"target\":[\"https:\/\/vosgesinfo.fr\/epinalinfo\/2022\/08\/cups-culottes-serviettes-40e-de-subvention-lachat-de-produits-dhygiene-intime-reutilisables\/#respond\"]}]},{\"@type\":\"WebPage\",\"@id\":\"https:\/\/vosgesinfo.fr\/epinalinfo\/2022\/08\/cups-culottes-serviettes-40e-de-subvention-lachat-de-produits-dhygiene-intime-reutilisables\/\",\"url\":\"https:\/\/vosgesinfo.fr\/epinalinfo\/2022\/08\/cups-culottes-serviettes-40e-de-subvention-lachat-de-produits-dhygiene-intime-reutilisables\/\",\"name\":\"CUPS, culottes, serviettes \u2026 40\u20ac de subvention pour l\u2019achat de produits d\u2019hygi\u00e8ne intime r\u00e9utilisables ! - Epinal Info\",\"isPartOf\":{\"@id\":\"https:\/\/vosgesinfo.fr\/epinalinfo\/#website\"},\"primaryImageOfPage\":{\"@id\":\"https:\/\/vosgesinfo.fr\/epinalinfo\/2022\/08\/cups-culottes-serviettes-40e-de-subvention-lachat-de-produits-dhygiene-intime-reutilisables\/#primaryimage\"},\"image\":{\"@id\":\"https:\/\/vosgesinfo.fr\/epinalinfo\/2022\/08\/cups-culottes-serviettes-40e-de-subvention-lachat-de-produits-dhygiene-intime-reutilisables\/#primaryimage\"},\"thumbnailUrl\":\"https:\/\/vosgesinfo.fr\/app\/uploads\/sites\/3\/2022\/08\/health-ga6c729186-1920.jpg\",\"datePublished\":\"2022-08-17T12:55:33+00:00\",\"dateModified\":\"2024-02-27T16:39:39+00:00\",\"breadcrumb\":{\"@id\":\"https:\/\/vosgesinfo.fr\/epinalinfo\/2022\/08\/cups-culottes-serviettes-40e-de-subvention-lachat-de-produits-dhygiene-intime-reutilisables\/#breadcrumb\"},\"inLanguage\":\"fr-FR\",\"potentialAction\":[{\"@type\":\"ReadAction\",\"target\":[\"https:\/\/vosgesinfo.fr\/epinalinfo\/2022\/08\/cups-culottes-serviettes-40e-de-subvention-lachat-de-produits-dhygiene-intime-reutilisables\/\"]}]},{\"@type\":\"ImageObject\",\"inLanguage\":\"fr-FR\",\"@id\":\"https:\/\/vosgesinfo.fr\/epinalinfo\/2022\/08\/cups-culottes-serviettes-40e-de-subvention-lachat-de-produits-dhygiene-intime-reutilisables\/#primaryimage\",\"url\":\"https:\/\/vosgesinfo.fr\/app\/uploads\/sites\/3\/2022\/08\/health-ga6c729186-1920.jpg\",\"contentUrl\":\"https:\/\/vosgesinfo.fr\/app\/uploads\/sites\/3\/2022\/08\/health-ga6c729186-1920.jpg\"},{\"@type\":\"BreadcrumbList\",\"@id\":\"https:\/\/vosgesinfo.fr\/epinalinfo\/2022\/08\/cups-culottes-serviettes-40e-de-subvention-lachat-de-produits-dhygiene-intime-reutilisables\/#breadcrumb\",\"itemListElement\":[{\"@type\":\"ListItem\",\"position\":1,\"name\":\"Home\",\"item\":\"https:\/\/vosgesinfo.fr\/epinalinfo\/\"},{\"@type\":\"ListItem\",\"position\":2,\"name\":\"CUPS, culottes, serviettes \u2026 40\u20ac de subvention pour l\u2019achat de produits d\u2019hygi\u00e8ne intime r\u00e9utilisables !\"}]},{\"@type\":\"WebSite\",\"@id\":\"https:\/\/vosgesinfo.fr\/epinalinfo\/#website\",\"url\":\"https:\/\/vosgesinfo.fr\/epinalinfo\/\",\"name\":\"Epinal Info\",\"description\":\"Toute l&#039;actualit\u00e9 d&#039;\u00c9pinal\",\"publisher\":{\"@id\":\"https:\/\/vosgesinfo.fr\/epinalinfo\/#organization\"},\"alternateName\":\"Toute l'actualit\u00e9 d'\u00c9pinal\",\"potentialAction\":[{\"@type\":\"SearchAction\",\"target\":{\"@type\":\"EntryPoint\",\"urlTemplate\":\"https:\/\/vosgesinfo.fr\/epinalinfo\/?s={search_term_string}\"},\"query-input\":\"required name=search_term_string\"}],\"inLanguage\":\"fr-FR\"},{\"@type\":\"Organization\",\"@id\":\"https:\/\/vosgesinfo.fr\/epinalinfo\/#organization\",\"name\":\"Epinal Info\",\"url\":\"https:\/\/vosgesinfo.fr\/epinalinfo\/\",\"logo\":{\"@type\":\"ImageObject\",\"inLanguage\":\"fr-FR\",\"@id\":\"https:\/\/vosgesinfo.fr\/epinalinfo\/#\/schema\/logo\/image\/\",\"url\":\"https:\/\/vosgesinfo.fr\/app\/uploads\/sites\/3\/2023\/08\/logo-epinalinfos.svg\",\"contentUrl\":\"https:\/\/vosgesinfo.fr\/app\/uploads\/sites\/3\/2023\/08\/logo-epinalinfos.svg\",\"width\":1,\"height\":1,\"caption\":\"Epinal Info\"},\"image\":{\"@id\":\"https:\/\/vosgesinfo.fr\/epinalinfo\/#\/schema\/logo\/image\/\"},\"sameAs\":[\"https:\/\/www.facebook.com\/Epinalinfos\",\"https:\/\/x.com\/VosgesInfo88\",\"https:\/\/www.youtube.com\/@vosgesinfo\"]},{\"@type\":\"Person\",\"@id\":\"https:\/\/vosgesinfo.fr\/epinalinfo\/#\/schema\/person\/6f9a650eeea99d969b6c4ab78fccbe81\",\"name\":\"C.K.\",\"image\":{\"@type\":\"ImageObject\",\"inLanguage\":\"fr-FR\",\"@id\":\"https:\/\/vosgesinfo.fr\/epinalinfo\/#\/schema\/person\/image\/\",\"url\":\"https:\/\/secure.gravatar.com\/avatar\/48e3fc7f8421ba8942be6b74a2b7f014ca39bc00dece156b7a8e098ae7dc87bf?s=96&d=mm&r=g\",\"contentUrl\":\"https:\/\/secure.gravatar.com\/avatar\/48e3fc7f8421ba8942be6b74a2b7f014ca39bc00dece156b7a8e098ae7dc87bf?s=96&d=mm&r=g\",\"caption\":\"C.K.\"},\"url\":\"https:\/\/vosgesinfo.fr\/epinalinfo\/author\/celia-k-n\/\"}]}<\/script>\n<!-- \/ Yoast SEO plugin. -->","yoast_head_json":{"title":"CUPS, culottes, serviettes \u2026 40\u20ac de subvention pour l\u2019achat de produits d\u2019hygi\u00e8ne intime r\u00e9utilisables ! - Epinal Info","robots":{"index":"index","follow":"follow","max-snippet":"max-snippet:-1","max-image-preview":"max-image-preview:large","max-video-preview":"max-video-preview:-1"},"canonical":"https:\/\/vosgesinfo.fr\/epinalinfo\/2022\/08\/cups-culottes-serviettes-40e-de-subvention-lachat-de-produits-dhygiene-intime-reutilisables\/","twitter_card":"summary_large_image","twitter_title":"CUPS, culottes, serviettes \u2026 40\u20ac de subvention pour l\u2019achat de produits d\u2019hygi\u00e8ne intime r\u00e9utilisables ! - Epinal Info","twitter_description":"Les tampons et serviettes jetables ne sont pas recyclables et repr\u00e9sentent avec les autres textiles sanitaires (couches, lingettes, mouchoirs en [&hellip;]","twitter_image":"https:\/\/vosgesinfo.fr\/app\/uploads\/sites\/3\/2022\/08\/health-ga6c729186-1920.jpg","twitter_creator":"@VosgesInfo88","twitter_site":"@VosgesInfo88","twitter_misc":{"\u00c9crit par":"C.K.","Dur\u00e9e de lecture estim\u00e9e":"2 minutes"},"schema":{"@context":"https:\/\/schema.org","@graph":[{"@type":"Article","@id":"https:\/\/vosgesinfo.fr\/epinalinfo\/2022\/08\/cups-culottes-serviettes-40e-de-subvention-lachat-de-produits-dhygiene-intime-reutilisables\/#article","isPartOf":{"@id":"https:\/\/vosgesinfo.fr\/epinalinfo\/2022\/08\/cups-culottes-serviettes-40e-de-subvention-lachat-de-produits-dhygiene-intime-reutilisables\/"},"author":{"name":"C.K.","@id":"https:\/\/vosgesinfo.fr\/epinalinfo\/#\/schema\/person\/6f9a650eeea99d969b6c4ab78fccbe81"},"headline":"CUPS, culottes, serviettes \u2026 40\u20ac de subvention pour l\u2019achat de produits d\u2019hygi\u00e8ne intime r\u00e9utilisables !","datePublished":"2022-08-17T12:55:33+00:00","dateModified":"2024-02-27T16:39:39+00:00","mainEntityOfPage":{"@id":"https:\/\/vosgesinfo.fr\/epinalinfo\/2022\/08\/cups-culottes-serviettes-40e-de-subvention-lachat-de-produits-dhygiene-intime-reutilisables\/"},"wordCount":336,"commentCount":0,"publisher":{"@id":"https:\/\/vosgesinfo.fr\/epinalinfo\/#organization"},"image":{"@id":"https:\/\/vosgesinfo.fr\/epinalinfo\/2022\/08\/cups-culottes-serviettes-40e-de-subvention-lachat-de-produits-dhygiene-intime-reutilisables\/#primaryimage"},"thumbnailUrl":"https:\/\/vosgesinfo.fr\/app\/uploads\/sites\/3\/2022\/08\/health-ga6c729186-1920.jpg","keywords":["culottes","CUPS","\u00e9cologie","environnement","produits d\u2019hygi\u00e8ne intime r\u00e9utilisables","serviettes","subvention"],"articleSection":["A la Une","Environnement","Vosges"],"inLanguage":"fr-FR","potentialAction":[{"@type":"CommentAction","name":"Comment","target":["https:\/\/vosgesinfo.fr\/epinalinfo\/2022\/08\/cups-culottes-serviettes-40e-de-subvention-lachat-de-produits-dhygiene-intime-reutilisables\/#respond"]}]},{"@type":"WebPage","@id":"https:\/\/vosgesinfo.fr\/epinalinfo\/2022\/08\/cups-culottes-serviettes-40e-de-subvention-lachat-de-produits-dhygiene-intime-reutilisables\/","url":"https:\/\/vosgesinfo.fr\/epinalinfo\/2022\/08\/cups-culottes-serviettes-40e-de-subvention-lachat-de-produits-dhygiene-intime-reutilisables\/","name":"CUPS, culottes, serviettes \u2026 40\u20ac de subvention pour l\u2019achat de produits d\u2019hygi\u00e8ne intime r\u00e9utilisables ! - Epinal Info","isPartOf":{"@id":"https:\/\/vosgesinfo.fr\/epinalinfo\/#website"},"primaryImageOfPage":{"@id":"https:\/\/vosgesinfo.fr\/epinalinfo\/2022\/08\/cups-culottes-serviettes-40e-de-subvention-lachat-de-produits-dhygiene-intime-reutilisables\/#primaryimage"},"image":{"@id":"https:\/\/vosgesinfo.fr\/epinalinfo\/2022\/08\/cups-culottes-serviettes-40e-de-subvention-lachat-de-produits-dhygiene-intime-reutilisables\/#primaryimage"},"thumbnailUrl":"https:\/\/vosgesinfo.fr\/app\/uploads\/sites\/3\/2022\/08\/health-ga6c729186-1920.jpg","datePublished":"2022-08-17T12:55:33+00:00","dateModified":"2024-02-27T16:39:39+00:00","breadcrumb":{"@id":"https:\/\/vosgesinfo.fr\/epinalinfo\/2022\/08\/cups-culottes-serviettes-40e-de-subvention-lachat-de-produits-dhygiene-intime-reutilisables\/#breadcrumb"},"inLanguage":"fr-FR","potentialAction":[{"@type":"ReadAction","target":["https:\/\/vosgesinfo.fr\/epinalinfo\/2022\/08\/cups-culottes-serviettes-40e-de-subvention-lachat-de-produits-dhygiene-intime-reutilisables\/"]}]},{"@type":"ImageObject","inLanguage":"fr-FR","@id":"https:\/\/vosgesinfo.fr\/epinalinfo\/2022\/08\/cups-culottes-serviettes-40e-de-subvention-lachat-de-produits-dhygiene-intime-reutilisables\/#primaryimage","url":"https:\/\/vosgesinfo.fr\/app\/uploads\/sites\/3\/2022\/08\/health-ga6c729186-1920.jpg","contentUrl":"https:\/\/vosgesinfo.fr\/app\/uploads\/sites\/3\/2022\/08\/health-ga6c729186-1920.jpg"},{"@type":"BreadcrumbList","@id":"https:\/\/vosgesinfo.fr\/epinalinfo\/2022\/08\/cups-culottes-serviettes-40e-de-subvention-lachat-de-produits-dhygiene-intime-reutilisables\/#breadcrumb","itemListElement":[{"@type":"ListItem","position":1,"name":"Home","item":"https:\/\/vosgesinfo.fr\/epinalinfo\/"},{"@type":"ListItem","position":2,"name":"CUPS, culottes, serviettes \u2026 40\u20ac de subvention pour l\u2019achat de produits d\u2019hygi\u00e8ne intime r\u00e9utilisables !"}]},{"@type":"WebSite","@id":"https:\/\/vosgesinfo.fr\/epinalinfo\/#website","url":"https:\/\/vosgesinfo.fr\/epinalinfo\/","name":"Epinal Info","description":"Toute l&#039;actualit\u00e9 d&#039;\u00c9pinal","publisher":{"@id":"https:\/\/vosgesinfo.fr\/epinalinfo\/#organization"},"alternateName":"Toute l'actualit\u00e9 d'\u00c9pinal","potentialAction":[{"@type":"SearchAction","target":{"@type":"EntryPoint","urlTemplate":"https:\/\/vosgesinfo.fr\/epinalinfo\/?s={search_term_string}"},"query-input":"required name=search_term_string"}],"inLanguage":"fr-FR"},{"@type":"Organization","@id":"https:\/\/vosgesinfo.fr\/epinalinfo\/#organization","name":"Epinal Info","url":"https:\/\/vosgesinfo.fr\/epinalinfo\/","logo":{"@type":"ImageObject","inLanguage":"fr-FR","@id":"https:\/\/vosgesinfo.fr\/epinalinfo\/#\/schema\/logo\/image\/","url":"https:\/\/vosgesinfo.fr\/app\/uploads\/sites\/3\/2023\/08\/logo-epinalinfos.svg","contentUrl":"https:\/\/vosgesinfo.fr\/app\/uploads\/sites\/3\/2023\/08\/logo-epinalinfos.svg","width":1,"height":1,"caption":"Epinal Info"},"image":{"@id":"https:\/\/vosgesinfo.fr\/epinalinfo\/#\/schema\/logo\/image\/"},"sameAs":["https:\/\/www.facebook.com\/Epinalinfos","https:\/\/x.com\/VosgesInfo88","https:\/\/www.youtube.com\/@vosgesinfo"]},{"@type":"Person","@id":"https:\/\/vosgesinfo.fr\/epinalinfo\/#\/schema\/person\/6f9a650eeea99d969b6c4ab78fccbe81","name":"C.K.","image":{"@type":"ImageObject","inLanguage":"fr-FR","@id":"https:\/\/vosgesinfo.fr\/epinalinfo\/#\/schema\/person\/image\/","url":"https:\/\/secure.gravatar.com\/avatar\/48e3fc7f8421ba8942be6b74a2b7f014ca39bc00dece156b7a8e098ae7dc87bf?s=96&d=mm&r=g","contentUrl":"https:\/\/secure.gravatar.com\/avatar\/48e3fc7f8421ba8942be6b74a2b7f014ca39bc00dece156b7a8e098ae7dc87bf?s=96&d=mm&r=g","caption":"C.K."},"url":"https:\/\/vosgesinfo.fr\/epinalinfo\/author\/celia-k-n\/"}]}},"_links":{"self":[{"href":"https:\/\/vosgesinfo.fr\/epinalinfo\/wp-json\/wp\/v2\/posts\/20462","targetHints":{"allow":["GET"]}}],"collection":[{"href":"https:\/\/vosgesinfo.fr\/epinalinfo\/wp-json\/wp\/v2\/posts"}],"about":[{"href":"https:\/\/vosgesinfo.fr\/epinalinfo\/wp-json\/wp\/v2\/types\/post"}],"author":[{"embeddable":true,"href":"https:\/\/vosgesinfo.fr\/epinalinfo\/wp-json\/wp\/v2\/users\/52"}],"replies":[{"embeddable":true,"href":"https:\/\/vosgesinfo.fr\/epinalinfo\/wp-json\/wp\/v2\/comments?post=20462"}],"version-history":[{"count":1,"href":"https:\/\/vosgesinfo.fr\/epinalinfo\/wp-json\/wp\/v2\/posts\/20462\/revisions"}],"predecessor-version":[{"id":34290,"href":"https:\/\/vosgesinfo.fr\/epinalinfo\/wp-json\/wp\/v2\/posts\/20462\/revisions\/34290"}],"wp:featuredmedia":[{"embeddable":true,"href":"https:\/\/vosgesinfo.fr\/epinalinfo\/wp-json\/wp\/v2\/media\/20463"}],"wp:attachment":[{"href":"https:\/\/vosgesinfo.fr\/epinalinfo\/wp-json\/wp\/v2\/media?parent=20462"}],"wp:term":[{"taxonomy":"category","embeddable":true,"href":"https:\/\/vosgesinfo.fr\/epinalinfo\/wp-json\/wp\/v2\/categories?post=20462"},{"taxonomy":"post_tag","embeddable":true,"href":"https:\/\/vosgesinfo.fr\/epinalinfo\/wp-json\/wp\/v2\/tags?post=20462"}],"curies":[{"name":"wp","href":"https:\/\/api.w.org\/{rel}","templated":true}]}}