{"id":20730,"date":"2022-08-27T08:17:24","date_gmt":"2022-08-27T06:17:24","guid":{"rendered":"https:\/\/vosgesinfo.fr\/epinalinfo\/2022\/08\/univers-bio-golbey-nouveau-site-de-compostage-partage\/"},"modified":"2024-02-27T17:40:23","modified_gmt":"2024-02-27T16:40:23","slug":"univers-bio-golbey-nouveau-site-de-compostage-partage","status":"publish","type":"post","link":"https:\/\/vosgesinfo.fr\/epinalinfo\/2022\/08\/univers-bio-golbey-nouveau-site-de-compostage-partage\/","title":{"rendered":"Univers Bio Golbey &#8211; Un nouveau site de compostage partag\u00e9"},"content":{"rendered":"<div id=\"attachment_206664\" style=\"width: 810px\" class=\"wp-caption aligncenter\"><a href=\"https:\/\/epinalinfos.fr\/wp-content\/uploads\/2022\/08\/300780772_7888931911178060_3470128022960040217_n.jpg\"><img decoding=\"async\" aria-describedby=\"caption-attachment-206664\" class=\"size-large wp-image-206664\" src=\"https:\/\/vosgesinfo.fr\/app\/uploads\/sites\/3\/2022\/08\/300780772-7888931911178060-3470128022960040217-n.jpg\" alt=\"photo Sicovad\" width=\"800\" height=\"360\" \/><\/a><p id=\"caption-attachment-206664\" class=\"wp-caption-text\">photo Sicovad<\/p><\/div>\n<h2><span style=\"font-size: 14pt;\">Une initiative de plus, \u00e9cologique, citoyenne et f\u00e9d\u00e9ratrice, qui donne la possibilit\u00e9 \u00e0 chacun d&rsquo;agir pour r\u00e9duire ses biod\u00e9chets de mani\u00e8re responsable !<\/span><\/h2>\n<div class=\"l7ghb35v kjdc1dyq kmwttqpk gh25dzvf jikcssrz n3t5jt4f\">\n<div dir=\"auto\">Le site de compostage ouvert \u00e0 tous et initi\u00e9 par <span class=\"rse6dlih\">Univers Bio<\/span> Golbey en partenariat avec le <span class=\"rse6dlih\">Sicovad<\/span>, a \u00e9t\u00e9 inaugur\u00e9 ce vendredi 26 ao\u00fbt en pr\u00e9sence de Franka Masson, g\u00e9rante du magasin, de son \u00e9quipe, de repr\u00e9sentants du SICOVAD, de la presse, et de clients, habitants et professionnels des alentours.<\/div>\n<\/div>\n<div class=\"l7ghb35v kjdc1dyq kmwttqpk gh25dzvf jikcssrz n3t5jt4f\">\n<div dir=\"auto\">Explications et conseils ont \u00e9t\u00e9 prodigu\u00e9s au public attentif par Myl\u00e8ne, conseill\u00e8re en compostage au SICOVAD, et des bioseaux ont \u00e9t\u00e9 distribu\u00e9s aux futurs utilisateurs.<\/div>\n<div dir=\"auto\">N&rsquo;h\u00e9sitez pas \u00e0 profiter de ce nouveau site situ\u00e9 au 1 rue des Tisserands \u00e0 Golbey !<\/div>\n<\/div>\n","protected":false},"excerpt":{"rendered":"<p>Une initiative de plus, \u00e9cologique, citoyenne et f\u00e9d\u00e9ratrice, qui donne la possibilit\u00e9 \u00e0 chacun d&rsquo;agir pour r\u00e9duire ses biod\u00e9chets de [&hellip;]<\/p>\n","protected":false},"author":52,"featured_media":20731,"comment_status":"open","ping_status":"open","sticky":false,"template":"","format":"standard","meta":{"footnotes":""},"categories":[22,16,148],"tags":[4169,811,449,351,4140],"class_list":["post-20730","post","type-post","status-publish","format-standard","has-post-thumbnail","hentry","category-a-la-une","category-environnement","category-golbey","tag-compostage-partage","tag-dechet","tag-ecologie","tag-environnement","tag-univers-bio-golbey"],"acf":[],"yoast_head":"<!-- This site is optimized with the Yoast SEO plugin v22.5 - https:\/\/yoast.com\/wordpress\/plugins\/seo\/ -->\n<title>Univers Bio Golbey - Un nouveau site de compostage partag\u00e9 - Epinal Info<\/title>\n<meta name=\"robots\" content=\"index, follow, max-snippet:-1, max-image-preview:large, max-video-preview:-1\" \/>\n<link rel=\"canonical\" href=\"https:\/\/vosgesinfo.fr\/epinalinfo\/2022\/08\/univers-bio-golbey-nouveau-site-de-compostage-partage\/\" \/>\n<meta name=\"twitter:card\" content=\"summary_large_image\" \/>\n<meta name=\"twitter:title\" content=\"Univers Bio Golbey - Un nouveau site de compostage partag\u00e9 - Epinal Info\" \/>\n<meta name=\"twitter:description\" content=\"Une initiative de plus, \u00e9cologique, citoyenne et f\u00e9d\u00e9ratrice, qui donne la possibilit\u00e9 \u00e0 chacun d&rsquo;agir pour r\u00e9duire ses biod\u00e9chets de [&hellip;]\" \/>\n<meta name=\"twitter:image\" content=\"https:\/\/vosgesinfo.fr\/app\/uploads\/sites\/3\/2022\/08\/300780772-7888931911178060-3470128022960040217-n.jpg\" \/>\n<meta name=\"twitter:creator\" content=\"@VosgesInfo88\" \/>\n<meta name=\"twitter:site\" content=\"@VosgesInfo88\" \/>\n<meta name=\"twitter:label1\" content=\"\u00c9crit par\" \/>\n\t<meta name=\"twitter:data1\" content=\"C.K.\" \/>\n\t<meta name=\"twitter:label2\" content=\"Dur\u00e9e de lecture estim\u00e9e\" \/>\n\t<meta name=\"twitter:data2\" content=\"1 minute\" \/>\n<script type=\"application\/ld+json\" class=\"yoast-schema-graph\">{\"@context\":\"https:\/\/schema.org\",\"@graph\":[{\"@type\":\"Article\",\"@id\":\"https:\/\/vosgesinfo.fr\/epinalinfo\/2022\/08\/univers-bio-golbey-nouveau-site-de-compostage-partage\/#article\",\"isPartOf\":{\"@id\":\"https:\/\/vosgesinfo.fr\/epinalinfo\/2022\/08\/univers-bio-golbey-nouveau-site-de-compostage-partage\/\"},\"author\":{\"name\":\"C.K.\",\"@id\":\"https:\/\/vosgesinfo.fr\/epinalinfo\/#\/schema\/person\/6f9a650eeea99d969b6c4ab78fccbe81\"},\"headline\":\"Univers Bio Golbey &#8211; Un nouveau site de compostage partag\u00e9\",\"datePublished\":\"2022-08-27T06:17:24+00:00\",\"dateModified\":\"2024-02-27T16:40:23+00:00\",\"mainEntityOfPage\":{\"@id\":\"https:\/\/vosgesinfo.fr\/epinalinfo\/2022\/08\/univers-bio-golbey-nouveau-site-de-compostage-partage\/\"},\"wordCount\":143,\"commentCount\":0,\"publisher\":{\"@id\":\"https:\/\/vosgesinfo.fr\/epinalinfo\/#organization\"},\"image\":{\"@id\":\"https:\/\/vosgesinfo.fr\/epinalinfo\/2022\/08\/univers-bio-golbey-nouveau-site-de-compostage-partage\/#primaryimage\"},\"thumbnailUrl\":\"https:\/\/vosgesinfo.fr\/app\/uploads\/sites\/3\/2022\/08\/300780772-7888931911178060-3470128022960040217-n.jpg\",\"keywords\":[\"compostage partag\u00e9\",\"d\u00e9chet\",\"\u00e9cologie\",\"environnement\",\"Uni'Vers Bio Golbey\"],\"articleSection\":[\"A la Une\",\"Environnement\",\"Golbey\"],\"inLanguage\":\"fr-FR\",\"potentialAction\":[{\"@type\":\"CommentAction\",\"name\":\"Comment\",\"target\":[\"https:\/\/vosgesinfo.fr\/epinalinfo\/2022\/08\/univers-bio-golbey-nouveau-site-de-compostage-partage\/#respond\"]}]},{\"@type\":\"WebPage\",\"@id\":\"https:\/\/vosgesinfo.fr\/epinalinfo\/2022\/08\/univers-bio-golbey-nouveau-site-de-compostage-partage\/\",\"url\":\"https:\/\/vosgesinfo.fr\/epinalinfo\/2022\/08\/univers-bio-golbey-nouveau-site-de-compostage-partage\/\",\"name\":\"Univers Bio Golbey - Un nouveau site de compostage partag\u00e9 - Epinal Info\",\"isPartOf\":{\"@id\":\"https:\/\/vosgesinfo.fr\/epinalinfo\/#website\"},\"primaryImageOfPage\":{\"@id\":\"https:\/\/vosgesinfo.fr\/epinalinfo\/2022\/08\/univers-bio-golbey-nouveau-site-de-compostage-partage\/#primaryimage\"},\"image\":{\"@id\":\"https:\/\/vosgesinfo.fr\/epinalinfo\/2022\/08\/univers-bio-golbey-nouveau-site-de-compostage-partage\/#primaryimage\"},\"thumbnailUrl\":\"https:\/\/vosgesinfo.fr\/app\/uploads\/sites\/3\/2022\/08\/300780772-7888931911178060-3470128022960040217-n.jpg\",\"datePublished\":\"2022-08-27T06:17:24+00:00\",\"dateModified\":\"2024-02-27T16:40:23+00:00\",\"breadcrumb\":{\"@id\":\"https:\/\/vosgesinfo.fr\/epinalinfo\/2022\/08\/univers-bio-golbey-nouveau-site-de-compostage-partage\/#breadcrumb\"},\"inLanguage\":\"fr-FR\",\"potentialAction\":[{\"@type\":\"ReadAction\",\"target\":[\"https:\/\/vosgesinfo.fr\/epinalinfo\/2022\/08\/univers-bio-golbey-nouveau-site-de-compostage-partage\/\"]}]},{\"@type\":\"ImageObject\",\"inLanguage\":\"fr-FR\",\"@id\":\"https:\/\/vosgesinfo.fr\/epinalinfo\/2022\/08\/univers-bio-golbey-nouveau-site-de-compostage-partage\/#primaryimage\",\"url\":\"https:\/\/vosgesinfo.fr\/app\/uploads\/sites\/3\/2022\/08\/300780772-7888931911178060-3470128022960040217-n.jpg\",\"contentUrl\":\"https:\/\/vosgesinfo.fr\/app\/uploads\/sites\/3\/2022\/08\/300780772-7888931911178060-3470128022960040217-n.jpg\"},{\"@type\":\"BreadcrumbList\",\"@id\":\"https:\/\/vosgesinfo.fr\/epinalinfo\/2022\/08\/univers-bio-golbey-nouveau-site-de-compostage-partage\/#breadcrumb\",\"itemListElement\":[{\"@type\":\"ListItem\",\"position\":1,\"name\":\"Home\",\"item\":\"https:\/\/vosgesinfo.fr\/epinalinfo\/\"},{\"@type\":\"ListItem\",\"position\":2,\"name\":\"Univers Bio Golbey &#8211; Un nouveau site de compostage partag\u00e9\"}]},{\"@type\":\"WebSite\",\"@id\":\"https:\/\/vosgesinfo.fr\/epinalinfo\/#website\",\"url\":\"https:\/\/vosgesinfo.fr\/epinalinfo\/\",\"name\":\"Epinal Info\",\"description\":\"Toute l&#039;actualit\u00e9 d&#039;\u00c9pinal\",\"publisher\":{\"@id\":\"https:\/\/vosgesinfo.fr\/epinalinfo\/#organization\"},\"alternateName\":\"Toute l'actualit\u00e9 d'\u00c9pinal\",\"potentialAction\":[{\"@type\":\"SearchAction\",\"target\":{\"@type\":\"EntryPoint\",\"urlTemplate\":\"https:\/\/vosgesinfo.fr\/epinalinfo\/?s={search_term_string}\"},\"query-input\":\"required name=search_term_string\"}],\"inLanguage\":\"fr-FR\"},{\"@type\":\"Organization\",\"@id\":\"https:\/\/vosgesinfo.fr\/epinalinfo\/#organization\",\"name\":\"Epinal Info\",\"url\":\"https:\/\/vosgesinfo.fr\/epinalinfo\/\",\"logo\":{\"@type\":\"ImageObject\",\"inLanguage\":\"fr-FR\",\"@id\":\"https:\/\/vosgesinfo.fr\/epinalinfo\/#\/schema\/logo\/image\/\",\"url\":\"https:\/\/vosgesinfo.fr\/app\/uploads\/sites\/3\/2023\/08\/logo-epinalinfos.svg\",\"contentUrl\":\"https:\/\/vosgesinfo.fr\/app\/uploads\/sites\/3\/2023\/08\/logo-epinalinfos.svg\",\"width\":1,\"height\":1,\"caption\":\"Epinal Info\"},\"image\":{\"@id\":\"https:\/\/vosgesinfo.fr\/epinalinfo\/#\/schema\/logo\/image\/\"},\"sameAs\":[\"https:\/\/www.facebook.com\/Epinalinfos\",\"https:\/\/x.com\/VosgesInfo88\",\"https:\/\/www.youtube.com\/@vosgesinfo\"]},{\"@type\":\"Person\",\"@id\":\"https:\/\/vosgesinfo.fr\/epinalinfo\/#\/schema\/person\/6f9a650eeea99d969b6c4ab78fccbe81\",\"name\":\"C.K.\",\"image\":{\"@type\":\"ImageObject\",\"inLanguage\":\"fr-FR\",\"@id\":\"https:\/\/vosgesinfo.fr\/epinalinfo\/#\/schema\/person\/image\/\",\"url\":\"https:\/\/secure.gravatar.com\/avatar\/48e3fc7f8421ba8942be6b74a2b7f014ca39bc00dece156b7a8e098ae7dc87bf?s=96&d=mm&r=g\",\"contentUrl\":\"https:\/\/secure.gravatar.com\/avatar\/48e3fc7f8421ba8942be6b74a2b7f014ca39bc00dece156b7a8e098ae7dc87bf?s=96&d=mm&r=g\",\"caption\":\"C.K.\"},\"url\":\"https:\/\/vosgesinfo.fr\/epinalinfo\/author\/celia-k-n\/\"}]}<\/script>\n<!-- \/ Yoast SEO plugin. -->","yoast_head_json":{"title":"Univers Bio Golbey - Un nouveau site de compostage partag\u00e9 - Epinal Info","robots":{"index":"index","follow":"follow","max-snippet":"max-snippet:-1","max-image-preview":"max-image-preview:large","max-video-preview":"max-video-preview:-1"},"canonical":"https:\/\/vosgesinfo.fr\/epinalinfo\/2022\/08\/univers-bio-golbey-nouveau-site-de-compostage-partage\/","twitter_card":"summary_large_image","twitter_title":"Univers Bio Golbey - Un nouveau site de compostage partag\u00e9 - Epinal Info","twitter_description":"Une initiative de plus, \u00e9cologique, citoyenne et f\u00e9d\u00e9ratrice, qui donne la possibilit\u00e9 \u00e0 chacun d&rsquo;agir pour r\u00e9duire ses biod\u00e9chets de [&hellip;]","twitter_image":"https:\/\/vosgesinfo.fr\/app\/uploads\/sites\/3\/2022\/08\/300780772-7888931911178060-3470128022960040217-n.jpg","twitter_creator":"@VosgesInfo88","twitter_site":"@VosgesInfo88","twitter_misc":{"\u00c9crit par":"C.K.","Dur\u00e9e de lecture estim\u00e9e":"1 minute"},"schema":{"@context":"https:\/\/schema.org","@graph":[{"@type":"Article","@id":"https:\/\/vosgesinfo.fr\/epinalinfo\/2022\/08\/univers-bio-golbey-nouveau-site-de-compostage-partage\/#article","isPartOf":{"@id":"https:\/\/vosgesinfo.fr\/epinalinfo\/2022\/08\/univers-bio-golbey-nouveau-site-de-compostage-partage\/"},"author":{"name":"C.K.","@id":"https:\/\/vosgesinfo.fr\/epinalinfo\/#\/schema\/person\/6f9a650eeea99d969b6c4ab78fccbe81"},"headline":"Univers Bio Golbey &#8211; Un nouveau site de compostage partag\u00e9","datePublished":"2022-08-27T06:17:24+00:00","dateModified":"2024-02-27T16:40:23+00:00","mainEntityOfPage":{"@id":"https:\/\/vosgesinfo.fr\/epinalinfo\/2022\/08\/univers-bio-golbey-nouveau-site-de-compostage-partage\/"},"wordCount":143,"commentCount":0,"publisher":{"@id":"https:\/\/vosgesinfo.fr\/epinalinfo\/#organization"},"image":{"@id":"https:\/\/vosgesinfo.fr\/epinalinfo\/2022\/08\/univers-bio-golbey-nouveau-site-de-compostage-partage\/#primaryimage"},"thumbnailUrl":"https:\/\/vosgesinfo.fr\/app\/uploads\/sites\/3\/2022\/08\/300780772-7888931911178060-3470128022960040217-n.jpg","keywords":["compostage partag\u00e9","d\u00e9chet","\u00e9cologie","environnement","Uni'Vers Bio Golbey"],"articleSection":["A la Une","Environnement","Golbey"],"inLanguage":"fr-FR","potentialAction":[{"@type":"CommentAction","name":"Comment","target":["https:\/\/vosgesinfo.fr\/epinalinfo\/2022\/08\/univers-bio-golbey-nouveau-site-de-compostage-partage\/#respond"]}]},{"@type":"WebPage","@id":"https:\/\/vosgesinfo.fr\/epinalinfo\/2022\/08\/univers-bio-golbey-nouveau-site-de-compostage-partage\/","url":"https:\/\/vosgesinfo.fr\/epinalinfo\/2022\/08\/univers-bio-golbey-nouveau-site-de-compostage-partage\/","name":"Univers Bio Golbey - Un nouveau site de compostage partag\u00e9 - Epinal Info","isPartOf":{"@id":"https:\/\/vosgesinfo.fr\/epinalinfo\/#website"},"primaryImageOfPage":{"@id":"https:\/\/vosgesinfo.fr\/epinalinfo\/2022\/08\/univers-bio-golbey-nouveau-site-de-compostage-partage\/#primaryimage"},"image":{"@id":"https:\/\/vosgesinfo.fr\/epinalinfo\/2022\/08\/univers-bio-golbey-nouveau-site-de-compostage-partage\/#primaryimage"},"thumbnailUrl":"https:\/\/vosgesinfo.fr\/app\/uploads\/sites\/3\/2022\/08\/300780772-7888931911178060-3470128022960040217-n.jpg","datePublished":"2022-08-27T06:17:24+00:00","dateModified":"2024-02-27T16:40:23+00:00","breadcrumb":{"@id":"https:\/\/vosgesinfo.fr\/epinalinfo\/2022\/08\/univers-bio-golbey-nouveau-site-de-compostage-partage\/#breadcrumb"},"inLanguage":"fr-FR","potentialAction":[{"@type":"ReadAction","target":["https:\/\/vosgesinfo.fr\/epinalinfo\/2022\/08\/univers-bio-golbey-nouveau-site-de-compostage-partage\/"]}]},{"@type":"ImageObject","inLanguage":"fr-FR","@id":"https:\/\/vosgesinfo.fr\/epinalinfo\/2022\/08\/univers-bio-golbey-nouveau-site-de-compostage-partage\/#primaryimage","url":"https:\/\/vosgesinfo.fr\/app\/uploads\/sites\/3\/2022\/08\/300780772-7888931911178060-3470128022960040217-n.jpg","contentUrl":"https:\/\/vosgesinfo.fr\/app\/uploads\/sites\/3\/2022\/08\/300780772-7888931911178060-3470128022960040217-n.jpg"},{"@type":"BreadcrumbList","@id":"https:\/\/vosgesinfo.fr\/epinalinfo\/2022\/08\/univers-bio-golbey-nouveau-site-de-compostage-partage\/#breadcrumb","itemListElement":[{"@type":"ListItem","position":1,"name":"Home","item":"https:\/\/vosgesinfo.fr\/epinalinfo\/"},{"@type":"ListItem","position":2,"name":"Univers Bio Golbey &#8211; Un nouveau site de compostage partag\u00e9"}]},{"@type":"WebSite","@id":"https:\/\/vosgesinfo.fr\/epinalinfo\/#website","url":"https:\/\/vosgesinfo.fr\/epinalinfo\/","name":"Epinal Info","description":"Toute l&#039;actualit\u00e9 d&#039;\u00c9pinal","publisher":{"@id":"https:\/\/vosgesinfo.fr\/epinalinfo\/#organization"},"alternateName":"Toute l'actualit\u00e9 d'\u00c9pinal","potentialAction":[{"@type":"SearchAction","target":{"@type":"EntryPoint","urlTemplate":"https:\/\/vosgesinfo.fr\/epinalinfo\/?s={search_term_string}"},"query-input":"required name=search_term_string"}],"inLanguage":"fr-FR"},{"@type":"Organization","@id":"https:\/\/vosgesinfo.fr\/epinalinfo\/#organization","name":"Epinal Info","url":"https:\/\/vosgesinfo.fr\/epinalinfo\/","logo":{"@type":"ImageObject","inLanguage":"fr-FR","@id":"https:\/\/vosgesinfo.fr\/epinalinfo\/#\/schema\/logo\/image\/","url":"https:\/\/vosgesinfo.fr\/app\/uploads\/sites\/3\/2023\/08\/logo-epinalinfos.svg","contentUrl":"https:\/\/vosgesinfo.fr\/app\/uploads\/sites\/3\/2023\/08\/logo-epinalinfos.svg","width":1,"height":1,"caption":"Epinal Info"},"image":{"@id":"https:\/\/vosgesinfo.fr\/epinalinfo\/#\/schema\/logo\/image\/"},"sameAs":["https:\/\/www.facebook.com\/Epinalinfos","https:\/\/x.com\/VosgesInfo88","https:\/\/www.youtube.com\/@vosgesinfo"]},{"@type":"Person","@id":"https:\/\/vosgesinfo.fr\/epinalinfo\/#\/schema\/person\/6f9a650eeea99d969b6c4ab78fccbe81","name":"C.K.","image":{"@type":"ImageObject","inLanguage":"fr-FR","@id":"https:\/\/vosgesinfo.fr\/epinalinfo\/#\/schema\/person\/image\/","url":"https:\/\/secure.gravatar.com\/avatar\/48e3fc7f8421ba8942be6b74a2b7f014ca39bc00dece156b7a8e098ae7dc87bf?s=96&d=mm&r=g","contentUrl":"https:\/\/secure.gravatar.com\/avatar\/48e3fc7f8421ba8942be6b74a2b7f014ca39bc00dece156b7a8e098ae7dc87bf?s=96&d=mm&r=g","caption":"C.K."},"url":"https:\/\/vosgesinfo.fr\/epinalinfo\/author\/celia-k-n\/"}]}},"_links":{"self":[{"href":"https:\/\/vosgesinfo.fr\/epinalinfo\/wp-json\/wp\/v2\/posts\/20730","targetHints":{"allow":["GET"]}}],"collection":[{"href":"https:\/\/vosgesinfo.fr\/epinalinfo\/wp-json\/wp\/v2\/posts"}],"about":[{"href":"https:\/\/vosgesinfo.fr\/epinalinfo\/wp-json\/wp\/v2\/types\/post"}],"author":[{"embeddable":true,"href":"https:\/\/vosgesinfo.fr\/epinalinfo\/wp-json\/wp\/v2\/users\/52"}],"replies":[{"embeddable":true,"href":"https:\/\/vosgesinfo.fr\/epinalinfo\/wp-json\/wp\/v2\/comments?post=20730"}],"version-history":[{"count":1,"href":"https:\/\/vosgesinfo.fr\/epinalinfo\/wp-json\/wp\/v2\/posts\/20730\/revisions"}],"predecessor-version":[{"id":34382,"href":"https:\/\/vosgesinfo.fr\/epinalinfo\/wp-json\/wp\/v2\/posts\/20730\/revisions\/34382"}],"wp:featuredmedia":[{"embeddable":true,"href":"https:\/\/vosgesinfo.fr\/epinalinfo\/wp-json\/wp\/v2\/media\/20731"}],"wp:attachment":[{"href":"https:\/\/vosgesinfo.fr\/epinalinfo\/wp-json\/wp\/v2\/media?parent=20730"}],"wp:term":[{"taxonomy":"category","embeddable":true,"href":"https:\/\/vosgesinfo.fr\/epinalinfo\/wp-json\/wp\/v2\/categories?post=20730"},{"taxonomy":"post_tag","embeddable":true,"href":"https:\/\/vosgesinfo.fr\/epinalinfo\/wp-json\/wp\/v2\/tags?post=20730"}],"curies":[{"name":"wp","href":"https:\/\/api.w.org\/{rel}","templated":true}]}}