{"id":20746,"date":"2022-08-27T14:14:11","date_gmt":"2022-08-27T12:14:11","guid":{"rendered":"https:\/\/vosgesinfo.fr\/epinalinfo\/2022\/08\/clap-de-fin-quartiers-dete-a-epinal\/"},"modified":"2024-02-27T17:40:26","modified_gmt":"2024-02-27T16:40:26","slug":"clap-de-fin-quartiers-dete-a-epinal","status":"publish","type":"post","link":"https:\/\/vosgesinfo.fr\/epinalinfo\/2022\/08\/clap-de-fin-quartiers-dete-a-epinal\/","title":{"rendered":"Clap de fin pour les \u00ab Quartiers d\u2019\u00e9t\u00e9 \u00bb \u00e0 Epinal !"},"content":{"rendered":"<h2><span style=\"font-size: 14pt;\"><a href=\"https:\/\/epinalinfos.fr\/wp-content\/uploads\/2022\/08\/P1630553.jpg\"><img decoding=\"async\" class=\"aligncenter size-large wp-image-206689\" src=\"https:\/\/vosgesinfo.fr\/app\/uploads\/sites\/3\/2022\/08\/p1630553.jpg\" alt=\"P1630553\" width=\"800\" height=\"600\" \/><\/a>C&rsquo;est d\u00e9j\u00e0 la fin ! Les quartiers d&rsquo;\u00e9t\u00e9 se terminent ce samedi apr\u00e8s-midi. La f\u00eate de cl\u00f4ture a eu lieu au champ de mars. Un \u00e9v\u00e9nement gratuit et ouvert \u00e0 tous les jeunes des quartiers spinaliens, mais aussi aux plus grands. Cette f\u00eate,\u00a0a \u00e9t\u00e9 renouvel\u00e9e apr\u00e8s une premi\u00e8re \u00e9dition r\u00e9ussie en 2021. Plus d\u2019une vingtaine d\u2019activit\u00e9s sportives, ludiques, artistiques, cr\u00e9atives et citoyennes sont propos\u00e9es gratuitement au public ce samedi.<\/span><\/h2>\n<p>En fin d&rsquo;apr\u00e8s-midi, a eu lieu la remise des prix du\u00a0concours vid\u00e9o\u00a0organis\u00e9 par la Ville, en partenariat avec la Pr\u00e9fecture des Vosges, autour de l\u2019op\u00e9ration Quartiers d\u2019\u00e9t\u00e9 2022. Les jeunes gagnants remportent des prix dot\u00e9s de 200 \u00e0 500 euros qui r\u00e9compensent les meilleurs films pr\u00e9sentant les animations du programme des mercredis apr\u00e8s-midi dans les diff\u00e9rents quartiers de la cit\u00e9.<\/p>\n<p>Ce soir, de 18h \u00e0 19h, une\u00a0battle de breakdance\u00a0sera propos\u00e9e sur la grande sc\u00e8ne o\u00f9 les participants se livreront \u00e0 des performances de freestyle, en pr\u00e9sence de la compagnie de danse spinalienne Tempor\u2019Air et du groupe Exagon Crew, qui accompagnera cette sc\u00e8ne avec des d\u00e9monstrations en musique.<\/p>\n<p>Enfin, d\u00e8s 19h, cinq chanteurs locaux se produiront sur la sc\u00e8ne ouverte, au programme\u00a0: slam, chanson fran\u00e7aise, rap\/chant, pop anglaise et blues, stoner rock\u2026<\/p>\n<p>C.K.N.<\/p>\n\n<div class=\"really_simple_share really_simple_share_button robots-nocontent snap_nopreview\"><\/div>\n","protected":false},"excerpt":{"rendered":"<p>C&rsquo;est d\u00e9j\u00e0 la fin ! Les quartiers d&rsquo;\u00e9t\u00e9 se terminent ce samedi apr\u00e8s-midi. La f\u00eate de cl\u00f4ture a eu lieu [&hellip;]<\/p>\n","protected":false},"author":52,"featured_media":20747,"comment_status":"open","ping_status":"open","sticky":false,"template":"","format":"standard","meta":{"footnotes":""},"categories":[22,12,24,7],"tags":[70,35,335],"class_list":["post-20746","post","type-post","status-publish","format-standard","has-post-thumbnail","hentry","category-a-la-une","category-culture","category-epinal","category-sport","tag-epinal","tag-quartiers-dete","tag-ville-depinal"],"acf":[],"yoast_head":"<!-- This site is optimized with the Yoast SEO plugin v22.5 - https:\/\/yoast.com\/wordpress\/plugins\/seo\/ -->\n<title>Clap de fin pour les \u00ab Quartiers d\u2019\u00e9t\u00e9 \u00bb \u00e0 Epinal ! - Epinal Info<\/title>\n<meta name=\"robots\" content=\"index, follow, max-snippet:-1, max-image-preview:large, max-video-preview:-1\" \/>\n<link rel=\"canonical\" href=\"https:\/\/vosgesinfo.fr\/epinalinfo\/2022\/08\/clap-de-fin-quartiers-dete-a-epinal\/\" \/>\n<meta name=\"twitter:card\" content=\"summary_large_image\" \/>\n<meta name=\"twitter:title\" content=\"Clap de fin pour les \u00ab Quartiers d\u2019\u00e9t\u00e9 \u00bb \u00e0 Epinal ! - Epinal Info\" \/>\n<meta name=\"twitter:description\" content=\"C&rsquo;est d\u00e9j\u00e0 la fin ! Les quartiers d&rsquo;\u00e9t\u00e9 se terminent ce samedi apr\u00e8s-midi. La f\u00eate de cl\u00f4ture a eu lieu [&hellip;]\" \/>\n<meta name=\"twitter:image\" content=\"https:\/\/vosgesinfo.fr\/app\/uploads\/sites\/3\/2022\/08\/p1630553.jpg\" \/>\n<meta name=\"twitter:creator\" content=\"@VosgesInfo88\" \/>\n<meta name=\"twitter:site\" content=\"@VosgesInfo88\" \/>\n<meta name=\"twitter:label1\" content=\"\u00c9crit par\" \/>\n\t<meta name=\"twitter:data1\" content=\"C.K.\" \/>\n\t<meta name=\"twitter:label2\" content=\"Dur\u00e9e de lecture estim\u00e9e\" \/>\n\t<meta name=\"twitter:data2\" content=\"1 minute\" \/>\n<script type=\"application\/ld+json\" class=\"yoast-schema-graph\">{\"@context\":\"https:\/\/schema.org\",\"@graph\":[{\"@type\":\"Article\",\"@id\":\"https:\/\/vosgesinfo.fr\/epinalinfo\/2022\/08\/clap-de-fin-quartiers-dete-a-epinal\/#article\",\"isPartOf\":{\"@id\":\"https:\/\/vosgesinfo.fr\/epinalinfo\/2022\/08\/clap-de-fin-quartiers-dete-a-epinal\/\"},\"author\":{\"name\":\"C.K.\",\"@id\":\"https:\/\/vosgesinfo.fr\/epinalinfo\/#\/schema\/person\/6f9a650eeea99d969b6c4ab78fccbe81\"},\"headline\":\"Clap de fin pour les \u00ab Quartiers d\u2019\u00e9t\u00e9 \u00bb \u00e0 Epinal !\",\"datePublished\":\"2022-08-27T12:14:11+00:00\",\"dateModified\":\"2024-02-27T16:40:26+00:00\",\"mainEntityOfPage\":{\"@id\":\"https:\/\/vosgesinfo.fr\/epinalinfo\/2022\/08\/clap-de-fin-quartiers-dete-a-epinal\/\"},\"wordCount\":257,\"commentCount\":0,\"publisher\":{\"@id\":\"https:\/\/vosgesinfo.fr\/epinalinfo\/#organization\"},\"image\":{\"@id\":\"https:\/\/vosgesinfo.fr\/epinalinfo\/2022\/08\/clap-de-fin-quartiers-dete-a-epinal\/#primaryimage\"},\"thumbnailUrl\":\"https:\/\/vosgesinfo.fr\/app\/uploads\/sites\/3\/2022\/08\/p1630553.jpg\",\"keywords\":[\"Epinal\",\"Quartiers d'\u00e9t\u00e9\",\"ville d\u2019Epinal\"],\"articleSection\":[\"A la Une\",\"Culture\",\"Epinal\",\"Sport\"],\"inLanguage\":\"fr-FR\",\"potentialAction\":[{\"@type\":\"CommentAction\",\"name\":\"Comment\",\"target\":[\"https:\/\/vosgesinfo.fr\/epinalinfo\/2022\/08\/clap-de-fin-quartiers-dete-a-epinal\/#respond\"]}]},{\"@type\":\"WebPage\",\"@id\":\"https:\/\/vosgesinfo.fr\/epinalinfo\/2022\/08\/clap-de-fin-quartiers-dete-a-epinal\/\",\"url\":\"https:\/\/vosgesinfo.fr\/epinalinfo\/2022\/08\/clap-de-fin-quartiers-dete-a-epinal\/\",\"name\":\"Clap de fin pour les \u00ab Quartiers d\u2019\u00e9t\u00e9 \u00bb \u00e0 Epinal ! - Epinal Info\",\"isPartOf\":{\"@id\":\"https:\/\/vosgesinfo.fr\/epinalinfo\/#website\"},\"primaryImageOfPage\":{\"@id\":\"https:\/\/vosgesinfo.fr\/epinalinfo\/2022\/08\/clap-de-fin-quartiers-dete-a-epinal\/#primaryimage\"},\"image\":{\"@id\":\"https:\/\/vosgesinfo.fr\/epinalinfo\/2022\/08\/clap-de-fin-quartiers-dete-a-epinal\/#primaryimage\"},\"thumbnailUrl\":\"https:\/\/vosgesinfo.fr\/app\/uploads\/sites\/3\/2022\/08\/p1630553.jpg\",\"datePublished\":\"2022-08-27T12:14:11+00:00\",\"dateModified\":\"2024-02-27T16:40:26+00:00\",\"breadcrumb\":{\"@id\":\"https:\/\/vosgesinfo.fr\/epinalinfo\/2022\/08\/clap-de-fin-quartiers-dete-a-epinal\/#breadcrumb\"},\"inLanguage\":\"fr-FR\",\"potentialAction\":[{\"@type\":\"ReadAction\",\"target\":[\"https:\/\/vosgesinfo.fr\/epinalinfo\/2022\/08\/clap-de-fin-quartiers-dete-a-epinal\/\"]}]},{\"@type\":\"ImageObject\",\"inLanguage\":\"fr-FR\",\"@id\":\"https:\/\/vosgesinfo.fr\/epinalinfo\/2022\/08\/clap-de-fin-quartiers-dete-a-epinal\/#primaryimage\",\"url\":\"https:\/\/vosgesinfo.fr\/app\/uploads\/sites\/3\/2022\/08\/p1630553.jpg\",\"contentUrl\":\"https:\/\/vosgesinfo.fr\/app\/uploads\/sites\/3\/2022\/08\/p1630553.jpg\"},{\"@type\":\"BreadcrumbList\",\"@id\":\"https:\/\/vosgesinfo.fr\/epinalinfo\/2022\/08\/clap-de-fin-quartiers-dete-a-epinal\/#breadcrumb\",\"itemListElement\":[{\"@type\":\"ListItem\",\"position\":1,\"name\":\"Home\",\"item\":\"https:\/\/vosgesinfo.fr\/epinalinfo\/\"},{\"@type\":\"ListItem\",\"position\":2,\"name\":\"Clap de fin pour les \u00ab Quartiers d\u2019\u00e9t\u00e9 \u00bb \u00e0 Epinal !\"}]},{\"@type\":\"WebSite\",\"@id\":\"https:\/\/vosgesinfo.fr\/epinalinfo\/#website\",\"url\":\"https:\/\/vosgesinfo.fr\/epinalinfo\/\",\"name\":\"Epinal Info\",\"description\":\"Toute l&#039;actualit\u00e9 d&#039;\u00c9pinal\",\"publisher\":{\"@id\":\"https:\/\/vosgesinfo.fr\/epinalinfo\/#organization\"},\"alternateName\":\"Toute l'actualit\u00e9 d'\u00c9pinal\",\"potentialAction\":[{\"@type\":\"SearchAction\",\"target\":{\"@type\":\"EntryPoint\",\"urlTemplate\":\"https:\/\/vosgesinfo.fr\/epinalinfo\/?s={search_term_string}\"},\"query-input\":\"required name=search_term_string\"}],\"inLanguage\":\"fr-FR\"},{\"@type\":\"Organization\",\"@id\":\"https:\/\/vosgesinfo.fr\/epinalinfo\/#organization\",\"name\":\"Epinal Info\",\"url\":\"https:\/\/vosgesinfo.fr\/epinalinfo\/\",\"logo\":{\"@type\":\"ImageObject\",\"inLanguage\":\"fr-FR\",\"@id\":\"https:\/\/vosgesinfo.fr\/epinalinfo\/#\/schema\/logo\/image\/\",\"url\":\"https:\/\/vosgesinfo.fr\/app\/uploads\/sites\/3\/2023\/08\/logo-epinalinfos.svg\",\"contentUrl\":\"https:\/\/vosgesinfo.fr\/app\/uploads\/sites\/3\/2023\/08\/logo-epinalinfos.svg\",\"width\":1,\"height\":1,\"caption\":\"Epinal Info\"},\"image\":{\"@id\":\"https:\/\/vosgesinfo.fr\/epinalinfo\/#\/schema\/logo\/image\/\"},\"sameAs\":[\"https:\/\/www.facebook.com\/Epinalinfos\",\"https:\/\/x.com\/VosgesInfo88\",\"https:\/\/www.youtube.com\/@vosgesinfo\"]},{\"@type\":\"Person\",\"@id\":\"https:\/\/vosgesinfo.fr\/epinalinfo\/#\/schema\/person\/6f9a650eeea99d969b6c4ab78fccbe81\",\"name\":\"C.K.\",\"image\":{\"@type\":\"ImageObject\",\"inLanguage\":\"fr-FR\",\"@id\":\"https:\/\/vosgesinfo.fr\/epinalinfo\/#\/schema\/person\/image\/\",\"url\":\"https:\/\/secure.gravatar.com\/avatar\/48e3fc7f8421ba8942be6b74a2b7f014ca39bc00dece156b7a8e098ae7dc87bf?s=96&d=mm&r=g\",\"contentUrl\":\"https:\/\/secure.gravatar.com\/avatar\/48e3fc7f8421ba8942be6b74a2b7f014ca39bc00dece156b7a8e098ae7dc87bf?s=96&d=mm&r=g\",\"caption\":\"C.K.\"},\"url\":\"https:\/\/vosgesinfo.fr\/epinalinfo\/author\/celia-k-n\/\"}]}<\/script>\n<!-- \/ Yoast SEO plugin. -->","yoast_head_json":{"title":"Clap de fin pour les \u00ab Quartiers d\u2019\u00e9t\u00e9 \u00bb \u00e0 Epinal ! - Epinal Info","robots":{"index":"index","follow":"follow","max-snippet":"max-snippet:-1","max-image-preview":"max-image-preview:large","max-video-preview":"max-video-preview:-1"},"canonical":"https:\/\/vosgesinfo.fr\/epinalinfo\/2022\/08\/clap-de-fin-quartiers-dete-a-epinal\/","twitter_card":"summary_large_image","twitter_title":"Clap de fin pour les \u00ab Quartiers d\u2019\u00e9t\u00e9 \u00bb \u00e0 Epinal ! - Epinal Info","twitter_description":"C&rsquo;est d\u00e9j\u00e0 la fin ! Les quartiers d&rsquo;\u00e9t\u00e9 se terminent ce samedi apr\u00e8s-midi. La f\u00eate de cl\u00f4ture a eu lieu [&hellip;]","twitter_image":"https:\/\/vosgesinfo.fr\/app\/uploads\/sites\/3\/2022\/08\/p1630553.jpg","twitter_creator":"@VosgesInfo88","twitter_site":"@VosgesInfo88","twitter_misc":{"\u00c9crit par":"C.K.","Dur\u00e9e de lecture estim\u00e9e":"1 minute"},"schema":{"@context":"https:\/\/schema.org","@graph":[{"@type":"Article","@id":"https:\/\/vosgesinfo.fr\/epinalinfo\/2022\/08\/clap-de-fin-quartiers-dete-a-epinal\/#article","isPartOf":{"@id":"https:\/\/vosgesinfo.fr\/epinalinfo\/2022\/08\/clap-de-fin-quartiers-dete-a-epinal\/"},"author":{"name":"C.K.","@id":"https:\/\/vosgesinfo.fr\/epinalinfo\/#\/schema\/person\/6f9a650eeea99d969b6c4ab78fccbe81"},"headline":"Clap de fin pour les \u00ab Quartiers d\u2019\u00e9t\u00e9 \u00bb \u00e0 Epinal !","datePublished":"2022-08-27T12:14:11+00:00","dateModified":"2024-02-27T16:40:26+00:00","mainEntityOfPage":{"@id":"https:\/\/vosgesinfo.fr\/epinalinfo\/2022\/08\/clap-de-fin-quartiers-dete-a-epinal\/"},"wordCount":257,"commentCount":0,"publisher":{"@id":"https:\/\/vosgesinfo.fr\/epinalinfo\/#organization"},"image":{"@id":"https:\/\/vosgesinfo.fr\/epinalinfo\/2022\/08\/clap-de-fin-quartiers-dete-a-epinal\/#primaryimage"},"thumbnailUrl":"https:\/\/vosgesinfo.fr\/app\/uploads\/sites\/3\/2022\/08\/p1630553.jpg","keywords":["Epinal","Quartiers d'\u00e9t\u00e9","ville d\u2019Epinal"],"articleSection":["A la Une","Culture","Epinal","Sport"],"inLanguage":"fr-FR","potentialAction":[{"@type":"CommentAction","name":"Comment","target":["https:\/\/vosgesinfo.fr\/epinalinfo\/2022\/08\/clap-de-fin-quartiers-dete-a-epinal\/#respond"]}]},{"@type":"WebPage","@id":"https:\/\/vosgesinfo.fr\/epinalinfo\/2022\/08\/clap-de-fin-quartiers-dete-a-epinal\/","url":"https:\/\/vosgesinfo.fr\/epinalinfo\/2022\/08\/clap-de-fin-quartiers-dete-a-epinal\/","name":"Clap de fin pour les \u00ab Quartiers d\u2019\u00e9t\u00e9 \u00bb \u00e0 Epinal ! - Epinal Info","isPartOf":{"@id":"https:\/\/vosgesinfo.fr\/epinalinfo\/#website"},"primaryImageOfPage":{"@id":"https:\/\/vosgesinfo.fr\/epinalinfo\/2022\/08\/clap-de-fin-quartiers-dete-a-epinal\/#primaryimage"},"image":{"@id":"https:\/\/vosgesinfo.fr\/epinalinfo\/2022\/08\/clap-de-fin-quartiers-dete-a-epinal\/#primaryimage"},"thumbnailUrl":"https:\/\/vosgesinfo.fr\/app\/uploads\/sites\/3\/2022\/08\/p1630553.jpg","datePublished":"2022-08-27T12:14:11+00:00","dateModified":"2024-02-27T16:40:26+00:00","breadcrumb":{"@id":"https:\/\/vosgesinfo.fr\/epinalinfo\/2022\/08\/clap-de-fin-quartiers-dete-a-epinal\/#breadcrumb"},"inLanguage":"fr-FR","potentialAction":[{"@type":"ReadAction","target":["https:\/\/vosgesinfo.fr\/epinalinfo\/2022\/08\/clap-de-fin-quartiers-dete-a-epinal\/"]}]},{"@type":"ImageObject","inLanguage":"fr-FR","@id":"https:\/\/vosgesinfo.fr\/epinalinfo\/2022\/08\/clap-de-fin-quartiers-dete-a-epinal\/#primaryimage","url":"https:\/\/vosgesinfo.fr\/app\/uploads\/sites\/3\/2022\/08\/p1630553.jpg","contentUrl":"https:\/\/vosgesinfo.fr\/app\/uploads\/sites\/3\/2022\/08\/p1630553.jpg"},{"@type":"BreadcrumbList","@id":"https:\/\/vosgesinfo.fr\/epinalinfo\/2022\/08\/clap-de-fin-quartiers-dete-a-epinal\/#breadcrumb","itemListElement":[{"@type":"ListItem","position":1,"name":"Home","item":"https:\/\/vosgesinfo.fr\/epinalinfo\/"},{"@type":"ListItem","position":2,"name":"Clap de fin pour les \u00ab Quartiers d\u2019\u00e9t\u00e9 \u00bb \u00e0 Epinal !"}]},{"@type":"WebSite","@id":"https:\/\/vosgesinfo.fr\/epinalinfo\/#website","url":"https:\/\/vosgesinfo.fr\/epinalinfo\/","name":"Epinal Info","description":"Toute l&#039;actualit\u00e9 d&#039;\u00c9pinal","publisher":{"@id":"https:\/\/vosgesinfo.fr\/epinalinfo\/#organization"},"alternateName":"Toute l'actualit\u00e9 d'\u00c9pinal","potentialAction":[{"@type":"SearchAction","target":{"@type":"EntryPoint","urlTemplate":"https:\/\/vosgesinfo.fr\/epinalinfo\/?s={search_term_string}"},"query-input":"required name=search_term_string"}],"inLanguage":"fr-FR"},{"@type":"Organization","@id":"https:\/\/vosgesinfo.fr\/epinalinfo\/#organization","name":"Epinal Info","url":"https:\/\/vosgesinfo.fr\/epinalinfo\/","logo":{"@type":"ImageObject","inLanguage":"fr-FR","@id":"https:\/\/vosgesinfo.fr\/epinalinfo\/#\/schema\/logo\/image\/","url":"https:\/\/vosgesinfo.fr\/app\/uploads\/sites\/3\/2023\/08\/logo-epinalinfos.svg","contentUrl":"https:\/\/vosgesinfo.fr\/app\/uploads\/sites\/3\/2023\/08\/logo-epinalinfos.svg","width":1,"height":1,"caption":"Epinal Info"},"image":{"@id":"https:\/\/vosgesinfo.fr\/epinalinfo\/#\/schema\/logo\/image\/"},"sameAs":["https:\/\/www.facebook.com\/Epinalinfos","https:\/\/x.com\/VosgesInfo88","https:\/\/www.youtube.com\/@vosgesinfo"]},{"@type":"Person","@id":"https:\/\/vosgesinfo.fr\/epinalinfo\/#\/schema\/person\/6f9a650eeea99d969b6c4ab78fccbe81","name":"C.K.","image":{"@type":"ImageObject","inLanguage":"fr-FR","@id":"https:\/\/vosgesinfo.fr\/epinalinfo\/#\/schema\/person\/image\/","url":"https:\/\/secure.gravatar.com\/avatar\/48e3fc7f8421ba8942be6b74a2b7f014ca39bc00dece156b7a8e098ae7dc87bf?s=96&d=mm&r=g","contentUrl":"https:\/\/secure.gravatar.com\/avatar\/48e3fc7f8421ba8942be6b74a2b7f014ca39bc00dece156b7a8e098ae7dc87bf?s=96&d=mm&r=g","caption":"C.K."},"url":"https:\/\/vosgesinfo.fr\/epinalinfo\/author\/celia-k-n\/"}]}},"_links":{"self":[{"href":"https:\/\/vosgesinfo.fr\/epinalinfo\/wp-json\/wp\/v2\/posts\/20746","targetHints":{"allow":["GET"]}}],"collection":[{"href":"https:\/\/vosgesinfo.fr\/epinalinfo\/wp-json\/wp\/v2\/posts"}],"about":[{"href":"https:\/\/vosgesinfo.fr\/epinalinfo\/wp-json\/wp\/v2\/types\/post"}],"author":[{"embeddable":true,"href":"https:\/\/vosgesinfo.fr\/epinalinfo\/wp-json\/wp\/v2\/users\/52"}],"replies":[{"embeddable":true,"href":"https:\/\/vosgesinfo.fr\/epinalinfo\/wp-json\/wp\/v2\/comments?post=20746"}],"version-history":[{"count":1,"href":"https:\/\/vosgesinfo.fr\/epinalinfo\/wp-json\/wp\/v2\/posts\/20746\/revisions"}],"predecessor-version":[{"id":34385,"href":"https:\/\/vosgesinfo.fr\/epinalinfo\/wp-json\/wp\/v2\/posts\/20746\/revisions\/34385"}],"wp:featuredmedia":[{"embeddable":true,"href":"https:\/\/vosgesinfo.fr\/epinalinfo\/wp-json\/wp\/v2\/media\/20747"}],"wp:attachment":[{"href":"https:\/\/vosgesinfo.fr\/epinalinfo\/wp-json\/wp\/v2\/media?parent=20746"}],"wp:term":[{"taxonomy":"category","embeddable":true,"href":"https:\/\/vosgesinfo.fr\/epinalinfo\/wp-json\/wp\/v2\/categories?post=20746"},{"taxonomy":"post_tag","embeddable":true,"href":"https:\/\/vosgesinfo.fr\/epinalinfo\/wp-json\/wp\/v2\/tags?post=20746"}],"curies":[{"name":"wp","href":"https:\/\/api.w.org\/{rel}","templated":true}]}}