{"id":20790,"date":"2022-08-30T07:28:10","date_gmt":"2022-08-30T05:28:10","guid":{"rendered":"https:\/\/vosgesinfo.fr\/epinalinfo\/2022\/08\/vosges-quarantaine-de-verbalisations-apres-rave-party-de-gruey-surance\/"},"modified":"2024-02-27T17:40:28","modified_gmt":"2024-02-27T16:40:28","slug":"vosges-quarantaine-de-verbalisations-apres-rave-party-de-gruey-surance","status":"publish","type":"post","link":"https:\/\/vosgesinfo.fr\/epinalinfo\/2022\/08\/vosges-quarantaine-de-verbalisations-apres-rave-party-de-gruey-surance\/","title":{"rendered":"Vosges &#8211; Une quarantaine de verbalisations apr\u00e8s la rave-party de Gruey-l\u00e8s-Surance"},"content":{"rendered":"<h2><span style=\"font-size: 14pt;\"><a href=\"https:\/\/epinalinfos.fr\/wp-content\/uploads\/2022\/04\/rave-party.jpg\"><img decoding=\"async\" class=\"aligncenter size-large wp-image-199271\" src=\"https:\/\/vosgesinfo.fr\/app\/uploads\/sites\/3\/2022\/04\/rave-party.jpg\" alt=\"rave-party\" width=\"800\" height=\"533\" \/><\/a>Pr\u00e8s de 1400 personnes ont \u00e9t\u00e9 accueillies \u00e0 Gruey-les-Surance pour participer \u00e0 la rave-party organis\u00e9e par l\u2019association \u00ab Grand Est Tekno \u00bb les samedi 27 et dimanche 28 ao\u00fbt 2022. les repr\u00e9sentants des forces de l&rsquo;ordre ont proc\u00e9d\u00e9 \u00e0 une quarantaine de verbalisations, dont trente pour d\u00e9tentions de stup\u00e9fiants. L\u2019organisation de cette manifestation avait \u00e9t\u00e9 d\u00e9clar\u00e9e en Pr\u00e9fecture.<\/span><\/h2>\n<p>Cette rave-party a \u00e9t\u00e9 organis\u00e9e par l\u2019association \u00ab Grand Est Tekno \u00bb qui a r\u00e9pondu \u00e0 un appel \u00e0 initiative lanc\u00e9 au niveau national par l\u2019association Freeform. Freeform a pour objectif de soutenir des projets festifs et culturels qui favorisent la cr\u00e9ativit\u00e9 et l\u2019engagement de la jeunesse. Gr\u00e2ce au soutien de ses partenaires (Minist\u00e8re de l\u2019\u00c9ducation et de la Jeunesse, minist\u00e8re de la Culture et la MILDECA*), l\u2019association Freeform soutient 10 projets organis\u00e9s par des jeunes sur le territoire national en 2022.<\/p>\n<p>D\u00e9clar\u00e9e en pr\u00e9fecture,\u00a0cette free-party a rassembl\u00e9\u00a01400 personnes. La quasi totalit\u00e9 de ces participants ont \u00e9t\u00e9 contr\u00f4l\u00e9s (1300 personnes contr\u00f4l\u00e9es, 503 v\u00e9hicules contr\u00f4l\u00e9s). 30 d\u00e9tentions de stup\u00e9fiants ont \u00e9t\u00e9 constat\u00e9es,\u00a03 d\u00e9tentions et transport armes cat\u00e9gorie D , 11 verbalisations pour conduite sous l&#8217;emprise d&rsquo;alcool ou de stup\u00e9fiants r\u00e9alis\u00e9es, et 13 prises en charges pour des soins mineurs par le dispositif de secours. Plus de 130 personnels de la gendarmerie \u00e9taient engag\u00e9s sur le site sur les deux journ\u00e9es.<\/p>\n<p><em>\u00ab\u00a0Gr\u00e2ce \u00e0 une excellente coordination entre les diff\u00e9rents acteurs, le d\u00e9ploiement des dispositifs de contr\u00f4le a permis de contenir la jauge du rassemblement ; ainsi aucun incident majeur n\u2019est \u00e0 d\u00e9plorer sur ces deux jours, gr\u00e2ce notamment au balisage des lieux, \u00e0 la diffusion de messages de pr\u00e9vention des risques (alcool, drogue\u2026) par l\u2019association \u00ab Jusqu\u2019\u00e0 l\u2019Aube \u00bb et \u00e0 l\u2019action coordonn\u00e9e de la gendarmerie, des sapeurs pompiers et de la Croix-Rouge. Pour rappel, le pr\u00e9fet des Vosges a pris un certain nombre d\u2019arr\u00eat\u00e9s durant l\u2019\u00e9t\u00e9 interdisant les rassemblements festifs \u00e0 caract\u00e8re musical du type rave-party non d\u00e9clar\u00e9s, les services de l\u2019\u00c9tat ne disposant pas des informations n\u00e9cessaires pour garantir la s\u00e9curit\u00e9 et la tranquillit\u00e9 des populations impact\u00e9es.\u00a0\u00bb<\/em> explique la pr\u00e9fecture des Vosges.<\/p>\n<p>C.K.N.<\/p>\n","protected":false},"excerpt":{"rendered":"<p>Pr\u00e8s de 1400 personnes ont \u00e9t\u00e9 accueillies \u00e0 Gruey-les-Surance pour participer \u00e0 la rave-party organis\u00e9e par l\u2019association \u00ab Grand Est [&hellip;]<\/p>\n","protected":false},"author":52,"featured_media":590,"comment_status":"open","ping_status":"open","sticky":false,"template":"","format":"standard","meta":{"footnotes":""},"categories":[22,6,92,5],"tags":[4177,4178,75],"class_list":["post-20790","post","type-post","status-publish","format-standard","has-post-thumbnail","hentry","category-a-la-une","category-faits-divers","category-securite","category-vosges","tag-blesse-grave","tag-gruey-les-surance","tag-vosges"],"acf":[],"yoast_head":"<!-- This site is optimized with the Yoast SEO plugin v22.5 - https:\/\/yoast.com\/wordpress\/plugins\/seo\/ -->\n<title>Vosges - Une quarantaine de verbalisations apr\u00e8s la rave-party de Gruey-l\u00e8s-Surance - Epinal Info<\/title>\n<meta name=\"robots\" content=\"index, follow, max-snippet:-1, max-image-preview:large, max-video-preview:-1\" \/>\n<link rel=\"canonical\" href=\"https:\/\/vosgesinfo.fr\/epinalinfo\/2022\/08\/vosges-quarantaine-de-verbalisations-apres-rave-party-de-gruey-surance\/\" \/>\n<meta name=\"twitter:card\" content=\"summary_large_image\" \/>\n<meta name=\"twitter:title\" content=\"Vosges - Une quarantaine de verbalisations apr\u00e8s la rave-party de Gruey-l\u00e8s-Surance - Epinal Info\" \/>\n<meta name=\"twitter:description\" content=\"Pr\u00e8s de 1400 personnes ont \u00e9t\u00e9 accueillies \u00e0 Gruey-les-Surance pour participer \u00e0 la rave-party organis\u00e9e par l\u2019association \u00ab Grand Est [&hellip;]\" \/>\n<meta name=\"twitter:image\" content=\"https:\/\/vosgesinfo.fr\/app\/uploads\/sites\/3\/2022\/04\/rave-party.jpg\" \/>\n<meta name=\"twitter:creator\" content=\"@VosgesInfo88\" \/>\n<meta name=\"twitter:site\" content=\"@VosgesInfo88\" \/>\n<meta name=\"twitter:label1\" content=\"\u00c9crit par\" \/>\n\t<meta name=\"twitter:data1\" content=\"C.K.\" \/>\n\t<meta name=\"twitter:label2\" content=\"Dur\u00e9e de lecture estim\u00e9e\" \/>\n\t<meta name=\"twitter:data2\" content=\"2 minutes\" \/>\n<script type=\"application\/ld+json\" class=\"yoast-schema-graph\">{\"@context\":\"https:\/\/schema.org\",\"@graph\":[{\"@type\":\"Article\",\"@id\":\"https:\/\/vosgesinfo.fr\/epinalinfo\/2022\/08\/vosges-quarantaine-de-verbalisations-apres-rave-party-de-gruey-surance\/#article\",\"isPartOf\":{\"@id\":\"https:\/\/vosgesinfo.fr\/epinalinfo\/2022\/08\/vosges-quarantaine-de-verbalisations-apres-rave-party-de-gruey-surance\/\"},\"author\":{\"name\":\"C.K.\",\"@id\":\"https:\/\/vosgesinfo.fr\/epinalinfo\/#\/schema\/person\/6f9a650eeea99d969b6c4ab78fccbe81\"},\"headline\":\"Vosges &#8211; Une quarantaine de verbalisations apr\u00e8s la rave-party de Gruey-l\u00e8s-Surance\",\"datePublished\":\"2022-08-30T05:28:10+00:00\",\"dateModified\":\"2024-02-27T16:40:28+00:00\",\"mainEntityOfPage\":{\"@id\":\"https:\/\/vosgesinfo.fr\/epinalinfo\/2022\/08\/vosges-quarantaine-de-verbalisations-apres-rave-party-de-gruey-surance\/\"},\"wordCount\":399,\"commentCount\":0,\"publisher\":{\"@id\":\"https:\/\/vosgesinfo.fr\/epinalinfo\/#organization\"},\"image\":{\"@id\":\"https:\/\/vosgesinfo.fr\/epinalinfo\/2022\/08\/vosges-quarantaine-de-verbalisations-apres-rave-party-de-gruey-surance\/#primaryimage\"},\"thumbnailUrl\":\"https:\/\/vosgesinfo.fr\/app\/uploads\/sites\/3\/2022\/04\/rave-party.jpg\",\"keywords\":[\"bless\u00e9 grave\",\"Gruey-l\u00e8s-Surance\",\"vosges\"],\"articleSection\":[\"A la Une\",\"Faits-divers\",\"S\u00e9curit\u00e9\",\"Vosges\"],\"inLanguage\":\"fr-FR\",\"potentialAction\":[{\"@type\":\"CommentAction\",\"name\":\"Comment\",\"target\":[\"https:\/\/vosgesinfo.fr\/epinalinfo\/2022\/08\/vosges-quarantaine-de-verbalisations-apres-rave-party-de-gruey-surance\/#respond\"]}]},{\"@type\":\"WebPage\",\"@id\":\"https:\/\/vosgesinfo.fr\/epinalinfo\/2022\/08\/vosges-quarantaine-de-verbalisations-apres-rave-party-de-gruey-surance\/\",\"url\":\"https:\/\/vosgesinfo.fr\/epinalinfo\/2022\/08\/vosges-quarantaine-de-verbalisations-apres-rave-party-de-gruey-surance\/\",\"name\":\"Vosges - Une quarantaine de verbalisations apr\u00e8s la rave-party de Gruey-l\u00e8s-Surance - Epinal Info\",\"isPartOf\":{\"@id\":\"https:\/\/vosgesinfo.fr\/epinalinfo\/#website\"},\"primaryImageOfPage\":{\"@id\":\"https:\/\/vosgesinfo.fr\/epinalinfo\/2022\/08\/vosges-quarantaine-de-verbalisations-apres-rave-party-de-gruey-surance\/#primaryimage\"},\"image\":{\"@id\":\"https:\/\/vosgesinfo.fr\/epinalinfo\/2022\/08\/vosges-quarantaine-de-verbalisations-apres-rave-party-de-gruey-surance\/#primaryimage\"},\"thumbnailUrl\":\"https:\/\/vosgesinfo.fr\/app\/uploads\/sites\/3\/2022\/04\/rave-party.jpg\",\"datePublished\":\"2022-08-30T05:28:10+00:00\",\"dateModified\":\"2024-02-27T16:40:28+00:00\",\"breadcrumb\":{\"@id\":\"https:\/\/vosgesinfo.fr\/epinalinfo\/2022\/08\/vosges-quarantaine-de-verbalisations-apres-rave-party-de-gruey-surance\/#breadcrumb\"},\"inLanguage\":\"fr-FR\",\"potentialAction\":[{\"@type\":\"ReadAction\",\"target\":[\"https:\/\/vosgesinfo.fr\/epinalinfo\/2022\/08\/vosges-quarantaine-de-verbalisations-apres-rave-party-de-gruey-surance\/\"]}]},{\"@type\":\"ImageObject\",\"inLanguage\":\"fr-FR\",\"@id\":\"https:\/\/vosgesinfo.fr\/epinalinfo\/2022\/08\/vosges-quarantaine-de-verbalisations-apres-rave-party-de-gruey-surance\/#primaryimage\",\"url\":\"https:\/\/vosgesinfo.fr\/app\/uploads\/sites\/3\/2022\/04\/rave-party.jpg\",\"contentUrl\":\"https:\/\/vosgesinfo.fr\/app\/uploads\/sites\/3\/2022\/04\/rave-party.jpg\",\"width\":800,\"height\":533},{\"@type\":\"BreadcrumbList\",\"@id\":\"https:\/\/vosgesinfo.fr\/epinalinfo\/2022\/08\/vosges-quarantaine-de-verbalisations-apres-rave-party-de-gruey-surance\/#breadcrumb\",\"itemListElement\":[{\"@type\":\"ListItem\",\"position\":1,\"name\":\"Home\",\"item\":\"https:\/\/vosgesinfo.fr\/epinalinfo\/\"},{\"@type\":\"ListItem\",\"position\":2,\"name\":\"Vosges &#8211; Une quarantaine de verbalisations apr\u00e8s la rave-party de Gruey-l\u00e8s-Surance\"}]},{\"@type\":\"WebSite\",\"@id\":\"https:\/\/vosgesinfo.fr\/epinalinfo\/#website\",\"url\":\"https:\/\/vosgesinfo.fr\/epinalinfo\/\",\"name\":\"Epinal Info\",\"description\":\"Toute l&#039;actualit\u00e9 d&#039;\u00c9pinal\",\"publisher\":{\"@id\":\"https:\/\/vosgesinfo.fr\/epinalinfo\/#organization\"},\"alternateName\":\"Toute l'actualit\u00e9 d'\u00c9pinal\",\"potentialAction\":[{\"@type\":\"SearchAction\",\"target\":{\"@type\":\"EntryPoint\",\"urlTemplate\":\"https:\/\/vosgesinfo.fr\/epinalinfo\/?s={search_term_string}\"},\"query-input\":\"required name=search_term_string\"}],\"inLanguage\":\"fr-FR\"},{\"@type\":\"Organization\",\"@id\":\"https:\/\/vosgesinfo.fr\/epinalinfo\/#organization\",\"name\":\"Epinal Info\",\"url\":\"https:\/\/vosgesinfo.fr\/epinalinfo\/\",\"logo\":{\"@type\":\"ImageObject\",\"inLanguage\":\"fr-FR\",\"@id\":\"https:\/\/vosgesinfo.fr\/epinalinfo\/#\/schema\/logo\/image\/\",\"url\":\"https:\/\/vosgesinfo.fr\/app\/uploads\/sites\/3\/2023\/08\/logo-epinalinfos.svg\",\"contentUrl\":\"https:\/\/vosgesinfo.fr\/app\/uploads\/sites\/3\/2023\/08\/logo-epinalinfos.svg\",\"width\":1,\"height\":1,\"caption\":\"Epinal Info\"},\"image\":{\"@id\":\"https:\/\/vosgesinfo.fr\/epinalinfo\/#\/schema\/logo\/image\/\"},\"sameAs\":[\"https:\/\/www.facebook.com\/Epinalinfos\",\"https:\/\/x.com\/VosgesInfo88\",\"https:\/\/www.youtube.com\/@vosgesinfo\"]},{\"@type\":\"Person\",\"@id\":\"https:\/\/vosgesinfo.fr\/epinalinfo\/#\/schema\/person\/6f9a650eeea99d969b6c4ab78fccbe81\",\"name\":\"C.K.\",\"image\":{\"@type\":\"ImageObject\",\"inLanguage\":\"fr-FR\",\"@id\":\"https:\/\/vosgesinfo.fr\/epinalinfo\/#\/schema\/person\/image\/\",\"url\":\"https:\/\/secure.gravatar.com\/avatar\/48e3fc7f8421ba8942be6b74a2b7f014ca39bc00dece156b7a8e098ae7dc87bf?s=96&d=mm&r=g\",\"contentUrl\":\"https:\/\/secure.gravatar.com\/avatar\/48e3fc7f8421ba8942be6b74a2b7f014ca39bc00dece156b7a8e098ae7dc87bf?s=96&d=mm&r=g\",\"caption\":\"C.K.\"},\"url\":\"https:\/\/vosgesinfo.fr\/epinalinfo\/author\/celia-k-n\/\"}]}<\/script>\n<!-- \/ Yoast SEO plugin. -->","yoast_head_json":{"title":"Vosges - Une quarantaine de verbalisations apr\u00e8s la rave-party de Gruey-l\u00e8s-Surance - Epinal Info","robots":{"index":"index","follow":"follow","max-snippet":"max-snippet:-1","max-image-preview":"max-image-preview:large","max-video-preview":"max-video-preview:-1"},"canonical":"https:\/\/vosgesinfo.fr\/epinalinfo\/2022\/08\/vosges-quarantaine-de-verbalisations-apres-rave-party-de-gruey-surance\/","twitter_card":"summary_large_image","twitter_title":"Vosges - Une quarantaine de verbalisations apr\u00e8s la rave-party de Gruey-l\u00e8s-Surance - Epinal Info","twitter_description":"Pr\u00e8s de 1400 personnes ont \u00e9t\u00e9 accueillies \u00e0 Gruey-les-Surance pour participer \u00e0 la rave-party organis\u00e9e par l\u2019association \u00ab Grand Est [&hellip;]","twitter_image":"https:\/\/vosgesinfo.fr\/app\/uploads\/sites\/3\/2022\/04\/rave-party.jpg","twitter_creator":"@VosgesInfo88","twitter_site":"@VosgesInfo88","twitter_misc":{"\u00c9crit par":"C.K.","Dur\u00e9e de lecture estim\u00e9e":"2 minutes"},"schema":{"@context":"https:\/\/schema.org","@graph":[{"@type":"Article","@id":"https:\/\/vosgesinfo.fr\/epinalinfo\/2022\/08\/vosges-quarantaine-de-verbalisations-apres-rave-party-de-gruey-surance\/#article","isPartOf":{"@id":"https:\/\/vosgesinfo.fr\/epinalinfo\/2022\/08\/vosges-quarantaine-de-verbalisations-apres-rave-party-de-gruey-surance\/"},"author":{"name":"C.K.","@id":"https:\/\/vosgesinfo.fr\/epinalinfo\/#\/schema\/person\/6f9a650eeea99d969b6c4ab78fccbe81"},"headline":"Vosges &#8211; Une quarantaine de verbalisations apr\u00e8s la rave-party de Gruey-l\u00e8s-Surance","datePublished":"2022-08-30T05:28:10+00:00","dateModified":"2024-02-27T16:40:28+00:00","mainEntityOfPage":{"@id":"https:\/\/vosgesinfo.fr\/epinalinfo\/2022\/08\/vosges-quarantaine-de-verbalisations-apres-rave-party-de-gruey-surance\/"},"wordCount":399,"commentCount":0,"publisher":{"@id":"https:\/\/vosgesinfo.fr\/epinalinfo\/#organization"},"image":{"@id":"https:\/\/vosgesinfo.fr\/epinalinfo\/2022\/08\/vosges-quarantaine-de-verbalisations-apres-rave-party-de-gruey-surance\/#primaryimage"},"thumbnailUrl":"https:\/\/vosgesinfo.fr\/app\/uploads\/sites\/3\/2022\/04\/rave-party.jpg","keywords":["bless\u00e9 grave","Gruey-l\u00e8s-Surance","vosges"],"articleSection":["A la Une","Faits-divers","S\u00e9curit\u00e9","Vosges"],"inLanguage":"fr-FR","potentialAction":[{"@type":"CommentAction","name":"Comment","target":["https:\/\/vosgesinfo.fr\/epinalinfo\/2022\/08\/vosges-quarantaine-de-verbalisations-apres-rave-party-de-gruey-surance\/#respond"]}]},{"@type":"WebPage","@id":"https:\/\/vosgesinfo.fr\/epinalinfo\/2022\/08\/vosges-quarantaine-de-verbalisations-apres-rave-party-de-gruey-surance\/","url":"https:\/\/vosgesinfo.fr\/epinalinfo\/2022\/08\/vosges-quarantaine-de-verbalisations-apres-rave-party-de-gruey-surance\/","name":"Vosges - Une quarantaine de verbalisations apr\u00e8s la rave-party de Gruey-l\u00e8s-Surance - Epinal Info","isPartOf":{"@id":"https:\/\/vosgesinfo.fr\/epinalinfo\/#website"},"primaryImageOfPage":{"@id":"https:\/\/vosgesinfo.fr\/epinalinfo\/2022\/08\/vosges-quarantaine-de-verbalisations-apres-rave-party-de-gruey-surance\/#primaryimage"},"image":{"@id":"https:\/\/vosgesinfo.fr\/epinalinfo\/2022\/08\/vosges-quarantaine-de-verbalisations-apres-rave-party-de-gruey-surance\/#primaryimage"},"thumbnailUrl":"https:\/\/vosgesinfo.fr\/app\/uploads\/sites\/3\/2022\/04\/rave-party.jpg","datePublished":"2022-08-30T05:28:10+00:00","dateModified":"2024-02-27T16:40:28+00:00","breadcrumb":{"@id":"https:\/\/vosgesinfo.fr\/epinalinfo\/2022\/08\/vosges-quarantaine-de-verbalisations-apres-rave-party-de-gruey-surance\/#breadcrumb"},"inLanguage":"fr-FR","potentialAction":[{"@type":"ReadAction","target":["https:\/\/vosgesinfo.fr\/epinalinfo\/2022\/08\/vosges-quarantaine-de-verbalisations-apres-rave-party-de-gruey-surance\/"]}]},{"@type":"ImageObject","inLanguage":"fr-FR","@id":"https:\/\/vosgesinfo.fr\/epinalinfo\/2022\/08\/vosges-quarantaine-de-verbalisations-apres-rave-party-de-gruey-surance\/#primaryimage","url":"https:\/\/vosgesinfo.fr\/app\/uploads\/sites\/3\/2022\/04\/rave-party.jpg","contentUrl":"https:\/\/vosgesinfo.fr\/app\/uploads\/sites\/3\/2022\/04\/rave-party.jpg","width":800,"height":533},{"@type":"BreadcrumbList","@id":"https:\/\/vosgesinfo.fr\/epinalinfo\/2022\/08\/vosges-quarantaine-de-verbalisations-apres-rave-party-de-gruey-surance\/#breadcrumb","itemListElement":[{"@type":"ListItem","position":1,"name":"Home","item":"https:\/\/vosgesinfo.fr\/epinalinfo\/"},{"@type":"ListItem","position":2,"name":"Vosges &#8211; Une quarantaine de verbalisations apr\u00e8s la rave-party de Gruey-l\u00e8s-Surance"}]},{"@type":"WebSite","@id":"https:\/\/vosgesinfo.fr\/epinalinfo\/#website","url":"https:\/\/vosgesinfo.fr\/epinalinfo\/","name":"Epinal Info","description":"Toute l&#039;actualit\u00e9 d&#039;\u00c9pinal","publisher":{"@id":"https:\/\/vosgesinfo.fr\/epinalinfo\/#organization"},"alternateName":"Toute l'actualit\u00e9 d'\u00c9pinal","potentialAction":[{"@type":"SearchAction","target":{"@type":"EntryPoint","urlTemplate":"https:\/\/vosgesinfo.fr\/epinalinfo\/?s={search_term_string}"},"query-input":"required name=search_term_string"}],"inLanguage":"fr-FR"},{"@type":"Organization","@id":"https:\/\/vosgesinfo.fr\/epinalinfo\/#organization","name":"Epinal Info","url":"https:\/\/vosgesinfo.fr\/epinalinfo\/","logo":{"@type":"ImageObject","inLanguage":"fr-FR","@id":"https:\/\/vosgesinfo.fr\/epinalinfo\/#\/schema\/logo\/image\/","url":"https:\/\/vosgesinfo.fr\/app\/uploads\/sites\/3\/2023\/08\/logo-epinalinfos.svg","contentUrl":"https:\/\/vosgesinfo.fr\/app\/uploads\/sites\/3\/2023\/08\/logo-epinalinfos.svg","width":1,"height":1,"caption":"Epinal Info"},"image":{"@id":"https:\/\/vosgesinfo.fr\/epinalinfo\/#\/schema\/logo\/image\/"},"sameAs":["https:\/\/www.facebook.com\/Epinalinfos","https:\/\/x.com\/VosgesInfo88","https:\/\/www.youtube.com\/@vosgesinfo"]},{"@type":"Person","@id":"https:\/\/vosgesinfo.fr\/epinalinfo\/#\/schema\/person\/6f9a650eeea99d969b6c4ab78fccbe81","name":"C.K.","image":{"@type":"ImageObject","inLanguage":"fr-FR","@id":"https:\/\/vosgesinfo.fr\/epinalinfo\/#\/schema\/person\/image\/","url":"https:\/\/secure.gravatar.com\/avatar\/48e3fc7f8421ba8942be6b74a2b7f014ca39bc00dece156b7a8e098ae7dc87bf?s=96&d=mm&r=g","contentUrl":"https:\/\/secure.gravatar.com\/avatar\/48e3fc7f8421ba8942be6b74a2b7f014ca39bc00dece156b7a8e098ae7dc87bf?s=96&d=mm&r=g","caption":"C.K."},"url":"https:\/\/vosgesinfo.fr\/epinalinfo\/author\/celia-k-n\/"}]}},"_links":{"self":[{"href":"https:\/\/vosgesinfo.fr\/epinalinfo\/wp-json\/wp\/v2\/posts\/20790","targetHints":{"allow":["GET"]}}],"collection":[{"href":"https:\/\/vosgesinfo.fr\/epinalinfo\/wp-json\/wp\/v2\/posts"}],"about":[{"href":"https:\/\/vosgesinfo.fr\/epinalinfo\/wp-json\/wp\/v2\/types\/post"}],"author":[{"embeddable":true,"href":"https:\/\/vosgesinfo.fr\/epinalinfo\/wp-json\/wp\/v2\/users\/52"}],"replies":[{"embeddable":true,"href":"https:\/\/vosgesinfo.fr\/epinalinfo\/wp-json\/wp\/v2\/comments?post=20790"}],"version-history":[{"count":1,"href":"https:\/\/vosgesinfo.fr\/epinalinfo\/wp-json\/wp\/v2\/posts\/20790\/revisions"}],"predecessor-version":[{"id":34393,"href":"https:\/\/vosgesinfo.fr\/epinalinfo\/wp-json\/wp\/v2\/posts\/20790\/revisions\/34393"}],"wp:featuredmedia":[{"embeddable":true,"href":"https:\/\/vosgesinfo.fr\/epinalinfo\/wp-json\/wp\/v2\/media\/590"}],"wp:attachment":[{"href":"https:\/\/vosgesinfo.fr\/epinalinfo\/wp-json\/wp\/v2\/media?parent=20790"}],"wp:term":[{"taxonomy":"category","embeddable":true,"href":"https:\/\/vosgesinfo.fr\/epinalinfo\/wp-json\/wp\/v2\/categories?post=20790"},{"taxonomy":"post_tag","embeddable":true,"href":"https:\/\/vosgesinfo.fr\/epinalinfo\/wp-json\/wp\/v2\/tags?post=20790"}],"curies":[{"name":"wp","href":"https:\/\/api.w.org\/{rel}","templated":true}]}}