{"id":24820,"date":"2022-12-07T06:33:29","date_gmt":"2022-12-07T05:33:29","guid":{"rendered":"https:\/\/vosgesinfo.fr\/epinalinfo\/2022\/12\/songe-de-noel-cest-dimanche-a-epinal\/"},"modified":"2024-02-27T17:50:10","modified_gmt":"2024-02-27T16:50:10","slug":"songe-de-noel-cest-dimanche-a-epinal","status":"publish","type":"post","link":"https:\/\/vosgesinfo.fr\/epinalinfo\/2022\/12\/songe-de-noel-cest-dimanche-a-epinal\/","title":{"rendered":"\u00ab Songe de No\u00ebl \u00bb, c\u2019est ce dimanche \u00e0 Epinal"},"content":{"rendered":"<p><strong><a href=\"https:\/\/vosgesinfo.fr\/app\/uploads\/sites\/3\/2022\/12\/thumbnail-epicentre-photo-premium.jpg\"><img decoding=\"async\" class=\"aligncenter size-full wp-image-212101\" src=\"https:\/\/vosgesinfo.fr\/app\/uploads\/sites\/3\/2022\/12\/thumbnail-epicentre-photo-premium.jpg\" alt=\"thumbnail_Epicentre photo premium\" width=\"589\" height=\"459\" \/><\/a>La nouvelle animation organis\u00e9e par Epicentre a lieu ce dimanche 11 D\u00e9cembre au centre-ville d\u2019Epinal de 14h \u00e0 19h30.<\/strong><\/p>\n<p><strong>\u00ab\u00a0Cette 1<sup>\u00e8re<\/sup> \u00e9dition \u00ab\u00a0Songe de No\u00ebl\u00a0\u00bb se veut \u00eatre un moment de r\u00eave, de partage,\u00a0 comme un retour aux valeurs initiales et familiales de No\u00ebl\u00a0\u00bb<\/strong>, nous assure Sandrine H\u00e9brard, la pr\u00e9sidente d\u2019Epicentre, \u00ab\u00a0petits et grands pourront admirer, cr\u00e9er, partager, donner\u2026 \u00ab\u00a0.<\/p>\n<p>Avec ce nouvel \u00e9v\u00e8nement \u00e0 l\u2019approche des f\u00eates, \u00a0dans les rues centrales d\u2019Epinal, c\u2019est tout simplement l\u2019authenticit\u00e9 retrouv\u00e9e \u00a0de l\u2019Esprit de No\u00ebl\u00a0 et de ses belles valeurs humaines.<\/p>\n<p>Outre la pr\u00e9sence du P\u00e8re No\u00ebl et\u00a0 la parade lumineuse dans les rues, vous allez pouvoir assister et participer \u00e0 des ateliers cr\u00e9atifs, d\u00e9couvrir le March\u00e9 des Gourmands et du Bien-Etre \u00e0 la Place Georgin, le March\u00e9 de Saint-Nicolas \u00e0 la Place Pinau, l\u2019Eveil et la Magie de No\u00ebl vous attendent \u00e0 la Place Pinau \u00e9galement, ainsi que le concert revisitant les chants de No\u00ebl r\u00e9tro-am\u00e9ricains&#8230;et pleins d\u2019autres \u00a0surprises vous attendent\u00a0!<\/p>\n<p>R\u00e9veillons ensemble la Magie\u00a0!<\/p>\n<p><u>R\u00e9daction<\/u>\u00a0: Patricia Ferry-Demange<\/p>\n<p>patricia.ferrydemange@gmail.com<\/p>\n<p><a href=\"https:\/\/epinalinfos.fr\/wp-content\/uploads\/2022\/12\/thumbnail_Programme-du-11.12.22.png\"><img decoding=\"async\" class=\"aligncenter size-large wp-image-212102\" src=\"https:\/\/vosgesinfo.fr\/app\/uploads\/sites\/3\/2022\/12\/thumbnail-programme-du-11.12.22.png\" alt=\"thumbnail_Programme du 11.12.22\" width=\"800\" height=\"518\" \/><\/a><\/p>\n","protected":false},"excerpt":{"rendered":"<p>La nouvelle animation organis\u00e9e par Epicentre a lieu ce dimanche 11 D\u00e9cembre au centre-ville d\u2019Epinal de 14h \u00e0 19h30. \u00ab\u00a0Cette [&hellip;]<\/p>\n","protected":false},"author":52,"featured_media":24818,"comment_status":"open","ping_status":"open","sticky":false,"template":"","format":"standard","meta":{"footnotes":""},"categories":[22,20,24],"tags":[],"class_list":["post-24820","post","type-post","status-publish","format-standard","has-post-thumbnail","hentry","category-a-la-une","category-divertissement","category-epinal"],"acf":[],"yoast_head":"<!-- This site is optimized with the Yoast SEO plugin v22.5 - https:\/\/yoast.com\/wordpress\/plugins\/seo\/ -->\n<title>\u00ab Songe de No\u00ebl \u00bb, c\u2019est ce dimanche \u00e0 Epinal - Epinal Info<\/title>\n<meta name=\"robots\" content=\"index, follow, max-snippet:-1, max-image-preview:large, max-video-preview:-1\" \/>\n<link rel=\"canonical\" href=\"https:\/\/vosgesinfo.fr\/epinalinfo\/2022\/12\/songe-de-noel-cest-dimanche-a-epinal\/\" \/>\n<meta name=\"twitter:card\" content=\"summary_large_image\" \/>\n<meta name=\"twitter:title\" content=\"\u00ab Songe de No\u00ebl \u00bb, c\u2019est ce dimanche \u00e0 Epinal - Epinal Info\" \/>\n<meta name=\"twitter:description\" content=\"La nouvelle animation organis\u00e9e par Epicentre a lieu ce dimanche 11 D\u00e9cembre au centre-ville d\u2019Epinal de 14h \u00e0 19h30. \u00ab\u00a0Cette [&hellip;]\" \/>\n<meta name=\"twitter:image\" content=\"https:\/\/vosgesinfo.fr\/app\/uploads\/sites\/3\/2022\/12\/thumbnail-epicentre-photo-premium.jpg\" \/>\n<meta name=\"twitter:creator\" content=\"@VosgesInfo88\" \/>\n<meta name=\"twitter:site\" content=\"@VosgesInfo88\" \/>\n<meta name=\"twitter:label1\" content=\"\u00c9crit par\" \/>\n\t<meta name=\"twitter:data1\" content=\"C.K.\" \/>\n\t<meta name=\"twitter:label2\" content=\"Dur\u00e9e de lecture estim\u00e9e\" \/>\n\t<meta name=\"twitter:data2\" content=\"1 minute\" \/>\n<script type=\"application\/ld+json\" class=\"yoast-schema-graph\">{\"@context\":\"https:\/\/schema.org\",\"@graph\":[{\"@type\":\"Article\",\"@id\":\"https:\/\/vosgesinfo.fr\/epinalinfo\/2022\/12\/songe-de-noel-cest-dimanche-a-epinal\/#article\",\"isPartOf\":{\"@id\":\"https:\/\/vosgesinfo.fr\/epinalinfo\/2022\/12\/songe-de-noel-cest-dimanche-a-epinal\/\"},\"author\":{\"name\":\"C.K.\",\"@id\":\"https:\/\/vosgesinfo.fr\/epinalinfo\/#\/schema\/person\/6f9a650eeea99d969b6c4ab78fccbe81\"},\"headline\":\"\u00ab Songe de No\u00ebl \u00bb, c\u2019est ce dimanche \u00e0 Epinal\",\"datePublished\":\"2022-12-07T05:33:29+00:00\",\"dateModified\":\"2024-02-27T16:50:10+00:00\",\"mainEntityOfPage\":{\"@id\":\"https:\/\/vosgesinfo.fr\/epinalinfo\/2022\/12\/songe-de-noel-cest-dimanche-a-epinal\/\"},\"wordCount\":204,\"commentCount\":0,\"publisher\":{\"@id\":\"https:\/\/vosgesinfo.fr\/epinalinfo\/#organization\"},\"image\":{\"@id\":\"https:\/\/vosgesinfo.fr\/epinalinfo\/2022\/12\/songe-de-noel-cest-dimanche-a-epinal\/#primaryimage\"},\"thumbnailUrl\":\"https:\/\/vosgesinfo.fr\/app\/uploads\/sites\/3\/2022\/12\/thumbnail-epicentre-photo-premium.jpg\",\"articleSection\":[\"A la Une\",\"Divertissement\",\"Epinal\"],\"inLanguage\":\"fr-FR\",\"potentialAction\":[{\"@type\":\"CommentAction\",\"name\":\"Comment\",\"target\":[\"https:\/\/vosgesinfo.fr\/epinalinfo\/2022\/12\/songe-de-noel-cest-dimanche-a-epinal\/#respond\"]}]},{\"@type\":\"WebPage\",\"@id\":\"https:\/\/vosgesinfo.fr\/epinalinfo\/2022\/12\/songe-de-noel-cest-dimanche-a-epinal\/\",\"url\":\"https:\/\/vosgesinfo.fr\/epinalinfo\/2022\/12\/songe-de-noel-cest-dimanche-a-epinal\/\",\"name\":\"\u00ab Songe de No\u00ebl \u00bb, c\u2019est ce dimanche \u00e0 Epinal - Epinal Info\",\"isPartOf\":{\"@id\":\"https:\/\/vosgesinfo.fr\/epinalinfo\/#website\"},\"primaryImageOfPage\":{\"@id\":\"https:\/\/vosgesinfo.fr\/epinalinfo\/2022\/12\/songe-de-noel-cest-dimanche-a-epinal\/#primaryimage\"},\"image\":{\"@id\":\"https:\/\/vosgesinfo.fr\/epinalinfo\/2022\/12\/songe-de-noel-cest-dimanche-a-epinal\/#primaryimage\"},\"thumbnailUrl\":\"https:\/\/vosgesinfo.fr\/app\/uploads\/sites\/3\/2022\/12\/thumbnail-epicentre-photo-premium.jpg\",\"datePublished\":\"2022-12-07T05:33:29+00:00\",\"dateModified\":\"2024-02-27T16:50:10+00:00\",\"breadcrumb\":{\"@id\":\"https:\/\/vosgesinfo.fr\/epinalinfo\/2022\/12\/songe-de-noel-cest-dimanche-a-epinal\/#breadcrumb\"},\"inLanguage\":\"fr-FR\",\"potentialAction\":[{\"@type\":\"ReadAction\",\"target\":[\"https:\/\/vosgesinfo.fr\/epinalinfo\/2022\/12\/songe-de-noel-cest-dimanche-a-epinal\/\"]}]},{\"@type\":\"ImageObject\",\"inLanguage\":\"fr-FR\",\"@id\":\"https:\/\/vosgesinfo.fr\/epinalinfo\/2022\/12\/songe-de-noel-cest-dimanche-a-epinal\/#primaryimage\",\"url\":\"https:\/\/vosgesinfo.fr\/app\/uploads\/sites\/3\/2022\/12\/thumbnail-epicentre-photo-premium.jpg\",\"contentUrl\":\"https:\/\/vosgesinfo.fr\/app\/uploads\/sites\/3\/2022\/12\/thumbnail-epicentre-photo-premium.jpg\"},{\"@type\":\"BreadcrumbList\",\"@id\":\"https:\/\/vosgesinfo.fr\/epinalinfo\/2022\/12\/songe-de-noel-cest-dimanche-a-epinal\/#breadcrumb\",\"itemListElement\":[{\"@type\":\"ListItem\",\"position\":1,\"name\":\"Home\",\"item\":\"https:\/\/vosgesinfo.fr\/epinalinfo\/\"},{\"@type\":\"ListItem\",\"position\":2,\"name\":\"\u00ab Songe de No\u00ebl \u00bb, c\u2019est ce dimanche \u00e0 Epinal\"}]},{\"@type\":\"WebSite\",\"@id\":\"https:\/\/vosgesinfo.fr\/epinalinfo\/#website\",\"url\":\"https:\/\/vosgesinfo.fr\/epinalinfo\/\",\"name\":\"Epinal Info\",\"description\":\"Toute l&#039;actualit\u00e9 d&#039;\u00c9pinal\",\"publisher\":{\"@id\":\"https:\/\/vosgesinfo.fr\/epinalinfo\/#organization\"},\"alternateName\":\"Toute l'actualit\u00e9 d'\u00c9pinal\",\"potentialAction\":[{\"@type\":\"SearchAction\",\"target\":{\"@type\":\"EntryPoint\",\"urlTemplate\":\"https:\/\/vosgesinfo.fr\/epinalinfo\/?s={search_term_string}\"},\"query-input\":\"required name=search_term_string\"}],\"inLanguage\":\"fr-FR\"},{\"@type\":\"Organization\",\"@id\":\"https:\/\/vosgesinfo.fr\/epinalinfo\/#organization\",\"name\":\"Epinal Info\",\"url\":\"https:\/\/vosgesinfo.fr\/epinalinfo\/\",\"logo\":{\"@type\":\"ImageObject\",\"inLanguage\":\"fr-FR\",\"@id\":\"https:\/\/vosgesinfo.fr\/epinalinfo\/#\/schema\/logo\/image\/\",\"url\":\"https:\/\/vosgesinfo.fr\/app\/uploads\/sites\/3\/2023\/08\/logo-epinalinfos.svg\",\"contentUrl\":\"https:\/\/vosgesinfo.fr\/app\/uploads\/sites\/3\/2023\/08\/logo-epinalinfos.svg\",\"width\":1,\"height\":1,\"caption\":\"Epinal Info\"},\"image\":{\"@id\":\"https:\/\/vosgesinfo.fr\/epinalinfo\/#\/schema\/logo\/image\/\"},\"sameAs\":[\"https:\/\/www.facebook.com\/Epinalinfos\",\"https:\/\/x.com\/VosgesInfo88\",\"https:\/\/www.youtube.com\/@vosgesinfo\"]},{\"@type\":\"Person\",\"@id\":\"https:\/\/vosgesinfo.fr\/epinalinfo\/#\/schema\/person\/6f9a650eeea99d969b6c4ab78fccbe81\",\"name\":\"C.K.\",\"image\":{\"@type\":\"ImageObject\",\"inLanguage\":\"fr-FR\",\"@id\":\"https:\/\/vosgesinfo.fr\/epinalinfo\/#\/schema\/person\/image\/\",\"url\":\"https:\/\/secure.gravatar.com\/avatar\/48e3fc7f8421ba8942be6b74a2b7f014ca39bc00dece156b7a8e098ae7dc87bf?s=96&d=mm&r=g\",\"contentUrl\":\"https:\/\/secure.gravatar.com\/avatar\/48e3fc7f8421ba8942be6b74a2b7f014ca39bc00dece156b7a8e098ae7dc87bf?s=96&d=mm&r=g\",\"caption\":\"C.K.\"},\"url\":\"https:\/\/vosgesinfo.fr\/epinalinfo\/author\/celia-k-n\/\"}]}<\/script>\n<!-- \/ Yoast SEO plugin. -->","yoast_head_json":{"title":"\u00ab Songe de No\u00ebl \u00bb, c\u2019est ce dimanche \u00e0 Epinal - Epinal Info","robots":{"index":"index","follow":"follow","max-snippet":"max-snippet:-1","max-image-preview":"max-image-preview:large","max-video-preview":"max-video-preview:-1"},"canonical":"https:\/\/vosgesinfo.fr\/epinalinfo\/2022\/12\/songe-de-noel-cest-dimanche-a-epinal\/","twitter_card":"summary_large_image","twitter_title":"\u00ab Songe de No\u00ebl \u00bb, c\u2019est ce dimanche \u00e0 Epinal - Epinal Info","twitter_description":"La nouvelle animation organis\u00e9e par Epicentre a lieu ce dimanche 11 D\u00e9cembre au centre-ville d\u2019Epinal de 14h \u00e0 19h30. \u00ab\u00a0Cette [&hellip;]","twitter_image":"https:\/\/vosgesinfo.fr\/app\/uploads\/sites\/3\/2022\/12\/thumbnail-epicentre-photo-premium.jpg","twitter_creator":"@VosgesInfo88","twitter_site":"@VosgesInfo88","twitter_misc":{"\u00c9crit par":"C.K.","Dur\u00e9e de lecture estim\u00e9e":"1 minute"},"schema":{"@context":"https:\/\/schema.org","@graph":[{"@type":"Article","@id":"https:\/\/vosgesinfo.fr\/epinalinfo\/2022\/12\/songe-de-noel-cest-dimanche-a-epinal\/#article","isPartOf":{"@id":"https:\/\/vosgesinfo.fr\/epinalinfo\/2022\/12\/songe-de-noel-cest-dimanche-a-epinal\/"},"author":{"name":"C.K.","@id":"https:\/\/vosgesinfo.fr\/epinalinfo\/#\/schema\/person\/6f9a650eeea99d969b6c4ab78fccbe81"},"headline":"\u00ab Songe de No\u00ebl \u00bb, c\u2019est ce dimanche \u00e0 Epinal","datePublished":"2022-12-07T05:33:29+00:00","dateModified":"2024-02-27T16:50:10+00:00","mainEntityOfPage":{"@id":"https:\/\/vosgesinfo.fr\/epinalinfo\/2022\/12\/songe-de-noel-cest-dimanche-a-epinal\/"},"wordCount":204,"commentCount":0,"publisher":{"@id":"https:\/\/vosgesinfo.fr\/epinalinfo\/#organization"},"image":{"@id":"https:\/\/vosgesinfo.fr\/epinalinfo\/2022\/12\/songe-de-noel-cest-dimanche-a-epinal\/#primaryimage"},"thumbnailUrl":"https:\/\/vosgesinfo.fr\/app\/uploads\/sites\/3\/2022\/12\/thumbnail-epicentre-photo-premium.jpg","articleSection":["A la Une","Divertissement","Epinal"],"inLanguage":"fr-FR","potentialAction":[{"@type":"CommentAction","name":"Comment","target":["https:\/\/vosgesinfo.fr\/epinalinfo\/2022\/12\/songe-de-noel-cest-dimanche-a-epinal\/#respond"]}]},{"@type":"WebPage","@id":"https:\/\/vosgesinfo.fr\/epinalinfo\/2022\/12\/songe-de-noel-cest-dimanche-a-epinal\/","url":"https:\/\/vosgesinfo.fr\/epinalinfo\/2022\/12\/songe-de-noel-cest-dimanche-a-epinal\/","name":"\u00ab Songe de No\u00ebl \u00bb, c\u2019est ce dimanche \u00e0 Epinal - Epinal Info","isPartOf":{"@id":"https:\/\/vosgesinfo.fr\/epinalinfo\/#website"},"primaryImageOfPage":{"@id":"https:\/\/vosgesinfo.fr\/epinalinfo\/2022\/12\/songe-de-noel-cest-dimanche-a-epinal\/#primaryimage"},"image":{"@id":"https:\/\/vosgesinfo.fr\/epinalinfo\/2022\/12\/songe-de-noel-cest-dimanche-a-epinal\/#primaryimage"},"thumbnailUrl":"https:\/\/vosgesinfo.fr\/app\/uploads\/sites\/3\/2022\/12\/thumbnail-epicentre-photo-premium.jpg","datePublished":"2022-12-07T05:33:29+00:00","dateModified":"2024-02-27T16:50:10+00:00","breadcrumb":{"@id":"https:\/\/vosgesinfo.fr\/epinalinfo\/2022\/12\/songe-de-noel-cest-dimanche-a-epinal\/#breadcrumb"},"inLanguage":"fr-FR","potentialAction":[{"@type":"ReadAction","target":["https:\/\/vosgesinfo.fr\/epinalinfo\/2022\/12\/songe-de-noel-cest-dimanche-a-epinal\/"]}]},{"@type":"ImageObject","inLanguage":"fr-FR","@id":"https:\/\/vosgesinfo.fr\/epinalinfo\/2022\/12\/songe-de-noel-cest-dimanche-a-epinal\/#primaryimage","url":"https:\/\/vosgesinfo.fr\/app\/uploads\/sites\/3\/2022\/12\/thumbnail-epicentre-photo-premium.jpg","contentUrl":"https:\/\/vosgesinfo.fr\/app\/uploads\/sites\/3\/2022\/12\/thumbnail-epicentre-photo-premium.jpg"},{"@type":"BreadcrumbList","@id":"https:\/\/vosgesinfo.fr\/epinalinfo\/2022\/12\/songe-de-noel-cest-dimanche-a-epinal\/#breadcrumb","itemListElement":[{"@type":"ListItem","position":1,"name":"Home","item":"https:\/\/vosgesinfo.fr\/epinalinfo\/"},{"@type":"ListItem","position":2,"name":"\u00ab Songe de No\u00ebl \u00bb, c\u2019est ce dimanche \u00e0 Epinal"}]},{"@type":"WebSite","@id":"https:\/\/vosgesinfo.fr\/epinalinfo\/#website","url":"https:\/\/vosgesinfo.fr\/epinalinfo\/","name":"Epinal Info","description":"Toute l&#039;actualit\u00e9 d&#039;\u00c9pinal","publisher":{"@id":"https:\/\/vosgesinfo.fr\/epinalinfo\/#organization"},"alternateName":"Toute l'actualit\u00e9 d'\u00c9pinal","potentialAction":[{"@type":"SearchAction","target":{"@type":"EntryPoint","urlTemplate":"https:\/\/vosgesinfo.fr\/epinalinfo\/?s={search_term_string}"},"query-input":"required name=search_term_string"}],"inLanguage":"fr-FR"},{"@type":"Organization","@id":"https:\/\/vosgesinfo.fr\/epinalinfo\/#organization","name":"Epinal Info","url":"https:\/\/vosgesinfo.fr\/epinalinfo\/","logo":{"@type":"ImageObject","inLanguage":"fr-FR","@id":"https:\/\/vosgesinfo.fr\/epinalinfo\/#\/schema\/logo\/image\/","url":"https:\/\/vosgesinfo.fr\/app\/uploads\/sites\/3\/2023\/08\/logo-epinalinfos.svg","contentUrl":"https:\/\/vosgesinfo.fr\/app\/uploads\/sites\/3\/2023\/08\/logo-epinalinfos.svg","width":1,"height":1,"caption":"Epinal Info"},"image":{"@id":"https:\/\/vosgesinfo.fr\/epinalinfo\/#\/schema\/logo\/image\/"},"sameAs":["https:\/\/www.facebook.com\/Epinalinfos","https:\/\/x.com\/VosgesInfo88","https:\/\/www.youtube.com\/@vosgesinfo"]},{"@type":"Person","@id":"https:\/\/vosgesinfo.fr\/epinalinfo\/#\/schema\/person\/6f9a650eeea99d969b6c4ab78fccbe81","name":"C.K.","image":{"@type":"ImageObject","inLanguage":"fr-FR","@id":"https:\/\/vosgesinfo.fr\/epinalinfo\/#\/schema\/person\/image\/","url":"https:\/\/secure.gravatar.com\/avatar\/48e3fc7f8421ba8942be6b74a2b7f014ca39bc00dece156b7a8e098ae7dc87bf?s=96&d=mm&r=g","contentUrl":"https:\/\/secure.gravatar.com\/avatar\/48e3fc7f8421ba8942be6b74a2b7f014ca39bc00dece156b7a8e098ae7dc87bf?s=96&d=mm&r=g","caption":"C.K."},"url":"https:\/\/vosgesinfo.fr\/epinalinfo\/author\/celia-k-n\/"}]}},"_links":{"self":[{"href":"https:\/\/vosgesinfo.fr\/epinalinfo\/wp-json\/wp\/v2\/posts\/24820","targetHints":{"allow":["GET"]}}],"collection":[{"href":"https:\/\/vosgesinfo.fr\/epinalinfo\/wp-json\/wp\/v2\/posts"}],"about":[{"href":"https:\/\/vosgesinfo.fr\/epinalinfo\/wp-json\/wp\/v2\/types\/post"}],"author":[{"embeddable":true,"href":"https:\/\/vosgesinfo.fr\/epinalinfo\/wp-json\/wp\/v2\/users\/52"}],"replies":[{"embeddable":true,"href":"https:\/\/vosgesinfo.fr\/epinalinfo\/wp-json\/wp\/v2\/comments?post=24820"}],"version-history":[{"count":1,"href":"https:\/\/vosgesinfo.fr\/epinalinfo\/wp-json\/wp\/v2\/posts\/24820\/revisions"}],"predecessor-version":[{"id":35382,"href":"https:\/\/vosgesinfo.fr\/epinalinfo\/wp-json\/wp\/v2\/posts\/24820\/revisions\/35382"}],"wp:featuredmedia":[{"embeddable":true,"href":"https:\/\/vosgesinfo.fr\/epinalinfo\/wp-json\/wp\/v2\/media\/24818"}],"wp:attachment":[{"href":"https:\/\/vosgesinfo.fr\/epinalinfo\/wp-json\/wp\/v2\/media?parent=24820"}],"wp:term":[{"taxonomy":"category","embeddable":true,"href":"https:\/\/vosgesinfo.fr\/epinalinfo\/wp-json\/wp\/v2\/categories?post=24820"},{"taxonomy":"post_tag","embeddable":true,"href":"https:\/\/vosgesinfo.fr\/epinalinfo\/wp-json\/wp\/v2\/tags?post=24820"}],"curies":[{"name":"wp","href":"https:\/\/api.w.org\/{rel}","templated":true}]}}