{"id":25738,"date":"2023-01-12T14:06:27","date_gmt":"2023-01-12T13:06:27","guid":{"rendered":"https:\/\/vosgesinfo.fr\/epinalinfo\/2023\/01\/30eme-festival-international-film-fantastique-festival-rend-hommage-festival\/"},"modified":"2024-02-27T17:52:49","modified_gmt":"2024-02-27T16:52:49","slug":"30eme-festival-international-film-fantastique-festival-rend-hommage-festival","status":"publish","type":"post","link":"https:\/\/vosgesinfo.fr\/epinalinfo\/2023\/01\/30eme-festival-international-film-fantastique-festival-rend-hommage-festival\/","title":{"rendered":"30\u00e8me Festival International du Film Fantastique \u2013 Le Festival rend hommage au\u2026 Festival !"},"content":{"rendered":"<p><a href=\"https:\/\/epinalinfos.fr\/2023\/01\/30eme-festival-international-film-fantastique-festival-rend-hommage-festival\/30festival-du-film-fantastique-gerardmer\/\" rel=\"attachment wp-att-213428\"><img decoding=\"async\" class=\"aligncenter size-full wp-image-213428\" src=\"https:\/\/vosgesinfo.fr\/app\/uploads\/sites\/3\/2023\/01\/30festival-du-film-fantastique-gerardmer.jpg\" alt=\"30festival-du-film-fantastique-G\u00e9rardmer\" width=\"800\" height=\"534\" \/><\/a><\/p>\n<h3 class=\"gmail-western\"><span style=\"font-size: 14pt;\">Un dicton bien connu veut que \u00ab\u00a0<em>La solution la plus simple est toujours la meilleure<\/em>\u00a0\u00bb \u2013 En ce qui concerne cette 30\u00e8me \u00e9dition du Festival International du Film fantastique, l\u2019avenir nous le dira ! Mais l\u2019organisation a d\u00e9j\u00e0 livr\u00e9 de solides garanties et des \u00e9l\u00e9ments de r\u00e9ponse ce jeudi lors de la traditionnelle conf\u00e9rence de presse programm\u00e9e au casino Joa.<\/span><\/h3>\n<p>\u00ab\u00a0<em>Pour ses trente ans, le festival a d\u00e9cid\u00e9 de rendre un hommage exceptionnel au\u2026 festival de G\u00e9rardmer<\/em>\u00a0\u00bb a annonc\u00e9 Bruno Barde lors de cette conf\u00e9rence o\u00f9 il \u00e9tait accompagn\u00e9 de J\u00e9r\u00f4me Lasserre de Public Syst\u00e8me Cin\u00e9ma, Anthony Humbertclaude de SG Organisation, et bien Pierre Sachot, pr\u00e9sident de l\u2019association du festival de G\u00e9rardmer. Ce 30\u00e8me opus va donc se recentrer sur son histoire, sur ce qui a fait sa renomm\u00e9e, sur les r\u00e9alisateurs, acteurs, cin\u00e9astes qui se sont r\u00e9v\u00e9l\u00e9s en perle des Vosges et qui ont fait sa l\u00e9gitimit\u00e9, qui ont contribuer \u00e0 \u00e9crire sa l\u00e9gende aujourd\u2019hui cont\u00e9e jusqu\u2019\u00e0 Cannes et au 4 coins du globe\u2026<\/p>\n<h4 class=\"gmail-western\"><strong>L\u2019Asie et l\u2019Espagne en fer de lance<\/strong><\/h4>\n<p>\u00ab\u00a0<em>Pour incarner ces trente ann\u00e9es de festival, deux cin\u00e9matographies s\u2019imposent. En effet, d\u00e8s 1994, le Palmar\u00e8s, pour sa premi\u00e8re \u00e9dition, couronne l\u2019Asie et l\u2019Espagne avec LA MARI\u00c9E AUX CHEVEUX BLANCS de Ronny Yu et L\u2019\u00c9CUREUIL ROUGE de Julio Medem. Signe des temps, cette premi\u00e8re \u00e9dition donnait une direction qui ne s\u2019est jamais d\u00e9mentie<\/em>\u00a0\u00bb poursuit le directeur du festival. Aujourd\u2019hui encore, ces deux territoires, fleurons du cin\u00e9ma de genre, continuent de dominer les d\u00e9bats \u00e0 G\u00e9rardmer en cumulant \u00e0 elle deux pas moins de 25 pris depuis la toute premi\u00e8re \u00e9dition. Plusieurs \u00e9minents repr\u00e9sentants ont \u00e9t\u00e9 choisis pour les repr\u00e9senter cette ann\u00e9e, \u00e0 commencer par Jaume Balaguer\u00f3, lui qui symbolise la domination du cin\u00e9ma espagnol. Laur\u00e9at de trois prix du jury avec LA SECTE SANS NOM, FRAGILE et REC, il a \u00e9galement \u00e9t\u00e9 Pr\u00e9sident du Jury en 2009. \u00ab\u00a0<em>C\u2019est donc justice de lui rendre un hommage pour les trente ans du festival. \u00c0 cette occasion et pour la soir\u00e9e anniversaire du samedi 28 janvier, nous pr\u00e9senterons son dernier film VENUS. Et l\u2019Espagne ne sera pas en reste puisque Juan Antonio Bayona (L\u2019ORPHELINAT, Grand Prix \u00e0 G\u00e9rardmer 2008) se joindra \u00e0 nous<\/em>\u00a0\u00bb pr\u00e9cise Bruno Barde.<\/p>\n<p><strong>Masterclass avec Kim Jee-woon<\/strong><\/p>\n<p>En ce qui concerne l\u2019Asie, c\u2019est une masterclass exceptionnelle programm\u00e9e le 28 janvier en compagnie de Kim Jee-Woon qui constituera l\u2019un des temps forts du festival. \u00ab\u00a0<em>L\u2019Asie\u00a0 est riche de plusieurs cin\u00e9matographies et de plusieurs cin\u00e9astes. Mais parmi ceux qui nous ont fait l\u2019honneur de venir, nous pr\u00eaterons une attention particuli\u00e8re \u00e0 Kim Jee-woon, qui, dans la lign\u00e9e des grands metteurs en sc\u00e8ne cor\u00e9ens tels que Park Chan-wook et Bong Joon-ho, incarne la modernit\u00e9 du cin\u00e9ma de ce pays. Grand Prix en 2004 avec DEUX SOEURS, Prix du public, Prix de la Critique et Prix du Jury Jeunes en 2011 avec J\u2019AI RENCONTR\u00c9 LE DIABLE, il fut aussi r\u00e9cipiendaire d\u2019un hommage en 2014\u2033<\/em>. Tout un programme\u2026<\/p>\n<p><strong>La nuit des Morts-Vivants sur grand \u00e9cran<\/strong><\/p>\n<p>Pour ce trenti\u00e8me anniversaire, vous connaissez d\u00e9j\u00e0 la liste des films en comp\u00e9tition, sachez que 12 autres p\u00e9pites hors comp\u00e9tition seront projet\u00e9es dans les salles obscures de G\u00e9rardmer\u00a0 avec un feu d\u2019artifice de th\u00e9matique et de nations repr\u00e9sent\u00e9es, rappelant si besoins \u00e9tait que le festival est plus que jamais international (vous retrouverez la liste sur le site de l\u2019\u00e9v\u00e9nement <a href=\"https:\/\/festival-gerardmer.com\/2023\/\" target=\"_blank\" rel=\"noopener\">cliquez ici !<\/a> ). Dans son chaudron magique, l\u2019organisation vous a \u00e9galement mitonn\u00e9 quelques soir\u00e9es sp\u00e9ciales d\u00e9voil\u00e9es par J\u00e9r\u00f4me Lass\u00e8re. on commence avec une r\u00e9trospective d\u00e9di\u00e9e \u00e0 la g\u00e9mellit\u00e9 avec la projection de 8 films dont FAUX-SEMBLANTS de David Cronenberg, BIENVENUE \u00c0 GATTACA d\u2019Andrew Niccol, DEUX SOEURS de Kim Jee-woon, US de Jordan Peele ou TROPIQUE d\u2019Edouard Salier. La nuit <em>R\u00e9tromania<\/em> vous permettra de voir ou revoir sur grand \u00e9cran FAUX-SEMBLANTS de David Cronenberg, LA NUIT DES MORTS-VIVANTS de George A. Romero\u00a0 et THE HOST de Bong Joon-ho. Et pour conclure, vous aurez le droit \u00e0 deux nuits blanches avec <em>La nuit sang lendemain<\/em> et la projection de PROJET WOLF HUNTING de Kim Hong-sun (Cor\u00e9e du Sud) et THE PRICE WE PAY de Ry\u00fbhei Kitamura ainsi que La nuit d\u00e9cal\u00e9e avec les films HOLY SHIT ! de Lukas Rinker (Allemagne) et MAD HEIDI de Johannes Hartmann &amp; Sandro Klopfstein (Suisse). Bref, les cin\u00e9philes vont se r\u00e9galer, aucun doute possible !<\/p>\n<div class=\"really_simple_share really_simple_share_button robots-nocontent snap_nopreview\">\n<div class=\"really_simple_share_facebook_like\"><\/div>\n<\/div>\n","protected":false},"excerpt":{"rendered":"<p>Un dicton bien connu veut que \u00ab\u00a0La solution la plus simple est toujours la meilleure\u00a0\u00bb \u2013 En ce qui concerne [&hellip;]<\/p>\n","protected":false},"author":41,"featured_media":25737,"comment_status":"open","ping_status":"open","sticky":false,"template":"","format":"standard","meta":{"footnotes":""},"categories":[22,5],"tags":[],"class_list":["post-25738","post","type-post","status-publish","format-standard","has-post-thumbnail","hentry","category-a-la-une","category-vosges"],"acf":[],"yoast_head":"<!-- This site is optimized with the Yoast SEO plugin v22.5 - https:\/\/yoast.com\/wordpress\/plugins\/seo\/ -->\n<title>30\u00e8me Festival International du Film Fantastique \u2013 Le Festival rend hommage au\u2026 Festival ! - Epinal Info<\/title>\n<meta name=\"robots\" content=\"index, follow, max-snippet:-1, max-image-preview:large, max-video-preview:-1\" \/>\n<link rel=\"canonical\" href=\"https:\/\/vosgesinfo.fr\/epinalinfo\/2023\/01\/30eme-festival-international-film-fantastique-festival-rend-hommage-festival\/\" \/>\n<meta name=\"twitter:card\" content=\"summary_large_image\" \/>\n<meta name=\"twitter:title\" content=\"30\u00e8me Festival International du Film Fantastique \u2013 Le Festival rend hommage au\u2026 Festival ! - Epinal Info\" \/>\n<meta name=\"twitter:description\" content=\"Un dicton bien connu veut que \u00ab\u00a0La solution la plus simple est toujours la meilleure\u00a0\u00bb \u2013 En ce qui concerne [&hellip;]\" \/>\n<meta name=\"twitter:image\" content=\"https:\/\/vosgesinfo.fr\/app\/uploads\/sites\/3\/2023\/01\/30festival-du-film-fantastique-gerardmer.jpg\" \/>\n<meta name=\"twitter:creator\" content=\"@VosgesInfo88\" \/>\n<meta name=\"twitter:site\" content=\"@VosgesInfo88\" \/>\n<meta name=\"twitter:label1\" content=\"\u00c9crit par\" \/>\n\t<meta name=\"twitter:data1\" content=\"La r\u00e9daction\" \/>\n\t<meta name=\"twitter:label2\" content=\"Dur\u00e9e de lecture estim\u00e9e\" \/>\n\t<meta name=\"twitter:data2\" content=\"4 minutes\" \/>\n<script type=\"application\/ld+json\" class=\"yoast-schema-graph\">{\"@context\":\"https:\/\/schema.org\",\"@graph\":[{\"@type\":\"Article\",\"@id\":\"https:\/\/vosgesinfo.fr\/epinalinfo\/2023\/01\/30eme-festival-international-film-fantastique-festival-rend-hommage-festival\/#article\",\"isPartOf\":{\"@id\":\"https:\/\/vosgesinfo.fr\/epinalinfo\/2023\/01\/30eme-festival-international-film-fantastique-festival-rend-hommage-festival\/\"},\"author\":{\"name\":\"La r\u00e9daction\",\"@id\":\"https:\/\/vosgesinfo.fr\/epinalinfo\/#\/schema\/person\/44f5fff67d0ae31d2770e1f7555c711d\"},\"headline\":\"30\u00e8me Festival International du Film Fantastique \u2013 Le Festival rend hommage au\u2026 Festival !\",\"datePublished\":\"2023-01-12T13:06:27+00:00\",\"dateModified\":\"2024-02-27T16:52:49+00:00\",\"mainEntityOfPage\":{\"@id\":\"https:\/\/vosgesinfo.fr\/epinalinfo\/2023\/01\/30eme-festival-international-film-fantastique-festival-rend-hommage-festival\/\"},\"wordCount\":805,\"commentCount\":0,\"publisher\":{\"@id\":\"https:\/\/vosgesinfo.fr\/epinalinfo\/#organization\"},\"image\":{\"@id\":\"https:\/\/vosgesinfo.fr\/epinalinfo\/2023\/01\/30eme-festival-international-film-fantastique-festival-rend-hommage-festival\/#primaryimage\"},\"thumbnailUrl\":\"https:\/\/vosgesinfo.fr\/app\/uploads\/sites\/3\/2023\/01\/30festival-du-film-fantastique-gerardmer.jpg\",\"articleSection\":[\"A la Une\",\"Vosges\"],\"inLanguage\":\"fr-FR\",\"potentialAction\":[{\"@type\":\"CommentAction\",\"name\":\"Comment\",\"target\":[\"https:\/\/vosgesinfo.fr\/epinalinfo\/2023\/01\/30eme-festival-international-film-fantastique-festival-rend-hommage-festival\/#respond\"]}]},{\"@type\":\"WebPage\",\"@id\":\"https:\/\/vosgesinfo.fr\/epinalinfo\/2023\/01\/30eme-festival-international-film-fantastique-festival-rend-hommage-festival\/\",\"url\":\"https:\/\/vosgesinfo.fr\/epinalinfo\/2023\/01\/30eme-festival-international-film-fantastique-festival-rend-hommage-festival\/\",\"name\":\"30\u00e8me Festival International du Film Fantastique \u2013 Le Festival rend hommage au\u2026 Festival ! - Epinal Info\",\"isPartOf\":{\"@id\":\"https:\/\/vosgesinfo.fr\/epinalinfo\/#website\"},\"primaryImageOfPage\":{\"@id\":\"https:\/\/vosgesinfo.fr\/epinalinfo\/2023\/01\/30eme-festival-international-film-fantastique-festival-rend-hommage-festival\/#primaryimage\"},\"image\":{\"@id\":\"https:\/\/vosgesinfo.fr\/epinalinfo\/2023\/01\/30eme-festival-international-film-fantastique-festival-rend-hommage-festival\/#primaryimage\"},\"thumbnailUrl\":\"https:\/\/vosgesinfo.fr\/app\/uploads\/sites\/3\/2023\/01\/30festival-du-film-fantastique-gerardmer.jpg\",\"datePublished\":\"2023-01-12T13:06:27+00:00\",\"dateModified\":\"2024-02-27T16:52:49+00:00\",\"breadcrumb\":{\"@id\":\"https:\/\/vosgesinfo.fr\/epinalinfo\/2023\/01\/30eme-festival-international-film-fantastique-festival-rend-hommage-festival\/#breadcrumb\"},\"inLanguage\":\"fr-FR\",\"potentialAction\":[{\"@type\":\"ReadAction\",\"target\":[\"https:\/\/vosgesinfo.fr\/epinalinfo\/2023\/01\/30eme-festival-international-film-fantastique-festival-rend-hommage-festival\/\"]}]},{\"@type\":\"ImageObject\",\"inLanguage\":\"fr-FR\",\"@id\":\"https:\/\/vosgesinfo.fr\/epinalinfo\/2023\/01\/30eme-festival-international-film-fantastique-festival-rend-hommage-festival\/#primaryimage\",\"url\":\"https:\/\/vosgesinfo.fr\/app\/uploads\/sites\/3\/2023\/01\/30festival-du-film-fantastique-gerardmer.jpg\",\"contentUrl\":\"https:\/\/vosgesinfo.fr\/app\/uploads\/sites\/3\/2023\/01\/30festival-du-film-fantastique-gerardmer.jpg\"},{\"@type\":\"BreadcrumbList\",\"@id\":\"https:\/\/vosgesinfo.fr\/epinalinfo\/2023\/01\/30eme-festival-international-film-fantastique-festival-rend-hommage-festival\/#breadcrumb\",\"itemListElement\":[{\"@type\":\"ListItem\",\"position\":1,\"name\":\"Home\",\"item\":\"https:\/\/vosgesinfo.fr\/epinalinfo\/\"},{\"@type\":\"ListItem\",\"position\":2,\"name\":\"30\u00e8me Festival International du Film Fantastique \u2013 Le Festival rend hommage au\u2026 Festival !\"}]},{\"@type\":\"WebSite\",\"@id\":\"https:\/\/vosgesinfo.fr\/epinalinfo\/#website\",\"url\":\"https:\/\/vosgesinfo.fr\/epinalinfo\/\",\"name\":\"Epinal Info\",\"description\":\"Toute l&#039;actualit\u00e9 d&#039;\u00c9pinal\",\"publisher\":{\"@id\":\"https:\/\/vosgesinfo.fr\/epinalinfo\/#organization\"},\"alternateName\":\"Toute l'actualit\u00e9 d'\u00c9pinal\",\"potentialAction\":[{\"@type\":\"SearchAction\",\"target\":{\"@type\":\"EntryPoint\",\"urlTemplate\":\"https:\/\/vosgesinfo.fr\/epinalinfo\/?s={search_term_string}\"},\"query-input\":\"required name=search_term_string\"}],\"inLanguage\":\"fr-FR\"},{\"@type\":\"Organization\",\"@id\":\"https:\/\/vosgesinfo.fr\/epinalinfo\/#organization\",\"name\":\"Epinal Info\",\"url\":\"https:\/\/vosgesinfo.fr\/epinalinfo\/\",\"logo\":{\"@type\":\"ImageObject\",\"inLanguage\":\"fr-FR\",\"@id\":\"https:\/\/vosgesinfo.fr\/epinalinfo\/#\/schema\/logo\/image\/\",\"url\":\"https:\/\/vosgesinfo.fr\/app\/uploads\/sites\/3\/2023\/08\/logo-epinalinfos.svg\",\"contentUrl\":\"https:\/\/vosgesinfo.fr\/app\/uploads\/sites\/3\/2023\/08\/logo-epinalinfos.svg\",\"width\":1,\"height\":1,\"caption\":\"Epinal Info\"},\"image\":{\"@id\":\"https:\/\/vosgesinfo.fr\/epinalinfo\/#\/schema\/logo\/image\/\"},\"sameAs\":[\"https:\/\/www.facebook.com\/Epinalinfos\",\"https:\/\/x.com\/VosgesInfo88\",\"https:\/\/www.youtube.com\/@vosgesinfo\"]},{\"@type\":\"Person\",\"@id\":\"https:\/\/vosgesinfo.fr\/epinalinfo\/#\/schema\/person\/44f5fff67d0ae31d2770e1f7555c711d\",\"name\":\"La r\u00e9daction\",\"image\":{\"@type\":\"ImageObject\",\"inLanguage\":\"fr-FR\",\"@id\":\"https:\/\/vosgesinfo.fr\/epinalinfo\/#\/schema\/person\/image\/\",\"url\":\"https:\/\/secure.gravatar.com\/avatar\/16dedd2578b2ae59b9a3a38f046defecb4cf834aaec7bb1d03d9ba6b5e55a8d5?s=96&d=mm&r=g\",\"contentUrl\":\"https:\/\/secure.gravatar.com\/avatar\/16dedd2578b2ae59b9a3a38f046defecb4cf834aaec7bb1d03d9ba6b5e55a8d5?s=96&d=mm&r=g\",\"caption\":\"La r\u00e9daction\"},\"url\":\"https:\/\/vosgesinfo.fr\/epinalinfo\/author\/poupy\/\"}]}<\/script>\n<!-- \/ Yoast SEO plugin. -->","yoast_head_json":{"title":"30\u00e8me Festival International du Film Fantastique \u2013 Le Festival rend hommage au\u2026 Festival ! - Epinal Info","robots":{"index":"index","follow":"follow","max-snippet":"max-snippet:-1","max-image-preview":"max-image-preview:large","max-video-preview":"max-video-preview:-1"},"canonical":"https:\/\/vosgesinfo.fr\/epinalinfo\/2023\/01\/30eme-festival-international-film-fantastique-festival-rend-hommage-festival\/","twitter_card":"summary_large_image","twitter_title":"30\u00e8me Festival International du Film Fantastique \u2013 Le Festival rend hommage au\u2026 Festival ! - Epinal Info","twitter_description":"Un dicton bien connu veut que \u00ab\u00a0La solution la plus simple est toujours la meilleure\u00a0\u00bb \u2013 En ce qui concerne [&hellip;]","twitter_image":"https:\/\/vosgesinfo.fr\/app\/uploads\/sites\/3\/2023\/01\/30festival-du-film-fantastique-gerardmer.jpg","twitter_creator":"@VosgesInfo88","twitter_site":"@VosgesInfo88","twitter_misc":{"\u00c9crit par":"La r\u00e9daction","Dur\u00e9e de lecture estim\u00e9e":"4 minutes"},"schema":{"@context":"https:\/\/schema.org","@graph":[{"@type":"Article","@id":"https:\/\/vosgesinfo.fr\/epinalinfo\/2023\/01\/30eme-festival-international-film-fantastique-festival-rend-hommage-festival\/#article","isPartOf":{"@id":"https:\/\/vosgesinfo.fr\/epinalinfo\/2023\/01\/30eme-festival-international-film-fantastique-festival-rend-hommage-festival\/"},"author":{"name":"La r\u00e9daction","@id":"https:\/\/vosgesinfo.fr\/epinalinfo\/#\/schema\/person\/44f5fff67d0ae31d2770e1f7555c711d"},"headline":"30\u00e8me Festival International du Film Fantastique \u2013 Le Festival rend hommage au\u2026 Festival !","datePublished":"2023-01-12T13:06:27+00:00","dateModified":"2024-02-27T16:52:49+00:00","mainEntityOfPage":{"@id":"https:\/\/vosgesinfo.fr\/epinalinfo\/2023\/01\/30eme-festival-international-film-fantastique-festival-rend-hommage-festival\/"},"wordCount":805,"commentCount":0,"publisher":{"@id":"https:\/\/vosgesinfo.fr\/epinalinfo\/#organization"},"image":{"@id":"https:\/\/vosgesinfo.fr\/epinalinfo\/2023\/01\/30eme-festival-international-film-fantastique-festival-rend-hommage-festival\/#primaryimage"},"thumbnailUrl":"https:\/\/vosgesinfo.fr\/app\/uploads\/sites\/3\/2023\/01\/30festival-du-film-fantastique-gerardmer.jpg","articleSection":["A la Une","Vosges"],"inLanguage":"fr-FR","potentialAction":[{"@type":"CommentAction","name":"Comment","target":["https:\/\/vosgesinfo.fr\/epinalinfo\/2023\/01\/30eme-festival-international-film-fantastique-festival-rend-hommage-festival\/#respond"]}]},{"@type":"WebPage","@id":"https:\/\/vosgesinfo.fr\/epinalinfo\/2023\/01\/30eme-festival-international-film-fantastique-festival-rend-hommage-festival\/","url":"https:\/\/vosgesinfo.fr\/epinalinfo\/2023\/01\/30eme-festival-international-film-fantastique-festival-rend-hommage-festival\/","name":"30\u00e8me Festival International du Film Fantastique \u2013 Le Festival rend hommage au\u2026 Festival ! - Epinal Info","isPartOf":{"@id":"https:\/\/vosgesinfo.fr\/epinalinfo\/#website"},"primaryImageOfPage":{"@id":"https:\/\/vosgesinfo.fr\/epinalinfo\/2023\/01\/30eme-festival-international-film-fantastique-festival-rend-hommage-festival\/#primaryimage"},"image":{"@id":"https:\/\/vosgesinfo.fr\/epinalinfo\/2023\/01\/30eme-festival-international-film-fantastique-festival-rend-hommage-festival\/#primaryimage"},"thumbnailUrl":"https:\/\/vosgesinfo.fr\/app\/uploads\/sites\/3\/2023\/01\/30festival-du-film-fantastique-gerardmer.jpg","datePublished":"2023-01-12T13:06:27+00:00","dateModified":"2024-02-27T16:52:49+00:00","breadcrumb":{"@id":"https:\/\/vosgesinfo.fr\/epinalinfo\/2023\/01\/30eme-festival-international-film-fantastique-festival-rend-hommage-festival\/#breadcrumb"},"inLanguage":"fr-FR","potentialAction":[{"@type":"ReadAction","target":["https:\/\/vosgesinfo.fr\/epinalinfo\/2023\/01\/30eme-festival-international-film-fantastique-festival-rend-hommage-festival\/"]}]},{"@type":"ImageObject","inLanguage":"fr-FR","@id":"https:\/\/vosgesinfo.fr\/epinalinfo\/2023\/01\/30eme-festival-international-film-fantastique-festival-rend-hommage-festival\/#primaryimage","url":"https:\/\/vosgesinfo.fr\/app\/uploads\/sites\/3\/2023\/01\/30festival-du-film-fantastique-gerardmer.jpg","contentUrl":"https:\/\/vosgesinfo.fr\/app\/uploads\/sites\/3\/2023\/01\/30festival-du-film-fantastique-gerardmer.jpg"},{"@type":"BreadcrumbList","@id":"https:\/\/vosgesinfo.fr\/epinalinfo\/2023\/01\/30eme-festival-international-film-fantastique-festival-rend-hommage-festival\/#breadcrumb","itemListElement":[{"@type":"ListItem","position":1,"name":"Home","item":"https:\/\/vosgesinfo.fr\/epinalinfo\/"},{"@type":"ListItem","position":2,"name":"30\u00e8me Festival International du Film Fantastique \u2013 Le Festival rend hommage au\u2026 Festival !"}]},{"@type":"WebSite","@id":"https:\/\/vosgesinfo.fr\/epinalinfo\/#website","url":"https:\/\/vosgesinfo.fr\/epinalinfo\/","name":"Epinal Info","description":"Toute l&#039;actualit\u00e9 d&#039;\u00c9pinal","publisher":{"@id":"https:\/\/vosgesinfo.fr\/epinalinfo\/#organization"},"alternateName":"Toute l'actualit\u00e9 d'\u00c9pinal","potentialAction":[{"@type":"SearchAction","target":{"@type":"EntryPoint","urlTemplate":"https:\/\/vosgesinfo.fr\/epinalinfo\/?s={search_term_string}"},"query-input":"required name=search_term_string"}],"inLanguage":"fr-FR"},{"@type":"Organization","@id":"https:\/\/vosgesinfo.fr\/epinalinfo\/#organization","name":"Epinal Info","url":"https:\/\/vosgesinfo.fr\/epinalinfo\/","logo":{"@type":"ImageObject","inLanguage":"fr-FR","@id":"https:\/\/vosgesinfo.fr\/epinalinfo\/#\/schema\/logo\/image\/","url":"https:\/\/vosgesinfo.fr\/app\/uploads\/sites\/3\/2023\/08\/logo-epinalinfos.svg","contentUrl":"https:\/\/vosgesinfo.fr\/app\/uploads\/sites\/3\/2023\/08\/logo-epinalinfos.svg","width":1,"height":1,"caption":"Epinal Info"},"image":{"@id":"https:\/\/vosgesinfo.fr\/epinalinfo\/#\/schema\/logo\/image\/"},"sameAs":["https:\/\/www.facebook.com\/Epinalinfos","https:\/\/x.com\/VosgesInfo88","https:\/\/www.youtube.com\/@vosgesinfo"]},{"@type":"Person","@id":"https:\/\/vosgesinfo.fr\/epinalinfo\/#\/schema\/person\/44f5fff67d0ae31d2770e1f7555c711d","name":"La r\u00e9daction","image":{"@type":"ImageObject","inLanguage":"fr-FR","@id":"https:\/\/vosgesinfo.fr\/epinalinfo\/#\/schema\/person\/image\/","url":"https:\/\/secure.gravatar.com\/avatar\/16dedd2578b2ae59b9a3a38f046defecb4cf834aaec7bb1d03d9ba6b5e55a8d5?s=96&d=mm&r=g","contentUrl":"https:\/\/secure.gravatar.com\/avatar\/16dedd2578b2ae59b9a3a38f046defecb4cf834aaec7bb1d03d9ba6b5e55a8d5?s=96&d=mm&r=g","caption":"La r\u00e9daction"},"url":"https:\/\/vosgesinfo.fr\/epinalinfo\/author\/poupy\/"}]}},"_links":{"self":[{"href":"https:\/\/vosgesinfo.fr\/epinalinfo\/wp-json\/wp\/v2\/posts\/25738","targetHints":{"allow":["GET"]}}],"collection":[{"href":"https:\/\/vosgesinfo.fr\/epinalinfo\/wp-json\/wp\/v2\/posts"}],"about":[{"href":"https:\/\/vosgesinfo.fr\/epinalinfo\/wp-json\/wp\/v2\/types\/post"}],"author":[{"embeddable":true,"href":"https:\/\/vosgesinfo.fr\/epinalinfo\/wp-json\/wp\/v2\/users\/41"}],"replies":[{"embeddable":true,"href":"https:\/\/vosgesinfo.fr\/epinalinfo\/wp-json\/wp\/v2\/comments?post=25738"}],"version-history":[{"count":1,"href":"https:\/\/vosgesinfo.fr\/epinalinfo\/wp-json\/wp\/v2\/posts\/25738\/revisions"}],"predecessor-version":[{"id":35636,"href":"https:\/\/vosgesinfo.fr\/epinalinfo\/wp-json\/wp\/v2\/posts\/25738\/revisions\/35636"}],"wp:featuredmedia":[{"embeddable":true,"href":"https:\/\/vosgesinfo.fr\/epinalinfo\/wp-json\/wp\/v2\/media\/25737"}],"wp:attachment":[{"href":"https:\/\/vosgesinfo.fr\/epinalinfo\/wp-json\/wp\/v2\/media?parent=25738"}],"wp:term":[{"taxonomy":"category","embeddable":true,"href":"https:\/\/vosgesinfo.fr\/epinalinfo\/wp-json\/wp\/v2\/categories?post=25738"},{"taxonomy":"post_tag","embeddable":true,"href":"https:\/\/vosgesinfo.fr\/epinalinfo\/wp-json\/wp\/v2\/tags?post=25738"}],"curies":[{"name":"wp","href":"https:\/\/api.w.org\/{rel}","templated":true}]}}