{"id":25740,"date":"2023-01-12T14:08:36","date_gmt":"2023-01-12T13:08:36","guid":{"rendered":"https:\/\/vosgesinfo.fr\/epinalinfo\/2023\/01\/crise-de-lenergie-boulanger-patissier-deodatien-a-facture-delectricite-exploser-1er-janvier\/"},"modified":"2024-02-27T17:52:51","modified_gmt":"2024-02-27T16:52:51","slug":"crise-de-lenergie-boulanger-patissier-deodatien-a-facture-delectricite-exploser-1er-janvier","status":"publish","type":"post","link":"https:\/\/vosgesinfo.fr\/epinalinfo\/2023\/01\/crise-de-lenergie-boulanger-patissier-deodatien-a-facture-delectricite-exploser-1er-janvier\/","title":{"rendered":"Crise de l\u2019\u00e9nergie : un boulanger-p\u00e2tissier d\u00e9odatien a vu sa facture d\u2019\u00e9lectricit\u00e9 exploser au 1er janvier"},"content":{"rendered":"<h2><span style=\"font-size: 14pt;\"><strong><a href=\"https:\/\/saintdieinfo.fr\/2023\/01\/crise-de-lenergie-boulanger-patissier-deodatien-a-facture-delectricite-exploser-1er-janvier\/k6_framboise_facture_electricite-2-1024x771\/\" rel=\"attachment wp-att-213432\"><img decoding=\"async\" class=\"aligncenter size-full wp-image-213432\" src=\"https:\/\/vosgesinfo.fr\/app\/uploads\/sites\/3\/2023\/01\/k6-framboise-facture-electricite-2-1024x771-1.jpg\" alt=\"K6_Framboise_Facture_Electricit\u00e9-2-1024x771\" width=\"800\" height=\"602\" \/><\/a>Pour montrer l\u2019impact direct de la hausse du prix de l\u2019\u00e9lectricit\u00e9 sur son entreprise, David Fays, g\u00e9rant de la boulanger-p\u00e2tisserie K6 Framboise de Saint-Di\u00e9-des-Vosges, n\u2019y est pas all\u00e9 par 4 chemins\u00a0: il affiche son actuel contrat \u00e9lectricit\u00e9 au vu des clients, annot\u00e9 de l\u2019ancien tarif. Il a \u00e9galement publi\u00e9 ledit contrat sur la page Facebook de K6 Framboise.<\/strong><\/span><\/h2>\n<p>Avec une multiplication par presque 5 de la facture \u00e9lectrique de la boulanger-p\u00e2tisserie de la rue des Trois Villes, qui est pass\u00e9e de 23 254\u20ac annuels \u00e0 109 096\u20ac au 1er janvier 2023, David Fays est en col\u00e8re. Et c\u2019est sans compter la facture de la succursale situ\u00e9e \u00e0 Moyenmoutier, o\u00f9 sont fabriqu\u00e9es les p\u00e2tisseries et viennoiseries.<\/p>\n<p>\u00ab\u00a0La chance dans le contexte actuel, c\u2019est qu\u2019on a une tr\u00e9sorerie et que j\u2019ai fini de payer le fond de commerce, donc l\u2019entreprise n\u2019est pas menac\u00e9e. Mais \u00e7a peut aller tr\u00e8s vite et honn\u00eatement, si je travaille 80h semaine depuis 15 ans, avec tous les sacrifices que cela implique, c\u2019est pour gagner correctement ma vie et pas juste pour payer les factures. Sinon j\u2019arr\u00eate et je fais autre chose. J\u2019essaie bien s\u00fbr de ren\u00e9gocier mon contrat, mais tous les<\/p>\n","protected":false},"excerpt":{"rendered":"<p>Pour montrer l\u2019impact direct de la hausse du prix de l\u2019\u00e9lectricit\u00e9 sur son entreprise, David Fays, g\u00e9rant de la boulanger-p\u00e2tisserie [&hellip;]<\/p>\n","protected":false},"author":41,"featured_media":25739,"comment_status":"open","ping_status":"open","sticky":false,"template":"","format":"standard","meta":{"footnotes":""},"categories":[22,5],"tags":[],"class_list":["post-25740","post","type-post","status-publish","format-standard","has-post-thumbnail","hentry","category-a-la-une","category-vosges"],"acf":[],"yoast_head":"<!-- This site is optimized with the Yoast SEO plugin v22.5 - https:\/\/yoast.com\/wordpress\/plugins\/seo\/ -->\n<title>Crise de l\u2019\u00e9nergie : un boulanger-p\u00e2tissier d\u00e9odatien a vu sa facture d\u2019\u00e9lectricit\u00e9 exploser au 1er janvier - Epinal Info<\/title>\n<meta name=\"robots\" content=\"index, follow, max-snippet:-1, max-image-preview:large, max-video-preview:-1\" \/>\n<link rel=\"canonical\" href=\"https:\/\/vosgesinfo.fr\/epinalinfo\/2023\/01\/crise-de-lenergie-boulanger-patissier-deodatien-a-facture-delectricite-exploser-1er-janvier\/\" \/>\n<meta name=\"twitter:card\" content=\"summary_large_image\" \/>\n<meta name=\"twitter:title\" content=\"Crise de l\u2019\u00e9nergie : un boulanger-p\u00e2tissier d\u00e9odatien a vu sa facture d\u2019\u00e9lectricit\u00e9 exploser au 1er janvier - Epinal Info\" \/>\n<meta name=\"twitter:description\" content=\"Pour montrer l\u2019impact direct de la hausse du prix de l\u2019\u00e9lectricit\u00e9 sur son entreprise, David Fays, g\u00e9rant de la boulanger-p\u00e2tisserie [&hellip;]\" \/>\n<meta name=\"twitter:image\" content=\"https:\/\/vosgesinfo.fr\/app\/uploads\/sites\/3\/2023\/01\/k6-framboise-facture-electricite-2-1024x771-1.jpg\" \/>\n<meta name=\"twitter:creator\" content=\"@VosgesInfo88\" \/>\n<meta name=\"twitter:site\" content=\"@VosgesInfo88\" \/>\n<meta name=\"twitter:label1\" content=\"\u00c9crit par\" \/>\n\t<meta name=\"twitter:data1\" content=\"La r\u00e9daction\" \/>\n\t<meta name=\"twitter:label2\" content=\"Dur\u00e9e de lecture estim\u00e9e\" \/>\n\t<meta name=\"twitter:data2\" content=\"1 minute\" \/>\n<script type=\"application\/ld+json\" class=\"yoast-schema-graph\">{\"@context\":\"https:\/\/schema.org\",\"@graph\":[{\"@type\":\"Article\",\"@id\":\"https:\/\/vosgesinfo.fr\/epinalinfo\/2023\/01\/crise-de-lenergie-boulanger-patissier-deodatien-a-facture-delectricite-exploser-1er-janvier\/#article\",\"isPartOf\":{\"@id\":\"https:\/\/vosgesinfo.fr\/epinalinfo\/2023\/01\/crise-de-lenergie-boulanger-patissier-deodatien-a-facture-delectricite-exploser-1er-janvier\/\"},\"author\":{\"name\":\"La r\u00e9daction\",\"@id\":\"https:\/\/vosgesinfo.fr\/epinalinfo\/#\/schema\/person\/44f5fff67d0ae31d2770e1f7555c711d\"},\"headline\":\"Crise de l\u2019\u00e9nergie : un boulanger-p\u00e2tissier d\u00e9odatien a vu sa facture d\u2019\u00e9lectricit\u00e9 exploser au 1er janvier\",\"datePublished\":\"2023-01-12T13:08:36+00:00\",\"dateModified\":\"2024-02-27T16:52:51+00:00\",\"mainEntityOfPage\":{\"@id\":\"https:\/\/vosgesinfo.fr\/epinalinfo\/2023\/01\/crise-de-lenergie-boulanger-patissier-deodatien-a-facture-delectricite-exploser-1er-janvier\/\"},\"wordCount\":232,\"commentCount\":0,\"publisher\":{\"@id\":\"https:\/\/vosgesinfo.fr\/epinalinfo\/#organization\"},\"image\":{\"@id\":\"https:\/\/vosgesinfo.fr\/epinalinfo\/2023\/01\/crise-de-lenergie-boulanger-patissier-deodatien-a-facture-delectricite-exploser-1er-janvier\/#primaryimage\"},\"thumbnailUrl\":\"https:\/\/vosgesinfo.fr\/app\/uploads\/sites\/3\/2023\/01\/k6-framboise-facture-electricite-2-1024x771-1.jpg\",\"articleSection\":[\"A la Une\",\"Vosges\"],\"inLanguage\":\"fr-FR\",\"potentialAction\":[{\"@type\":\"CommentAction\",\"name\":\"Comment\",\"target\":[\"https:\/\/vosgesinfo.fr\/epinalinfo\/2023\/01\/crise-de-lenergie-boulanger-patissier-deodatien-a-facture-delectricite-exploser-1er-janvier\/#respond\"]}]},{\"@type\":\"WebPage\",\"@id\":\"https:\/\/vosgesinfo.fr\/epinalinfo\/2023\/01\/crise-de-lenergie-boulanger-patissier-deodatien-a-facture-delectricite-exploser-1er-janvier\/\",\"url\":\"https:\/\/vosgesinfo.fr\/epinalinfo\/2023\/01\/crise-de-lenergie-boulanger-patissier-deodatien-a-facture-delectricite-exploser-1er-janvier\/\",\"name\":\"Crise de l\u2019\u00e9nergie : un boulanger-p\u00e2tissier d\u00e9odatien a vu sa facture d\u2019\u00e9lectricit\u00e9 exploser au 1er janvier - Epinal Info\",\"isPartOf\":{\"@id\":\"https:\/\/vosgesinfo.fr\/epinalinfo\/#website\"},\"primaryImageOfPage\":{\"@id\":\"https:\/\/vosgesinfo.fr\/epinalinfo\/2023\/01\/crise-de-lenergie-boulanger-patissier-deodatien-a-facture-delectricite-exploser-1er-janvier\/#primaryimage\"},\"image\":{\"@id\":\"https:\/\/vosgesinfo.fr\/epinalinfo\/2023\/01\/crise-de-lenergie-boulanger-patissier-deodatien-a-facture-delectricite-exploser-1er-janvier\/#primaryimage\"},\"thumbnailUrl\":\"https:\/\/vosgesinfo.fr\/app\/uploads\/sites\/3\/2023\/01\/k6-framboise-facture-electricite-2-1024x771-1.jpg\",\"datePublished\":\"2023-01-12T13:08:36+00:00\",\"dateModified\":\"2024-02-27T16:52:51+00:00\",\"breadcrumb\":{\"@id\":\"https:\/\/vosgesinfo.fr\/epinalinfo\/2023\/01\/crise-de-lenergie-boulanger-patissier-deodatien-a-facture-delectricite-exploser-1er-janvier\/#breadcrumb\"},\"inLanguage\":\"fr-FR\",\"potentialAction\":[{\"@type\":\"ReadAction\",\"target\":[\"https:\/\/vosgesinfo.fr\/epinalinfo\/2023\/01\/crise-de-lenergie-boulanger-patissier-deodatien-a-facture-delectricite-exploser-1er-janvier\/\"]}]},{\"@type\":\"ImageObject\",\"inLanguage\":\"fr-FR\",\"@id\":\"https:\/\/vosgesinfo.fr\/epinalinfo\/2023\/01\/crise-de-lenergie-boulanger-patissier-deodatien-a-facture-delectricite-exploser-1er-janvier\/#primaryimage\",\"url\":\"https:\/\/vosgesinfo.fr\/app\/uploads\/sites\/3\/2023\/01\/k6-framboise-facture-electricite-2-1024x771-1.jpg\",\"contentUrl\":\"https:\/\/vosgesinfo.fr\/app\/uploads\/sites\/3\/2023\/01\/k6-framboise-facture-electricite-2-1024x771-1.jpg\"},{\"@type\":\"BreadcrumbList\",\"@id\":\"https:\/\/vosgesinfo.fr\/epinalinfo\/2023\/01\/crise-de-lenergie-boulanger-patissier-deodatien-a-facture-delectricite-exploser-1er-janvier\/#breadcrumb\",\"itemListElement\":[{\"@type\":\"ListItem\",\"position\":1,\"name\":\"Home\",\"item\":\"https:\/\/vosgesinfo.fr\/epinalinfo\/\"},{\"@type\":\"ListItem\",\"position\":2,\"name\":\"Crise de l\u2019\u00e9nergie : un boulanger-p\u00e2tissier d\u00e9odatien a vu sa facture d\u2019\u00e9lectricit\u00e9 exploser au 1er janvier\"}]},{\"@type\":\"WebSite\",\"@id\":\"https:\/\/vosgesinfo.fr\/epinalinfo\/#website\",\"url\":\"https:\/\/vosgesinfo.fr\/epinalinfo\/\",\"name\":\"Epinal Info\",\"description\":\"Toute l&#039;actualit\u00e9 d&#039;\u00c9pinal\",\"publisher\":{\"@id\":\"https:\/\/vosgesinfo.fr\/epinalinfo\/#organization\"},\"alternateName\":\"Toute l'actualit\u00e9 d'\u00c9pinal\",\"potentialAction\":[{\"@type\":\"SearchAction\",\"target\":{\"@type\":\"EntryPoint\",\"urlTemplate\":\"https:\/\/vosgesinfo.fr\/epinalinfo\/?s={search_term_string}\"},\"query-input\":\"required name=search_term_string\"}],\"inLanguage\":\"fr-FR\"},{\"@type\":\"Organization\",\"@id\":\"https:\/\/vosgesinfo.fr\/epinalinfo\/#organization\",\"name\":\"Epinal Info\",\"url\":\"https:\/\/vosgesinfo.fr\/epinalinfo\/\",\"logo\":{\"@type\":\"ImageObject\",\"inLanguage\":\"fr-FR\",\"@id\":\"https:\/\/vosgesinfo.fr\/epinalinfo\/#\/schema\/logo\/image\/\",\"url\":\"https:\/\/vosgesinfo.fr\/app\/uploads\/sites\/3\/2023\/08\/logo-epinalinfos.svg\",\"contentUrl\":\"https:\/\/vosgesinfo.fr\/app\/uploads\/sites\/3\/2023\/08\/logo-epinalinfos.svg\",\"width\":1,\"height\":1,\"caption\":\"Epinal Info\"},\"image\":{\"@id\":\"https:\/\/vosgesinfo.fr\/epinalinfo\/#\/schema\/logo\/image\/\"},\"sameAs\":[\"https:\/\/www.facebook.com\/Epinalinfos\",\"https:\/\/x.com\/VosgesInfo88\",\"https:\/\/www.youtube.com\/@vosgesinfo\"]},{\"@type\":\"Person\",\"@id\":\"https:\/\/vosgesinfo.fr\/epinalinfo\/#\/schema\/person\/44f5fff67d0ae31d2770e1f7555c711d\",\"name\":\"La r\u00e9daction\",\"image\":{\"@type\":\"ImageObject\",\"inLanguage\":\"fr-FR\",\"@id\":\"https:\/\/vosgesinfo.fr\/epinalinfo\/#\/schema\/person\/image\/\",\"url\":\"https:\/\/secure.gravatar.com\/avatar\/16dedd2578b2ae59b9a3a38f046defecb4cf834aaec7bb1d03d9ba6b5e55a8d5?s=96&d=mm&r=g\",\"contentUrl\":\"https:\/\/secure.gravatar.com\/avatar\/16dedd2578b2ae59b9a3a38f046defecb4cf834aaec7bb1d03d9ba6b5e55a8d5?s=96&d=mm&r=g\",\"caption\":\"La r\u00e9daction\"},\"url\":\"https:\/\/vosgesinfo.fr\/epinalinfo\/author\/poupy\/\"}]}<\/script>\n<!-- \/ Yoast SEO plugin. -->","yoast_head_json":{"title":"Crise de l\u2019\u00e9nergie : un boulanger-p\u00e2tissier d\u00e9odatien a vu sa facture d\u2019\u00e9lectricit\u00e9 exploser au 1er janvier - Epinal Info","robots":{"index":"index","follow":"follow","max-snippet":"max-snippet:-1","max-image-preview":"max-image-preview:large","max-video-preview":"max-video-preview:-1"},"canonical":"https:\/\/vosgesinfo.fr\/epinalinfo\/2023\/01\/crise-de-lenergie-boulanger-patissier-deodatien-a-facture-delectricite-exploser-1er-janvier\/","twitter_card":"summary_large_image","twitter_title":"Crise de l\u2019\u00e9nergie : un boulanger-p\u00e2tissier d\u00e9odatien a vu sa facture d\u2019\u00e9lectricit\u00e9 exploser au 1er janvier - Epinal Info","twitter_description":"Pour montrer l\u2019impact direct de la hausse du prix de l\u2019\u00e9lectricit\u00e9 sur son entreprise, David Fays, g\u00e9rant de la boulanger-p\u00e2tisserie [&hellip;]","twitter_image":"https:\/\/vosgesinfo.fr\/app\/uploads\/sites\/3\/2023\/01\/k6-framboise-facture-electricite-2-1024x771-1.jpg","twitter_creator":"@VosgesInfo88","twitter_site":"@VosgesInfo88","twitter_misc":{"\u00c9crit par":"La r\u00e9daction","Dur\u00e9e de lecture estim\u00e9e":"1 minute"},"schema":{"@context":"https:\/\/schema.org","@graph":[{"@type":"Article","@id":"https:\/\/vosgesinfo.fr\/epinalinfo\/2023\/01\/crise-de-lenergie-boulanger-patissier-deodatien-a-facture-delectricite-exploser-1er-janvier\/#article","isPartOf":{"@id":"https:\/\/vosgesinfo.fr\/epinalinfo\/2023\/01\/crise-de-lenergie-boulanger-patissier-deodatien-a-facture-delectricite-exploser-1er-janvier\/"},"author":{"name":"La r\u00e9daction","@id":"https:\/\/vosgesinfo.fr\/epinalinfo\/#\/schema\/person\/44f5fff67d0ae31d2770e1f7555c711d"},"headline":"Crise de l\u2019\u00e9nergie : un boulanger-p\u00e2tissier d\u00e9odatien a vu sa facture d\u2019\u00e9lectricit\u00e9 exploser au 1er janvier","datePublished":"2023-01-12T13:08:36+00:00","dateModified":"2024-02-27T16:52:51+00:00","mainEntityOfPage":{"@id":"https:\/\/vosgesinfo.fr\/epinalinfo\/2023\/01\/crise-de-lenergie-boulanger-patissier-deodatien-a-facture-delectricite-exploser-1er-janvier\/"},"wordCount":232,"commentCount":0,"publisher":{"@id":"https:\/\/vosgesinfo.fr\/epinalinfo\/#organization"},"image":{"@id":"https:\/\/vosgesinfo.fr\/epinalinfo\/2023\/01\/crise-de-lenergie-boulanger-patissier-deodatien-a-facture-delectricite-exploser-1er-janvier\/#primaryimage"},"thumbnailUrl":"https:\/\/vosgesinfo.fr\/app\/uploads\/sites\/3\/2023\/01\/k6-framboise-facture-electricite-2-1024x771-1.jpg","articleSection":["A la Une","Vosges"],"inLanguage":"fr-FR","potentialAction":[{"@type":"CommentAction","name":"Comment","target":["https:\/\/vosgesinfo.fr\/epinalinfo\/2023\/01\/crise-de-lenergie-boulanger-patissier-deodatien-a-facture-delectricite-exploser-1er-janvier\/#respond"]}]},{"@type":"WebPage","@id":"https:\/\/vosgesinfo.fr\/epinalinfo\/2023\/01\/crise-de-lenergie-boulanger-patissier-deodatien-a-facture-delectricite-exploser-1er-janvier\/","url":"https:\/\/vosgesinfo.fr\/epinalinfo\/2023\/01\/crise-de-lenergie-boulanger-patissier-deodatien-a-facture-delectricite-exploser-1er-janvier\/","name":"Crise de l\u2019\u00e9nergie : un boulanger-p\u00e2tissier d\u00e9odatien a vu sa facture d\u2019\u00e9lectricit\u00e9 exploser au 1er janvier - Epinal Info","isPartOf":{"@id":"https:\/\/vosgesinfo.fr\/epinalinfo\/#website"},"primaryImageOfPage":{"@id":"https:\/\/vosgesinfo.fr\/epinalinfo\/2023\/01\/crise-de-lenergie-boulanger-patissier-deodatien-a-facture-delectricite-exploser-1er-janvier\/#primaryimage"},"image":{"@id":"https:\/\/vosgesinfo.fr\/epinalinfo\/2023\/01\/crise-de-lenergie-boulanger-patissier-deodatien-a-facture-delectricite-exploser-1er-janvier\/#primaryimage"},"thumbnailUrl":"https:\/\/vosgesinfo.fr\/app\/uploads\/sites\/3\/2023\/01\/k6-framboise-facture-electricite-2-1024x771-1.jpg","datePublished":"2023-01-12T13:08:36+00:00","dateModified":"2024-02-27T16:52:51+00:00","breadcrumb":{"@id":"https:\/\/vosgesinfo.fr\/epinalinfo\/2023\/01\/crise-de-lenergie-boulanger-patissier-deodatien-a-facture-delectricite-exploser-1er-janvier\/#breadcrumb"},"inLanguage":"fr-FR","potentialAction":[{"@type":"ReadAction","target":["https:\/\/vosgesinfo.fr\/epinalinfo\/2023\/01\/crise-de-lenergie-boulanger-patissier-deodatien-a-facture-delectricite-exploser-1er-janvier\/"]}]},{"@type":"ImageObject","inLanguage":"fr-FR","@id":"https:\/\/vosgesinfo.fr\/epinalinfo\/2023\/01\/crise-de-lenergie-boulanger-patissier-deodatien-a-facture-delectricite-exploser-1er-janvier\/#primaryimage","url":"https:\/\/vosgesinfo.fr\/app\/uploads\/sites\/3\/2023\/01\/k6-framboise-facture-electricite-2-1024x771-1.jpg","contentUrl":"https:\/\/vosgesinfo.fr\/app\/uploads\/sites\/3\/2023\/01\/k6-framboise-facture-electricite-2-1024x771-1.jpg"},{"@type":"BreadcrumbList","@id":"https:\/\/vosgesinfo.fr\/epinalinfo\/2023\/01\/crise-de-lenergie-boulanger-patissier-deodatien-a-facture-delectricite-exploser-1er-janvier\/#breadcrumb","itemListElement":[{"@type":"ListItem","position":1,"name":"Home","item":"https:\/\/vosgesinfo.fr\/epinalinfo\/"},{"@type":"ListItem","position":2,"name":"Crise de l\u2019\u00e9nergie : un boulanger-p\u00e2tissier d\u00e9odatien a vu sa facture d\u2019\u00e9lectricit\u00e9 exploser au 1er janvier"}]},{"@type":"WebSite","@id":"https:\/\/vosgesinfo.fr\/epinalinfo\/#website","url":"https:\/\/vosgesinfo.fr\/epinalinfo\/","name":"Epinal Info","description":"Toute l&#039;actualit\u00e9 d&#039;\u00c9pinal","publisher":{"@id":"https:\/\/vosgesinfo.fr\/epinalinfo\/#organization"},"alternateName":"Toute l'actualit\u00e9 d'\u00c9pinal","potentialAction":[{"@type":"SearchAction","target":{"@type":"EntryPoint","urlTemplate":"https:\/\/vosgesinfo.fr\/epinalinfo\/?s={search_term_string}"},"query-input":"required name=search_term_string"}],"inLanguage":"fr-FR"},{"@type":"Organization","@id":"https:\/\/vosgesinfo.fr\/epinalinfo\/#organization","name":"Epinal Info","url":"https:\/\/vosgesinfo.fr\/epinalinfo\/","logo":{"@type":"ImageObject","inLanguage":"fr-FR","@id":"https:\/\/vosgesinfo.fr\/epinalinfo\/#\/schema\/logo\/image\/","url":"https:\/\/vosgesinfo.fr\/app\/uploads\/sites\/3\/2023\/08\/logo-epinalinfos.svg","contentUrl":"https:\/\/vosgesinfo.fr\/app\/uploads\/sites\/3\/2023\/08\/logo-epinalinfos.svg","width":1,"height":1,"caption":"Epinal Info"},"image":{"@id":"https:\/\/vosgesinfo.fr\/epinalinfo\/#\/schema\/logo\/image\/"},"sameAs":["https:\/\/www.facebook.com\/Epinalinfos","https:\/\/x.com\/VosgesInfo88","https:\/\/www.youtube.com\/@vosgesinfo"]},{"@type":"Person","@id":"https:\/\/vosgesinfo.fr\/epinalinfo\/#\/schema\/person\/44f5fff67d0ae31d2770e1f7555c711d","name":"La r\u00e9daction","image":{"@type":"ImageObject","inLanguage":"fr-FR","@id":"https:\/\/vosgesinfo.fr\/epinalinfo\/#\/schema\/person\/image\/","url":"https:\/\/secure.gravatar.com\/avatar\/16dedd2578b2ae59b9a3a38f046defecb4cf834aaec7bb1d03d9ba6b5e55a8d5?s=96&d=mm&r=g","contentUrl":"https:\/\/secure.gravatar.com\/avatar\/16dedd2578b2ae59b9a3a38f046defecb4cf834aaec7bb1d03d9ba6b5e55a8d5?s=96&d=mm&r=g","caption":"La r\u00e9daction"},"url":"https:\/\/vosgesinfo.fr\/epinalinfo\/author\/poupy\/"}]}},"_links":{"self":[{"href":"https:\/\/vosgesinfo.fr\/epinalinfo\/wp-json\/wp\/v2\/posts\/25740","targetHints":{"allow":["GET"]}}],"collection":[{"href":"https:\/\/vosgesinfo.fr\/epinalinfo\/wp-json\/wp\/v2\/posts"}],"about":[{"href":"https:\/\/vosgesinfo.fr\/epinalinfo\/wp-json\/wp\/v2\/types\/post"}],"author":[{"embeddable":true,"href":"https:\/\/vosgesinfo.fr\/epinalinfo\/wp-json\/wp\/v2\/users\/41"}],"replies":[{"embeddable":true,"href":"https:\/\/vosgesinfo.fr\/epinalinfo\/wp-json\/wp\/v2\/comments?post=25740"}],"version-history":[{"count":1,"href":"https:\/\/vosgesinfo.fr\/epinalinfo\/wp-json\/wp\/v2\/posts\/25740\/revisions"}],"predecessor-version":[{"id":35637,"href":"https:\/\/vosgesinfo.fr\/epinalinfo\/wp-json\/wp\/v2\/posts\/25740\/revisions\/35637"}],"wp:featuredmedia":[{"embeddable":true,"href":"https:\/\/vosgesinfo.fr\/epinalinfo\/wp-json\/wp\/v2\/media\/25739"}],"wp:attachment":[{"href":"https:\/\/vosgesinfo.fr\/epinalinfo\/wp-json\/wp\/v2\/media?parent=25740"}],"wp:term":[{"taxonomy":"category","embeddable":true,"href":"https:\/\/vosgesinfo.fr\/epinalinfo\/wp-json\/wp\/v2\/categories?post=25740"},{"taxonomy":"post_tag","embeddable":true,"href":"https:\/\/vosgesinfo.fr\/epinalinfo\/wp-json\/wp\/v2\/tags?post=25740"}],"curies":[{"name":"wp","href":"https:\/\/api.w.org\/{rel}","templated":true}]}}