{"id":25743,"date":"2023-01-12T16:30:32","date_gmt":"2023-01-12T15:30:32","guid":{"rendered":"https:\/\/vosgesinfo.fr\/epinalinfo\/2023\/01\/fantastique-se-decline-salles-de-cinema\/"},"modified":"2024-02-27T17:52:53","modified_gmt":"2024-02-27T16:52:53","slug":"fantastique-se-decline-salles-de-cinema","status":"publish","type":"post","link":"https:\/\/vosgesinfo.fr\/epinalinfo\/2023\/01\/fantastique-se-decline-salles-de-cinema\/","title":{"rendered":"Le Fantastique se d\u00e9cline en dehors des salles de cin\u00e9ma"},"content":{"rendered":"<h3><a href=\"https:\/\/epinalinfos.fr\/2023\/01\/fantastique-se-decline-salles-de-cinema\/affiche-bandeau-festival-du-film-fantastique-gerardmer23-facebook-851x315-2\/\" rel=\"attachment wp-att-213440\"><img decoding=\"async\" class=\"aligncenter size-full wp-image-213440\" src=\"https:\/\/vosgesinfo.fr\/app\/uploads\/sites\/3\/2022\/10\/affiche-bandeau-festival-du-film-fantastique-gerardmer23-facebook-851x315-1.jpg\" alt=\"affiche-bandeau-festival-du-film-fantastique-Gerardmer23-Facebook-851x315\" width=\"800\" height=\"296\" \/><\/a>Comme l\u2019a rappel\u00e9 Anthony Humberclaude ce jeudi matin, le Festival International du Film Fantastique a toujours \u00e0 c\u0153ur d\u2019impliquer la jeunesse et de d\u00e9cliner le fantastique en dehors des salles de cin\u00e9ma.<\/h3>\n<p>Ainsi, la R\u00e9gion parraine \u00e0 nouveau le jury jeunes du Festival de G\u00e9rardmer en permettant \u00e0 dix jeunes du Grand Est d\u2019y participer. Cette ann\u00e9e, c\u2019est Judith Beauvallet qui sera la marraine du jury jeunes de la R\u00e9gion Grand Est. Sp\u00e9cialis\u00e9e dans les analyses de personnages f\u00e9minins dans les films d\u2019horreur et les interviews d\u2019actrices et r\u00e9alisatrices de films de genre, elle est la cr\u00e9atrice de la cha\u00eene YouTube \u00ab Demoiselles d\u2019Horreur \u00bb.<\/p>\n<p>En parall\u00e8le de la multitude de films projet\u00e9s, plusieurs animations sont d\u00e9j\u00e0 pr\u00e9vues pour les scolaires du secteur de G\u00e9rardmer et plusieurs expositions vous attendront \u00e0 la m\u00e9diath\u00e8que du Tilleul, \u00e0 la MCL ou encore \u00e0 la Villa Monplaisir. Bien entendu, le Grimoire, salon litt\u00e9raire du festival, sera de la partie avec une trentaine d\u2019auteurs pr\u00e9sents sur la semaine. Le concours de nouvelles fantastiques et le concours de vitrines sont reconduits eux aussi,\u00a0 et pour les m\u00e9lomanes, rappelons qu\u2019un concert aura lieu \u00e0 l\u2019\u00e9glise Saint Barth\u00e9l\u00e9my dans le cadre de ce 30\u00e8me anniversaire. Vous retrouverez le d\u00e9tail de tous ces rendez-vous sur le site du festival pour ne rien manquer entre deux s\u00e9ances.<\/p>\n<p>On vous incite d\u00e9j\u00e0 \u00e0 ne pas manquer la rencontre professionnelle intitul\u00e9e Genre Save the Screen ! qui vous proposera d\u2019analyser la place actuelle des films de genre dans l\u2019exploitation des salles de cin\u00e9ma fran\u00e7aises et d\u2019\u00e9voquer l\u2019avenir du genre sur les \u00e9crans. En pr\u00e9sence de Manuel Chiche (pr\u00e9sident de The Jokers Films), Fran\u00e7ois Descraques (r\u00e9alisateur), Marie Alix Fourquenay (responsable de l\u2019exploitation \u2013 R\u00e9gion Grand Est), et Arnaud Toussaint (directeur des Cin\u00e9s Palace d\u2019Epinal). La rencontre sera mod\u00e9r\u00e9e par Nicolas Colle, journaliste \u00e0 \u00ab Ecran Total \u00bb.<\/p>\n<div class=\"really_simple_share really_simple_share_button robots-nocontent snap_nopreview\">\n<div class=\"really_simple_share_facebook_like\"><iframe loading=\"lazy\" src=\"https:\/\/www.facebook.com\/plugins\/like.php?href=https%3A%2F%2Fgerardmerinfo.fr%2F2023%2F01%2Ffantastique-se-decline-salles-de-cinema%2F&amp;layout=button_count&amp;width=100&amp;height=27&amp;locale=fr_FR\" width=\"300\" height=\"150\" frameborder=\"0\" scrolling=\"no\"><\/iframe><\/div>\n<\/div>\n","protected":false},"excerpt":{"rendered":"<p>Comme l\u2019a rappel\u00e9 Anthony Humberclaude ce jeudi matin, le Festival International du Film Fantastique a toujours \u00e0 c\u0153ur d\u2019impliquer la [&hellip;]<\/p>\n","protected":false},"author":44,"featured_media":25744,"comment_status":"open","ping_status":"open","sticky":false,"template":"","format":"standard","meta":{"footnotes":""},"categories":[22,5],"tags":[],"class_list":["post-25743","post","type-post","status-publish","format-standard","has-post-thumbnail","hentry","category-a-la-une","category-vosges"],"acf":[],"yoast_head":"<!-- This site is optimized with the Yoast SEO plugin v22.5 - https:\/\/yoast.com\/wordpress\/plugins\/seo\/ -->\n<title>Le Fantastique se d\u00e9cline en dehors des salles de cin\u00e9ma - Epinal Info<\/title>\n<meta name=\"robots\" content=\"index, follow, max-snippet:-1, max-image-preview:large, max-video-preview:-1\" \/>\n<link rel=\"canonical\" href=\"https:\/\/vosgesinfo.fr\/epinalinfo\/2023\/01\/fantastique-se-decline-salles-de-cinema\/\" \/>\n<meta name=\"twitter:card\" content=\"summary_large_image\" \/>\n<meta name=\"twitter:title\" content=\"Le Fantastique se d\u00e9cline en dehors des salles de cin\u00e9ma - Epinal Info\" \/>\n<meta name=\"twitter:description\" content=\"Comme l\u2019a rappel\u00e9 Anthony Humberclaude ce jeudi matin, le Festival International du Film Fantastique a toujours \u00e0 c\u0153ur d\u2019impliquer la [&hellip;]\" \/>\n<meta name=\"twitter:image\" content=\"https:\/\/vosgesinfo.fr\/app\/uploads\/sites\/3\/2023\/01\/profondo-rosso-\u00a9-arnaud-jollet-400x255-1.jpg\" \/>\n<meta name=\"twitter:creator\" content=\"@VosgesInfo88\" \/>\n<meta name=\"twitter:site\" content=\"@VosgesInfo88\" \/>\n<meta name=\"twitter:label1\" content=\"\u00c9crit par\" \/>\n\t<meta name=\"twitter:data1\" content=\"la r\u00e9daction\" \/>\n\t<meta name=\"twitter:label2\" content=\"Dur\u00e9e de lecture estim\u00e9e\" \/>\n\t<meta name=\"twitter:data2\" content=\"2 minutes\" \/>\n<script type=\"application\/ld+json\" class=\"yoast-schema-graph\">{\"@context\":\"https:\/\/schema.org\",\"@graph\":[{\"@type\":\"Article\",\"@id\":\"https:\/\/vosgesinfo.fr\/epinalinfo\/2023\/01\/fantastique-se-decline-salles-de-cinema\/#article\",\"isPartOf\":{\"@id\":\"https:\/\/vosgesinfo.fr\/epinalinfo\/2023\/01\/fantastique-se-decline-salles-de-cinema\/\"},\"author\":{\"name\":\"la r\u00e9daction\",\"@id\":\"https:\/\/vosgesinfo.fr\/epinalinfo\/#\/schema\/person\/faee6704a21f3977511db84bd1cd450f\"},\"headline\":\"Le Fantastique se d\u00e9cline en dehors des salles de cin\u00e9ma\",\"datePublished\":\"2023-01-12T15:30:32+00:00\",\"dateModified\":\"2024-02-27T16:52:53+00:00\",\"mainEntityOfPage\":{\"@id\":\"https:\/\/vosgesinfo.fr\/epinalinfo\/2023\/01\/fantastique-se-decline-salles-de-cinema\/\"},\"wordCount\":357,\"commentCount\":0,\"publisher\":{\"@id\":\"https:\/\/vosgesinfo.fr\/epinalinfo\/#organization\"},\"image\":{\"@id\":\"https:\/\/vosgesinfo.fr\/epinalinfo\/2023\/01\/fantastique-se-decline-salles-de-cinema\/#primaryimage\"},\"thumbnailUrl\":\"https:\/\/vosgesinfo.fr\/app\/uploads\/sites\/3\/2023\/01\/profondo-rosso-\u00a9-arnaud-jollet-400x255-1.jpg\",\"articleSection\":[\"A la Une\",\"Vosges\"],\"inLanguage\":\"fr-FR\",\"potentialAction\":[{\"@type\":\"CommentAction\",\"name\":\"Comment\",\"target\":[\"https:\/\/vosgesinfo.fr\/epinalinfo\/2023\/01\/fantastique-se-decline-salles-de-cinema\/#respond\"]}]},{\"@type\":\"WebPage\",\"@id\":\"https:\/\/vosgesinfo.fr\/epinalinfo\/2023\/01\/fantastique-se-decline-salles-de-cinema\/\",\"url\":\"https:\/\/vosgesinfo.fr\/epinalinfo\/2023\/01\/fantastique-se-decline-salles-de-cinema\/\",\"name\":\"Le Fantastique se d\u00e9cline en dehors des salles de cin\u00e9ma - Epinal Info\",\"isPartOf\":{\"@id\":\"https:\/\/vosgesinfo.fr\/epinalinfo\/#website\"},\"primaryImageOfPage\":{\"@id\":\"https:\/\/vosgesinfo.fr\/epinalinfo\/2023\/01\/fantastique-se-decline-salles-de-cinema\/#primaryimage\"},\"image\":{\"@id\":\"https:\/\/vosgesinfo.fr\/epinalinfo\/2023\/01\/fantastique-se-decline-salles-de-cinema\/#primaryimage\"},\"thumbnailUrl\":\"https:\/\/vosgesinfo.fr\/app\/uploads\/sites\/3\/2023\/01\/profondo-rosso-\u00a9-arnaud-jollet-400x255-1.jpg\",\"datePublished\":\"2023-01-12T15:30:32+00:00\",\"dateModified\":\"2024-02-27T16:52:53+00:00\",\"breadcrumb\":{\"@id\":\"https:\/\/vosgesinfo.fr\/epinalinfo\/2023\/01\/fantastique-se-decline-salles-de-cinema\/#breadcrumb\"},\"inLanguage\":\"fr-FR\",\"potentialAction\":[{\"@type\":\"ReadAction\",\"target\":[\"https:\/\/vosgesinfo.fr\/epinalinfo\/2023\/01\/fantastique-se-decline-salles-de-cinema\/\"]}]},{\"@type\":\"ImageObject\",\"inLanguage\":\"fr-FR\",\"@id\":\"https:\/\/vosgesinfo.fr\/epinalinfo\/2023\/01\/fantastique-se-decline-salles-de-cinema\/#primaryimage\",\"url\":\"https:\/\/vosgesinfo.fr\/app\/uploads\/sites\/3\/2023\/01\/profondo-rosso-\u00a9-arnaud-jollet-400x255-1.jpg\",\"contentUrl\":\"https:\/\/vosgesinfo.fr\/app\/uploads\/sites\/3\/2023\/01\/profondo-rosso-\u00a9-arnaud-jollet-400x255-1.jpg\"},{\"@type\":\"BreadcrumbList\",\"@id\":\"https:\/\/vosgesinfo.fr\/epinalinfo\/2023\/01\/fantastique-se-decline-salles-de-cinema\/#breadcrumb\",\"itemListElement\":[{\"@type\":\"ListItem\",\"position\":1,\"name\":\"Home\",\"item\":\"https:\/\/vosgesinfo.fr\/epinalinfo\/\"},{\"@type\":\"ListItem\",\"position\":2,\"name\":\"Le Fantastique se d\u00e9cline en dehors des salles de cin\u00e9ma\"}]},{\"@type\":\"WebSite\",\"@id\":\"https:\/\/vosgesinfo.fr\/epinalinfo\/#website\",\"url\":\"https:\/\/vosgesinfo.fr\/epinalinfo\/\",\"name\":\"Epinal Info\",\"description\":\"Toute l&#039;actualit\u00e9 d&#039;\u00c9pinal\",\"publisher\":{\"@id\":\"https:\/\/vosgesinfo.fr\/epinalinfo\/#organization\"},\"alternateName\":\"Toute l'actualit\u00e9 d'\u00c9pinal\",\"potentialAction\":[{\"@type\":\"SearchAction\",\"target\":{\"@type\":\"EntryPoint\",\"urlTemplate\":\"https:\/\/vosgesinfo.fr\/epinalinfo\/?s={search_term_string}\"},\"query-input\":\"required name=search_term_string\"}],\"inLanguage\":\"fr-FR\"},{\"@type\":\"Organization\",\"@id\":\"https:\/\/vosgesinfo.fr\/epinalinfo\/#organization\",\"name\":\"Epinal Info\",\"url\":\"https:\/\/vosgesinfo.fr\/epinalinfo\/\",\"logo\":{\"@type\":\"ImageObject\",\"inLanguage\":\"fr-FR\",\"@id\":\"https:\/\/vosgesinfo.fr\/epinalinfo\/#\/schema\/logo\/image\/\",\"url\":\"https:\/\/vosgesinfo.fr\/app\/uploads\/sites\/3\/2023\/08\/logo-epinalinfos.svg\",\"contentUrl\":\"https:\/\/vosgesinfo.fr\/app\/uploads\/sites\/3\/2023\/08\/logo-epinalinfos.svg\",\"width\":1,\"height\":1,\"caption\":\"Epinal Info\"},\"image\":{\"@id\":\"https:\/\/vosgesinfo.fr\/epinalinfo\/#\/schema\/logo\/image\/\"},\"sameAs\":[\"https:\/\/www.facebook.com\/Epinalinfos\",\"https:\/\/x.com\/VosgesInfo88\",\"https:\/\/www.youtube.com\/@vosgesinfo\"]},{\"@type\":\"Person\",\"@id\":\"https:\/\/vosgesinfo.fr\/epinalinfo\/#\/schema\/person\/faee6704a21f3977511db84bd1cd450f\",\"name\":\"la r\u00e9daction\",\"image\":{\"@type\":\"ImageObject\",\"inLanguage\":\"fr-FR\",\"@id\":\"https:\/\/vosgesinfo.fr\/epinalinfo\/#\/schema\/person\/image\/\",\"url\":\"https:\/\/secure.gravatar.com\/avatar\/6673d8bc6a9c17fa9a453eaa3448de834fa308c2ec9635b7aa99441a7c8d2cf6?s=96&d=mm&r=g\",\"contentUrl\":\"https:\/\/secure.gravatar.com\/avatar\/6673d8bc6a9c17fa9a453eaa3448de834fa308c2ec9635b7aa99441a7c8d2cf6?s=96&d=mm&r=g\",\"caption\":\"la r\u00e9daction\"},\"url\":\"https:\/\/vosgesinfo.fr\/epinalinfo\/author\/redac\/\"}]}<\/script>\n<!-- \/ Yoast SEO plugin. -->","yoast_head_json":{"title":"Le Fantastique se d\u00e9cline en dehors des salles de cin\u00e9ma - Epinal Info","robots":{"index":"index","follow":"follow","max-snippet":"max-snippet:-1","max-image-preview":"max-image-preview:large","max-video-preview":"max-video-preview:-1"},"canonical":"https:\/\/vosgesinfo.fr\/epinalinfo\/2023\/01\/fantastique-se-decline-salles-de-cinema\/","twitter_card":"summary_large_image","twitter_title":"Le Fantastique se d\u00e9cline en dehors des salles de cin\u00e9ma - Epinal Info","twitter_description":"Comme l\u2019a rappel\u00e9 Anthony Humberclaude ce jeudi matin, le Festival International du Film Fantastique a toujours \u00e0 c\u0153ur d\u2019impliquer la [&hellip;]","twitter_image":"https:\/\/vosgesinfo.fr\/app\/uploads\/sites\/3\/2023\/01\/profondo-rosso-\u00a9-arnaud-jollet-400x255-1.jpg","twitter_creator":"@VosgesInfo88","twitter_site":"@VosgesInfo88","twitter_misc":{"\u00c9crit par":"la r\u00e9daction","Dur\u00e9e de lecture estim\u00e9e":"2 minutes"},"schema":{"@context":"https:\/\/schema.org","@graph":[{"@type":"Article","@id":"https:\/\/vosgesinfo.fr\/epinalinfo\/2023\/01\/fantastique-se-decline-salles-de-cinema\/#article","isPartOf":{"@id":"https:\/\/vosgesinfo.fr\/epinalinfo\/2023\/01\/fantastique-se-decline-salles-de-cinema\/"},"author":{"name":"la r\u00e9daction","@id":"https:\/\/vosgesinfo.fr\/epinalinfo\/#\/schema\/person\/faee6704a21f3977511db84bd1cd450f"},"headline":"Le Fantastique se d\u00e9cline en dehors des salles de cin\u00e9ma","datePublished":"2023-01-12T15:30:32+00:00","dateModified":"2024-02-27T16:52:53+00:00","mainEntityOfPage":{"@id":"https:\/\/vosgesinfo.fr\/epinalinfo\/2023\/01\/fantastique-se-decline-salles-de-cinema\/"},"wordCount":357,"commentCount":0,"publisher":{"@id":"https:\/\/vosgesinfo.fr\/epinalinfo\/#organization"},"image":{"@id":"https:\/\/vosgesinfo.fr\/epinalinfo\/2023\/01\/fantastique-se-decline-salles-de-cinema\/#primaryimage"},"thumbnailUrl":"https:\/\/vosgesinfo.fr\/app\/uploads\/sites\/3\/2023\/01\/profondo-rosso-\u00a9-arnaud-jollet-400x255-1.jpg","articleSection":["A la Une","Vosges"],"inLanguage":"fr-FR","potentialAction":[{"@type":"CommentAction","name":"Comment","target":["https:\/\/vosgesinfo.fr\/epinalinfo\/2023\/01\/fantastique-se-decline-salles-de-cinema\/#respond"]}]},{"@type":"WebPage","@id":"https:\/\/vosgesinfo.fr\/epinalinfo\/2023\/01\/fantastique-se-decline-salles-de-cinema\/","url":"https:\/\/vosgesinfo.fr\/epinalinfo\/2023\/01\/fantastique-se-decline-salles-de-cinema\/","name":"Le Fantastique se d\u00e9cline en dehors des salles de cin\u00e9ma - Epinal Info","isPartOf":{"@id":"https:\/\/vosgesinfo.fr\/epinalinfo\/#website"},"primaryImageOfPage":{"@id":"https:\/\/vosgesinfo.fr\/epinalinfo\/2023\/01\/fantastique-se-decline-salles-de-cinema\/#primaryimage"},"image":{"@id":"https:\/\/vosgesinfo.fr\/epinalinfo\/2023\/01\/fantastique-se-decline-salles-de-cinema\/#primaryimage"},"thumbnailUrl":"https:\/\/vosgesinfo.fr\/app\/uploads\/sites\/3\/2023\/01\/profondo-rosso-\u00a9-arnaud-jollet-400x255-1.jpg","datePublished":"2023-01-12T15:30:32+00:00","dateModified":"2024-02-27T16:52:53+00:00","breadcrumb":{"@id":"https:\/\/vosgesinfo.fr\/epinalinfo\/2023\/01\/fantastique-se-decline-salles-de-cinema\/#breadcrumb"},"inLanguage":"fr-FR","potentialAction":[{"@type":"ReadAction","target":["https:\/\/vosgesinfo.fr\/epinalinfo\/2023\/01\/fantastique-se-decline-salles-de-cinema\/"]}]},{"@type":"ImageObject","inLanguage":"fr-FR","@id":"https:\/\/vosgesinfo.fr\/epinalinfo\/2023\/01\/fantastique-se-decline-salles-de-cinema\/#primaryimage","url":"https:\/\/vosgesinfo.fr\/app\/uploads\/sites\/3\/2023\/01\/profondo-rosso-\u00a9-arnaud-jollet-400x255-1.jpg","contentUrl":"https:\/\/vosgesinfo.fr\/app\/uploads\/sites\/3\/2023\/01\/profondo-rosso-\u00a9-arnaud-jollet-400x255-1.jpg"},{"@type":"BreadcrumbList","@id":"https:\/\/vosgesinfo.fr\/epinalinfo\/2023\/01\/fantastique-se-decline-salles-de-cinema\/#breadcrumb","itemListElement":[{"@type":"ListItem","position":1,"name":"Home","item":"https:\/\/vosgesinfo.fr\/epinalinfo\/"},{"@type":"ListItem","position":2,"name":"Le Fantastique se d\u00e9cline en dehors des salles de cin\u00e9ma"}]},{"@type":"WebSite","@id":"https:\/\/vosgesinfo.fr\/epinalinfo\/#website","url":"https:\/\/vosgesinfo.fr\/epinalinfo\/","name":"Epinal Info","description":"Toute l&#039;actualit\u00e9 d&#039;\u00c9pinal","publisher":{"@id":"https:\/\/vosgesinfo.fr\/epinalinfo\/#organization"},"alternateName":"Toute l'actualit\u00e9 d'\u00c9pinal","potentialAction":[{"@type":"SearchAction","target":{"@type":"EntryPoint","urlTemplate":"https:\/\/vosgesinfo.fr\/epinalinfo\/?s={search_term_string}"},"query-input":"required name=search_term_string"}],"inLanguage":"fr-FR"},{"@type":"Organization","@id":"https:\/\/vosgesinfo.fr\/epinalinfo\/#organization","name":"Epinal Info","url":"https:\/\/vosgesinfo.fr\/epinalinfo\/","logo":{"@type":"ImageObject","inLanguage":"fr-FR","@id":"https:\/\/vosgesinfo.fr\/epinalinfo\/#\/schema\/logo\/image\/","url":"https:\/\/vosgesinfo.fr\/app\/uploads\/sites\/3\/2023\/08\/logo-epinalinfos.svg","contentUrl":"https:\/\/vosgesinfo.fr\/app\/uploads\/sites\/3\/2023\/08\/logo-epinalinfos.svg","width":1,"height":1,"caption":"Epinal Info"},"image":{"@id":"https:\/\/vosgesinfo.fr\/epinalinfo\/#\/schema\/logo\/image\/"},"sameAs":["https:\/\/www.facebook.com\/Epinalinfos","https:\/\/x.com\/VosgesInfo88","https:\/\/www.youtube.com\/@vosgesinfo"]},{"@type":"Person","@id":"https:\/\/vosgesinfo.fr\/epinalinfo\/#\/schema\/person\/faee6704a21f3977511db84bd1cd450f","name":"la r\u00e9daction","image":{"@type":"ImageObject","inLanguage":"fr-FR","@id":"https:\/\/vosgesinfo.fr\/epinalinfo\/#\/schema\/person\/image\/","url":"https:\/\/secure.gravatar.com\/avatar\/6673d8bc6a9c17fa9a453eaa3448de834fa308c2ec9635b7aa99441a7c8d2cf6?s=96&d=mm&r=g","contentUrl":"https:\/\/secure.gravatar.com\/avatar\/6673d8bc6a9c17fa9a453eaa3448de834fa308c2ec9635b7aa99441a7c8d2cf6?s=96&d=mm&r=g","caption":"la r\u00e9daction"},"url":"https:\/\/vosgesinfo.fr\/epinalinfo\/author\/redac\/"}]}},"_links":{"self":[{"href":"https:\/\/vosgesinfo.fr\/epinalinfo\/wp-json\/wp\/v2\/posts\/25743","targetHints":{"allow":["GET"]}}],"collection":[{"href":"https:\/\/vosgesinfo.fr\/epinalinfo\/wp-json\/wp\/v2\/posts"}],"about":[{"href":"https:\/\/vosgesinfo.fr\/epinalinfo\/wp-json\/wp\/v2\/types\/post"}],"author":[{"embeddable":true,"href":"https:\/\/vosgesinfo.fr\/epinalinfo\/wp-json\/wp\/v2\/users\/44"}],"replies":[{"embeddable":true,"href":"https:\/\/vosgesinfo.fr\/epinalinfo\/wp-json\/wp\/v2\/comments?post=25743"}],"version-history":[{"count":1,"href":"https:\/\/vosgesinfo.fr\/epinalinfo\/wp-json\/wp\/v2\/posts\/25743\/revisions"}],"predecessor-version":[{"id":35639,"href":"https:\/\/vosgesinfo.fr\/epinalinfo\/wp-json\/wp\/v2\/posts\/25743\/revisions\/35639"}],"wp:featuredmedia":[{"embeddable":true,"href":"https:\/\/vosgesinfo.fr\/epinalinfo\/wp-json\/wp\/v2\/media\/25744"}],"wp:attachment":[{"href":"https:\/\/vosgesinfo.fr\/epinalinfo\/wp-json\/wp\/v2\/media?parent=25743"}],"wp:term":[{"taxonomy":"category","embeddable":true,"href":"https:\/\/vosgesinfo.fr\/epinalinfo\/wp-json\/wp\/v2\/categories?post=25743"},{"taxonomy":"post_tag","embeddable":true,"href":"https:\/\/vosgesinfo.fr\/epinalinfo\/wp-json\/wp\/v2\/tags?post=25743"}],"curies":[{"name":"wp","href":"https:\/\/api.w.org\/{rel}","templated":true}]}}