{"id":25745,"date":"2023-01-12T16:32:27","date_gmt":"2023-01-12T15:32:27","guid":{"rendered":"https:\/\/vosgesinfo.fr\/epinalinfo\/2023\/01\/recteur-de-region-academique-grand-de-lacademie-de-nancy-metz-exprime-emotion-a-suite-deces-dun-adolescent-a-golbey\/"},"modified":"2024-02-27T17:52:54","modified_gmt":"2024-02-27T16:52:54","slug":"recteur-de-region-academique-grand-de-lacademie-de-nancy-metz-exprime-emotion-a-suite-deces-dun-adolescent-a-golbey","status":"publish","type":"post","link":"https:\/\/vosgesinfo.fr\/epinalinfo\/2023\/01\/recteur-de-region-academique-grand-de-lacademie-de-nancy-metz-exprime-emotion-a-suite-deces-dun-adolescent-a-golbey\/","title":{"rendered":"Le recteur de la r\u00e9gion acad\u00e9mique Grand Est et de l\u2019acad\u00e9mie de Nancy-Metz exprime son \u00e9motion \u00e0 la suite du d\u00e9c\u00e8s d\u2019un adolescent \u00e0 Golbey"},"content":{"rendered":"<p class=\"x_MsoNormal\"><a href=\"https:\/\/epinalinfos.fr\/2023\/01\/recteur-de-region-academique-grand-de-lacademie-de-nancy-metz-exprime-emotion-a-suite-deces-dun-adolescent-a-golbey\/academie_de_nancy-metz-svg_-360x255-2\/\" rel=\"attachment wp-att-213445\"><img decoding=\"async\" class=\"aligncenter size-full wp-image-213445\" src=\"https:\/\/vosgesinfo.fr\/app\/uploads\/sites\/3\/2022\/10\/academie-de-nancy-metz.svg--360x255-1.png\" alt=\"Acad\u00e9mie_de_Nancy-Metz.svg_-360x255\" width=\"360\" height=\"255\" \/><\/a>\u00ab\u00a0Le recteur de la r\u00e9gion acad\u00e9mique Grand Est de l\u2019acad\u00e9mie de Nancy-Metz, Richard Laganier et la Directrice acad\u00e9mique des services de l\u2019\u00e9ducation nationale (DASEN) des Vosges, Val\u00e9rie Dautresme, ont appris avec beaucoup d\u2019\u00e9motion la disparition d\u2019un adolescent de 13 ans, scolaris\u00e9 au coll\u00e8ge Louis Armand de Golbey (Vosges), qui a mis fin \u00e0 ses jours \u00e0 son domicile le 7 janvier dernier.<\/p>\n<p class=\"x_MsoNormal\">D\u00e8s lundi 9 janvier, une cellule psychologique a \u00e9t\u00e9 mise en place \u00e0 destination des \u00e9l\u00e8ves et des enseignants du coll\u00e8ge Louis Armand. Une enqu\u00eate est actuellement en cours pour d\u00e9terminer les causes de son geste. L\u2019\u00e9l\u00e8ve et sa m\u00e8re avaient fait \u00e9tat de moqueries \u00e0 la rentr\u00e9e de septembre, faits imm\u00e9diatement pris au s\u00e9rieux par les \u00e9quipes du coll\u00e8ge, qui ont fait preuve d\u2019une grande vigilance au quotidien, tout en conservant le lien avec l\u2019\u00e9l\u00e8ve et sa famille.<\/p>\n<p class=\"x_MsoNormal\">L\u2019\u00e9tablissement est engag\u00e9 dans le dispositif pHARe de lutte contre le harc\u00e8lement, pour sensibiliser l\u2019ensemble des \u00e9l\u00e8ves et des \u00e9quipes \u00e9ducatives sur ce sujet primordial pour le bien-\u00eatre de toutes et tous.<\/p>\n<p class=\"x_MsoNormal\">L\u2019ensemble de la communaut\u00e9 \u00e9ducative est boulevers\u00e9e par cet \u00e9v\u00e9nement dramatique et partage l\u2019\u00e9motion de sa famille et de ses proches, \u00e0 qui elle adresse ses sinc\u00e8res condol\u00e9ances.\u00a0\u00bb<\/p>\n","protected":false},"excerpt":{"rendered":"<p>\u00ab\u00a0Le recteur de la r\u00e9gion acad\u00e9mique Grand Est de l\u2019acad\u00e9mie de Nancy-Metz, Richard Laganier et la Directrice acad\u00e9mique des services [&hellip;]<\/p>\n","protected":false},"author":41,"featured_media":23011,"comment_status":"open","ping_status":"open","sticky":false,"template":"","format":"standard","meta":{"footnotes":""},"categories":[22,5],"tags":[],"class_list":["post-25745","post","type-post","status-publish","format-standard","has-post-thumbnail","hentry","category-a-la-une","category-vosges"],"acf":[],"yoast_head":"<!-- This site is optimized with the Yoast SEO plugin v22.5 - https:\/\/yoast.com\/wordpress\/plugins\/seo\/ -->\n<title>Le recteur de la r\u00e9gion acad\u00e9mique Grand Est et de l\u2019acad\u00e9mie de Nancy-Metz exprime son \u00e9motion \u00e0 la suite du d\u00e9c\u00e8s d\u2019un adolescent \u00e0 Golbey - Epinal Info<\/title>\n<meta name=\"robots\" content=\"index, follow, max-snippet:-1, max-image-preview:large, max-video-preview:-1\" \/>\n<link rel=\"canonical\" href=\"https:\/\/vosgesinfo.fr\/epinalinfo\/2023\/01\/recteur-de-region-academique-grand-de-lacademie-de-nancy-metz-exprime-emotion-a-suite-deces-dun-adolescent-a-golbey\/\" \/>\n<meta name=\"twitter:card\" content=\"summary_large_image\" \/>\n<meta name=\"twitter:title\" content=\"Le recteur de la r\u00e9gion acad\u00e9mique Grand Est et de l\u2019acad\u00e9mie de Nancy-Metz exprime son \u00e9motion \u00e0 la suite du d\u00e9c\u00e8s d\u2019un adolescent \u00e0 Golbey - Epinal Info\" \/>\n<meta name=\"twitter:description\" content=\"\u00ab\u00a0Le recteur de la r\u00e9gion acad\u00e9mique Grand Est de l\u2019acad\u00e9mie de Nancy-Metz, Richard Laganier et la Directrice acad\u00e9mique des services [&hellip;]\" \/>\n<meta name=\"twitter:image\" content=\"https:\/\/vosgesinfo.fr\/app\/uploads\/sites\/3\/2022\/10\/academie-de-nancy-metz.svg--360x255-1.png\" \/>\n<meta name=\"twitter:creator\" content=\"@VosgesInfo88\" \/>\n<meta name=\"twitter:site\" content=\"@VosgesInfo88\" \/>\n<meta name=\"twitter:label1\" content=\"\u00c9crit par\" \/>\n\t<meta name=\"twitter:data1\" content=\"La r\u00e9daction\" \/>\n\t<meta name=\"twitter:label2\" content=\"Dur\u00e9e de lecture estim\u00e9e\" \/>\n\t<meta name=\"twitter:data2\" content=\"1 minute\" \/>\n<script type=\"application\/ld+json\" class=\"yoast-schema-graph\">{\"@context\":\"https:\/\/schema.org\",\"@graph\":[{\"@type\":\"Article\",\"@id\":\"https:\/\/vosgesinfo.fr\/epinalinfo\/2023\/01\/recteur-de-region-academique-grand-de-lacademie-de-nancy-metz-exprime-emotion-a-suite-deces-dun-adolescent-a-golbey\/#article\",\"isPartOf\":{\"@id\":\"https:\/\/vosgesinfo.fr\/epinalinfo\/2023\/01\/recteur-de-region-academique-grand-de-lacademie-de-nancy-metz-exprime-emotion-a-suite-deces-dun-adolescent-a-golbey\/\"},\"author\":{\"name\":\"La r\u00e9daction\",\"@id\":\"https:\/\/vosgesinfo.fr\/epinalinfo\/#\/schema\/person\/44f5fff67d0ae31d2770e1f7555c711d\"},\"headline\":\"Le recteur de la r\u00e9gion acad\u00e9mique Grand Est et de l\u2019acad\u00e9mie de Nancy-Metz exprime son \u00e9motion \u00e0 la suite du d\u00e9c\u00e8s d\u2019un adolescent \u00e0 Golbey\",\"datePublished\":\"2023-01-12T15:32:27+00:00\",\"dateModified\":\"2024-02-27T16:52:54+00:00\",\"mainEntityOfPage\":{\"@id\":\"https:\/\/vosgesinfo.fr\/epinalinfo\/2023\/01\/recteur-de-region-academique-grand-de-lacademie-de-nancy-metz-exprime-emotion-a-suite-deces-dun-adolescent-a-golbey\/\"},\"wordCount\":259,\"commentCount\":0,\"publisher\":{\"@id\":\"https:\/\/vosgesinfo.fr\/epinalinfo\/#organization\"},\"image\":{\"@id\":\"https:\/\/vosgesinfo.fr\/epinalinfo\/2023\/01\/recteur-de-region-academique-grand-de-lacademie-de-nancy-metz-exprime-emotion-a-suite-deces-dun-adolescent-a-golbey\/#primaryimage\"},\"thumbnailUrl\":\"https:\/\/vosgesinfo.fr\/app\/uploads\/sites\/3\/2022\/10\/academie-de-nancy-metz.svg--360x255-1.png\",\"articleSection\":[\"A la Une\",\"Vosges\"],\"inLanguage\":\"fr-FR\",\"potentialAction\":[{\"@type\":\"CommentAction\",\"name\":\"Comment\",\"target\":[\"https:\/\/vosgesinfo.fr\/epinalinfo\/2023\/01\/recteur-de-region-academique-grand-de-lacademie-de-nancy-metz-exprime-emotion-a-suite-deces-dun-adolescent-a-golbey\/#respond\"]}]},{\"@type\":\"WebPage\",\"@id\":\"https:\/\/vosgesinfo.fr\/epinalinfo\/2023\/01\/recteur-de-region-academique-grand-de-lacademie-de-nancy-metz-exprime-emotion-a-suite-deces-dun-adolescent-a-golbey\/\",\"url\":\"https:\/\/vosgesinfo.fr\/epinalinfo\/2023\/01\/recteur-de-region-academique-grand-de-lacademie-de-nancy-metz-exprime-emotion-a-suite-deces-dun-adolescent-a-golbey\/\",\"name\":\"Le recteur de la r\u00e9gion acad\u00e9mique Grand Est et de l\u2019acad\u00e9mie de Nancy-Metz exprime son \u00e9motion \u00e0 la suite du d\u00e9c\u00e8s d\u2019un adolescent \u00e0 Golbey - Epinal Info\",\"isPartOf\":{\"@id\":\"https:\/\/vosgesinfo.fr\/epinalinfo\/#website\"},\"primaryImageOfPage\":{\"@id\":\"https:\/\/vosgesinfo.fr\/epinalinfo\/2023\/01\/recteur-de-region-academique-grand-de-lacademie-de-nancy-metz-exprime-emotion-a-suite-deces-dun-adolescent-a-golbey\/#primaryimage\"},\"image\":{\"@id\":\"https:\/\/vosgesinfo.fr\/epinalinfo\/2023\/01\/recteur-de-region-academique-grand-de-lacademie-de-nancy-metz-exprime-emotion-a-suite-deces-dun-adolescent-a-golbey\/#primaryimage\"},\"thumbnailUrl\":\"https:\/\/vosgesinfo.fr\/app\/uploads\/sites\/3\/2022\/10\/academie-de-nancy-metz.svg--360x255-1.png\",\"datePublished\":\"2023-01-12T15:32:27+00:00\",\"dateModified\":\"2024-02-27T16:52:54+00:00\",\"breadcrumb\":{\"@id\":\"https:\/\/vosgesinfo.fr\/epinalinfo\/2023\/01\/recteur-de-region-academique-grand-de-lacademie-de-nancy-metz-exprime-emotion-a-suite-deces-dun-adolescent-a-golbey\/#breadcrumb\"},\"inLanguage\":\"fr-FR\",\"potentialAction\":[{\"@type\":\"ReadAction\",\"target\":[\"https:\/\/vosgesinfo.fr\/epinalinfo\/2023\/01\/recteur-de-region-academique-grand-de-lacademie-de-nancy-metz-exprime-emotion-a-suite-deces-dun-adolescent-a-golbey\/\"]}]},{\"@type\":\"ImageObject\",\"inLanguage\":\"fr-FR\",\"@id\":\"https:\/\/vosgesinfo.fr\/epinalinfo\/2023\/01\/recteur-de-region-academique-grand-de-lacademie-de-nancy-metz-exprime-emotion-a-suite-deces-dun-adolescent-a-golbey\/#primaryimage\",\"url\":\"https:\/\/vosgesinfo.fr\/app\/uploads\/sites\/3\/2022\/10\/academie-de-nancy-metz.svg--360x255-1.png\",\"contentUrl\":\"https:\/\/vosgesinfo.fr\/app\/uploads\/sites\/3\/2022\/10\/academie-de-nancy-metz.svg--360x255-1.png\"},{\"@type\":\"BreadcrumbList\",\"@id\":\"https:\/\/vosgesinfo.fr\/epinalinfo\/2023\/01\/recteur-de-region-academique-grand-de-lacademie-de-nancy-metz-exprime-emotion-a-suite-deces-dun-adolescent-a-golbey\/#breadcrumb\",\"itemListElement\":[{\"@type\":\"ListItem\",\"position\":1,\"name\":\"Home\",\"item\":\"https:\/\/vosgesinfo.fr\/epinalinfo\/\"},{\"@type\":\"ListItem\",\"position\":2,\"name\":\"Le recteur de la r\u00e9gion acad\u00e9mique Grand Est et de l\u2019acad\u00e9mie de Nancy-Metz exprime son \u00e9motion \u00e0 la suite du d\u00e9c\u00e8s d\u2019un adolescent \u00e0 Golbey\"}]},{\"@type\":\"WebSite\",\"@id\":\"https:\/\/vosgesinfo.fr\/epinalinfo\/#website\",\"url\":\"https:\/\/vosgesinfo.fr\/epinalinfo\/\",\"name\":\"Epinal Info\",\"description\":\"Toute l&#039;actualit\u00e9 d&#039;\u00c9pinal\",\"publisher\":{\"@id\":\"https:\/\/vosgesinfo.fr\/epinalinfo\/#organization\"},\"alternateName\":\"Toute l'actualit\u00e9 d'\u00c9pinal\",\"potentialAction\":[{\"@type\":\"SearchAction\",\"target\":{\"@type\":\"EntryPoint\",\"urlTemplate\":\"https:\/\/vosgesinfo.fr\/epinalinfo\/?s={search_term_string}\"},\"query-input\":\"required name=search_term_string\"}],\"inLanguage\":\"fr-FR\"},{\"@type\":\"Organization\",\"@id\":\"https:\/\/vosgesinfo.fr\/epinalinfo\/#organization\",\"name\":\"Epinal Info\",\"url\":\"https:\/\/vosgesinfo.fr\/epinalinfo\/\",\"logo\":{\"@type\":\"ImageObject\",\"inLanguage\":\"fr-FR\",\"@id\":\"https:\/\/vosgesinfo.fr\/epinalinfo\/#\/schema\/logo\/image\/\",\"url\":\"https:\/\/vosgesinfo.fr\/app\/uploads\/sites\/3\/2023\/08\/logo-epinalinfos.svg\",\"contentUrl\":\"https:\/\/vosgesinfo.fr\/app\/uploads\/sites\/3\/2023\/08\/logo-epinalinfos.svg\",\"width\":1,\"height\":1,\"caption\":\"Epinal Info\"},\"image\":{\"@id\":\"https:\/\/vosgesinfo.fr\/epinalinfo\/#\/schema\/logo\/image\/\"},\"sameAs\":[\"https:\/\/www.facebook.com\/Epinalinfos\",\"https:\/\/x.com\/VosgesInfo88\",\"https:\/\/www.youtube.com\/@vosgesinfo\"]},{\"@type\":\"Person\",\"@id\":\"https:\/\/vosgesinfo.fr\/epinalinfo\/#\/schema\/person\/44f5fff67d0ae31d2770e1f7555c711d\",\"name\":\"La r\u00e9daction\",\"image\":{\"@type\":\"ImageObject\",\"inLanguage\":\"fr-FR\",\"@id\":\"https:\/\/vosgesinfo.fr\/epinalinfo\/#\/schema\/person\/image\/\",\"url\":\"https:\/\/secure.gravatar.com\/avatar\/16dedd2578b2ae59b9a3a38f046defecb4cf834aaec7bb1d03d9ba6b5e55a8d5?s=96&d=mm&r=g\",\"contentUrl\":\"https:\/\/secure.gravatar.com\/avatar\/16dedd2578b2ae59b9a3a38f046defecb4cf834aaec7bb1d03d9ba6b5e55a8d5?s=96&d=mm&r=g\",\"caption\":\"La r\u00e9daction\"},\"url\":\"https:\/\/vosgesinfo.fr\/epinalinfo\/author\/poupy\/\"}]}<\/script>\n<!-- \/ Yoast SEO plugin. -->","yoast_head_json":{"title":"Le recteur de la r\u00e9gion acad\u00e9mique Grand Est et de l\u2019acad\u00e9mie de Nancy-Metz exprime son \u00e9motion \u00e0 la suite du d\u00e9c\u00e8s d\u2019un adolescent \u00e0 Golbey - Epinal Info","robots":{"index":"index","follow":"follow","max-snippet":"max-snippet:-1","max-image-preview":"max-image-preview:large","max-video-preview":"max-video-preview:-1"},"canonical":"https:\/\/vosgesinfo.fr\/epinalinfo\/2023\/01\/recteur-de-region-academique-grand-de-lacademie-de-nancy-metz-exprime-emotion-a-suite-deces-dun-adolescent-a-golbey\/","twitter_card":"summary_large_image","twitter_title":"Le recteur de la r\u00e9gion acad\u00e9mique Grand Est et de l\u2019acad\u00e9mie de Nancy-Metz exprime son \u00e9motion \u00e0 la suite du d\u00e9c\u00e8s d\u2019un adolescent \u00e0 Golbey - Epinal Info","twitter_description":"\u00ab\u00a0Le recteur de la r\u00e9gion acad\u00e9mique Grand Est de l\u2019acad\u00e9mie de Nancy-Metz, Richard Laganier et la Directrice acad\u00e9mique des services [&hellip;]","twitter_image":"https:\/\/vosgesinfo.fr\/app\/uploads\/sites\/3\/2022\/10\/academie-de-nancy-metz.svg--360x255-1.png","twitter_creator":"@VosgesInfo88","twitter_site":"@VosgesInfo88","twitter_misc":{"\u00c9crit par":"La r\u00e9daction","Dur\u00e9e de lecture estim\u00e9e":"1 minute"},"schema":{"@context":"https:\/\/schema.org","@graph":[{"@type":"Article","@id":"https:\/\/vosgesinfo.fr\/epinalinfo\/2023\/01\/recteur-de-region-academique-grand-de-lacademie-de-nancy-metz-exprime-emotion-a-suite-deces-dun-adolescent-a-golbey\/#article","isPartOf":{"@id":"https:\/\/vosgesinfo.fr\/epinalinfo\/2023\/01\/recteur-de-region-academique-grand-de-lacademie-de-nancy-metz-exprime-emotion-a-suite-deces-dun-adolescent-a-golbey\/"},"author":{"name":"La r\u00e9daction","@id":"https:\/\/vosgesinfo.fr\/epinalinfo\/#\/schema\/person\/44f5fff67d0ae31d2770e1f7555c711d"},"headline":"Le recteur de la r\u00e9gion acad\u00e9mique Grand Est et de l\u2019acad\u00e9mie de Nancy-Metz exprime son \u00e9motion \u00e0 la suite du d\u00e9c\u00e8s d\u2019un adolescent \u00e0 Golbey","datePublished":"2023-01-12T15:32:27+00:00","dateModified":"2024-02-27T16:52:54+00:00","mainEntityOfPage":{"@id":"https:\/\/vosgesinfo.fr\/epinalinfo\/2023\/01\/recteur-de-region-academique-grand-de-lacademie-de-nancy-metz-exprime-emotion-a-suite-deces-dun-adolescent-a-golbey\/"},"wordCount":259,"commentCount":0,"publisher":{"@id":"https:\/\/vosgesinfo.fr\/epinalinfo\/#organization"},"image":{"@id":"https:\/\/vosgesinfo.fr\/epinalinfo\/2023\/01\/recteur-de-region-academique-grand-de-lacademie-de-nancy-metz-exprime-emotion-a-suite-deces-dun-adolescent-a-golbey\/#primaryimage"},"thumbnailUrl":"https:\/\/vosgesinfo.fr\/app\/uploads\/sites\/3\/2022\/10\/academie-de-nancy-metz.svg--360x255-1.png","articleSection":["A la Une","Vosges"],"inLanguage":"fr-FR","potentialAction":[{"@type":"CommentAction","name":"Comment","target":["https:\/\/vosgesinfo.fr\/epinalinfo\/2023\/01\/recteur-de-region-academique-grand-de-lacademie-de-nancy-metz-exprime-emotion-a-suite-deces-dun-adolescent-a-golbey\/#respond"]}]},{"@type":"WebPage","@id":"https:\/\/vosgesinfo.fr\/epinalinfo\/2023\/01\/recteur-de-region-academique-grand-de-lacademie-de-nancy-metz-exprime-emotion-a-suite-deces-dun-adolescent-a-golbey\/","url":"https:\/\/vosgesinfo.fr\/epinalinfo\/2023\/01\/recteur-de-region-academique-grand-de-lacademie-de-nancy-metz-exprime-emotion-a-suite-deces-dun-adolescent-a-golbey\/","name":"Le recteur de la r\u00e9gion acad\u00e9mique Grand Est et de l\u2019acad\u00e9mie de Nancy-Metz exprime son \u00e9motion \u00e0 la suite du d\u00e9c\u00e8s d\u2019un adolescent \u00e0 Golbey - Epinal Info","isPartOf":{"@id":"https:\/\/vosgesinfo.fr\/epinalinfo\/#website"},"primaryImageOfPage":{"@id":"https:\/\/vosgesinfo.fr\/epinalinfo\/2023\/01\/recteur-de-region-academique-grand-de-lacademie-de-nancy-metz-exprime-emotion-a-suite-deces-dun-adolescent-a-golbey\/#primaryimage"},"image":{"@id":"https:\/\/vosgesinfo.fr\/epinalinfo\/2023\/01\/recteur-de-region-academique-grand-de-lacademie-de-nancy-metz-exprime-emotion-a-suite-deces-dun-adolescent-a-golbey\/#primaryimage"},"thumbnailUrl":"https:\/\/vosgesinfo.fr\/app\/uploads\/sites\/3\/2022\/10\/academie-de-nancy-metz.svg--360x255-1.png","datePublished":"2023-01-12T15:32:27+00:00","dateModified":"2024-02-27T16:52:54+00:00","breadcrumb":{"@id":"https:\/\/vosgesinfo.fr\/epinalinfo\/2023\/01\/recteur-de-region-academique-grand-de-lacademie-de-nancy-metz-exprime-emotion-a-suite-deces-dun-adolescent-a-golbey\/#breadcrumb"},"inLanguage":"fr-FR","potentialAction":[{"@type":"ReadAction","target":["https:\/\/vosgesinfo.fr\/epinalinfo\/2023\/01\/recteur-de-region-academique-grand-de-lacademie-de-nancy-metz-exprime-emotion-a-suite-deces-dun-adolescent-a-golbey\/"]}]},{"@type":"ImageObject","inLanguage":"fr-FR","@id":"https:\/\/vosgesinfo.fr\/epinalinfo\/2023\/01\/recteur-de-region-academique-grand-de-lacademie-de-nancy-metz-exprime-emotion-a-suite-deces-dun-adolescent-a-golbey\/#primaryimage","url":"https:\/\/vosgesinfo.fr\/app\/uploads\/sites\/3\/2022\/10\/academie-de-nancy-metz.svg--360x255-1.png","contentUrl":"https:\/\/vosgesinfo.fr\/app\/uploads\/sites\/3\/2022\/10\/academie-de-nancy-metz.svg--360x255-1.png"},{"@type":"BreadcrumbList","@id":"https:\/\/vosgesinfo.fr\/epinalinfo\/2023\/01\/recteur-de-region-academique-grand-de-lacademie-de-nancy-metz-exprime-emotion-a-suite-deces-dun-adolescent-a-golbey\/#breadcrumb","itemListElement":[{"@type":"ListItem","position":1,"name":"Home","item":"https:\/\/vosgesinfo.fr\/epinalinfo\/"},{"@type":"ListItem","position":2,"name":"Le recteur de la r\u00e9gion acad\u00e9mique Grand Est et de l\u2019acad\u00e9mie de Nancy-Metz exprime son \u00e9motion \u00e0 la suite du d\u00e9c\u00e8s d\u2019un adolescent \u00e0 Golbey"}]},{"@type":"WebSite","@id":"https:\/\/vosgesinfo.fr\/epinalinfo\/#website","url":"https:\/\/vosgesinfo.fr\/epinalinfo\/","name":"Epinal Info","description":"Toute l&#039;actualit\u00e9 d&#039;\u00c9pinal","publisher":{"@id":"https:\/\/vosgesinfo.fr\/epinalinfo\/#organization"},"alternateName":"Toute l'actualit\u00e9 d'\u00c9pinal","potentialAction":[{"@type":"SearchAction","target":{"@type":"EntryPoint","urlTemplate":"https:\/\/vosgesinfo.fr\/epinalinfo\/?s={search_term_string}"},"query-input":"required name=search_term_string"}],"inLanguage":"fr-FR"},{"@type":"Organization","@id":"https:\/\/vosgesinfo.fr\/epinalinfo\/#organization","name":"Epinal Info","url":"https:\/\/vosgesinfo.fr\/epinalinfo\/","logo":{"@type":"ImageObject","inLanguage":"fr-FR","@id":"https:\/\/vosgesinfo.fr\/epinalinfo\/#\/schema\/logo\/image\/","url":"https:\/\/vosgesinfo.fr\/app\/uploads\/sites\/3\/2023\/08\/logo-epinalinfos.svg","contentUrl":"https:\/\/vosgesinfo.fr\/app\/uploads\/sites\/3\/2023\/08\/logo-epinalinfos.svg","width":1,"height":1,"caption":"Epinal Info"},"image":{"@id":"https:\/\/vosgesinfo.fr\/epinalinfo\/#\/schema\/logo\/image\/"},"sameAs":["https:\/\/www.facebook.com\/Epinalinfos","https:\/\/x.com\/VosgesInfo88","https:\/\/www.youtube.com\/@vosgesinfo"]},{"@type":"Person","@id":"https:\/\/vosgesinfo.fr\/epinalinfo\/#\/schema\/person\/44f5fff67d0ae31d2770e1f7555c711d","name":"La r\u00e9daction","image":{"@type":"ImageObject","inLanguage":"fr-FR","@id":"https:\/\/vosgesinfo.fr\/epinalinfo\/#\/schema\/person\/image\/","url":"https:\/\/secure.gravatar.com\/avatar\/16dedd2578b2ae59b9a3a38f046defecb4cf834aaec7bb1d03d9ba6b5e55a8d5?s=96&d=mm&r=g","contentUrl":"https:\/\/secure.gravatar.com\/avatar\/16dedd2578b2ae59b9a3a38f046defecb4cf834aaec7bb1d03d9ba6b5e55a8d5?s=96&d=mm&r=g","caption":"La r\u00e9daction"},"url":"https:\/\/vosgesinfo.fr\/epinalinfo\/author\/poupy\/"}]}},"_links":{"self":[{"href":"https:\/\/vosgesinfo.fr\/epinalinfo\/wp-json\/wp\/v2\/posts\/25745","targetHints":{"allow":["GET"]}}],"collection":[{"href":"https:\/\/vosgesinfo.fr\/epinalinfo\/wp-json\/wp\/v2\/posts"}],"about":[{"href":"https:\/\/vosgesinfo.fr\/epinalinfo\/wp-json\/wp\/v2\/types\/post"}],"author":[{"embeddable":true,"href":"https:\/\/vosgesinfo.fr\/epinalinfo\/wp-json\/wp\/v2\/users\/41"}],"replies":[{"embeddable":true,"href":"https:\/\/vosgesinfo.fr\/epinalinfo\/wp-json\/wp\/v2\/comments?post=25745"}],"version-history":[{"count":1,"href":"https:\/\/vosgesinfo.fr\/epinalinfo\/wp-json\/wp\/v2\/posts\/25745\/revisions"}],"predecessor-version":[{"id":35640,"href":"https:\/\/vosgesinfo.fr\/epinalinfo\/wp-json\/wp\/v2\/posts\/25745\/revisions\/35640"}],"wp:featuredmedia":[{"embeddable":true,"href":"https:\/\/vosgesinfo.fr\/epinalinfo\/wp-json\/wp\/v2\/media\/23011"}],"wp:attachment":[{"href":"https:\/\/vosgesinfo.fr\/epinalinfo\/wp-json\/wp\/v2\/media?parent=25745"}],"wp:term":[{"taxonomy":"category","embeddable":true,"href":"https:\/\/vosgesinfo.fr\/epinalinfo\/wp-json\/wp\/v2\/categories?post=25745"},{"taxonomy":"post_tag","embeddable":true,"href":"https:\/\/vosgesinfo.fr\/epinalinfo\/wp-json\/wp\/v2\/tags?post=25745"}],"curies":[{"name":"wp","href":"https:\/\/api.w.org\/{rel}","templated":true}]}}