{"id":25747,"date":"2023-01-12T17:07:56","date_gmt":"2023-01-12T16:07:56","guid":{"rendered":"https:\/\/vosgesinfo.fr\/epinalinfo\/2023\/01\/deces-dun-collegien-a-golbey-procureur-de-republique-ouvre-enquete-preliminaire\/"},"modified":"2024-02-27T17:52:56","modified_gmt":"2024-02-27T16:52:56","slug":"deces-dun-collegien-a-golbey-procureur-de-republique-ouvre-enquete-preliminaire","status":"publish","type":"post","link":"https:\/\/vosgesinfo.fr\/epinalinfo\/2023\/01\/deces-dun-collegien-a-golbey-procureur-de-republique-ouvre-enquete-preliminaire\/","title":{"rendered":"D\u00e9c\u00e8s d\u2019un coll\u00e9gien \u00e0 Golbey : le Procureur de la R\u00e9publique ouvre une enqu\u00eate pr\u00e9liminaire"},"content":{"rendered":"<p><a href=\"https:\/\/epinalinfos.fr\/2023\/01\/deces-dun-collegien-a-golbey-procureur-de-republique-ouvre-enquete-preliminaire\/logo_mj-605x605\/\" rel=\"attachment wp-att-213449\"><img decoding=\"async\" class=\"aligncenter size-full wp-image-213449\" src=\"https:\/\/vosgesinfo.fr\/app\/uploads\/sites\/3\/2023\/01\/logo-mj-605x605-1.png\" alt=\"logo_MJ-605x605\" width=\"605\" height=\"605\" \/><\/a>\u00ab\u00a0Le 7 janvier 2023, Lucas adolescent de 13 ans mettait fin \u00e0 ses jours au domicile familial de GOLBEY.<br \/>\nL\u2019autopsie r\u00e9alis\u00e9e le 11 janvier 2023 \u00e0 l\u2019institut m\u00e9dico-l\u00e9gal a confirm\u00e9 la th\u00e8se du suicide.<br \/>\nDans leurs auditions, ses proches d\u00e9noncent des faits d\u2019harc\u00e8lement commis par des \u00e9l\u00e8ves de son coll\u00e8ge, en raison de son homosexualit\u00e9, depuis plusieurs mois.<br \/>\nSi aucune plainte n\u2019avait \u00e9t\u00e9 d\u00e9pos\u00e9e par la famille, les faits avaient \u00e9t\u00e9 signal\u00e9s \u00e0 l\u2019\u00e9ducation nationale, qui avait re\u00e7u les mineurs.<br \/>\nAu vu de ces \u00e9l\u00e9ments, j\u2019ai ouvert une enqu\u00eate pr\u00e9liminaire pour harc\u00e8lement commis sur mineur de moins de quinze ans, confi\u00e9e au commissariat de police d\u2019EPINAL.<br \/>\nLes investigations se poursuivent pour \u00e9tablir la r\u00e9alit\u00e9 des faits d\u00e9nonc\u00e9s et le lien de causalit\u00e9 avec le suicide.\u00a0\u00bb<\/p>\n","protected":false},"excerpt":{"rendered":"<p>\u00ab\u00a0Le 7 janvier 2023, Lucas adolescent de 13 ans mettait fin \u00e0 ses jours au domicile familial de GOLBEY. L\u2019autopsie [&hellip;]<\/p>\n","protected":false},"author":41,"featured_media":25746,"comment_status":"open","ping_status":"open","sticky":false,"template":"","format":"standard","meta":{"footnotes":""},"categories":[22,5],"tags":[],"class_list":["post-25747","post","type-post","status-publish","format-standard","has-post-thumbnail","hentry","category-a-la-une","category-vosges"],"acf":[],"yoast_head":"<!-- This site is optimized with the Yoast SEO plugin v22.5 - https:\/\/yoast.com\/wordpress\/plugins\/seo\/ -->\n<title>D\u00e9c\u00e8s d\u2019un coll\u00e9gien \u00e0 Golbey : le Procureur de la R\u00e9publique ouvre une enqu\u00eate pr\u00e9liminaire - Epinal Info<\/title>\n<meta name=\"robots\" content=\"index, follow, max-snippet:-1, max-image-preview:large, max-video-preview:-1\" \/>\n<link rel=\"canonical\" href=\"https:\/\/vosgesinfo.fr\/epinalinfo\/2023\/01\/deces-dun-collegien-a-golbey-procureur-de-republique-ouvre-enquete-preliminaire\/\" \/>\n<meta name=\"twitter:card\" content=\"summary_large_image\" \/>\n<meta name=\"twitter:title\" content=\"D\u00e9c\u00e8s d\u2019un coll\u00e9gien \u00e0 Golbey : le Procureur de la R\u00e9publique ouvre une enqu\u00eate pr\u00e9liminaire - Epinal Info\" \/>\n<meta name=\"twitter:description\" content=\"\u00ab\u00a0Le 7 janvier 2023, Lucas adolescent de 13 ans mettait fin \u00e0 ses jours au domicile familial de GOLBEY. L\u2019autopsie [&hellip;]\" \/>\n<meta name=\"twitter:image\" content=\"https:\/\/vosgesinfo.fr\/app\/uploads\/sites\/3\/2023\/01\/logo-mj-605x605-1.png\" \/>\n<meta name=\"twitter:creator\" content=\"@VosgesInfo88\" \/>\n<meta name=\"twitter:site\" content=\"@VosgesInfo88\" \/>\n<meta name=\"twitter:label1\" content=\"\u00c9crit par\" \/>\n\t<meta name=\"twitter:data1\" content=\"La r\u00e9daction\" \/>\n\t<meta name=\"twitter:label2\" content=\"Dur\u00e9e de lecture estim\u00e9e\" \/>\n\t<meta name=\"twitter:data2\" content=\"1 minute\" \/>\n<script type=\"application\/ld+json\" class=\"yoast-schema-graph\">{\"@context\":\"https:\/\/schema.org\",\"@graph\":[{\"@type\":\"Article\",\"@id\":\"https:\/\/vosgesinfo.fr\/epinalinfo\/2023\/01\/deces-dun-collegien-a-golbey-procureur-de-republique-ouvre-enquete-preliminaire\/#article\",\"isPartOf\":{\"@id\":\"https:\/\/vosgesinfo.fr\/epinalinfo\/2023\/01\/deces-dun-collegien-a-golbey-procureur-de-republique-ouvre-enquete-preliminaire\/\"},\"author\":{\"name\":\"La r\u00e9daction\",\"@id\":\"https:\/\/vosgesinfo.fr\/epinalinfo\/#\/schema\/person\/44f5fff67d0ae31d2770e1f7555c711d\"},\"headline\":\"D\u00e9c\u00e8s d\u2019un coll\u00e9gien \u00e0 Golbey : le Procureur de la R\u00e9publique ouvre une enqu\u00eate pr\u00e9liminaire\",\"datePublished\":\"2023-01-12T16:07:56+00:00\",\"dateModified\":\"2024-02-27T16:52:56+00:00\",\"mainEntityOfPage\":{\"@id\":\"https:\/\/vosgesinfo.fr\/epinalinfo\/2023\/01\/deces-dun-collegien-a-golbey-procureur-de-republique-ouvre-enquete-preliminaire\/\"},\"wordCount\":165,\"commentCount\":0,\"publisher\":{\"@id\":\"https:\/\/vosgesinfo.fr\/epinalinfo\/#organization\"},\"image\":{\"@id\":\"https:\/\/vosgesinfo.fr\/epinalinfo\/2023\/01\/deces-dun-collegien-a-golbey-procureur-de-republique-ouvre-enquete-preliminaire\/#primaryimage\"},\"thumbnailUrl\":\"https:\/\/vosgesinfo.fr\/app\/uploads\/sites\/3\/2023\/01\/logo-mj-605x605-1.png\",\"articleSection\":[\"A la Une\",\"Vosges\"],\"inLanguage\":\"fr-FR\",\"potentialAction\":[{\"@type\":\"CommentAction\",\"name\":\"Comment\",\"target\":[\"https:\/\/vosgesinfo.fr\/epinalinfo\/2023\/01\/deces-dun-collegien-a-golbey-procureur-de-republique-ouvre-enquete-preliminaire\/#respond\"]}]},{\"@type\":\"WebPage\",\"@id\":\"https:\/\/vosgesinfo.fr\/epinalinfo\/2023\/01\/deces-dun-collegien-a-golbey-procureur-de-republique-ouvre-enquete-preliminaire\/\",\"url\":\"https:\/\/vosgesinfo.fr\/epinalinfo\/2023\/01\/deces-dun-collegien-a-golbey-procureur-de-republique-ouvre-enquete-preliminaire\/\",\"name\":\"D\u00e9c\u00e8s d\u2019un coll\u00e9gien \u00e0 Golbey : le Procureur de la R\u00e9publique ouvre une enqu\u00eate pr\u00e9liminaire - Epinal Info\",\"isPartOf\":{\"@id\":\"https:\/\/vosgesinfo.fr\/epinalinfo\/#website\"},\"primaryImageOfPage\":{\"@id\":\"https:\/\/vosgesinfo.fr\/epinalinfo\/2023\/01\/deces-dun-collegien-a-golbey-procureur-de-republique-ouvre-enquete-preliminaire\/#primaryimage\"},\"image\":{\"@id\":\"https:\/\/vosgesinfo.fr\/epinalinfo\/2023\/01\/deces-dun-collegien-a-golbey-procureur-de-republique-ouvre-enquete-preliminaire\/#primaryimage\"},\"thumbnailUrl\":\"https:\/\/vosgesinfo.fr\/app\/uploads\/sites\/3\/2023\/01\/logo-mj-605x605-1.png\",\"datePublished\":\"2023-01-12T16:07:56+00:00\",\"dateModified\":\"2024-02-27T16:52:56+00:00\",\"breadcrumb\":{\"@id\":\"https:\/\/vosgesinfo.fr\/epinalinfo\/2023\/01\/deces-dun-collegien-a-golbey-procureur-de-republique-ouvre-enquete-preliminaire\/#breadcrumb\"},\"inLanguage\":\"fr-FR\",\"potentialAction\":[{\"@type\":\"ReadAction\",\"target\":[\"https:\/\/vosgesinfo.fr\/epinalinfo\/2023\/01\/deces-dun-collegien-a-golbey-procureur-de-republique-ouvre-enquete-preliminaire\/\"]}]},{\"@type\":\"ImageObject\",\"inLanguage\":\"fr-FR\",\"@id\":\"https:\/\/vosgesinfo.fr\/epinalinfo\/2023\/01\/deces-dun-collegien-a-golbey-procureur-de-republique-ouvre-enquete-preliminaire\/#primaryimage\",\"url\":\"https:\/\/vosgesinfo.fr\/app\/uploads\/sites\/3\/2023\/01\/logo-mj-605x605-1.png\",\"contentUrl\":\"https:\/\/vosgesinfo.fr\/app\/uploads\/sites\/3\/2023\/01\/logo-mj-605x605-1.png\"},{\"@type\":\"BreadcrumbList\",\"@id\":\"https:\/\/vosgesinfo.fr\/epinalinfo\/2023\/01\/deces-dun-collegien-a-golbey-procureur-de-republique-ouvre-enquete-preliminaire\/#breadcrumb\",\"itemListElement\":[{\"@type\":\"ListItem\",\"position\":1,\"name\":\"Home\",\"item\":\"https:\/\/vosgesinfo.fr\/epinalinfo\/\"},{\"@type\":\"ListItem\",\"position\":2,\"name\":\"D\u00e9c\u00e8s d\u2019un coll\u00e9gien \u00e0 Golbey : le Procureur de la R\u00e9publique ouvre une enqu\u00eate pr\u00e9liminaire\"}]},{\"@type\":\"WebSite\",\"@id\":\"https:\/\/vosgesinfo.fr\/epinalinfo\/#website\",\"url\":\"https:\/\/vosgesinfo.fr\/epinalinfo\/\",\"name\":\"Epinal Info\",\"description\":\"Toute l&#039;actualit\u00e9 d&#039;\u00c9pinal\",\"publisher\":{\"@id\":\"https:\/\/vosgesinfo.fr\/epinalinfo\/#organization\"},\"alternateName\":\"Toute l'actualit\u00e9 d'\u00c9pinal\",\"potentialAction\":[{\"@type\":\"SearchAction\",\"target\":{\"@type\":\"EntryPoint\",\"urlTemplate\":\"https:\/\/vosgesinfo.fr\/epinalinfo\/?s={search_term_string}\"},\"query-input\":\"required name=search_term_string\"}],\"inLanguage\":\"fr-FR\"},{\"@type\":\"Organization\",\"@id\":\"https:\/\/vosgesinfo.fr\/epinalinfo\/#organization\",\"name\":\"Epinal Info\",\"url\":\"https:\/\/vosgesinfo.fr\/epinalinfo\/\",\"logo\":{\"@type\":\"ImageObject\",\"inLanguage\":\"fr-FR\",\"@id\":\"https:\/\/vosgesinfo.fr\/epinalinfo\/#\/schema\/logo\/image\/\",\"url\":\"https:\/\/vosgesinfo.fr\/app\/uploads\/sites\/3\/2023\/08\/logo-epinalinfos.svg\",\"contentUrl\":\"https:\/\/vosgesinfo.fr\/app\/uploads\/sites\/3\/2023\/08\/logo-epinalinfos.svg\",\"width\":1,\"height\":1,\"caption\":\"Epinal Info\"},\"image\":{\"@id\":\"https:\/\/vosgesinfo.fr\/epinalinfo\/#\/schema\/logo\/image\/\"},\"sameAs\":[\"https:\/\/www.facebook.com\/Epinalinfos\",\"https:\/\/x.com\/VosgesInfo88\",\"https:\/\/www.youtube.com\/@vosgesinfo\"]},{\"@type\":\"Person\",\"@id\":\"https:\/\/vosgesinfo.fr\/epinalinfo\/#\/schema\/person\/44f5fff67d0ae31d2770e1f7555c711d\",\"name\":\"La r\u00e9daction\",\"image\":{\"@type\":\"ImageObject\",\"inLanguage\":\"fr-FR\",\"@id\":\"https:\/\/vosgesinfo.fr\/epinalinfo\/#\/schema\/person\/image\/\",\"url\":\"https:\/\/secure.gravatar.com\/avatar\/16dedd2578b2ae59b9a3a38f046defecb4cf834aaec7bb1d03d9ba6b5e55a8d5?s=96&d=mm&r=g\",\"contentUrl\":\"https:\/\/secure.gravatar.com\/avatar\/16dedd2578b2ae59b9a3a38f046defecb4cf834aaec7bb1d03d9ba6b5e55a8d5?s=96&d=mm&r=g\",\"caption\":\"La r\u00e9daction\"},\"url\":\"https:\/\/vosgesinfo.fr\/epinalinfo\/author\/poupy\/\"}]}<\/script>\n<!-- \/ Yoast SEO plugin. -->","yoast_head_json":{"title":"D\u00e9c\u00e8s d\u2019un coll\u00e9gien \u00e0 Golbey : le Procureur de la R\u00e9publique ouvre une enqu\u00eate pr\u00e9liminaire - Epinal Info","robots":{"index":"index","follow":"follow","max-snippet":"max-snippet:-1","max-image-preview":"max-image-preview:large","max-video-preview":"max-video-preview:-1"},"canonical":"https:\/\/vosgesinfo.fr\/epinalinfo\/2023\/01\/deces-dun-collegien-a-golbey-procureur-de-republique-ouvre-enquete-preliminaire\/","twitter_card":"summary_large_image","twitter_title":"D\u00e9c\u00e8s d\u2019un coll\u00e9gien \u00e0 Golbey : le Procureur de la R\u00e9publique ouvre une enqu\u00eate pr\u00e9liminaire - Epinal Info","twitter_description":"\u00ab\u00a0Le 7 janvier 2023, Lucas adolescent de 13 ans mettait fin \u00e0 ses jours au domicile familial de GOLBEY. L\u2019autopsie [&hellip;]","twitter_image":"https:\/\/vosgesinfo.fr\/app\/uploads\/sites\/3\/2023\/01\/logo-mj-605x605-1.png","twitter_creator":"@VosgesInfo88","twitter_site":"@VosgesInfo88","twitter_misc":{"\u00c9crit par":"La r\u00e9daction","Dur\u00e9e de lecture estim\u00e9e":"1 minute"},"schema":{"@context":"https:\/\/schema.org","@graph":[{"@type":"Article","@id":"https:\/\/vosgesinfo.fr\/epinalinfo\/2023\/01\/deces-dun-collegien-a-golbey-procureur-de-republique-ouvre-enquete-preliminaire\/#article","isPartOf":{"@id":"https:\/\/vosgesinfo.fr\/epinalinfo\/2023\/01\/deces-dun-collegien-a-golbey-procureur-de-republique-ouvre-enquete-preliminaire\/"},"author":{"name":"La r\u00e9daction","@id":"https:\/\/vosgesinfo.fr\/epinalinfo\/#\/schema\/person\/44f5fff67d0ae31d2770e1f7555c711d"},"headline":"D\u00e9c\u00e8s d\u2019un coll\u00e9gien \u00e0 Golbey : le Procureur de la R\u00e9publique ouvre une enqu\u00eate pr\u00e9liminaire","datePublished":"2023-01-12T16:07:56+00:00","dateModified":"2024-02-27T16:52:56+00:00","mainEntityOfPage":{"@id":"https:\/\/vosgesinfo.fr\/epinalinfo\/2023\/01\/deces-dun-collegien-a-golbey-procureur-de-republique-ouvre-enquete-preliminaire\/"},"wordCount":165,"commentCount":0,"publisher":{"@id":"https:\/\/vosgesinfo.fr\/epinalinfo\/#organization"},"image":{"@id":"https:\/\/vosgesinfo.fr\/epinalinfo\/2023\/01\/deces-dun-collegien-a-golbey-procureur-de-republique-ouvre-enquete-preliminaire\/#primaryimage"},"thumbnailUrl":"https:\/\/vosgesinfo.fr\/app\/uploads\/sites\/3\/2023\/01\/logo-mj-605x605-1.png","articleSection":["A la Une","Vosges"],"inLanguage":"fr-FR","potentialAction":[{"@type":"CommentAction","name":"Comment","target":["https:\/\/vosgesinfo.fr\/epinalinfo\/2023\/01\/deces-dun-collegien-a-golbey-procureur-de-republique-ouvre-enquete-preliminaire\/#respond"]}]},{"@type":"WebPage","@id":"https:\/\/vosgesinfo.fr\/epinalinfo\/2023\/01\/deces-dun-collegien-a-golbey-procureur-de-republique-ouvre-enquete-preliminaire\/","url":"https:\/\/vosgesinfo.fr\/epinalinfo\/2023\/01\/deces-dun-collegien-a-golbey-procureur-de-republique-ouvre-enquete-preliminaire\/","name":"D\u00e9c\u00e8s d\u2019un coll\u00e9gien \u00e0 Golbey : le Procureur de la R\u00e9publique ouvre une enqu\u00eate pr\u00e9liminaire - Epinal Info","isPartOf":{"@id":"https:\/\/vosgesinfo.fr\/epinalinfo\/#website"},"primaryImageOfPage":{"@id":"https:\/\/vosgesinfo.fr\/epinalinfo\/2023\/01\/deces-dun-collegien-a-golbey-procureur-de-republique-ouvre-enquete-preliminaire\/#primaryimage"},"image":{"@id":"https:\/\/vosgesinfo.fr\/epinalinfo\/2023\/01\/deces-dun-collegien-a-golbey-procureur-de-republique-ouvre-enquete-preliminaire\/#primaryimage"},"thumbnailUrl":"https:\/\/vosgesinfo.fr\/app\/uploads\/sites\/3\/2023\/01\/logo-mj-605x605-1.png","datePublished":"2023-01-12T16:07:56+00:00","dateModified":"2024-02-27T16:52:56+00:00","breadcrumb":{"@id":"https:\/\/vosgesinfo.fr\/epinalinfo\/2023\/01\/deces-dun-collegien-a-golbey-procureur-de-republique-ouvre-enquete-preliminaire\/#breadcrumb"},"inLanguage":"fr-FR","potentialAction":[{"@type":"ReadAction","target":["https:\/\/vosgesinfo.fr\/epinalinfo\/2023\/01\/deces-dun-collegien-a-golbey-procureur-de-republique-ouvre-enquete-preliminaire\/"]}]},{"@type":"ImageObject","inLanguage":"fr-FR","@id":"https:\/\/vosgesinfo.fr\/epinalinfo\/2023\/01\/deces-dun-collegien-a-golbey-procureur-de-republique-ouvre-enquete-preliminaire\/#primaryimage","url":"https:\/\/vosgesinfo.fr\/app\/uploads\/sites\/3\/2023\/01\/logo-mj-605x605-1.png","contentUrl":"https:\/\/vosgesinfo.fr\/app\/uploads\/sites\/3\/2023\/01\/logo-mj-605x605-1.png"},{"@type":"BreadcrumbList","@id":"https:\/\/vosgesinfo.fr\/epinalinfo\/2023\/01\/deces-dun-collegien-a-golbey-procureur-de-republique-ouvre-enquete-preliminaire\/#breadcrumb","itemListElement":[{"@type":"ListItem","position":1,"name":"Home","item":"https:\/\/vosgesinfo.fr\/epinalinfo\/"},{"@type":"ListItem","position":2,"name":"D\u00e9c\u00e8s d\u2019un coll\u00e9gien \u00e0 Golbey : le Procureur de la R\u00e9publique ouvre une enqu\u00eate pr\u00e9liminaire"}]},{"@type":"WebSite","@id":"https:\/\/vosgesinfo.fr\/epinalinfo\/#website","url":"https:\/\/vosgesinfo.fr\/epinalinfo\/","name":"Epinal Info","description":"Toute l&#039;actualit\u00e9 d&#039;\u00c9pinal","publisher":{"@id":"https:\/\/vosgesinfo.fr\/epinalinfo\/#organization"},"alternateName":"Toute l'actualit\u00e9 d'\u00c9pinal","potentialAction":[{"@type":"SearchAction","target":{"@type":"EntryPoint","urlTemplate":"https:\/\/vosgesinfo.fr\/epinalinfo\/?s={search_term_string}"},"query-input":"required name=search_term_string"}],"inLanguage":"fr-FR"},{"@type":"Organization","@id":"https:\/\/vosgesinfo.fr\/epinalinfo\/#organization","name":"Epinal Info","url":"https:\/\/vosgesinfo.fr\/epinalinfo\/","logo":{"@type":"ImageObject","inLanguage":"fr-FR","@id":"https:\/\/vosgesinfo.fr\/epinalinfo\/#\/schema\/logo\/image\/","url":"https:\/\/vosgesinfo.fr\/app\/uploads\/sites\/3\/2023\/08\/logo-epinalinfos.svg","contentUrl":"https:\/\/vosgesinfo.fr\/app\/uploads\/sites\/3\/2023\/08\/logo-epinalinfos.svg","width":1,"height":1,"caption":"Epinal Info"},"image":{"@id":"https:\/\/vosgesinfo.fr\/epinalinfo\/#\/schema\/logo\/image\/"},"sameAs":["https:\/\/www.facebook.com\/Epinalinfos","https:\/\/x.com\/VosgesInfo88","https:\/\/www.youtube.com\/@vosgesinfo"]},{"@type":"Person","@id":"https:\/\/vosgesinfo.fr\/epinalinfo\/#\/schema\/person\/44f5fff67d0ae31d2770e1f7555c711d","name":"La r\u00e9daction","image":{"@type":"ImageObject","inLanguage":"fr-FR","@id":"https:\/\/vosgesinfo.fr\/epinalinfo\/#\/schema\/person\/image\/","url":"https:\/\/secure.gravatar.com\/avatar\/16dedd2578b2ae59b9a3a38f046defecb4cf834aaec7bb1d03d9ba6b5e55a8d5?s=96&d=mm&r=g","contentUrl":"https:\/\/secure.gravatar.com\/avatar\/16dedd2578b2ae59b9a3a38f046defecb4cf834aaec7bb1d03d9ba6b5e55a8d5?s=96&d=mm&r=g","caption":"La r\u00e9daction"},"url":"https:\/\/vosgesinfo.fr\/epinalinfo\/author\/poupy\/"}]}},"_links":{"self":[{"href":"https:\/\/vosgesinfo.fr\/epinalinfo\/wp-json\/wp\/v2\/posts\/25747","targetHints":{"allow":["GET"]}}],"collection":[{"href":"https:\/\/vosgesinfo.fr\/epinalinfo\/wp-json\/wp\/v2\/posts"}],"about":[{"href":"https:\/\/vosgesinfo.fr\/epinalinfo\/wp-json\/wp\/v2\/types\/post"}],"author":[{"embeddable":true,"href":"https:\/\/vosgesinfo.fr\/epinalinfo\/wp-json\/wp\/v2\/users\/41"}],"replies":[{"embeddable":true,"href":"https:\/\/vosgesinfo.fr\/epinalinfo\/wp-json\/wp\/v2\/comments?post=25747"}],"version-history":[{"count":1,"href":"https:\/\/vosgesinfo.fr\/epinalinfo\/wp-json\/wp\/v2\/posts\/25747\/revisions"}],"predecessor-version":[{"id":35641,"href":"https:\/\/vosgesinfo.fr\/epinalinfo\/wp-json\/wp\/v2\/posts\/25747\/revisions\/35641"}],"wp:featuredmedia":[{"embeddable":true,"href":"https:\/\/vosgesinfo.fr\/epinalinfo\/wp-json\/wp\/v2\/media\/25746"}],"wp:attachment":[{"href":"https:\/\/vosgesinfo.fr\/epinalinfo\/wp-json\/wp\/v2\/media?parent=25747"}],"wp:term":[{"taxonomy":"category","embeddable":true,"href":"https:\/\/vosgesinfo.fr\/epinalinfo\/wp-json\/wp\/v2\/categories?post=25747"},{"taxonomy":"post_tag","embeddable":true,"href":"https:\/\/vosgesinfo.fr\/epinalinfo\/wp-json\/wp\/v2\/tags?post=25747"}],"curies":[{"name":"wp","href":"https:\/\/api.w.org\/{rel}","templated":true}]}}