{"id":26854,"date":"2023-02-15T08:58:01","date_gmt":"2023-02-15T07:58:01","guid":{"rendered":"https:\/\/vosgesinfo.fr\/epinalinfo\/2023\/02\/trafic-de-drogue-immeuble-quartier-de-justice-2-hommes-arretes\/"},"modified":"2024-02-27T17:55:43","modified_gmt":"2024-02-27T16:55:43","slug":"trafic-de-drogue-immeuble-quartier-de-justice-2-hommes-arretes","status":"publish","type":"post","link":"https:\/\/vosgesinfo.fr\/epinalinfo\/2023\/02\/trafic-de-drogue-immeuble-quartier-de-justice-2-hommes-arretes\/","title":{"rendered":"Trafic de drogue dans un immeuble du quartier de la Justice : 2 hommes arr\u00eat\u00e9s"},"content":{"rendered":"<h2><span style=\"font-size: 14pt;\"><strong><a href=\"https:\/\/epinalinfos.fr\/wp-content\/uploads\/2022\/10\/police.jpg\"><img decoding=\"async\" class=\"aligncenter size-large wp-image-209457\" src=\"https:\/\/vosgesinfo.fr\/app\/uploads\/sites\/3\/2023\/05\/police.jpg\" alt=\"police\" width=\"800\" height=\"450\" \/><\/a>Un trafic de stup\u00e9fiants a \u00e9t\u00e9 d\u00e9mantel\u00e9 \u00e0 Epinal, dans un immeuble situ\u00e9 dans le quartier de la Justice. Deux hommes ont \u00e9t\u00e9 arr\u00eat\u00e9s.\u00a0<\/strong> <\/span><\/h2>\n<p>Ce lundi 13 f\u00e9vrier, une op\u00e9ration antidrogue a \u00e9t\u00e9 men\u00e9e par la police nationale d\u2019\u00c9pinal. Deux hommes ont \u00e9t\u00e9 arr\u00eat\u00e9s pour trafic de drogue. Les deux jeunes hommes de 19 et 18 ans ont \u00e9t\u00e9 interpel\u00e9s dans un immeuble, situ\u00e9 au niveau de l&rsquo;Avenue Henri Sellier, sur le plateau de la Justice.<\/p>\n<p>Les deux dealeurs ont \u00e9t\u00e9 plac\u00e9s en garde \u00e0 vue ce lundi.<\/p>\n","protected":false},"excerpt":{"rendered":"<p>Un trafic de stup\u00e9fiants a \u00e9t\u00e9 d\u00e9mantel\u00e9 \u00e0 Epinal, dans un immeuble situ\u00e9 dans le quartier de la Justice. Deux [&hellip;]<\/p>\n","protected":false},"author":52,"featured_media":231,"comment_status":"open","ping_status":"open","sticky":false,"template":"","format":"standard","meta":{"footnotes":""},"categories":[22,24,6],"tags":[70,268,3381,4164],"class_list":["post-26854","post","type-post","status-publish","format-standard","has-post-thumbnail","hentry","category-a-la-une","category-epinal","category-faits-divers","tag-epinal","tag-faits-divers","tag-quartier-de-la-justice","tag-trafic-de-drogue"],"acf":[],"yoast_head":"<!-- This site is optimized with the Yoast SEO plugin v22.5 - https:\/\/yoast.com\/wordpress\/plugins\/seo\/ -->\n<title>Trafic de drogue dans un immeuble du quartier de la Justice : 2 hommes arr\u00eat\u00e9s - Epinal Info<\/title>\n<meta name=\"robots\" content=\"index, follow, max-snippet:-1, max-image-preview:large, max-video-preview:-1\" \/>\n<link rel=\"canonical\" href=\"https:\/\/vosgesinfo.fr\/epinalinfo\/2023\/02\/trafic-de-drogue-immeuble-quartier-de-justice-2-hommes-arretes\/\" \/>\n<meta name=\"twitter:card\" content=\"summary_large_image\" \/>\n<meta name=\"twitter:title\" content=\"Trafic de drogue dans un immeuble du quartier de la Justice : 2 hommes arr\u00eat\u00e9s - Epinal Info\" \/>\n<meta name=\"twitter:description\" content=\"Un trafic de stup\u00e9fiants a \u00e9t\u00e9 d\u00e9mantel\u00e9 \u00e0 Epinal, dans un immeuble situ\u00e9 dans le quartier de la Justice. Deux [&hellip;]\" \/>\n<meta name=\"twitter:image\" content=\"https:\/\/vosgesinfo.fr\/app\/uploads\/sites\/3\/2023\/05\/police.jpg\" \/>\n<meta name=\"twitter:creator\" content=\"@VosgesInfo88\" \/>\n<meta name=\"twitter:site\" content=\"@VosgesInfo88\" \/>\n<meta name=\"twitter:label1\" content=\"\u00c9crit par\" \/>\n\t<meta name=\"twitter:data1\" content=\"C.K.\" \/>\n<script type=\"application\/ld+json\" class=\"yoast-schema-graph\">{\"@context\":\"https:\/\/schema.org\",\"@graph\":[{\"@type\":\"Article\",\"@id\":\"https:\/\/vosgesinfo.fr\/epinalinfo\/2023\/02\/trafic-de-drogue-immeuble-quartier-de-justice-2-hommes-arretes\/#article\",\"isPartOf\":{\"@id\":\"https:\/\/vosgesinfo.fr\/epinalinfo\/2023\/02\/trafic-de-drogue-immeuble-quartier-de-justice-2-hommes-arretes\/\"},\"author\":{\"name\":\"C.K.\",\"@id\":\"https:\/\/vosgesinfo.fr\/epinalinfo\/#\/schema\/person\/6f9a650eeea99d969b6c4ab78fccbe81\"},\"headline\":\"Trafic de drogue dans un immeuble du quartier de la Justice : 2 hommes arr\u00eat\u00e9s\",\"datePublished\":\"2023-02-15T07:58:01+00:00\",\"dateModified\":\"2024-02-27T16:55:43+00:00\",\"mainEntityOfPage\":{\"@id\":\"https:\/\/vosgesinfo.fr\/epinalinfo\/2023\/02\/trafic-de-drogue-immeuble-quartier-de-justice-2-hommes-arretes\/\"},\"wordCount\":111,\"commentCount\":0,\"publisher\":{\"@id\":\"https:\/\/vosgesinfo.fr\/epinalinfo\/#organization\"},\"image\":{\"@id\":\"https:\/\/vosgesinfo.fr\/epinalinfo\/2023\/02\/trafic-de-drogue-immeuble-quartier-de-justice-2-hommes-arretes\/#primaryimage\"},\"thumbnailUrl\":\"https:\/\/vosgesinfo.fr\/app\/uploads\/sites\/3\/2023\/05\/police.jpg\",\"keywords\":[\"Epinal\",\"Faits divers\",\"quartier de la Justice\",\"trafic de drogue\"],\"articleSection\":[\"A la Une\",\"Epinal\",\"Faits-divers\"],\"inLanguage\":\"fr-FR\",\"potentialAction\":[{\"@type\":\"CommentAction\",\"name\":\"Comment\",\"target\":[\"https:\/\/vosgesinfo.fr\/epinalinfo\/2023\/02\/trafic-de-drogue-immeuble-quartier-de-justice-2-hommes-arretes\/#respond\"]}]},{\"@type\":\"WebPage\",\"@id\":\"https:\/\/vosgesinfo.fr\/epinalinfo\/2023\/02\/trafic-de-drogue-immeuble-quartier-de-justice-2-hommes-arretes\/\",\"url\":\"https:\/\/vosgesinfo.fr\/epinalinfo\/2023\/02\/trafic-de-drogue-immeuble-quartier-de-justice-2-hommes-arretes\/\",\"name\":\"Trafic de drogue dans un immeuble du quartier de la Justice : 2 hommes arr\u00eat\u00e9s - Epinal Info\",\"isPartOf\":{\"@id\":\"https:\/\/vosgesinfo.fr\/epinalinfo\/#website\"},\"primaryImageOfPage\":{\"@id\":\"https:\/\/vosgesinfo.fr\/epinalinfo\/2023\/02\/trafic-de-drogue-immeuble-quartier-de-justice-2-hommes-arretes\/#primaryimage\"},\"image\":{\"@id\":\"https:\/\/vosgesinfo.fr\/epinalinfo\/2023\/02\/trafic-de-drogue-immeuble-quartier-de-justice-2-hommes-arretes\/#primaryimage\"},\"thumbnailUrl\":\"https:\/\/vosgesinfo.fr\/app\/uploads\/sites\/3\/2023\/05\/police.jpg\",\"datePublished\":\"2023-02-15T07:58:01+00:00\",\"dateModified\":\"2024-02-27T16:55:43+00:00\",\"breadcrumb\":{\"@id\":\"https:\/\/vosgesinfo.fr\/epinalinfo\/2023\/02\/trafic-de-drogue-immeuble-quartier-de-justice-2-hommes-arretes\/#breadcrumb\"},\"inLanguage\":\"fr-FR\",\"potentialAction\":[{\"@type\":\"ReadAction\",\"target\":[\"https:\/\/vosgesinfo.fr\/epinalinfo\/2023\/02\/trafic-de-drogue-immeuble-quartier-de-justice-2-hommes-arretes\/\"]}]},{\"@type\":\"ImageObject\",\"inLanguage\":\"fr-FR\",\"@id\":\"https:\/\/vosgesinfo.fr\/epinalinfo\/2023\/02\/trafic-de-drogue-immeuble-quartier-de-justice-2-hommes-arretes\/#primaryimage\",\"url\":\"https:\/\/vosgesinfo.fr\/app\/uploads\/sites\/3\/2023\/05\/police.jpg\",\"contentUrl\":\"https:\/\/vosgesinfo.fr\/app\/uploads\/sites\/3\/2023\/05\/police.jpg\",\"width\":800,\"height\":534},{\"@type\":\"BreadcrumbList\",\"@id\":\"https:\/\/vosgesinfo.fr\/epinalinfo\/2023\/02\/trafic-de-drogue-immeuble-quartier-de-justice-2-hommes-arretes\/#breadcrumb\",\"itemListElement\":[{\"@type\":\"ListItem\",\"position\":1,\"name\":\"Home\",\"item\":\"https:\/\/vosgesinfo.fr\/epinalinfo\/\"},{\"@type\":\"ListItem\",\"position\":2,\"name\":\"Trafic de drogue dans un immeuble du quartier de la Justice : 2 hommes arr\u00eat\u00e9s\"}]},{\"@type\":\"WebSite\",\"@id\":\"https:\/\/vosgesinfo.fr\/epinalinfo\/#website\",\"url\":\"https:\/\/vosgesinfo.fr\/epinalinfo\/\",\"name\":\"Epinal Info\",\"description\":\"Toute l&#039;actualit\u00e9 d&#039;\u00c9pinal\",\"publisher\":{\"@id\":\"https:\/\/vosgesinfo.fr\/epinalinfo\/#organization\"},\"alternateName\":\"Toute l'actualit\u00e9 d'\u00c9pinal\",\"potentialAction\":[{\"@type\":\"SearchAction\",\"target\":{\"@type\":\"EntryPoint\",\"urlTemplate\":\"https:\/\/vosgesinfo.fr\/epinalinfo\/?s={search_term_string}\"},\"query-input\":\"required name=search_term_string\"}],\"inLanguage\":\"fr-FR\"},{\"@type\":\"Organization\",\"@id\":\"https:\/\/vosgesinfo.fr\/epinalinfo\/#organization\",\"name\":\"Epinal Info\",\"url\":\"https:\/\/vosgesinfo.fr\/epinalinfo\/\",\"logo\":{\"@type\":\"ImageObject\",\"inLanguage\":\"fr-FR\",\"@id\":\"https:\/\/vosgesinfo.fr\/epinalinfo\/#\/schema\/logo\/image\/\",\"url\":\"https:\/\/vosgesinfo.fr\/app\/uploads\/sites\/3\/2023\/08\/logo-epinalinfos.svg\",\"contentUrl\":\"https:\/\/vosgesinfo.fr\/app\/uploads\/sites\/3\/2023\/08\/logo-epinalinfos.svg\",\"width\":1,\"height\":1,\"caption\":\"Epinal Info\"},\"image\":{\"@id\":\"https:\/\/vosgesinfo.fr\/epinalinfo\/#\/schema\/logo\/image\/\"},\"sameAs\":[\"https:\/\/www.facebook.com\/Epinalinfos\",\"https:\/\/x.com\/VosgesInfo88\",\"https:\/\/www.youtube.com\/@vosgesinfo\"]},{\"@type\":\"Person\",\"@id\":\"https:\/\/vosgesinfo.fr\/epinalinfo\/#\/schema\/person\/6f9a650eeea99d969b6c4ab78fccbe81\",\"name\":\"C.K.\",\"image\":{\"@type\":\"ImageObject\",\"inLanguage\":\"fr-FR\",\"@id\":\"https:\/\/vosgesinfo.fr\/epinalinfo\/#\/schema\/person\/image\/\",\"url\":\"https:\/\/secure.gravatar.com\/avatar\/48e3fc7f8421ba8942be6b74a2b7f014ca39bc00dece156b7a8e098ae7dc87bf?s=96&d=mm&r=g\",\"contentUrl\":\"https:\/\/secure.gravatar.com\/avatar\/48e3fc7f8421ba8942be6b74a2b7f014ca39bc00dece156b7a8e098ae7dc87bf?s=96&d=mm&r=g\",\"caption\":\"C.K.\"},\"url\":\"https:\/\/vosgesinfo.fr\/epinalinfo\/author\/celia-k-n\/\"}]}<\/script>\n<!-- \/ Yoast SEO plugin. -->","yoast_head_json":{"title":"Trafic de drogue dans un immeuble du quartier de la Justice : 2 hommes arr\u00eat\u00e9s - Epinal Info","robots":{"index":"index","follow":"follow","max-snippet":"max-snippet:-1","max-image-preview":"max-image-preview:large","max-video-preview":"max-video-preview:-1"},"canonical":"https:\/\/vosgesinfo.fr\/epinalinfo\/2023\/02\/trafic-de-drogue-immeuble-quartier-de-justice-2-hommes-arretes\/","twitter_card":"summary_large_image","twitter_title":"Trafic de drogue dans un immeuble du quartier de la Justice : 2 hommes arr\u00eat\u00e9s - Epinal Info","twitter_description":"Un trafic de stup\u00e9fiants a \u00e9t\u00e9 d\u00e9mantel\u00e9 \u00e0 Epinal, dans un immeuble situ\u00e9 dans le quartier de la Justice. Deux [&hellip;]","twitter_image":"https:\/\/vosgesinfo.fr\/app\/uploads\/sites\/3\/2023\/05\/police.jpg","twitter_creator":"@VosgesInfo88","twitter_site":"@VosgesInfo88","twitter_misc":{"\u00c9crit par":"C.K."},"schema":{"@context":"https:\/\/schema.org","@graph":[{"@type":"Article","@id":"https:\/\/vosgesinfo.fr\/epinalinfo\/2023\/02\/trafic-de-drogue-immeuble-quartier-de-justice-2-hommes-arretes\/#article","isPartOf":{"@id":"https:\/\/vosgesinfo.fr\/epinalinfo\/2023\/02\/trafic-de-drogue-immeuble-quartier-de-justice-2-hommes-arretes\/"},"author":{"name":"C.K.","@id":"https:\/\/vosgesinfo.fr\/epinalinfo\/#\/schema\/person\/6f9a650eeea99d969b6c4ab78fccbe81"},"headline":"Trafic de drogue dans un immeuble du quartier de la Justice : 2 hommes arr\u00eat\u00e9s","datePublished":"2023-02-15T07:58:01+00:00","dateModified":"2024-02-27T16:55:43+00:00","mainEntityOfPage":{"@id":"https:\/\/vosgesinfo.fr\/epinalinfo\/2023\/02\/trafic-de-drogue-immeuble-quartier-de-justice-2-hommes-arretes\/"},"wordCount":111,"commentCount":0,"publisher":{"@id":"https:\/\/vosgesinfo.fr\/epinalinfo\/#organization"},"image":{"@id":"https:\/\/vosgesinfo.fr\/epinalinfo\/2023\/02\/trafic-de-drogue-immeuble-quartier-de-justice-2-hommes-arretes\/#primaryimage"},"thumbnailUrl":"https:\/\/vosgesinfo.fr\/app\/uploads\/sites\/3\/2023\/05\/police.jpg","keywords":["Epinal","Faits divers","quartier de la Justice","trafic de drogue"],"articleSection":["A la Une","Epinal","Faits-divers"],"inLanguage":"fr-FR","potentialAction":[{"@type":"CommentAction","name":"Comment","target":["https:\/\/vosgesinfo.fr\/epinalinfo\/2023\/02\/trafic-de-drogue-immeuble-quartier-de-justice-2-hommes-arretes\/#respond"]}]},{"@type":"WebPage","@id":"https:\/\/vosgesinfo.fr\/epinalinfo\/2023\/02\/trafic-de-drogue-immeuble-quartier-de-justice-2-hommes-arretes\/","url":"https:\/\/vosgesinfo.fr\/epinalinfo\/2023\/02\/trafic-de-drogue-immeuble-quartier-de-justice-2-hommes-arretes\/","name":"Trafic de drogue dans un immeuble du quartier de la Justice : 2 hommes arr\u00eat\u00e9s - Epinal Info","isPartOf":{"@id":"https:\/\/vosgesinfo.fr\/epinalinfo\/#website"},"primaryImageOfPage":{"@id":"https:\/\/vosgesinfo.fr\/epinalinfo\/2023\/02\/trafic-de-drogue-immeuble-quartier-de-justice-2-hommes-arretes\/#primaryimage"},"image":{"@id":"https:\/\/vosgesinfo.fr\/epinalinfo\/2023\/02\/trafic-de-drogue-immeuble-quartier-de-justice-2-hommes-arretes\/#primaryimage"},"thumbnailUrl":"https:\/\/vosgesinfo.fr\/app\/uploads\/sites\/3\/2023\/05\/police.jpg","datePublished":"2023-02-15T07:58:01+00:00","dateModified":"2024-02-27T16:55:43+00:00","breadcrumb":{"@id":"https:\/\/vosgesinfo.fr\/epinalinfo\/2023\/02\/trafic-de-drogue-immeuble-quartier-de-justice-2-hommes-arretes\/#breadcrumb"},"inLanguage":"fr-FR","potentialAction":[{"@type":"ReadAction","target":["https:\/\/vosgesinfo.fr\/epinalinfo\/2023\/02\/trafic-de-drogue-immeuble-quartier-de-justice-2-hommes-arretes\/"]}]},{"@type":"ImageObject","inLanguage":"fr-FR","@id":"https:\/\/vosgesinfo.fr\/epinalinfo\/2023\/02\/trafic-de-drogue-immeuble-quartier-de-justice-2-hommes-arretes\/#primaryimage","url":"https:\/\/vosgesinfo.fr\/app\/uploads\/sites\/3\/2023\/05\/police.jpg","contentUrl":"https:\/\/vosgesinfo.fr\/app\/uploads\/sites\/3\/2023\/05\/police.jpg","width":800,"height":534},{"@type":"BreadcrumbList","@id":"https:\/\/vosgesinfo.fr\/epinalinfo\/2023\/02\/trafic-de-drogue-immeuble-quartier-de-justice-2-hommes-arretes\/#breadcrumb","itemListElement":[{"@type":"ListItem","position":1,"name":"Home","item":"https:\/\/vosgesinfo.fr\/epinalinfo\/"},{"@type":"ListItem","position":2,"name":"Trafic de drogue dans un immeuble du quartier de la Justice : 2 hommes arr\u00eat\u00e9s"}]},{"@type":"WebSite","@id":"https:\/\/vosgesinfo.fr\/epinalinfo\/#website","url":"https:\/\/vosgesinfo.fr\/epinalinfo\/","name":"Epinal Info","description":"Toute l&#039;actualit\u00e9 d&#039;\u00c9pinal","publisher":{"@id":"https:\/\/vosgesinfo.fr\/epinalinfo\/#organization"},"alternateName":"Toute l'actualit\u00e9 d'\u00c9pinal","potentialAction":[{"@type":"SearchAction","target":{"@type":"EntryPoint","urlTemplate":"https:\/\/vosgesinfo.fr\/epinalinfo\/?s={search_term_string}"},"query-input":"required name=search_term_string"}],"inLanguage":"fr-FR"},{"@type":"Organization","@id":"https:\/\/vosgesinfo.fr\/epinalinfo\/#organization","name":"Epinal Info","url":"https:\/\/vosgesinfo.fr\/epinalinfo\/","logo":{"@type":"ImageObject","inLanguage":"fr-FR","@id":"https:\/\/vosgesinfo.fr\/epinalinfo\/#\/schema\/logo\/image\/","url":"https:\/\/vosgesinfo.fr\/app\/uploads\/sites\/3\/2023\/08\/logo-epinalinfos.svg","contentUrl":"https:\/\/vosgesinfo.fr\/app\/uploads\/sites\/3\/2023\/08\/logo-epinalinfos.svg","width":1,"height":1,"caption":"Epinal Info"},"image":{"@id":"https:\/\/vosgesinfo.fr\/epinalinfo\/#\/schema\/logo\/image\/"},"sameAs":["https:\/\/www.facebook.com\/Epinalinfos","https:\/\/x.com\/VosgesInfo88","https:\/\/www.youtube.com\/@vosgesinfo"]},{"@type":"Person","@id":"https:\/\/vosgesinfo.fr\/epinalinfo\/#\/schema\/person\/6f9a650eeea99d969b6c4ab78fccbe81","name":"C.K.","image":{"@type":"ImageObject","inLanguage":"fr-FR","@id":"https:\/\/vosgesinfo.fr\/epinalinfo\/#\/schema\/person\/image\/","url":"https:\/\/secure.gravatar.com\/avatar\/48e3fc7f8421ba8942be6b74a2b7f014ca39bc00dece156b7a8e098ae7dc87bf?s=96&d=mm&r=g","contentUrl":"https:\/\/secure.gravatar.com\/avatar\/48e3fc7f8421ba8942be6b74a2b7f014ca39bc00dece156b7a8e098ae7dc87bf?s=96&d=mm&r=g","caption":"C.K."},"url":"https:\/\/vosgesinfo.fr\/epinalinfo\/author\/celia-k-n\/"}]}},"_links":{"self":[{"href":"https:\/\/vosgesinfo.fr\/epinalinfo\/wp-json\/wp\/v2\/posts\/26854","targetHints":{"allow":["GET"]}}],"collection":[{"href":"https:\/\/vosgesinfo.fr\/epinalinfo\/wp-json\/wp\/v2\/posts"}],"about":[{"href":"https:\/\/vosgesinfo.fr\/epinalinfo\/wp-json\/wp\/v2\/types\/post"}],"author":[{"embeddable":true,"href":"https:\/\/vosgesinfo.fr\/epinalinfo\/wp-json\/wp\/v2\/users\/52"}],"replies":[{"embeddable":true,"href":"https:\/\/vosgesinfo.fr\/epinalinfo\/wp-json\/wp\/v2\/comments?post=26854"}],"version-history":[{"count":1,"href":"https:\/\/vosgesinfo.fr\/epinalinfo\/wp-json\/wp\/v2\/posts\/26854\/revisions"}],"predecessor-version":[{"id":35927,"href":"https:\/\/vosgesinfo.fr\/epinalinfo\/wp-json\/wp\/v2\/posts\/26854\/revisions\/35927"}],"wp:featuredmedia":[{"embeddable":true,"href":"https:\/\/vosgesinfo.fr\/epinalinfo\/wp-json\/wp\/v2\/media\/231"}],"wp:attachment":[{"href":"https:\/\/vosgesinfo.fr\/epinalinfo\/wp-json\/wp\/v2\/media?parent=26854"}],"wp:term":[{"taxonomy":"category","embeddable":true,"href":"https:\/\/vosgesinfo.fr\/epinalinfo\/wp-json\/wp\/v2\/categories?post=26854"},{"taxonomy":"post_tag","embeddable":true,"href":"https:\/\/vosgesinfo.fr\/epinalinfo\/wp-json\/wp\/v2\/tags?post=26854"}],"curies":[{"name":"wp","href":"https:\/\/api.w.org\/{rel}","templated":true}]}}