{"id":26876,"date":"2023-02-15T12:43:17","date_gmt":"2023-02-15T11:43:17","guid":{"rendered":"https:\/\/vosgesinfo.fr\/epinalinfo\/2023\/02\/debut-travaux-parvis-mudaac-pont-sadi-carnot-place-foch\/"},"modified":"2024-02-27T17:55:49","modified_gmt":"2024-02-27T16:55:49","slug":"debut-travaux-parvis-mudaac-pont-sadi-carnot-place-foch","status":"publish","type":"post","link":"https:\/\/vosgesinfo.fr\/epinalinfo\/2023\/02\/debut-travaux-parvis-mudaac-pont-sadi-carnot-place-foch\/","title":{"rendered":"D\u00e9but des travaux sur le parvis du MUDAAC, le pont Sadi Carnot et la place Foch"},"content":{"rendered":"<h2><span style=\"font-size: 14pt;\"><strong><a href=\"https:\/\/epinalinfos.fr\/wp-content\/uploads\/2023\/02\/travaux-musee-departemental-epinal.jpg\"><img decoding=\"async\" class=\"aligncenter size-large wp-image-215125\" src=\"https:\/\/vosgesinfo.fr\/app\/uploads\/sites\/3\/2023\/02\/travaux-musee-departemental-epinal.jpg\" alt=\"travaux-musee-departemental-epinal\" width=\"800\" height=\"600\" \/><\/a>Les travaux de r\u00e9habilitation du parvis du Mus\u00e9e d\u00e9partemental d\u2019art ancien et contemporain (MUDAAC) et de ses alentours, ont d\u00e9but\u00e9 ce lundi 13 f\u00e9vrier, \u00e0 \u00c9pinal.<\/strong> <\/span><\/h2>\n<p><a href=\"https:\/\/epinalinfos.fr\/wp-content\/uploads\/2023\/02\/travaux-musee-Epinal3.jpg\"><img decoding=\"async\" class=\"alignleft size-medium wp-image-215126\" src=\"https:\/\/vosgesinfo.fr\/app\/uploads\/sites\/3\/2023\/02\/travaux-musee-epinal3.jpg\" alt=\"travaux-musee-Epinal3\" width=\"340\" height=\"255\" \/><\/a>Pendant plusieurs mois, le parvis du Mus\u00e9e d\u00e9partemental d&rsquo;art ancien et contemporaine (MUDAAC), la rue Georges de la Tour situ\u00e9e juste devant (jusqu&rsquo;\u00e0 l&rsquo;\u00e9t\u00e9 2023), le pont Sadi Carnot (jusqu&rsquo;au mois de juin 2023) et la place Foch devant la pr\u00e9fecture (f\u00e9vrier 2023) feront l&rsquo;objet d&rsquo;importants travaux.<\/p>\n<p>La premi\u00e8re phase des travaux pr\u00e9alables concerne le renouvellement des r\u00e9seaux humides, l\u2019assainissement et la cr\u00e9ation d\u2019un r\u00e9seau de chauffage urbain pour alimenter le mus\u00e9e. Cette premi\u00e8re phase a d\u00e9but\u00e9 le 13 f\u00e9vrier et se poursuivra jusque fin mai.<\/p>\n<p>Puis la r\u00e9fection du parvis et de la rue Georges de la Tour durera 9 mois.\u00a0 Le v\u00e9g\u00e9tal sera mis en avant,\u00a0 des arbres plant\u00e9s et le jardin accueillera des esp\u00e8ces adapt\u00e9es aux conditions locales.<\/p>\n<h3>La vitesse de circulation sera r\u00e9duite \u00e0 20 km\/h<\/h3>\n<p>Les trottoirs seront \u00e9largis, l\u2019\u00e9clairage renouvel\u00e9, la circulation sera r\u00e9duite \u00e0 20 km\/h et trois places d\u2019arr\u00eat minute\u00a0 au lieu de deux seront install\u00e9es devant les commerces.<\/p>\n<p>En attendant la fin des travaux, les automobilistes sont invit\u00e9s \u00e0 la plus grande prudence et \u00e0 \u00e9viter ce secteur.<\/p>\n\n","protected":false},"excerpt":{"rendered":"<p>Les travaux de r\u00e9habilitation du parvis du Mus\u00e9e d\u00e9partemental d\u2019art ancien et contemporain (MUDAAC) et de ses alentours, ont d\u00e9but\u00e9 [&hellip;]<\/p>\n","protected":false},"author":52,"featured_media":26877,"comment_status":"open","ping_status":"open","sticky":false,"template":"","format":"standard","meta":{"footnotes":""},"categories":[22,24],"tags":[70,5328,5329,578,263],"class_list":["post-26876","post","type-post","status-publish","format-standard","has-post-thumbnail","hentry","category-a-la-une","category-epinal","tag-epinal","tag-le-pont-sadi-carnot","tag-parvis-du-mudaac","tag-place-foch","tag-travaux"],"acf":[],"yoast_head":"<!-- This site is optimized with the Yoast SEO plugin v22.5 - https:\/\/yoast.com\/wordpress\/plugins\/seo\/ -->\n<title>D\u00e9but des travaux sur le parvis du MUDAAC, le pont Sadi Carnot et la place Foch - Epinal Info<\/title>\n<meta name=\"robots\" content=\"index, follow, max-snippet:-1, max-image-preview:large, max-video-preview:-1\" \/>\n<link rel=\"canonical\" href=\"https:\/\/vosgesinfo.fr\/epinalinfo\/2023\/02\/debut-travaux-parvis-mudaac-pont-sadi-carnot-place-foch\/\" \/>\n<meta name=\"twitter:card\" content=\"summary_large_image\" \/>\n<meta name=\"twitter:title\" content=\"D\u00e9but des travaux sur le parvis du MUDAAC, le pont Sadi Carnot et la place Foch - Epinal Info\" \/>\n<meta name=\"twitter:description\" content=\"Les travaux de r\u00e9habilitation du parvis du Mus\u00e9e d\u00e9partemental d\u2019art ancien et contemporain (MUDAAC) et de ses alentours, ont d\u00e9but\u00e9 [&hellip;]\" \/>\n<meta name=\"twitter:image\" content=\"https:\/\/vosgesinfo.fr\/app\/uploads\/sites\/3\/2023\/02\/travaux-musee-departemental-epinal.jpg\" \/>\n<meta name=\"twitter:creator\" content=\"@VosgesInfo88\" \/>\n<meta name=\"twitter:site\" content=\"@VosgesInfo88\" \/>\n<meta name=\"twitter:label1\" content=\"\u00c9crit par\" \/>\n\t<meta name=\"twitter:data1\" content=\"C.K.\" \/>\n\t<meta name=\"twitter:label2\" content=\"Dur\u00e9e de lecture estim\u00e9e\" \/>\n\t<meta name=\"twitter:data2\" content=\"1 minute\" \/>\n<script type=\"application\/ld+json\" class=\"yoast-schema-graph\">{\"@context\":\"https:\/\/schema.org\",\"@graph\":[{\"@type\":\"Article\",\"@id\":\"https:\/\/vosgesinfo.fr\/epinalinfo\/2023\/02\/debut-travaux-parvis-mudaac-pont-sadi-carnot-place-foch\/#article\",\"isPartOf\":{\"@id\":\"https:\/\/vosgesinfo.fr\/epinalinfo\/2023\/02\/debut-travaux-parvis-mudaac-pont-sadi-carnot-place-foch\/\"},\"author\":{\"name\":\"C.K.\",\"@id\":\"https:\/\/vosgesinfo.fr\/epinalinfo\/#\/schema\/person\/6f9a650eeea99d969b6c4ab78fccbe81\"},\"headline\":\"D\u00e9but des travaux sur le parvis du MUDAAC, le pont Sadi Carnot et la place Foch\",\"datePublished\":\"2023-02-15T11:43:17+00:00\",\"dateModified\":\"2024-02-27T16:55:49+00:00\",\"mainEntityOfPage\":{\"@id\":\"https:\/\/vosgesinfo.fr\/epinalinfo\/2023\/02\/debut-travaux-parvis-mudaac-pont-sadi-carnot-place-foch\/\"},\"wordCount\":259,\"commentCount\":0,\"publisher\":{\"@id\":\"https:\/\/vosgesinfo.fr\/epinalinfo\/#organization\"},\"image\":{\"@id\":\"https:\/\/vosgesinfo.fr\/epinalinfo\/2023\/02\/debut-travaux-parvis-mudaac-pont-sadi-carnot-place-foch\/#primaryimage\"},\"thumbnailUrl\":\"https:\/\/vosgesinfo.fr\/app\/uploads\/sites\/3\/2023\/02\/travaux-musee-departemental-epinal.jpg\",\"keywords\":[\"Epinal\",\"le pont Sadi Carnot\",\"parvis du MUDAAC\",\"Place Foch\",\"Travaux\"],\"articleSection\":[\"A la Une\",\"Epinal\"],\"inLanguage\":\"fr-FR\",\"potentialAction\":[{\"@type\":\"CommentAction\",\"name\":\"Comment\",\"target\":[\"https:\/\/vosgesinfo.fr\/epinalinfo\/2023\/02\/debut-travaux-parvis-mudaac-pont-sadi-carnot-place-foch\/#respond\"]}]},{\"@type\":\"WebPage\",\"@id\":\"https:\/\/vosgesinfo.fr\/epinalinfo\/2023\/02\/debut-travaux-parvis-mudaac-pont-sadi-carnot-place-foch\/\",\"url\":\"https:\/\/vosgesinfo.fr\/epinalinfo\/2023\/02\/debut-travaux-parvis-mudaac-pont-sadi-carnot-place-foch\/\",\"name\":\"D\u00e9but des travaux sur le parvis du MUDAAC, le pont Sadi Carnot et la place Foch - Epinal Info\",\"isPartOf\":{\"@id\":\"https:\/\/vosgesinfo.fr\/epinalinfo\/#website\"},\"primaryImageOfPage\":{\"@id\":\"https:\/\/vosgesinfo.fr\/epinalinfo\/2023\/02\/debut-travaux-parvis-mudaac-pont-sadi-carnot-place-foch\/#primaryimage\"},\"image\":{\"@id\":\"https:\/\/vosgesinfo.fr\/epinalinfo\/2023\/02\/debut-travaux-parvis-mudaac-pont-sadi-carnot-place-foch\/#primaryimage\"},\"thumbnailUrl\":\"https:\/\/vosgesinfo.fr\/app\/uploads\/sites\/3\/2023\/02\/travaux-musee-departemental-epinal.jpg\",\"datePublished\":\"2023-02-15T11:43:17+00:00\",\"dateModified\":\"2024-02-27T16:55:49+00:00\",\"breadcrumb\":{\"@id\":\"https:\/\/vosgesinfo.fr\/epinalinfo\/2023\/02\/debut-travaux-parvis-mudaac-pont-sadi-carnot-place-foch\/#breadcrumb\"},\"inLanguage\":\"fr-FR\",\"potentialAction\":[{\"@type\":\"ReadAction\",\"target\":[\"https:\/\/vosgesinfo.fr\/epinalinfo\/2023\/02\/debut-travaux-parvis-mudaac-pont-sadi-carnot-place-foch\/\"]}]},{\"@type\":\"ImageObject\",\"inLanguage\":\"fr-FR\",\"@id\":\"https:\/\/vosgesinfo.fr\/epinalinfo\/2023\/02\/debut-travaux-parvis-mudaac-pont-sadi-carnot-place-foch\/#primaryimage\",\"url\":\"https:\/\/vosgesinfo.fr\/app\/uploads\/sites\/3\/2023\/02\/travaux-musee-departemental-epinal.jpg\",\"contentUrl\":\"https:\/\/vosgesinfo.fr\/app\/uploads\/sites\/3\/2023\/02\/travaux-musee-departemental-epinal.jpg\"},{\"@type\":\"BreadcrumbList\",\"@id\":\"https:\/\/vosgesinfo.fr\/epinalinfo\/2023\/02\/debut-travaux-parvis-mudaac-pont-sadi-carnot-place-foch\/#breadcrumb\",\"itemListElement\":[{\"@type\":\"ListItem\",\"position\":1,\"name\":\"Home\",\"item\":\"https:\/\/vosgesinfo.fr\/epinalinfo\/\"},{\"@type\":\"ListItem\",\"position\":2,\"name\":\"D\u00e9but des travaux sur le parvis du MUDAAC, le pont Sadi Carnot et la place Foch\"}]},{\"@type\":\"WebSite\",\"@id\":\"https:\/\/vosgesinfo.fr\/epinalinfo\/#website\",\"url\":\"https:\/\/vosgesinfo.fr\/epinalinfo\/\",\"name\":\"Epinal Info\",\"description\":\"Toute l&#039;actualit\u00e9 d&#039;\u00c9pinal\",\"publisher\":{\"@id\":\"https:\/\/vosgesinfo.fr\/epinalinfo\/#organization\"},\"alternateName\":\"Toute l'actualit\u00e9 d'\u00c9pinal\",\"potentialAction\":[{\"@type\":\"SearchAction\",\"target\":{\"@type\":\"EntryPoint\",\"urlTemplate\":\"https:\/\/vosgesinfo.fr\/epinalinfo\/?s={search_term_string}\"},\"query-input\":\"required name=search_term_string\"}],\"inLanguage\":\"fr-FR\"},{\"@type\":\"Organization\",\"@id\":\"https:\/\/vosgesinfo.fr\/epinalinfo\/#organization\",\"name\":\"Epinal Info\",\"url\":\"https:\/\/vosgesinfo.fr\/epinalinfo\/\",\"logo\":{\"@type\":\"ImageObject\",\"inLanguage\":\"fr-FR\",\"@id\":\"https:\/\/vosgesinfo.fr\/epinalinfo\/#\/schema\/logo\/image\/\",\"url\":\"https:\/\/vosgesinfo.fr\/app\/uploads\/sites\/3\/2023\/08\/logo-epinalinfos.svg\",\"contentUrl\":\"https:\/\/vosgesinfo.fr\/app\/uploads\/sites\/3\/2023\/08\/logo-epinalinfos.svg\",\"width\":1,\"height\":1,\"caption\":\"Epinal Info\"},\"image\":{\"@id\":\"https:\/\/vosgesinfo.fr\/epinalinfo\/#\/schema\/logo\/image\/\"},\"sameAs\":[\"https:\/\/www.facebook.com\/Epinalinfos\",\"https:\/\/x.com\/VosgesInfo88\",\"https:\/\/www.youtube.com\/@vosgesinfo\"]},{\"@type\":\"Person\",\"@id\":\"https:\/\/vosgesinfo.fr\/epinalinfo\/#\/schema\/person\/6f9a650eeea99d969b6c4ab78fccbe81\",\"name\":\"C.K.\",\"image\":{\"@type\":\"ImageObject\",\"inLanguage\":\"fr-FR\",\"@id\":\"https:\/\/vosgesinfo.fr\/epinalinfo\/#\/schema\/person\/image\/\",\"url\":\"https:\/\/secure.gravatar.com\/avatar\/48e3fc7f8421ba8942be6b74a2b7f014ca39bc00dece156b7a8e098ae7dc87bf?s=96&d=mm&r=g\",\"contentUrl\":\"https:\/\/secure.gravatar.com\/avatar\/48e3fc7f8421ba8942be6b74a2b7f014ca39bc00dece156b7a8e098ae7dc87bf?s=96&d=mm&r=g\",\"caption\":\"C.K.\"},\"url\":\"https:\/\/vosgesinfo.fr\/epinalinfo\/author\/celia-k-n\/\"}]}<\/script>\n<!-- \/ Yoast SEO plugin. -->","yoast_head_json":{"title":"D\u00e9but des travaux sur le parvis du MUDAAC, le pont Sadi Carnot et la place Foch - Epinal Info","robots":{"index":"index","follow":"follow","max-snippet":"max-snippet:-1","max-image-preview":"max-image-preview:large","max-video-preview":"max-video-preview:-1"},"canonical":"https:\/\/vosgesinfo.fr\/epinalinfo\/2023\/02\/debut-travaux-parvis-mudaac-pont-sadi-carnot-place-foch\/","twitter_card":"summary_large_image","twitter_title":"D\u00e9but des travaux sur le parvis du MUDAAC, le pont Sadi Carnot et la place Foch - Epinal Info","twitter_description":"Les travaux de r\u00e9habilitation du parvis du Mus\u00e9e d\u00e9partemental d\u2019art ancien et contemporain (MUDAAC) et de ses alentours, ont d\u00e9but\u00e9 [&hellip;]","twitter_image":"https:\/\/vosgesinfo.fr\/app\/uploads\/sites\/3\/2023\/02\/travaux-musee-departemental-epinal.jpg","twitter_creator":"@VosgesInfo88","twitter_site":"@VosgesInfo88","twitter_misc":{"\u00c9crit par":"C.K.","Dur\u00e9e de lecture estim\u00e9e":"1 minute"},"schema":{"@context":"https:\/\/schema.org","@graph":[{"@type":"Article","@id":"https:\/\/vosgesinfo.fr\/epinalinfo\/2023\/02\/debut-travaux-parvis-mudaac-pont-sadi-carnot-place-foch\/#article","isPartOf":{"@id":"https:\/\/vosgesinfo.fr\/epinalinfo\/2023\/02\/debut-travaux-parvis-mudaac-pont-sadi-carnot-place-foch\/"},"author":{"name":"C.K.","@id":"https:\/\/vosgesinfo.fr\/epinalinfo\/#\/schema\/person\/6f9a650eeea99d969b6c4ab78fccbe81"},"headline":"D\u00e9but des travaux sur le parvis du MUDAAC, le pont Sadi Carnot et la place Foch","datePublished":"2023-02-15T11:43:17+00:00","dateModified":"2024-02-27T16:55:49+00:00","mainEntityOfPage":{"@id":"https:\/\/vosgesinfo.fr\/epinalinfo\/2023\/02\/debut-travaux-parvis-mudaac-pont-sadi-carnot-place-foch\/"},"wordCount":259,"commentCount":0,"publisher":{"@id":"https:\/\/vosgesinfo.fr\/epinalinfo\/#organization"},"image":{"@id":"https:\/\/vosgesinfo.fr\/epinalinfo\/2023\/02\/debut-travaux-parvis-mudaac-pont-sadi-carnot-place-foch\/#primaryimage"},"thumbnailUrl":"https:\/\/vosgesinfo.fr\/app\/uploads\/sites\/3\/2023\/02\/travaux-musee-departemental-epinal.jpg","keywords":["Epinal","le pont Sadi Carnot","parvis du MUDAAC","Place Foch","Travaux"],"articleSection":["A la Une","Epinal"],"inLanguage":"fr-FR","potentialAction":[{"@type":"CommentAction","name":"Comment","target":["https:\/\/vosgesinfo.fr\/epinalinfo\/2023\/02\/debut-travaux-parvis-mudaac-pont-sadi-carnot-place-foch\/#respond"]}]},{"@type":"WebPage","@id":"https:\/\/vosgesinfo.fr\/epinalinfo\/2023\/02\/debut-travaux-parvis-mudaac-pont-sadi-carnot-place-foch\/","url":"https:\/\/vosgesinfo.fr\/epinalinfo\/2023\/02\/debut-travaux-parvis-mudaac-pont-sadi-carnot-place-foch\/","name":"D\u00e9but des travaux sur le parvis du MUDAAC, le pont Sadi Carnot et la place Foch - Epinal Info","isPartOf":{"@id":"https:\/\/vosgesinfo.fr\/epinalinfo\/#website"},"primaryImageOfPage":{"@id":"https:\/\/vosgesinfo.fr\/epinalinfo\/2023\/02\/debut-travaux-parvis-mudaac-pont-sadi-carnot-place-foch\/#primaryimage"},"image":{"@id":"https:\/\/vosgesinfo.fr\/epinalinfo\/2023\/02\/debut-travaux-parvis-mudaac-pont-sadi-carnot-place-foch\/#primaryimage"},"thumbnailUrl":"https:\/\/vosgesinfo.fr\/app\/uploads\/sites\/3\/2023\/02\/travaux-musee-departemental-epinal.jpg","datePublished":"2023-02-15T11:43:17+00:00","dateModified":"2024-02-27T16:55:49+00:00","breadcrumb":{"@id":"https:\/\/vosgesinfo.fr\/epinalinfo\/2023\/02\/debut-travaux-parvis-mudaac-pont-sadi-carnot-place-foch\/#breadcrumb"},"inLanguage":"fr-FR","potentialAction":[{"@type":"ReadAction","target":["https:\/\/vosgesinfo.fr\/epinalinfo\/2023\/02\/debut-travaux-parvis-mudaac-pont-sadi-carnot-place-foch\/"]}]},{"@type":"ImageObject","inLanguage":"fr-FR","@id":"https:\/\/vosgesinfo.fr\/epinalinfo\/2023\/02\/debut-travaux-parvis-mudaac-pont-sadi-carnot-place-foch\/#primaryimage","url":"https:\/\/vosgesinfo.fr\/app\/uploads\/sites\/3\/2023\/02\/travaux-musee-departemental-epinal.jpg","contentUrl":"https:\/\/vosgesinfo.fr\/app\/uploads\/sites\/3\/2023\/02\/travaux-musee-departemental-epinal.jpg"},{"@type":"BreadcrumbList","@id":"https:\/\/vosgesinfo.fr\/epinalinfo\/2023\/02\/debut-travaux-parvis-mudaac-pont-sadi-carnot-place-foch\/#breadcrumb","itemListElement":[{"@type":"ListItem","position":1,"name":"Home","item":"https:\/\/vosgesinfo.fr\/epinalinfo\/"},{"@type":"ListItem","position":2,"name":"D\u00e9but des travaux sur le parvis du MUDAAC, le pont Sadi Carnot et la place Foch"}]},{"@type":"WebSite","@id":"https:\/\/vosgesinfo.fr\/epinalinfo\/#website","url":"https:\/\/vosgesinfo.fr\/epinalinfo\/","name":"Epinal Info","description":"Toute l&#039;actualit\u00e9 d&#039;\u00c9pinal","publisher":{"@id":"https:\/\/vosgesinfo.fr\/epinalinfo\/#organization"},"alternateName":"Toute l'actualit\u00e9 d'\u00c9pinal","potentialAction":[{"@type":"SearchAction","target":{"@type":"EntryPoint","urlTemplate":"https:\/\/vosgesinfo.fr\/epinalinfo\/?s={search_term_string}"},"query-input":"required name=search_term_string"}],"inLanguage":"fr-FR"},{"@type":"Organization","@id":"https:\/\/vosgesinfo.fr\/epinalinfo\/#organization","name":"Epinal Info","url":"https:\/\/vosgesinfo.fr\/epinalinfo\/","logo":{"@type":"ImageObject","inLanguage":"fr-FR","@id":"https:\/\/vosgesinfo.fr\/epinalinfo\/#\/schema\/logo\/image\/","url":"https:\/\/vosgesinfo.fr\/app\/uploads\/sites\/3\/2023\/08\/logo-epinalinfos.svg","contentUrl":"https:\/\/vosgesinfo.fr\/app\/uploads\/sites\/3\/2023\/08\/logo-epinalinfos.svg","width":1,"height":1,"caption":"Epinal Info"},"image":{"@id":"https:\/\/vosgesinfo.fr\/epinalinfo\/#\/schema\/logo\/image\/"},"sameAs":["https:\/\/www.facebook.com\/Epinalinfos","https:\/\/x.com\/VosgesInfo88","https:\/\/www.youtube.com\/@vosgesinfo"]},{"@type":"Person","@id":"https:\/\/vosgesinfo.fr\/epinalinfo\/#\/schema\/person\/6f9a650eeea99d969b6c4ab78fccbe81","name":"C.K.","image":{"@type":"ImageObject","inLanguage":"fr-FR","@id":"https:\/\/vosgesinfo.fr\/epinalinfo\/#\/schema\/person\/image\/","url":"https:\/\/secure.gravatar.com\/avatar\/48e3fc7f8421ba8942be6b74a2b7f014ca39bc00dece156b7a8e098ae7dc87bf?s=96&d=mm&r=g","contentUrl":"https:\/\/secure.gravatar.com\/avatar\/48e3fc7f8421ba8942be6b74a2b7f014ca39bc00dece156b7a8e098ae7dc87bf?s=96&d=mm&r=g","caption":"C.K."},"url":"https:\/\/vosgesinfo.fr\/epinalinfo\/author\/celia-k-n\/"}]}},"_links":{"self":[{"href":"https:\/\/vosgesinfo.fr\/epinalinfo\/wp-json\/wp\/v2\/posts\/26876","targetHints":{"allow":["GET"]}}],"collection":[{"href":"https:\/\/vosgesinfo.fr\/epinalinfo\/wp-json\/wp\/v2\/posts"}],"about":[{"href":"https:\/\/vosgesinfo.fr\/epinalinfo\/wp-json\/wp\/v2\/types\/post"}],"author":[{"embeddable":true,"href":"https:\/\/vosgesinfo.fr\/epinalinfo\/wp-json\/wp\/v2\/users\/52"}],"replies":[{"embeddable":true,"href":"https:\/\/vosgesinfo.fr\/epinalinfo\/wp-json\/wp\/v2\/comments?post=26876"}],"version-history":[{"count":1,"href":"https:\/\/vosgesinfo.fr\/epinalinfo\/wp-json\/wp\/v2\/posts\/26876\/revisions"}],"predecessor-version":[{"id":35937,"href":"https:\/\/vosgesinfo.fr\/epinalinfo\/wp-json\/wp\/v2\/posts\/26876\/revisions\/35937"}],"wp:featuredmedia":[{"embeddable":true,"href":"https:\/\/vosgesinfo.fr\/epinalinfo\/wp-json\/wp\/v2\/media\/26877"}],"wp:attachment":[{"href":"https:\/\/vosgesinfo.fr\/epinalinfo\/wp-json\/wp\/v2\/media?parent=26876"}],"wp:term":[{"taxonomy":"category","embeddable":true,"href":"https:\/\/vosgesinfo.fr\/epinalinfo\/wp-json\/wp\/v2\/categories?post=26876"},{"taxonomy":"post_tag","embeddable":true,"href":"https:\/\/vosgesinfo.fr\/epinalinfo\/wp-json\/wp\/v2\/tags?post=26876"}],"curies":[{"name":"wp","href":"https:\/\/api.w.org\/{rel}","templated":true}]}}