{"id":27242,"date":"2023-03-01T06:17:59","date_gmt":"2023-03-01T05:17:59","guid":{"rendered":"https:\/\/vosgesinfo.fr\/epinalinfo\/2023\/03\/cendres-chaudes-depart-de-feu-camion-sicovad\/"},"modified":"2024-02-27T17:56:54","modified_gmt":"2024-02-27T16:56:54","slug":"cendres-chaudes-depart-de-feu-camion-sicovad","status":"publish","type":"post","link":"https:\/\/vosgesinfo.fr\/epinalinfo\/2023\/03\/cendres-chaudes-depart-de-feu-camion-sicovad\/","title":{"rendered":"Cendres chaudes : d\u00e9part de feu dans un camion du Sicovad"},"content":{"rendered":"<div id=\"attachment_215655\" style=\"width: 810px\" class=\"wp-caption aligncenter\"><a href=\"https:\/\/epinalinfos.fr\/wp-content\/uploads\/2023\/03\/331757747_775146303536159_3759178488316752363_n.jpg\"><img decoding=\"async\" aria-describedby=\"caption-attachment-215655\" class=\"size-large wp-image-215655\" src=\"https:\/\/vosgesinfo.fr\/app\/uploads\/sites\/3\/2023\/03\/331757747-775146303536159-3759178488316752363-n.jpg\" alt=\"photo sicovad\" width=\"800\" height=\"338\" \/><\/a><p id=\"caption-attachment-215655\" class=\"wp-caption-text\">photo sicovad<\/p><\/div>\n<h2><span style=\"font-size: 14pt;\">Un d\u00e9part de feu a pris dans un camion du Sicovad suite \u00e0 des cendres chaudes.<\/span><\/h2>\n<div class=\"x11i5rnm xat24cr x1mh8g0r x1vvkbs xdj266r x126k92a\">\n<div dir=\"auto\">Le Sicovad rappelle que \u00ab\u00a0si vous \u00e9vacuez des cendres dans votre bac \u00e0 ordures m\u00e9nag\u00e8res, il est tr\u00e8s important de v\u00e9rifier en amont qu&rsquo;elles soient compl\u00e8tement refroidies.\u00a0\u00bb<\/div>\n<\/div>\n<div class=\"x11i5rnm xat24cr x1mh8g0r x1vvkbs xtlvy1s x126k92a\">\n<div dir=\"auto\">En effet, un feu a pris au niveau d&rsquo;un camion du Sicovad suite \u00e0 des cendres d\u00e9pos\u00e9es dans le bac \u00e0 ordures m\u00e9nag\u00e8res. En ce d\u00e9but de semaine, un habitant du secteur de Saint-Etienne-l\u00e8s-Remiremont n&rsquo;a pas pris la pr\u00e9caution de v\u00e9rifier si les cendres \u00e9taient bien refroidies, ce qui a g\u00e9n\u00e9r\u00e9 un d\u00e9part de feu \u00e0 l&rsquo;int\u00e9rieur de la benne du camion de collecte.<\/div>\n<div dir=\"auto\"><em>\u00ab\u00a0Pensant \u00e0 garantir leur s\u00e9curit\u00e9 et celle des usagers pr\u00e9sents sur la voie publique, tout comme \u00e0 pr\u00e9server le v\u00e9hicule d&rsquo;importants dommages, nos agents ont su r\u00e9agir en vidant le chargement d&rsquo;un peu plus de 7 tonnes sur un parking isol\u00e9. Les pompiers sont ensuite rapidement intervenus pour \u00e9viter que le feu ne prenne plus d&rsquo;ampleur. Nos agents, aid\u00e9 des services municipaux de Saint-Etienne-l\u00e8s-Remiremont, se sont attel\u00e9s, \u00e0 l&rsquo;issue de l&rsquo;intervention, \u00e0 recharger les ordures m\u00e9nag\u00e8res et nettoyer le site.\u00a0\u00bb <\/em>explique le Sicovad.<em><br \/>\n<\/em><\/div>\n<\/div>\n<p>&nbsp;<\/p>\n<p>&nbsp;<\/p>\n","protected":false},"excerpt":{"rendered":"<p>Un d\u00e9part de feu a pris dans un camion du Sicovad suite \u00e0 des cendres chaudes. Le Sicovad rappelle que [&hellip;]<\/p>\n","protected":false},"author":52,"featured_media":27243,"comment_status":"open","ping_status":"open","sticky":false,"template":"","format":"standard","meta":{"footnotes":""},"categories":[22,6,5],"tags":[],"class_list":["post-27242","post","type-post","status-publish","format-standard","has-post-thumbnail","hentry","category-a-la-une","category-faits-divers","category-vosges"],"acf":[],"yoast_head":"<!-- This site is optimized with the Yoast SEO plugin v22.5 - https:\/\/yoast.com\/wordpress\/plugins\/seo\/ -->\n<title>Cendres chaudes : d\u00e9part de feu dans un camion du Sicovad - Epinal Info<\/title>\n<meta name=\"robots\" content=\"index, follow, max-snippet:-1, max-image-preview:large, max-video-preview:-1\" \/>\n<link rel=\"canonical\" href=\"https:\/\/vosgesinfo.fr\/epinalinfo\/2023\/03\/cendres-chaudes-depart-de-feu-camion-sicovad\/\" \/>\n<meta name=\"twitter:card\" content=\"summary_large_image\" \/>\n<meta name=\"twitter:title\" content=\"Cendres chaudes : d\u00e9part de feu dans un camion du Sicovad - Epinal Info\" \/>\n<meta name=\"twitter:description\" content=\"Un d\u00e9part de feu a pris dans un camion du Sicovad suite \u00e0 des cendres chaudes. Le Sicovad rappelle que [&hellip;]\" \/>\n<meta name=\"twitter:image\" content=\"https:\/\/vosgesinfo.fr\/app\/uploads\/sites\/3\/2023\/03\/331757747-775146303536159-3759178488316752363-n.jpg\" \/>\n<meta name=\"twitter:creator\" content=\"@VosgesInfo88\" \/>\n<meta name=\"twitter:site\" content=\"@VosgesInfo88\" \/>\n<meta name=\"twitter:label1\" content=\"\u00c9crit par\" \/>\n\t<meta name=\"twitter:data1\" content=\"C.K.\" \/>\n\t<meta name=\"twitter:label2\" content=\"Dur\u00e9e de lecture estim\u00e9e\" \/>\n\t<meta name=\"twitter:data2\" content=\"1 minute\" \/>\n<script type=\"application\/ld+json\" class=\"yoast-schema-graph\">{\"@context\":\"https:\/\/schema.org\",\"@graph\":[{\"@type\":\"Article\",\"@id\":\"https:\/\/vosgesinfo.fr\/epinalinfo\/2023\/03\/cendres-chaudes-depart-de-feu-camion-sicovad\/#article\",\"isPartOf\":{\"@id\":\"https:\/\/vosgesinfo.fr\/epinalinfo\/2023\/03\/cendres-chaudes-depart-de-feu-camion-sicovad\/\"},\"author\":{\"name\":\"C.K.\",\"@id\":\"https:\/\/vosgesinfo.fr\/epinalinfo\/#\/schema\/person\/6f9a650eeea99d969b6c4ab78fccbe81\"},\"headline\":\"Cendres chaudes : d\u00e9part de feu dans un camion du Sicovad\",\"datePublished\":\"2023-03-01T05:17:59+00:00\",\"dateModified\":\"2024-02-27T16:56:54+00:00\",\"mainEntityOfPage\":{\"@id\":\"https:\/\/vosgesinfo.fr\/epinalinfo\/2023\/03\/cendres-chaudes-depart-de-feu-camion-sicovad\/\"},\"wordCount\":238,\"commentCount\":0,\"publisher\":{\"@id\":\"https:\/\/vosgesinfo.fr\/epinalinfo\/#organization\"},\"image\":{\"@id\":\"https:\/\/vosgesinfo.fr\/epinalinfo\/2023\/03\/cendres-chaudes-depart-de-feu-camion-sicovad\/#primaryimage\"},\"thumbnailUrl\":\"https:\/\/vosgesinfo.fr\/app\/uploads\/sites\/3\/2023\/03\/331757747-775146303536159-3759178488316752363-n.jpg\",\"articleSection\":[\"A la Une\",\"Faits-divers\",\"Vosges\"],\"inLanguage\":\"fr-FR\",\"potentialAction\":[{\"@type\":\"CommentAction\",\"name\":\"Comment\",\"target\":[\"https:\/\/vosgesinfo.fr\/epinalinfo\/2023\/03\/cendres-chaudes-depart-de-feu-camion-sicovad\/#respond\"]}]},{\"@type\":\"WebPage\",\"@id\":\"https:\/\/vosgesinfo.fr\/epinalinfo\/2023\/03\/cendres-chaudes-depart-de-feu-camion-sicovad\/\",\"url\":\"https:\/\/vosgesinfo.fr\/epinalinfo\/2023\/03\/cendres-chaudes-depart-de-feu-camion-sicovad\/\",\"name\":\"Cendres chaudes : d\u00e9part de feu dans un camion du Sicovad - Epinal Info\",\"isPartOf\":{\"@id\":\"https:\/\/vosgesinfo.fr\/epinalinfo\/#website\"},\"primaryImageOfPage\":{\"@id\":\"https:\/\/vosgesinfo.fr\/epinalinfo\/2023\/03\/cendres-chaudes-depart-de-feu-camion-sicovad\/#primaryimage\"},\"image\":{\"@id\":\"https:\/\/vosgesinfo.fr\/epinalinfo\/2023\/03\/cendres-chaudes-depart-de-feu-camion-sicovad\/#primaryimage\"},\"thumbnailUrl\":\"https:\/\/vosgesinfo.fr\/app\/uploads\/sites\/3\/2023\/03\/331757747-775146303536159-3759178488316752363-n.jpg\",\"datePublished\":\"2023-03-01T05:17:59+00:00\",\"dateModified\":\"2024-02-27T16:56:54+00:00\",\"breadcrumb\":{\"@id\":\"https:\/\/vosgesinfo.fr\/epinalinfo\/2023\/03\/cendres-chaudes-depart-de-feu-camion-sicovad\/#breadcrumb\"},\"inLanguage\":\"fr-FR\",\"potentialAction\":[{\"@type\":\"ReadAction\",\"target\":[\"https:\/\/vosgesinfo.fr\/epinalinfo\/2023\/03\/cendres-chaudes-depart-de-feu-camion-sicovad\/\"]}]},{\"@type\":\"ImageObject\",\"inLanguage\":\"fr-FR\",\"@id\":\"https:\/\/vosgesinfo.fr\/epinalinfo\/2023\/03\/cendres-chaudes-depart-de-feu-camion-sicovad\/#primaryimage\",\"url\":\"https:\/\/vosgesinfo.fr\/app\/uploads\/sites\/3\/2023\/03\/331757747-775146303536159-3759178488316752363-n.jpg\",\"contentUrl\":\"https:\/\/vosgesinfo.fr\/app\/uploads\/sites\/3\/2023\/03\/331757747-775146303536159-3759178488316752363-n.jpg\"},{\"@type\":\"BreadcrumbList\",\"@id\":\"https:\/\/vosgesinfo.fr\/epinalinfo\/2023\/03\/cendres-chaudes-depart-de-feu-camion-sicovad\/#breadcrumb\",\"itemListElement\":[{\"@type\":\"ListItem\",\"position\":1,\"name\":\"Home\",\"item\":\"https:\/\/vosgesinfo.fr\/epinalinfo\/\"},{\"@type\":\"ListItem\",\"position\":2,\"name\":\"Cendres chaudes : d\u00e9part de feu dans un camion du Sicovad\"}]},{\"@type\":\"WebSite\",\"@id\":\"https:\/\/vosgesinfo.fr\/epinalinfo\/#website\",\"url\":\"https:\/\/vosgesinfo.fr\/epinalinfo\/\",\"name\":\"Epinal Info\",\"description\":\"Toute l&#039;actualit\u00e9 d&#039;\u00c9pinal\",\"publisher\":{\"@id\":\"https:\/\/vosgesinfo.fr\/epinalinfo\/#organization\"},\"alternateName\":\"Toute l'actualit\u00e9 d'\u00c9pinal\",\"potentialAction\":[{\"@type\":\"SearchAction\",\"target\":{\"@type\":\"EntryPoint\",\"urlTemplate\":\"https:\/\/vosgesinfo.fr\/epinalinfo\/?s={search_term_string}\"},\"query-input\":\"required name=search_term_string\"}],\"inLanguage\":\"fr-FR\"},{\"@type\":\"Organization\",\"@id\":\"https:\/\/vosgesinfo.fr\/epinalinfo\/#organization\",\"name\":\"Epinal Info\",\"url\":\"https:\/\/vosgesinfo.fr\/epinalinfo\/\",\"logo\":{\"@type\":\"ImageObject\",\"inLanguage\":\"fr-FR\",\"@id\":\"https:\/\/vosgesinfo.fr\/epinalinfo\/#\/schema\/logo\/image\/\",\"url\":\"https:\/\/vosgesinfo.fr\/app\/uploads\/sites\/3\/2023\/08\/logo-epinalinfos.svg\",\"contentUrl\":\"https:\/\/vosgesinfo.fr\/app\/uploads\/sites\/3\/2023\/08\/logo-epinalinfos.svg\",\"width\":1,\"height\":1,\"caption\":\"Epinal Info\"},\"image\":{\"@id\":\"https:\/\/vosgesinfo.fr\/epinalinfo\/#\/schema\/logo\/image\/\"},\"sameAs\":[\"https:\/\/www.facebook.com\/Epinalinfos\",\"https:\/\/x.com\/VosgesInfo88\",\"https:\/\/www.youtube.com\/@vosgesinfo\"]},{\"@type\":\"Person\",\"@id\":\"https:\/\/vosgesinfo.fr\/epinalinfo\/#\/schema\/person\/6f9a650eeea99d969b6c4ab78fccbe81\",\"name\":\"C.K.\",\"image\":{\"@type\":\"ImageObject\",\"inLanguage\":\"fr-FR\",\"@id\":\"https:\/\/vosgesinfo.fr\/epinalinfo\/#\/schema\/person\/image\/\",\"url\":\"https:\/\/secure.gravatar.com\/avatar\/48e3fc7f8421ba8942be6b74a2b7f014ca39bc00dece156b7a8e098ae7dc87bf?s=96&d=mm&r=g\",\"contentUrl\":\"https:\/\/secure.gravatar.com\/avatar\/48e3fc7f8421ba8942be6b74a2b7f014ca39bc00dece156b7a8e098ae7dc87bf?s=96&d=mm&r=g\",\"caption\":\"C.K.\"},\"url\":\"https:\/\/vosgesinfo.fr\/epinalinfo\/author\/celia-k-n\/\"}]}<\/script>\n<!-- \/ Yoast SEO plugin. -->","yoast_head_json":{"title":"Cendres chaudes : d\u00e9part de feu dans un camion du Sicovad - Epinal Info","robots":{"index":"index","follow":"follow","max-snippet":"max-snippet:-1","max-image-preview":"max-image-preview:large","max-video-preview":"max-video-preview:-1"},"canonical":"https:\/\/vosgesinfo.fr\/epinalinfo\/2023\/03\/cendres-chaudes-depart-de-feu-camion-sicovad\/","twitter_card":"summary_large_image","twitter_title":"Cendres chaudes : d\u00e9part de feu dans un camion du Sicovad - Epinal Info","twitter_description":"Un d\u00e9part de feu a pris dans un camion du Sicovad suite \u00e0 des cendres chaudes. Le Sicovad rappelle que [&hellip;]","twitter_image":"https:\/\/vosgesinfo.fr\/app\/uploads\/sites\/3\/2023\/03\/331757747-775146303536159-3759178488316752363-n.jpg","twitter_creator":"@VosgesInfo88","twitter_site":"@VosgesInfo88","twitter_misc":{"\u00c9crit par":"C.K.","Dur\u00e9e de lecture estim\u00e9e":"1 minute"},"schema":{"@context":"https:\/\/schema.org","@graph":[{"@type":"Article","@id":"https:\/\/vosgesinfo.fr\/epinalinfo\/2023\/03\/cendres-chaudes-depart-de-feu-camion-sicovad\/#article","isPartOf":{"@id":"https:\/\/vosgesinfo.fr\/epinalinfo\/2023\/03\/cendres-chaudes-depart-de-feu-camion-sicovad\/"},"author":{"name":"C.K.","@id":"https:\/\/vosgesinfo.fr\/epinalinfo\/#\/schema\/person\/6f9a650eeea99d969b6c4ab78fccbe81"},"headline":"Cendres chaudes : d\u00e9part de feu dans un camion du Sicovad","datePublished":"2023-03-01T05:17:59+00:00","dateModified":"2024-02-27T16:56:54+00:00","mainEntityOfPage":{"@id":"https:\/\/vosgesinfo.fr\/epinalinfo\/2023\/03\/cendres-chaudes-depart-de-feu-camion-sicovad\/"},"wordCount":238,"commentCount":0,"publisher":{"@id":"https:\/\/vosgesinfo.fr\/epinalinfo\/#organization"},"image":{"@id":"https:\/\/vosgesinfo.fr\/epinalinfo\/2023\/03\/cendres-chaudes-depart-de-feu-camion-sicovad\/#primaryimage"},"thumbnailUrl":"https:\/\/vosgesinfo.fr\/app\/uploads\/sites\/3\/2023\/03\/331757747-775146303536159-3759178488316752363-n.jpg","articleSection":["A la Une","Faits-divers","Vosges"],"inLanguage":"fr-FR","potentialAction":[{"@type":"CommentAction","name":"Comment","target":["https:\/\/vosgesinfo.fr\/epinalinfo\/2023\/03\/cendres-chaudes-depart-de-feu-camion-sicovad\/#respond"]}]},{"@type":"WebPage","@id":"https:\/\/vosgesinfo.fr\/epinalinfo\/2023\/03\/cendres-chaudes-depart-de-feu-camion-sicovad\/","url":"https:\/\/vosgesinfo.fr\/epinalinfo\/2023\/03\/cendres-chaudes-depart-de-feu-camion-sicovad\/","name":"Cendres chaudes : d\u00e9part de feu dans un camion du Sicovad - Epinal Info","isPartOf":{"@id":"https:\/\/vosgesinfo.fr\/epinalinfo\/#website"},"primaryImageOfPage":{"@id":"https:\/\/vosgesinfo.fr\/epinalinfo\/2023\/03\/cendres-chaudes-depart-de-feu-camion-sicovad\/#primaryimage"},"image":{"@id":"https:\/\/vosgesinfo.fr\/epinalinfo\/2023\/03\/cendres-chaudes-depart-de-feu-camion-sicovad\/#primaryimage"},"thumbnailUrl":"https:\/\/vosgesinfo.fr\/app\/uploads\/sites\/3\/2023\/03\/331757747-775146303536159-3759178488316752363-n.jpg","datePublished":"2023-03-01T05:17:59+00:00","dateModified":"2024-02-27T16:56:54+00:00","breadcrumb":{"@id":"https:\/\/vosgesinfo.fr\/epinalinfo\/2023\/03\/cendres-chaudes-depart-de-feu-camion-sicovad\/#breadcrumb"},"inLanguage":"fr-FR","potentialAction":[{"@type":"ReadAction","target":["https:\/\/vosgesinfo.fr\/epinalinfo\/2023\/03\/cendres-chaudes-depart-de-feu-camion-sicovad\/"]}]},{"@type":"ImageObject","inLanguage":"fr-FR","@id":"https:\/\/vosgesinfo.fr\/epinalinfo\/2023\/03\/cendres-chaudes-depart-de-feu-camion-sicovad\/#primaryimage","url":"https:\/\/vosgesinfo.fr\/app\/uploads\/sites\/3\/2023\/03\/331757747-775146303536159-3759178488316752363-n.jpg","contentUrl":"https:\/\/vosgesinfo.fr\/app\/uploads\/sites\/3\/2023\/03\/331757747-775146303536159-3759178488316752363-n.jpg"},{"@type":"BreadcrumbList","@id":"https:\/\/vosgesinfo.fr\/epinalinfo\/2023\/03\/cendres-chaudes-depart-de-feu-camion-sicovad\/#breadcrumb","itemListElement":[{"@type":"ListItem","position":1,"name":"Home","item":"https:\/\/vosgesinfo.fr\/epinalinfo\/"},{"@type":"ListItem","position":2,"name":"Cendres chaudes : d\u00e9part de feu dans un camion du Sicovad"}]},{"@type":"WebSite","@id":"https:\/\/vosgesinfo.fr\/epinalinfo\/#website","url":"https:\/\/vosgesinfo.fr\/epinalinfo\/","name":"Epinal Info","description":"Toute l&#039;actualit\u00e9 d&#039;\u00c9pinal","publisher":{"@id":"https:\/\/vosgesinfo.fr\/epinalinfo\/#organization"},"alternateName":"Toute l'actualit\u00e9 d'\u00c9pinal","potentialAction":[{"@type":"SearchAction","target":{"@type":"EntryPoint","urlTemplate":"https:\/\/vosgesinfo.fr\/epinalinfo\/?s={search_term_string}"},"query-input":"required name=search_term_string"}],"inLanguage":"fr-FR"},{"@type":"Organization","@id":"https:\/\/vosgesinfo.fr\/epinalinfo\/#organization","name":"Epinal Info","url":"https:\/\/vosgesinfo.fr\/epinalinfo\/","logo":{"@type":"ImageObject","inLanguage":"fr-FR","@id":"https:\/\/vosgesinfo.fr\/epinalinfo\/#\/schema\/logo\/image\/","url":"https:\/\/vosgesinfo.fr\/app\/uploads\/sites\/3\/2023\/08\/logo-epinalinfos.svg","contentUrl":"https:\/\/vosgesinfo.fr\/app\/uploads\/sites\/3\/2023\/08\/logo-epinalinfos.svg","width":1,"height":1,"caption":"Epinal Info"},"image":{"@id":"https:\/\/vosgesinfo.fr\/epinalinfo\/#\/schema\/logo\/image\/"},"sameAs":["https:\/\/www.facebook.com\/Epinalinfos","https:\/\/x.com\/VosgesInfo88","https:\/\/www.youtube.com\/@vosgesinfo"]},{"@type":"Person","@id":"https:\/\/vosgesinfo.fr\/epinalinfo\/#\/schema\/person\/6f9a650eeea99d969b6c4ab78fccbe81","name":"C.K.","image":{"@type":"ImageObject","inLanguage":"fr-FR","@id":"https:\/\/vosgesinfo.fr\/epinalinfo\/#\/schema\/person\/image\/","url":"https:\/\/secure.gravatar.com\/avatar\/48e3fc7f8421ba8942be6b74a2b7f014ca39bc00dece156b7a8e098ae7dc87bf?s=96&d=mm&r=g","contentUrl":"https:\/\/secure.gravatar.com\/avatar\/48e3fc7f8421ba8942be6b74a2b7f014ca39bc00dece156b7a8e098ae7dc87bf?s=96&d=mm&r=g","caption":"C.K."},"url":"https:\/\/vosgesinfo.fr\/epinalinfo\/author\/celia-k-n\/"}]}},"_links":{"self":[{"href":"https:\/\/vosgesinfo.fr\/epinalinfo\/wp-json\/wp\/v2\/posts\/27242","targetHints":{"allow":["GET"]}}],"collection":[{"href":"https:\/\/vosgesinfo.fr\/epinalinfo\/wp-json\/wp\/v2\/posts"}],"about":[{"href":"https:\/\/vosgesinfo.fr\/epinalinfo\/wp-json\/wp\/v2\/types\/post"}],"author":[{"embeddable":true,"href":"https:\/\/vosgesinfo.fr\/epinalinfo\/wp-json\/wp\/v2\/users\/52"}],"replies":[{"embeddable":true,"href":"https:\/\/vosgesinfo.fr\/epinalinfo\/wp-json\/wp\/v2\/comments?post=27242"}],"version-history":[{"count":1,"href":"https:\/\/vosgesinfo.fr\/epinalinfo\/wp-json\/wp\/v2\/posts\/27242\/revisions"}],"predecessor-version":[{"id":36042,"href":"https:\/\/vosgesinfo.fr\/epinalinfo\/wp-json\/wp\/v2\/posts\/27242\/revisions\/36042"}],"wp:featuredmedia":[{"embeddable":true,"href":"https:\/\/vosgesinfo.fr\/epinalinfo\/wp-json\/wp\/v2\/media\/27243"}],"wp:attachment":[{"href":"https:\/\/vosgesinfo.fr\/epinalinfo\/wp-json\/wp\/v2\/media?parent=27242"}],"wp:term":[{"taxonomy":"category","embeddable":true,"href":"https:\/\/vosgesinfo.fr\/epinalinfo\/wp-json\/wp\/v2\/categories?post=27242"},{"taxonomy":"post_tag","embeddable":true,"href":"https:\/\/vosgesinfo.fr\/epinalinfo\/wp-json\/wp\/v2\/tags?post=27242"}],"curies":[{"name":"wp","href":"https:\/\/api.w.org\/{rel}","templated":true}]}}