{"id":27861,"date":"2023-03-20T14:40:03","date_gmt":"2023-03-20T13:40:03","guid":{"rendered":"https:\/\/vosgesinfo.fr\/epinalinfo\/2023\/03\/visite-de-printemps-lapiculteur-spinalien-julien-vetter\/"},"modified":"2024-02-27T17:58:40","modified_gmt":"2024-02-27T16:58:40","slug":"visite-de-printemps-lapiculteur-spinalien-julien-vetter","status":"publish","type":"post","link":"https:\/\/vosgesinfo.fr\/epinalinfo\/2023\/03\/visite-de-printemps-lapiculteur-spinalien-julien-vetter\/","title":{"rendered":"Visite de printemps pour l&rsquo;apiculteur Spinalien Julien Vetter"},"content":{"rendered":"<h2 dir=\"auto\"><span style=\"font-size: 14pt;\"><a href=\"https:\/\/epinalinfos.fr\/wp-content\/uploads\/2023\/03\/20230318_143529.jpg\"><img decoding=\"async\" class=\"aligncenter size-large wp-image-216554\" src=\"https:\/\/vosgesinfo.fr\/app\/uploads\/sites\/3\/2023\/03\/20230318-143529.jpg\" alt=\"20230318_143529\" width=\"800\" height=\"600\" \/><\/a>Tout au long de l&rsquo;ann\u00e9e, l&rsquo; apiculteur Spinalien Julien Vetter intervient r\u00e9guli\u00e8rement aupr\u00e8s de ses ruches install\u00e9es \u00e0 Epinal et r\u00e9alise la r\u00e9colte de miel.<\/span><\/h2>\n<div dir=\"auto\">L&rsquo;apiculteur spinalien julien Vetter rend r\u00e9guli\u00e8rement visite \u00e0 ses ruches situ\u00e9es \u00e0 Epinal. Avec l\u2019arriv\u00e9e du printemps, l&rsquo;apiculteur a rendu visite \u00e0 ses abeilles pour \u00e9tablir un diagnostic et un bilan de l\u2019\u00e9tat de ses ruches et de ses abeilles. La visite de printemps est une op\u00e9ration d\u2019inspection g\u00e9n\u00e9rale qui a pour objectif d\u2019inspecter le rucher et ses colonies d\u2019abeilles et d\u2019avoir une id\u00e9e sur leur \u00e9t\u00e9 g\u00e9n\u00e9ral, quelques temps avant le d\u00e9marrage de la grande saison.<\/div>\n<div dir=\"auto\">En ce lundi 20 mars 2023, premier jour du printemps, les abeilles profitent de la douceur et des rayons du soleil pour venir butiner sur les saules marsault et autres arbres qui commencent \u00e0 fleurir. Dans les ruches, les abeilles s&rsquo;activent pour rentrer un maximum de pollen et les premiers nectars de la saison.<\/div>\n<div dir=\"auto\">Les colonies de Julien Vetter se d\u00e9veloppent, la ponte augmente et la population des ruches aussi.<\/div>\n<div id=\"x_ms-outlook-mobile-signature\" dir=\"auto\"><span dir=\"auto\">Elles commencent \u00e0 faire leur r\u00e9serve et pour l&rsquo;apiculteur \u00e7a sonne bient\u00f4t le d\u00e9but de la saison.\u00a0<\/span><\/div>\n<div dir=\"auto\"><\/div>\n<div dir=\"auto\"><span dir=\"auto\">Renseignements : <a href=\"https:\/\/www.facebook.com\/lerucherdupetitvosgien\" target=\"_blank\" rel=\"noreferrer noopener\" data-auth=\"NotApplicable\" data-linkindex=\"0\">https:\/\/www.facebook.com\/lerucherdupetitvosgien<\/a><br \/>\n<\/span><\/div>\n<div dir=\"auto\"><\/div>\n<div dir=\"auto\"><a href=\"https:\/\/epinalinfos.fr\/wp-content\/uploads\/2023\/03\/20230318_135825.jpg\"><img decoding=\"async\" class=\"aligncenter size-large wp-image-216555\" src=\"https:\/\/vosgesinfo.fr\/app\/uploads\/sites\/3\/2023\/03\/20230318-135825.jpg\" alt=\"20230318_135825\" width=\"600\" height=\"800\" \/><\/a> <a href=\"https:\/\/epinalinfos.fr\/wp-content\/uploads\/2023\/03\/20230318_143858.jpg\"><img decoding=\"async\" class=\"aligncenter size-large wp-image-216556\" src=\"https:\/\/vosgesinfo.fr\/app\/uploads\/sites\/3\/2023\/03\/20230318-143858.jpg\" alt=\"20230318_143858\" width=\"800\" height=\"600\" \/><\/a><\/div>\n","protected":false},"excerpt":{"rendered":"<p>Tout au long de l&rsquo;ann\u00e9e, l&rsquo; apiculteur Spinalien Julien Vetter intervient r\u00e9guli\u00e8rement aupr\u00e8s de ses ruches install\u00e9es \u00e0 Epinal et [&hellip;]<\/p>\n","protected":false},"author":52,"featured_media":27862,"comment_status":"open","ping_status":"open","sticky":false,"template":"","format":"standard","meta":{"footnotes":""},"categories":[22,16,24],"tags":[1100,412,70,796,75],"class_list":["post-27861","post","type-post","status-publish","format-standard","has-post-thumbnail","hentry","category-a-la-une","category-environnement","category-epinal","tag-abeilles","tag-apiculteur","tag-epinal","tag-ruches","tag-vosges"],"acf":[],"yoast_head":"<!-- This site is optimized with the Yoast SEO plugin v22.5 - https:\/\/yoast.com\/wordpress\/plugins\/seo\/ -->\n<title>Visite de printemps pour l&#039;apiculteur Spinalien Julien Vetter - Epinal Info<\/title>\n<meta name=\"robots\" content=\"index, follow, max-snippet:-1, max-image-preview:large, max-video-preview:-1\" \/>\n<link rel=\"canonical\" href=\"https:\/\/vosgesinfo.fr\/epinalinfo\/2023\/03\/visite-de-printemps-lapiculteur-spinalien-julien-vetter\/\" \/>\n<meta name=\"twitter:card\" content=\"summary_large_image\" \/>\n<meta name=\"twitter:title\" content=\"Visite de printemps pour l&#039;apiculteur Spinalien Julien Vetter - Epinal Info\" \/>\n<meta name=\"twitter:description\" content=\"Tout au long de l&rsquo;ann\u00e9e, l&rsquo; apiculteur Spinalien Julien Vetter intervient r\u00e9guli\u00e8rement aupr\u00e8s de ses ruches install\u00e9es \u00e0 Epinal et [&hellip;]\" \/>\n<meta name=\"twitter:image\" content=\"https:\/\/vosgesinfo.fr\/app\/uploads\/sites\/3\/2023\/03\/20230318-143529.jpg\" \/>\n<meta name=\"twitter:creator\" content=\"@VosgesInfo88\" \/>\n<meta name=\"twitter:site\" content=\"@VosgesInfo88\" \/>\n<meta name=\"twitter:label1\" content=\"\u00c9crit par\" \/>\n\t<meta name=\"twitter:data1\" content=\"C.K.\" \/>\n\t<meta name=\"twitter:label2\" content=\"Dur\u00e9e de lecture estim\u00e9e\" \/>\n\t<meta name=\"twitter:data2\" content=\"1 minute\" \/>\n<script type=\"application\/ld+json\" class=\"yoast-schema-graph\">{\"@context\":\"https:\/\/schema.org\",\"@graph\":[{\"@type\":\"Article\",\"@id\":\"https:\/\/vosgesinfo.fr\/epinalinfo\/2023\/03\/visite-de-printemps-lapiculteur-spinalien-julien-vetter\/#article\",\"isPartOf\":{\"@id\":\"https:\/\/vosgesinfo.fr\/epinalinfo\/2023\/03\/visite-de-printemps-lapiculteur-spinalien-julien-vetter\/\"},\"author\":{\"name\":\"C.K.\",\"@id\":\"https:\/\/vosgesinfo.fr\/epinalinfo\/#\/schema\/person\/6f9a650eeea99d969b6c4ab78fccbe81\"},\"headline\":\"Visite de printemps pour l&rsquo;apiculteur Spinalien Julien Vetter\",\"datePublished\":\"2023-03-20T13:40:03+00:00\",\"dateModified\":\"2024-02-27T16:58:40+00:00\",\"mainEntityOfPage\":{\"@id\":\"https:\/\/vosgesinfo.fr\/epinalinfo\/2023\/03\/visite-de-printemps-lapiculteur-spinalien-julien-vetter\/\"},\"wordCount\":229,\"commentCount\":0,\"publisher\":{\"@id\":\"https:\/\/vosgesinfo.fr\/epinalinfo\/#organization\"},\"image\":{\"@id\":\"https:\/\/vosgesinfo.fr\/epinalinfo\/2023\/03\/visite-de-printemps-lapiculteur-spinalien-julien-vetter\/#primaryimage\"},\"thumbnailUrl\":\"https:\/\/vosgesinfo.fr\/app\/uploads\/sites\/3\/2023\/03\/20230318-143529.jpg\",\"keywords\":[\"abeilles\",\"apiculteur\",\"Epinal\",\"ruches\",\"vosges\"],\"articleSection\":[\"A la Une\",\"Environnement\",\"Epinal\"],\"inLanguage\":\"fr-FR\",\"potentialAction\":[{\"@type\":\"CommentAction\",\"name\":\"Comment\",\"target\":[\"https:\/\/vosgesinfo.fr\/epinalinfo\/2023\/03\/visite-de-printemps-lapiculteur-spinalien-julien-vetter\/#respond\"]}]},{\"@type\":\"WebPage\",\"@id\":\"https:\/\/vosgesinfo.fr\/epinalinfo\/2023\/03\/visite-de-printemps-lapiculteur-spinalien-julien-vetter\/\",\"url\":\"https:\/\/vosgesinfo.fr\/epinalinfo\/2023\/03\/visite-de-printemps-lapiculteur-spinalien-julien-vetter\/\",\"name\":\"Visite de printemps pour l'apiculteur Spinalien Julien Vetter - Epinal Info\",\"isPartOf\":{\"@id\":\"https:\/\/vosgesinfo.fr\/epinalinfo\/#website\"},\"primaryImageOfPage\":{\"@id\":\"https:\/\/vosgesinfo.fr\/epinalinfo\/2023\/03\/visite-de-printemps-lapiculteur-spinalien-julien-vetter\/#primaryimage\"},\"image\":{\"@id\":\"https:\/\/vosgesinfo.fr\/epinalinfo\/2023\/03\/visite-de-printemps-lapiculteur-spinalien-julien-vetter\/#primaryimage\"},\"thumbnailUrl\":\"https:\/\/vosgesinfo.fr\/app\/uploads\/sites\/3\/2023\/03\/20230318-143529.jpg\",\"datePublished\":\"2023-03-20T13:40:03+00:00\",\"dateModified\":\"2024-02-27T16:58:40+00:00\",\"breadcrumb\":{\"@id\":\"https:\/\/vosgesinfo.fr\/epinalinfo\/2023\/03\/visite-de-printemps-lapiculteur-spinalien-julien-vetter\/#breadcrumb\"},\"inLanguage\":\"fr-FR\",\"potentialAction\":[{\"@type\":\"ReadAction\",\"target\":[\"https:\/\/vosgesinfo.fr\/epinalinfo\/2023\/03\/visite-de-printemps-lapiculteur-spinalien-julien-vetter\/\"]}]},{\"@type\":\"ImageObject\",\"inLanguage\":\"fr-FR\",\"@id\":\"https:\/\/vosgesinfo.fr\/epinalinfo\/2023\/03\/visite-de-printemps-lapiculteur-spinalien-julien-vetter\/#primaryimage\",\"url\":\"https:\/\/vosgesinfo.fr\/app\/uploads\/sites\/3\/2023\/03\/20230318-143529.jpg\",\"contentUrl\":\"https:\/\/vosgesinfo.fr\/app\/uploads\/sites\/3\/2023\/03\/20230318-143529.jpg\"},{\"@type\":\"BreadcrumbList\",\"@id\":\"https:\/\/vosgesinfo.fr\/epinalinfo\/2023\/03\/visite-de-printemps-lapiculteur-spinalien-julien-vetter\/#breadcrumb\",\"itemListElement\":[{\"@type\":\"ListItem\",\"position\":1,\"name\":\"Home\",\"item\":\"https:\/\/vosgesinfo.fr\/epinalinfo\/\"},{\"@type\":\"ListItem\",\"position\":2,\"name\":\"Visite de printemps pour l&rsquo;apiculteur Spinalien Julien Vetter\"}]},{\"@type\":\"WebSite\",\"@id\":\"https:\/\/vosgesinfo.fr\/epinalinfo\/#website\",\"url\":\"https:\/\/vosgesinfo.fr\/epinalinfo\/\",\"name\":\"Epinal Info\",\"description\":\"Toute l&#039;actualit\u00e9 d&#039;\u00c9pinal\",\"publisher\":{\"@id\":\"https:\/\/vosgesinfo.fr\/epinalinfo\/#organization\"},\"alternateName\":\"Toute l'actualit\u00e9 d'\u00c9pinal\",\"potentialAction\":[{\"@type\":\"SearchAction\",\"target\":{\"@type\":\"EntryPoint\",\"urlTemplate\":\"https:\/\/vosgesinfo.fr\/epinalinfo\/?s={search_term_string}\"},\"query-input\":\"required name=search_term_string\"}],\"inLanguage\":\"fr-FR\"},{\"@type\":\"Organization\",\"@id\":\"https:\/\/vosgesinfo.fr\/epinalinfo\/#organization\",\"name\":\"Epinal Info\",\"url\":\"https:\/\/vosgesinfo.fr\/epinalinfo\/\",\"logo\":{\"@type\":\"ImageObject\",\"inLanguage\":\"fr-FR\",\"@id\":\"https:\/\/vosgesinfo.fr\/epinalinfo\/#\/schema\/logo\/image\/\",\"url\":\"https:\/\/vosgesinfo.fr\/app\/uploads\/sites\/3\/2023\/08\/logo-epinalinfos.svg\",\"contentUrl\":\"https:\/\/vosgesinfo.fr\/app\/uploads\/sites\/3\/2023\/08\/logo-epinalinfos.svg\",\"width\":1,\"height\":1,\"caption\":\"Epinal Info\"},\"image\":{\"@id\":\"https:\/\/vosgesinfo.fr\/epinalinfo\/#\/schema\/logo\/image\/\"},\"sameAs\":[\"https:\/\/www.facebook.com\/Epinalinfos\",\"https:\/\/x.com\/VosgesInfo88\",\"https:\/\/www.youtube.com\/@vosgesinfo\"]},{\"@type\":\"Person\",\"@id\":\"https:\/\/vosgesinfo.fr\/epinalinfo\/#\/schema\/person\/6f9a650eeea99d969b6c4ab78fccbe81\",\"name\":\"C.K.\",\"image\":{\"@type\":\"ImageObject\",\"inLanguage\":\"fr-FR\",\"@id\":\"https:\/\/vosgesinfo.fr\/epinalinfo\/#\/schema\/person\/image\/\",\"url\":\"https:\/\/secure.gravatar.com\/avatar\/48e3fc7f8421ba8942be6b74a2b7f014ca39bc00dece156b7a8e098ae7dc87bf?s=96&d=mm&r=g\",\"contentUrl\":\"https:\/\/secure.gravatar.com\/avatar\/48e3fc7f8421ba8942be6b74a2b7f014ca39bc00dece156b7a8e098ae7dc87bf?s=96&d=mm&r=g\",\"caption\":\"C.K.\"},\"url\":\"https:\/\/vosgesinfo.fr\/epinalinfo\/author\/celia-k-n\/\"}]}<\/script>\n<!-- \/ Yoast SEO plugin. -->","yoast_head_json":{"title":"Visite de printemps pour l'apiculteur Spinalien Julien Vetter - Epinal Info","robots":{"index":"index","follow":"follow","max-snippet":"max-snippet:-1","max-image-preview":"max-image-preview:large","max-video-preview":"max-video-preview:-1"},"canonical":"https:\/\/vosgesinfo.fr\/epinalinfo\/2023\/03\/visite-de-printemps-lapiculteur-spinalien-julien-vetter\/","twitter_card":"summary_large_image","twitter_title":"Visite de printemps pour l'apiculteur Spinalien Julien Vetter - Epinal Info","twitter_description":"Tout au long de l&rsquo;ann\u00e9e, l&rsquo; apiculteur Spinalien Julien Vetter intervient r\u00e9guli\u00e8rement aupr\u00e8s de ses ruches install\u00e9es \u00e0 Epinal et [&hellip;]","twitter_image":"https:\/\/vosgesinfo.fr\/app\/uploads\/sites\/3\/2023\/03\/20230318-143529.jpg","twitter_creator":"@VosgesInfo88","twitter_site":"@VosgesInfo88","twitter_misc":{"\u00c9crit par":"C.K.","Dur\u00e9e de lecture estim\u00e9e":"1 minute"},"schema":{"@context":"https:\/\/schema.org","@graph":[{"@type":"Article","@id":"https:\/\/vosgesinfo.fr\/epinalinfo\/2023\/03\/visite-de-printemps-lapiculteur-spinalien-julien-vetter\/#article","isPartOf":{"@id":"https:\/\/vosgesinfo.fr\/epinalinfo\/2023\/03\/visite-de-printemps-lapiculteur-spinalien-julien-vetter\/"},"author":{"name":"C.K.","@id":"https:\/\/vosgesinfo.fr\/epinalinfo\/#\/schema\/person\/6f9a650eeea99d969b6c4ab78fccbe81"},"headline":"Visite de printemps pour l&rsquo;apiculteur Spinalien Julien Vetter","datePublished":"2023-03-20T13:40:03+00:00","dateModified":"2024-02-27T16:58:40+00:00","mainEntityOfPage":{"@id":"https:\/\/vosgesinfo.fr\/epinalinfo\/2023\/03\/visite-de-printemps-lapiculteur-spinalien-julien-vetter\/"},"wordCount":229,"commentCount":0,"publisher":{"@id":"https:\/\/vosgesinfo.fr\/epinalinfo\/#organization"},"image":{"@id":"https:\/\/vosgesinfo.fr\/epinalinfo\/2023\/03\/visite-de-printemps-lapiculteur-spinalien-julien-vetter\/#primaryimage"},"thumbnailUrl":"https:\/\/vosgesinfo.fr\/app\/uploads\/sites\/3\/2023\/03\/20230318-143529.jpg","keywords":["abeilles","apiculteur","Epinal","ruches","vosges"],"articleSection":["A la Une","Environnement","Epinal"],"inLanguage":"fr-FR","potentialAction":[{"@type":"CommentAction","name":"Comment","target":["https:\/\/vosgesinfo.fr\/epinalinfo\/2023\/03\/visite-de-printemps-lapiculteur-spinalien-julien-vetter\/#respond"]}]},{"@type":"WebPage","@id":"https:\/\/vosgesinfo.fr\/epinalinfo\/2023\/03\/visite-de-printemps-lapiculteur-spinalien-julien-vetter\/","url":"https:\/\/vosgesinfo.fr\/epinalinfo\/2023\/03\/visite-de-printemps-lapiculteur-spinalien-julien-vetter\/","name":"Visite de printemps pour l'apiculteur Spinalien Julien Vetter - Epinal Info","isPartOf":{"@id":"https:\/\/vosgesinfo.fr\/epinalinfo\/#website"},"primaryImageOfPage":{"@id":"https:\/\/vosgesinfo.fr\/epinalinfo\/2023\/03\/visite-de-printemps-lapiculteur-spinalien-julien-vetter\/#primaryimage"},"image":{"@id":"https:\/\/vosgesinfo.fr\/epinalinfo\/2023\/03\/visite-de-printemps-lapiculteur-spinalien-julien-vetter\/#primaryimage"},"thumbnailUrl":"https:\/\/vosgesinfo.fr\/app\/uploads\/sites\/3\/2023\/03\/20230318-143529.jpg","datePublished":"2023-03-20T13:40:03+00:00","dateModified":"2024-02-27T16:58:40+00:00","breadcrumb":{"@id":"https:\/\/vosgesinfo.fr\/epinalinfo\/2023\/03\/visite-de-printemps-lapiculteur-spinalien-julien-vetter\/#breadcrumb"},"inLanguage":"fr-FR","potentialAction":[{"@type":"ReadAction","target":["https:\/\/vosgesinfo.fr\/epinalinfo\/2023\/03\/visite-de-printemps-lapiculteur-spinalien-julien-vetter\/"]}]},{"@type":"ImageObject","inLanguage":"fr-FR","@id":"https:\/\/vosgesinfo.fr\/epinalinfo\/2023\/03\/visite-de-printemps-lapiculteur-spinalien-julien-vetter\/#primaryimage","url":"https:\/\/vosgesinfo.fr\/app\/uploads\/sites\/3\/2023\/03\/20230318-143529.jpg","contentUrl":"https:\/\/vosgesinfo.fr\/app\/uploads\/sites\/3\/2023\/03\/20230318-143529.jpg"},{"@type":"BreadcrumbList","@id":"https:\/\/vosgesinfo.fr\/epinalinfo\/2023\/03\/visite-de-printemps-lapiculteur-spinalien-julien-vetter\/#breadcrumb","itemListElement":[{"@type":"ListItem","position":1,"name":"Home","item":"https:\/\/vosgesinfo.fr\/epinalinfo\/"},{"@type":"ListItem","position":2,"name":"Visite de printemps pour l&rsquo;apiculteur Spinalien Julien Vetter"}]},{"@type":"WebSite","@id":"https:\/\/vosgesinfo.fr\/epinalinfo\/#website","url":"https:\/\/vosgesinfo.fr\/epinalinfo\/","name":"Epinal Info","description":"Toute l&#039;actualit\u00e9 d&#039;\u00c9pinal","publisher":{"@id":"https:\/\/vosgesinfo.fr\/epinalinfo\/#organization"},"alternateName":"Toute l'actualit\u00e9 d'\u00c9pinal","potentialAction":[{"@type":"SearchAction","target":{"@type":"EntryPoint","urlTemplate":"https:\/\/vosgesinfo.fr\/epinalinfo\/?s={search_term_string}"},"query-input":"required name=search_term_string"}],"inLanguage":"fr-FR"},{"@type":"Organization","@id":"https:\/\/vosgesinfo.fr\/epinalinfo\/#organization","name":"Epinal Info","url":"https:\/\/vosgesinfo.fr\/epinalinfo\/","logo":{"@type":"ImageObject","inLanguage":"fr-FR","@id":"https:\/\/vosgesinfo.fr\/epinalinfo\/#\/schema\/logo\/image\/","url":"https:\/\/vosgesinfo.fr\/app\/uploads\/sites\/3\/2023\/08\/logo-epinalinfos.svg","contentUrl":"https:\/\/vosgesinfo.fr\/app\/uploads\/sites\/3\/2023\/08\/logo-epinalinfos.svg","width":1,"height":1,"caption":"Epinal Info"},"image":{"@id":"https:\/\/vosgesinfo.fr\/epinalinfo\/#\/schema\/logo\/image\/"},"sameAs":["https:\/\/www.facebook.com\/Epinalinfos","https:\/\/x.com\/VosgesInfo88","https:\/\/www.youtube.com\/@vosgesinfo"]},{"@type":"Person","@id":"https:\/\/vosgesinfo.fr\/epinalinfo\/#\/schema\/person\/6f9a650eeea99d969b6c4ab78fccbe81","name":"C.K.","image":{"@type":"ImageObject","inLanguage":"fr-FR","@id":"https:\/\/vosgesinfo.fr\/epinalinfo\/#\/schema\/person\/image\/","url":"https:\/\/secure.gravatar.com\/avatar\/48e3fc7f8421ba8942be6b74a2b7f014ca39bc00dece156b7a8e098ae7dc87bf?s=96&d=mm&r=g","contentUrl":"https:\/\/secure.gravatar.com\/avatar\/48e3fc7f8421ba8942be6b74a2b7f014ca39bc00dece156b7a8e098ae7dc87bf?s=96&d=mm&r=g","caption":"C.K."},"url":"https:\/\/vosgesinfo.fr\/epinalinfo\/author\/celia-k-n\/"}]}},"_links":{"self":[{"href":"https:\/\/vosgesinfo.fr\/epinalinfo\/wp-json\/wp\/v2\/posts\/27861","targetHints":{"allow":["GET"]}}],"collection":[{"href":"https:\/\/vosgesinfo.fr\/epinalinfo\/wp-json\/wp\/v2\/posts"}],"about":[{"href":"https:\/\/vosgesinfo.fr\/epinalinfo\/wp-json\/wp\/v2\/types\/post"}],"author":[{"embeddable":true,"href":"https:\/\/vosgesinfo.fr\/epinalinfo\/wp-json\/wp\/v2\/users\/52"}],"replies":[{"embeddable":true,"href":"https:\/\/vosgesinfo.fr\/epinalinfo\/wp-json\/wp\/v2\/comments?post=27861"}],"version-history":[{"count":1,"href":"https:\/\/vosgesinfo.fr\/epinalinfo\/wp-json\/wp\/v2\/posts\/27861\/revisions"}],"predecessor-version":[{"id":36206,"href":"https:\/\/vosgesinfo.fr\/epinalinfo\/wp-json\/wp\/v2\/posts\/27861\/revisions\/36206"}],"wp:featuredmedia":[{"embeddable":true,"href":"https:\/\/vosgesinfo.fr\/epinalinfo\/wp-json\/wp\/v2\/media\/27862"}],"wp:attachment":[{"href":"https:\/\/vosgesinfo.fr\/epinalinfo\/wp-json\/wp\/v2\/media?parent=27861"}],"wp:term":[{"taxonomy":"category","embeddable":true,"href":"https:\/\/vosgesinfo.fr\/epinalinfo\/wp-json\/wp\/v2\/categories?post=27861"},{"taxonomy":"post_tag","embeddable":true,"href":"https:\/\/vosgesinfo.fr\/epinalinfo\/wp-json\/wp\/v2\/tags?post=27861"}],"curies":[{"name":"wp","href":"https:\/\/api.w.org\/{rel}","templated":true}]}}