{"id":27915,"date":"2023-03-21T06:02:57","date_gmt":"2023-03-21T05:02:57","guid":{"rendered":"https:\/\/vosgesinfo.fr\/epinalinfo\/2023\/03\/campagne-de-recrutement-de-lieutenants-de-louveterie\/"},"modified":"2024-02-27T17:58:49","modified_gmt":"2024-02-27T16:58:49","slug":"campagne-de-recrutement-de-lieutenants-de-louveterie","status":"publish","type":"post","link":"https:\/\/vosgesinfo.fr\/epinalinfo\/2023\/03\/campagne-de-recrutement-de-lieutenants-de-louveterie\/","title":{"rendered":"Campagne de recrutement de lieutenants de louveterie"},"content":{"rendered":"<h2><span style=\"font-size: 14pt;\"><a href=\"https:\/\/epinalinfos.fr\/wp-content\/uploads\/2018\/05\/foret-epinal.jpg\"><img decoding=\"async\" class=\"aligncenter size-large wp-image-134789\" src=\"https:\/\/vosgesinfo.fr\/app\/uploads\/sites\/3\/2018\/05\/foret-epinal.jpg\" alt=\"foret-epinal\" width=\"533\" height=\"800\" \/><\/a>La direction d\u00e9partementale des territoires des Vosges recrute des lieutenants de louveterie sur la p\u00e9riode du 1er juin 2023 au 31 d\u00e9cembre 2024 pour les circonscriptions suivantes:<\/span><\/h2>\n<p>1 : secteur Grand, Pargny-sous-Mureau, Coussey<\/p>\n<p>5 : secteur Juvaincourt, soncourt<\/p>\n<p>23: secteur Cornimont, la Bresse, Sapois, Vagney<\/p>\n<p>Nomm\u00e9s par la Pr\u00e9f\u00e8te, les lieutenants de louveterie concourent sous son autorit\u00e9 \u00e0 la r\u00e9gulation de la faune sauvage, notamment les esp\u00e8ces susceptibles d\u2019occasionner des d\u00e9g\u00e2ts. Les lieutenants de louveterie sont les conseillers techniques de l\u2019administration sur les probl\u00e8mes pos\u00e9s par la gestion de la faune sauvage. Les chasses et battues administratives sont organis\u00e9es sous leur contr\u00f4le et sous leur responsabilit\u00e9 technique.<\/p>\n<p>Ils sont \u00e9galement susceptibles d\u2019\u00eatre mobilis\u00e9s pour contribuer \u00e0 la pr\u00e9vention des dommages caus\u00e9s par le loup sur les troupeaux d\u2019animaux domestiques.<\/p>\n<p>Ils sont asserment\u00e9s et ont qualit\u00e9 pour constater les infractions \u00e0 la police de la chasse dans les limites de la circonscription qui leur est affect\u00e9e.Leurs fonctions sont d\u2019int\u00e9r\u00eat g\u00e9n\u00e9ral et sont exerc\u00e9es b\u00e9n\u00e9volement.Les candidats aux fonctions de lieutenant de louveterie dans le d\u00e9partement des Vosges, sont invit\u00e9s \u00e0 se faire conna\u00eetre.<\/p>\n<p>Le contenu du dossier \u00e0 transmettre et les conditions d\u2019\u00e9ligibilit\u00e9 sont d\u00e9taill\u00e9s sur le site internet de l\u2019\u00c9tat dans les Vosges \u00e0 cette adresse :<a href=\"https:\/\/www.vosges.gouv.fr\/Actions-de-l-Etat\/Environnement\/Chasse-peche\/Chasse\/Les-lieutenants-de-louveterie\" target=\"_blank\" rel=\"noopener\">https:\/\/www.vosges.gouv.fr\/Actions-de-l-Etat\/Environnement\/Chasse-peche\/Chasse\/Les-lieutenants-de-louveterie<\/a><\/p>\n<p>Ledossier de candidature doit parvenir par courrier \u00e0 la Direction d\u00e9partementale des territoires (DDT) des VOSGES, avant le 30 avril 2023, d\u00e9lai de rigueur, \u00e0 l\u2019adresse suivante:<\/p>\n<p>DDT des VOSGES<\/p>\n<p>Bureau Biodiversit\u00e9 Nature et Paysage<\/p>\n<p>22 \u00e0 26 avenue DUTAC &#8211; 88026 EPINAL C\u00e9dex<\/p>\n","protected":false},"excerpt":{"rendered":"<p>La direction d\u00e9partementale des territoires des Vosges recrute des lieutenants de louveterie sur la p\u00e9riode du 1er juin 2023 au [&hellip;]<\/p>\n","protected":false},"author":52,"featured_media":22216,"comment_status":"open","ping_status":"open","sticky":false,"template":"","format":"standard","meta":{"footnotes":""},"categories":[22,5],"tags":[],"class_list":["post-27915","post","type-post","status-publish","format-standard","has-post-thumbnail","hentry","category-a-la-une","category-vosges"],"acf":[],"yoast_head":"<!-- This site is optimized with the Yoast SEO plugin v22.5 - https:\/\/yoast.com\/wordpress\/plugins\/seo\/ -->\n<title>Campagne de recrutement de lieutenants de louveterie - Epinal Info<\/title>\n<meta name=\"robots\" content=\"index, follow, max-snippet:-1, max-image-preview:large, max-video-preview:-1\" \/>\n<link rel=\"canonical\" href=\"https:\/\/vosgesinfo.fr\/epinalinfo\/2023\/03\/campagne-de-recrutement-de-lieutenants-de-louveterie\/\" \/>\n<meta name=\"twitter:card\" content=\"summary_large_image\" \/>\n<meta name=\"twitter:title\" content=\"Campagne de recrutement de lieutenants de louveterie - Epinal Info\" \/>\n<meta name=\"twitter:description\" content=\"La direction d\u00e9partementale des territoires des Vosges recrute des lieutenants de louveterie sur la p\u00e9riode du 1er juin 2023 au [&hellip;]\" \/>\n<meta name=\"twitter:image\" content=\"https:\/\/vosgesinfo.fr\/app\/uploads\/sites\/3\/2018\/05\/foret-epinal.jpg\" \/>\n<meta name=\"twitter:creator\" content=\"@VosgesInfo88\" \/>\n<meta name=\"twitter:site\" content=\"@VosgesInfo88\" \/>\n<meta name=\"twitter:label1\" content=\"\u00c9crit par\" \/>\n\t<meta name=\"twitter:data1\" content=\"C.K.\" \/>\n\t<meta name=\"twitter:label2\" content=\"Dur\u00e9e de lecture estim\u00e9e\" \/>\n\t<meta name=\"twitter:data2\" content=\"1 minute\" \/>\n<script type=\"application\/ld+json\" class=\"yoast-schema-graph\">{\"@context\":\"https:\/\/schema.org\",\"@graph\":[{\"@type\":\"Article\",\"@id\":\"https:\/\/vosgesinfo.fr\/epinalinfo\/2023\/03\/campagne-de-recrutement-de-lieutenants-de-louveterie\/#article\",\"isPartOf\":{\"@id\":\"https:\/\/vosgesinfo.fr\/epinalinfo\/2023\/03\/campagne-de-recrutement-de-lieutenants-de-louveterie\/\"},\"author\":{\"name\":\"C.K.\",\"@id\":\"https:\/\/vosgesinfo.fr\/epinalinfo\/#\/schema\/person\/6f9a650eeea99d969b6c4ab78fccbe81\"},\"headline\":\"Campagne de recrutement de lieutenants de louveterie\",\"datePublished\":\"2023-03-21T05:02:57+00:00\",\"dateModified\":\"2024-02-27T16:58:49+00:00\",\"mainEntityOfPage\":{\"@id\":\"https:\/\/vosgesinfo.fr\/epinalinfo\/2023\/03\/campagne-de-recrutement-de-lieutenants-de-louveterie\/\"},\"wordCount\":288,\"commentCount\":0,\"publisher\":{\"@id\":\"https:\/\/vosgesinfo.fr\/epinalinfo\/#organization\"},\"image\":{\"@id\":\"https:\/\/vosgesinfo.fr\/epinalinfo\/2023\/03\/campagne-de-recrutement-de-lieutenants-de-louveterie\/#primaryimage\"},\"thumbnailUrl\":\"https:\/\/vosgesinfo.fr\/app\/uploads\/sites\/3\/2018\/05\/foret-epinal.jpg\",\"articleSection\":[\"A la Une\",\"Vosges\"],\"inLanguage\":\"fr-FR\",\"potentialAction\":[{\"@type\":\"CommentAction\",\"name\":\"Comment\",\"target\":[\"https:\/\/vosgesinfo.fr\/epinalinfo\/2023\/03\/campagne-de-recrutement-de-lieutenants-de-louveterie\/#respond\"]}]},{\"@type\":\"WebPage\",\"@id\":\"https:\/\/vosgesinfo.fr\/epinalinfo\/2023\/03\/campagne-de-recrutement-de-lieutenants-de-louveterie\/\",\"url\":\"https:\/\/vosgesinfo.fr\/epinalinfo\/2023\/03\/campagne-de-recrutement-de-lieutenants-de-louveterie\/\",\"name\":\"Campagne de recrutement de lieutenants de louveterie - Epinal Info\",\"isPartOf\":{\"@id\":\"https:\/\/vosgesinfo.fr\/epinalinfo\/#website\"},\"primaryImageOfPage\":{\"@id\":\"https:\/\/vosgesinfo.fr\/epinalinfo\/2023\/03\/campagne-de-recrutement-de-lieutenants-de-louveterie\/#primaryimage\"},\"image\":{\"@id\":\"https:\/\/vosgesinfo.fr\/epinalinfo\/2023\/03\/campagne-de-recrutement-de-lieutenants-de-louveterie\/#primaryimage\"},\"thumbnailUrl\":\"https:\/\/vosgesinfo.fr\/app\/uploads\/sites\/3\/2018\/05\/foret-epinal.jpg\",\"datePublished\":\"2023-03-21T05:02:57+00:00\",\"dateModified\":\"2024-02-27T16:58:49+00:00\",\"breadcrumb\":{\"@id\":\"https:\/\/vosgesinfo.fr\/epinalinfo\/2023\/03\/campagne-de-recrutement-de-lieutenants-de-louveterie\/#breadcrumb\"},\"inLanguage\":\"fr-FR\",\"potentialAction\":[{\"@type\":\"ReadAction\",\"target\":[\"https:\/\/vosgesinfo.fr\/epinalinfo\/2023\/03\/campagne-de-recrutement-de-lieutenants-de-louveterie\/\"]}]},{\"@type\":\"ImageObject\",\"inLanguage\":\"fr-FR\",\"@id\":\"https:\/\/vosgesinfo.fr\/epinalinfo\/2023\/03\/campagne-de-recrutement-de-lieutenants-de-louveterie\/#primaryimage\",\"url\":\"https:\/\/vosgesinfo.fr\/app\/uploads\/sites\/3\/2018\/05\/foret-epinal.jpg\",\"contentUrl\":\"https:\/\/vosgesinfo.fr\/app\/uploads\/sites\/3\/2018\/05\/foret-epinal.jpg\"},{\"@type\":\"BreadcrumbList\",\"@id\":\"https:\/\/vosgesinfo.fr\/epinalinfo\/2023\/03\/campagne-de-recrutement-de-lieutenants-de-louveterie\/#breadcrumb\",\"itemListElement\":[{\"@type\":\"ListItem\",\"position\":1,\"name\":\"Home\",\"item\":\"https:\/\/vosgesinfo.fr\/epinalinfo\/\"},{\"@type\":\"ListItem\",\"position\":2,\"name\":\"Campagne de recrutement de lieutenants de louveterie\"}]},{\"@type\":\"WebSite\",\"@id\":\"https:\/\/vosgesinfo.fr\/epinalinfo\/#website\",\"url\":\"https:\/\/vosgesinfo.fr\/epinalinfo\/\",\"name\":\"Epinal Info\",\"description\":\"Toute l&#039;actualit\u00e9 d&#039;\u00c9pinal\",\"publisher\":{\"@id\":\"https:\/\/vosgesinfo.fr\/epinalinfo\/#organization\"},\"alternateName\":\"Toute l'actualit\u00e9 d'\u00c9pinal\",\"potentialAction\":[{\"@type\":\"SearchAction\",\"target\":{\"@type\":\"EntryPoint\",\"urlTemplate\":\"https:\/\/vosgesinfo.fr\/epinalinfo\/?s={search_term_string}\"},\"query-input\":\"required name=search_term_string\"}],\"inLanguage\":\"fr-FR\"},{\"@type\":\"Organization\",\"@id\":\"https:\/\/vosgesinfo.fr\/epinalinfo\/#organization\",\"name\":\"Epinal Info\",\"url\":\"https:\/\/vosgesinfo.fr\/epinalinfo\/\",\"logo\":{\"@type\":\"ImageObject\",\"inLanguage\":\"fr-FR\",\"@id\":\"https:\/\/vosgesinfo.fr\/epinalinfo\/#\/schema\/logo\/image\/\",\"url\":\"https:\/\/vosgesinfo.fr\/app\/uploads\/sites\/3\/2023\/08\/logo-epinalinfos.svg\",\"contentUrl\":\"https:\/\/vosgesinfo.fr\/app\/uploads\/sites\/3\/2023\/08\/logo-epinalinfos.svg\",\"width\":1,\"height\":1,\"caption\":\"Epinal Info\"},\"image\":{\"@id\":\"https:\/\/vosgesinfo.fr\/epinalinfo\/#\/schema\/logo\/image\/\"},\"sameAs\":[\"https:\/\/www.facebook.com\/Epinalinfos\",\"https:\/\/x.com\/VosgesInfo88\",\"https:\/\/www.youtube.com\/@vosgesinfo\"]},{\"@type\":\"Person\",\"@id\":\"https:\/\/vosgesinfo.fr\/epinalinfo\/#\/schema\/person\/6f9a650eeea99d969b6c4ab78fccbe81\",\"name\":\"C.K.\",\"image\":{\"@type\":\"ImageObject\",\"inLanguage\":\"fr-FR\",\"@id\":\"https:\/\/vosgesinfo.fr\/epinalinfo\/#\/schema\/person\/image\/\",\"url\":\"https:\/\/secure.gravatar.com\/avatar\/48e3fc7f8421ba8942be6b74a2b7f014ca39bc00dece156b7a8e098ae7dc87bf?s=96&d=mm&r=g\",\"contentUrl\":\"https:\/\/secure.gravatar.com\/avatar\/48e3fc7f8421ba8942be6b74a2b7f014ca39bc00dece156b7a8e098ae7dc87bf?s=96&d=mm&r=g\",\"caption\":\"C.K.\"},\"url\":\"https:\/\/vosgesinfo.fr\/epinalinfo\/author\/celia-k-n\/\"}]}<\/script>\n<!-- \/ Yoast SEO plugin. -->","yoast_head_json":{"title":"Campagne de recrutement de lieutenants de louveterie - Epinal Info","robots":{"index":"index","follow":"follow","max-snippet":"max-snippet:-1","max-image-preview":"max-image-preview:large","max-video-preview":"max-video-preview:-1"},"canonical":"https:\/\/vosgesinfo.fr\/epinalinfo\/2023\/03\/campagne-de-recrutement-de-lieutenants-de-louveterie\/","twitter_card":"summary_large_image","twitter_title":"Campagne de recrutement de lieutenants de louveterie - Epinal Info","twitter_description":"La direction d\u00e9partementale des territoires des Vosges recrute des lieutenants de louveterie sur la p\u00e9riode du 1er juin 2023 au [&hellip;]","twitter_image":"https:\/\/vosgesinfo.fr\/app\/uploads\/sites\/3\/2018\/05\/foret-epinal.jpg","twitter_creator":"@VosgesInfo88","twitter_site":"@VosgesInfo88","twitter_misc":{"\u00c9crit par":"C.K.","Dur\u00e9e de lecture estim\u00e9e":"1 minute"},"schema":{"@context":"https:\/\/schema.org","@graph":[{"@type":"Article","@id":"https:\/\/vosgesinfo.fr\/epinalinfo\/2023\/03\/campagne-de-recrutement-de-lieutenants-de-louveterie\/#article","isPartOf":{"@id":"https:\/\/vosgesinfo.fr\/epinalinfo\/2023\/03\/campagne-de-recrutement-de-lieutenants-de-louveterie\/"},"author":{"name":"C.K.","@id":"https:\/\/vosgesinfo.fr\/epinalinfo\/#\/schema\/person\/6f9a650eeea99d969b6c4ab78fccbe81"},"headline":"Campagne de recrutement de lieutenants de louveterie","datePublished":"2023-03-21T05:02:57+00:00","dateModified":"2024-02-27T16:58:49+00:00","mainEntityOfPage":{"@id":"https:\/\/vosgesinfo.fr\/epinalinfo\/2023\/03\/campagne-de-recrutement-de-lieutenants-de-louveterie\/"},"wordCount":288,"commentCount":0,"publisher":{"@id":"https:\/\/vosgesinfo.fr\/epinalinfo\/#organization"},"image":{"@id":"https:\/\/vosgesinfo.fr\/epinalinfo\/2023\/03\/campagne-de-recrutement-de-lieutenants-de-louveterie\/#primaryimage"},"thumbnailUrl":"https:\/\/vosgesinfo.fr\/app\/uploads\/sites\/3\/2018\/05\/foret-epinal.jpg","articleSection":["A la Une","Vosges"],"inLanguage":"fr-FR","potentialAction":[{"@type":"CommentAction","name":"Comment","target":["https:\/\/vosgesinfo.fr\/epinalinfo\/2023\/03\/campagne-de-recrutement-de-lieutenants-de-louveterie\/#respond"]}]},{"@type":"WebPage","@id":"https:\/\/vosgesinfo.fr\/epinalinfo\/2023\/03\/campagne-de-recrutement-de-lieutenants-de-louveterie\/","url":"https:\/\/vosgesinfo.fr\/epinalinfo\/2023\/03\/campagne-de-recrutement-de-lieutenants-de-louveterie\/","name":"Campagne de recrutement de lieutenants de louveterie - Epinal Info","isPartOf":{"@id":"https:\/\/vosgesinfo.fr\/epinalinfo\/#website"},"primaryImageOfPage":{"@id":"https:\/\/vosgesinfo.fr\/epinalinfo\/2023\/03\/campagne-de-recrutement-de-lieutenants-de-louveterie\/#primaryimage"},"image":{"@id":"https:\/\/vosgesinfo.fr\/epinalinfo\/2023\/03\/campagne-de-recrutement-de-lieutenants-de-louveterie\/#primaryimage"},"thumbnailUrl":"https:\/\/vosgesinfo.fr\/app\/uploads\/sites\/3\/2018\/05\/foret-epinal.jpg","datePublished":"2023-03-21T05:02:57+00:00","dateModified":"2024-02-27T16:58:49+00:00","breadcrumb":{"@id":"https:\/\/vosgesinfo.fr\/epinalinfo\/2023\/03\/campagne-de-recrutement-de-lieutenants-de-louveterie\/#breadcrumb"},"inLanguage":"fr-FR","potentialAction":[{"@type":"ReadAction","target":["https:\/\/vosgesinfo.fr\/epinalinfo\/2023\/03\/campagne-de-recrutement-de-lieutenants-de-louveterie\/"]}]},{"@type":"ImageObject","inLanguage":"fr-FR","@id":"https:\/\/vosgesinfo.fr\/epinalinfo\/2023\/03\/campagne-de-recrutement-de-lieutenants-de-louveterie\/#primaryimage","url":"https:\/\/vosgesinfo.fr\/app\/uploads\/sites\/3\/2018\/05\/foret-epinal.jpg","contentUrl":"https:\/\/vosgesinfo.fr\/app\/uploads\/sites\/3\/2018\/05\/foret-epinal.jpg"},{"@type":"BreadcrumbList","@id":"https:\/\/vosgesinfo.fr\/epinalinfo\/2023\/03\/campagne-de-recrutement-de-lieutenants-de-louveterie\/#breadcrumb","itemListElement":[{"@type":"ListItem","position":1,"name":"Home","item":"https:\/\/vosgesinfo.fr\/epinalinfo\/"},{"@type":"ListItem","position":2,"name":"Campagne de recrutement de lieutenants de louveterie"}]},{"@type":"WebSite","@id":"https:\/\/vosgesinfo.fr\/epinalinfo\/#website","url":"https:\/\/vosgesinfo.fr\/epinalinfo\/","name":"Epinal Info","description":"Toute l&#039;actualit\u00e9 d&#039;\u00c9pinal","publisher":{"@id":"https:\/\/vosgesinfo.fr\/epinalinfo\/#organization"},"alternateName":"Toute l'actualit\u00e9 d'\u00c9pinal","potentialAction":[{"@type":"SearchAction","target":{"@type":"EntryPoint","urlTemplate":"https:\/\/vosgesinfo.fr\/epinalinfo\/?s={search_term_string}"},"query-input":"required name=search_term_string"}],"inLanguage":"fr-FR"},{"@type":"Organization","@id":"https:\/\/vosgesinfo.fr\/epinalinfo\/#organization","name":"Epinal Info","url":"https:\/\/vosgesinfo.fr\/epinalinfo\/","logo":{"@type":"ImageObject","inLanguage":"fr-FR","@id":"https:\/\/vosgesinfo.fr\/epinalinfo\/#\/schema\/logo\/image\/","url":"https:\/\/vosgesinfo.fr\/app\/uploads\/sites\/3\/2023\/08\/logo-epinalinfos.svg","contentUrl":"https:\/\/vosgesinfo.fr\/app\/uploads\/sites\/3\/2023\/08\/logo-epinalinfos.svg","width":1,"height":1,"caption":"Epinal Info"},"image":{"@id":"https:\/\/vosgesinfo.fr\/epinalinfo\/#\/schema\/logo\/image\/"},"sameAs":["https:\/\/www.facebook.com\/Epinalinfos","https:\/\/x.com\/VosgesInfo88","https:\/\/www.youtube.com\/@vosgesinfo"]},{"@type":"Person","@id":"https:\/\/vosgesinfo.fr\/epinalinfo\/#\/schema\/person\/6f9a650eeea99d969b6c4ab78fccbe81","name":"C.K.","image":{"@type":"ImageObject","inLanguage":"fr-FR","@id":"https:\/\/vosgesinfo.fr\/epinalinfo\/#\/schema\/person\/image\/","url":"https:\/\/secure.gravatar.com\/avatar\/48e3fc7f8421ba8942be6b74a2b7f014ca39bc00dece156b7a8e098ae7dc87bf?s=96&d=mm&r=g","contentUrl":"https:\/\/secure.gravatar.com\/avatar\/48e3fc7f8421ba8942be6b74a2b7f014ca39bc00dece156b7a8e098ae7dc87bf?s=96&d=mm&r=g","caption":"C.K."},"url":"https:\/\/vosgesinfo.fr\/epinalinfo\/author\/celia-k-n\/"}]}},"_links":{"self":[{"href":"https:\/\/vosgesinfo.fr\/epinalinfo\/wp-json\/wp\/v2\/posts\/27915","targetHints":{"allow":["GET"]}}],"collection":[{"href":"https:\/\/vosgesinfo.fr\/epinalinfo\/wp-json\/wp\/v2\/posts"}],"about":[{"href":"https:\/\/vosgesinfo.fr\/epinalinfo\/wp-json\/wp\/v2\/types\/post"}],"author":[{"embeddable":true,"href":"https:\/\/vosgesinfo.fr\/epinalinfo\/wp-json\/wp\/v2\/users\/52"}],"replies":[{"embeddable":true,"href":"https:\/\/vosgesinfo.fr\/epinalinfo\/wp-json\/wp\/v2\/comments?post=27915"}],"version-history":[{"count":1,"href":"https:\/\/vosgesinfo.fr\/epinalinfo\/wp-json\/wp\/v2\/posts\/27915\/revisions"}],"predecessor-version":[{"id":36222,"href":"https:\/\/vosgesinfo.fr\/epinalinfo\/wp-json\/wp\/v2\/posts\/27915\/revisions\/36222"}],"wp:featuredmedia":[{"embeddable":true,"href":"https:\/\/vosgesinfo.fr\/epinalinfo\/wp-json\/wp\/v2\/media\/22216"}],"wp:attachment":[{"href":"https:\/\/vosgesinfo.fr\/epinalinfo\/wp-json\/wp\/v2\/media?parent=27915"}],"wp:term":[{"taxonomy":"category","embeddable":true,"href":"https:\/\/vosgesinfo.fr\/epinalinfo\/wp-json\/wp\/v2\/categories?post=27915"},{"taxonomy":"post_tag","embeddable":true,"href":"https:\/\/vosgesinfo.fr\/epinalinfo\/wp-json\/wp\/v2\/tags?post=27915"}],"curies":[{"name":"wp","href":"https:\/\/api.w.org\/{rel}","templated":true}]}}