{"id":28018,"date":"2023-03-24T08:22:49","date_gmt":"2023-03-24T07:22:49","guid":{"rendered":"https:\/\/vosgesinfo.fr\/epinalinfo\/2023\/03\/prefete-vosges-condamne-violences-degradations-commises-lors-de-manifestation-23-mars-2023\/"},"modified":"2024-02-27T17:59:07","modified_gmt":"2024-02-27T16:59:07","slug":"prefete-vosges-condamne-violences-degradations-commises-lors-de-manifestation-23-mars-2023","status":"publish","type":"post","link":"https:\/\/vosgesinfo.fr\/epinalinfo\/2023\/03\/prefete-vosges-condamne-violences-degradations-commises-lors-de-manifestation-23-mars-2023\/","title":{"rendered":"La pr\u00e9f\u00e8te des Vosges condamne les violences et les d\u00e9gradations commises lors de la manifestation du 23 mars 2023"},"content":{"rendered":"<p><a href=\"https:\/\/epinalinfos.fr\/wp-content\/uploads\/2023\/03\/fire-2777580_960_720.jpg\"><img decoding=\"async\" class=\"aligncenter size-large wp-image-216739\" src=\"https:\/\/vosgesinfo.fr\/app\/uploads\/sites\/3\/2023\/03\/fire-2777580-960-720.jpg\" alt=\"fire-2777580_960_720\" width=\"800\" height=\"533\" \/><\/a>communiqu\u00e9 de presse<\/p>\n<p>La pr\u00e9f\u00e8te condamne les actions violentes et les d\u00e9gradations commises par une petite minorit\u00e9 d\u2019individus lors de la journ\u00e9e nationale d\u2019action contre la r\u00e9forme des retraites du 23 mars.<\/p>\n<p>La manifestation intersyndicale s\u2019est d\u00e9roul\u00e9e dans les conditions de droit conformes \u00e0 la R\u00e9publique. Les interventions des forces de s\u00e9curit\u00e9 int\u00e9rieure face \u00e0 une minorit\u00e9 violente ont conduit \u00e0 quatre interpellations dans la soir\u00e9e.<\/p>\n<p>La pr\u00e9f\u00e8te salue l&rsquo;engagement des forces de s\u00e9curit\u00e9 pour prot\u00e9ger les citoyens et faire face aux casseurs.<\/p>\n<p>Elle condamne les violences inacceptables commises \u00e0 l&rsquo;encontre des forces de l&rsquo;ordre et rappelle que les insultes, les menaces et intimidations n&rsquo;ont pas leur place dans la R\u00e9publique fran\u00e7aise.<\/p>\n","protected":false},"excerpt":{"rendered":"<p>communiqu\u00e9 de presse La pr\u00e9f\u00e8te condamne les actions violentes et les d\u00e9gradations commises par une petite minorit\u00e9 d\u2019individus lors de [&hellip;]<\/p>\n","protected":false},"author":52,"featured_media":28019,"comment_status":"open","ping_status":"open","sticky":false,"template":"","format":"standard","meta":{"footnotes":""},"categories":[22,24,6,5],"tags":[],"class_list":["post-28018","post","type-post","status-publish","format-standard","has-post-thumbnail","hentry","category-a-la-une","category-epinal","category-faits-divers","category-vosges"],"acf":[],"yoast_head":"<!-- This site is optimized with the Yoast SEO plugin v22.5 - https:\/\/yoast.com\/wordpress\/plugins\/seo\/ -->\n<title>La pr\u00e9f\u00e8te des Vosges condamne les violences et les d\u00e9gradations commises lors de la manifestation du 23 mars 2023 - Epinal Info<\/title>\n<meta name=\"robots\" content=\"index, follow, max-snippet:-1, max-image-preview:large, max-video-preview:-1\" \/>\n<link rel=\"canonical\" href=\"https:\/\/vosgesinfo.fr\/epinalinfo\/2023\/03\/prefete-vosges-condamne-violences-degradations-commises-lors-de-manifestation-23-mars-2023\/\" \/>\n<meta name=\"twitter:card\" content=\"summary_large_image\" \/>\n<meta name=\"twitter:title\" content=\"La pr\u00e9f\u00e8te des Vosges condamne les violences et les d\u00e9gradations commises lors de la manifestation du 23 mars 2023 - Epinal Info\" \/>\n<meta name=\"twitter:description\" content=\"communiqu\u00e9 de presse La pr\u00e9f\u00e8te condamne les actions violentes et les d\u00e9gradations commises par une petite minorit\u00e9 d\u2019individus lors de [&hellip;]\" \/>\n<meta name=\"twitter:image\" content=\"https:\/\/vosgesinfo.fr\/app\/uploads\/sites\/3\/2023\/03\/fire-2777580-960-720.jpg\" \/>\n<meta name=\"twitter:creator\" content=\"@VosgesInfo88\" \/>\n<meta name=\"twitter:site\" content=\"@VosgesInfo88\" \/>\n<meta name=\"twitter:label1\" content=\"\u00c9crit par\" \/>\n\t<meta name=\"twitter:data1\" content=\"C.K.\" \/>\n\t<meta name=\"twitter:label2\" content=\"Dur\u00e9e de lecture estim\u00e9e\" \/>\n\t<meta name=\"twitter:data2\" content=\"1 minute\" \/>\n<script type=\"application\/ld+json\" class=\"yoast-schema-graph\">{\"@context\":\"https:\/\/schema.org\",\"@graph\":[{\"@type\":\"Article\",\"@id\":\"https:\/\/vosgesinfo.fr\/epinalinfo\/2023\/03\/prefete-vosges-condamne-violences-degradations-commises-lors-de-manifestation-23-mars-2023\/#article\",\"isPartOf\":{\"@id\":\"https:\/\/vosgesinfo.fr\/epinalinfo\/2023\/03\/prefete-vosges-condamne-violences-degradations-commises-lors-de-manifestation-23-mars-2023\/\"},\"author\":{\"name\":\"C.K.\",\"@id\":\"https:\/\/vosgesinfo.fr\/epinalinfo\/#\/schema\/person\/6f9a650eeea99d969b6c4ab78fccbe81\"},\"headline\":\"La pr\u00e9f\u00e8te des Vosges condamne les violences et les d\u00e9gradations commises lors de la manifestation du 23 mars 2023\",\"datePublished\":\"2023-03-24T07:22:49+00:00\",\"dateModified\":\"2024-02-27T16:59:07+00:00\",\"mainEntityOfPage\":{\"@id\":\"https:\/\/vosgesinfo.fr\/epinalinfo\/2023\/03\/prefete-vosges-condamne-violences-degradations-commises-lors-de-manifestation-23-mars-2023\/\"},\"wordCount\":151,\"commentCount\":0,\"publisher\":{\"@id\":\"https:\/\/vosgesinfo.fr\/epinalinfo\/#organization\"},\"image\":{\"@id\":\"https:\/\/vosgesinfo.fr\/epinalinfo\/2023\/03\/prefete-vosges-condamne-violences-degradations-commises-lors-de-manifestation-23-mars-2023\/#primaryimage\"},\"thumbnailUrl\":\"https:\/\/vosgesinfo.fr\/app\/uploads\/sites\/3\/2023\/03\/fire-2777580-960-720.jpg\",\"articleSection\":[\"A la Une\",\"Epinal\",\"Faits-divers\",\"Vosges\"],\"inLanguage\":\"fr-FR\",\"potentialAction\":[{\"@type\":\"CommentAction\",\"name\":\"Comment\",\"target\":[\"https:\/\/vosgesinfo.fr\/epinalinfo\/2023\/03\/prefete-vosges-condamne-violences-degradations-commises-lors-de-manifestation-23-mars-2023\/#respond\"]}]},{\"@type\":\"WebPage\",\"@id\":\"https:\/\/vosgesinfo.fr\/epinalinfo\/2023\/03\/prefete-vosges-condamne-violences-degradations-commises-lors-de-manifestation-23-mars-2023\/\",\"url\":\"https:\/\/vosgesinfo.fr\/epinalinfo\/2023\/03\/prefete-vosges-condamne-violences-degradations-commises-lors-de-manifestation-23-mars-2023\/\",\"name\":\"La pr\u00e9f\u00e8te des Vosges condamne les violences et les d\u00e9gradations commises lors de la manifestation du 23 mars 2023 - Epinal Info\",\"isPartOf\":{\"@id\":\"https:\/\/vosgesinfo.fr\/epinalinfo\/#website\"},\"primaryImageOfPage\":{\"@id\":\"https:\/\/vosgesinfo.fr\/epinalinfo\/2023\/03\/prefete-vosges-condamne-violences-degradations-commises-lors-de-manifestation-23-mars-2023\/#primaryimage\"},\"image\":{\"@id\":\"https:\/\/vosgesinfo.fr\/epinalinfo\/2023\/03\/prefete-vosges-condamne-violences-degradations-commises-lors-de-manifestation-23-mars-2023\/#primaryimage\"},\"thumbnailUrl\":\"https:\/\/vosgesinfo.fr\/app\/uploads\/sites\/3\/2023\/03\/fire-2777580-960-720.jpg\",\"datePublished\":\"2023-03-24T07:22:49+00:00\",\"dateModified\":\"2024-02-27T16:59:07+00:00\",\"breadcrumb\":{\"@id\":\"https:\/\/vosgesinfo.fr\/epinalinfo\/2023\/03\/prefete-vosges-condamne-violences-degradations-commises-lors-de-manifestation-23-mars-2023\/#breadcrumb\"},\"inLanguage\":\"fr-FR\",\"potentialAction\":[{\"@type\":\"ReadAction\",\"target\":[\"https:\/\/vosgesinfo.fr\/epinalinfo\/2023\/03\/prefete-vosges-condamne-violences-degradations-commises-lors-de-manifestation-23-mars-2023\/\"]}]},{\"@type\":\"ImageObject\",\"inLanguage\":\"fr-FR\",\"@id\":\"https:\/\/vosgesinfo.fr\/epinalinfo\/2023\/03\/prefete-vosges-condamne-violences-degradations-commises-lors-de-manifestation-23-mars-2023\/#primaryimage\",\"url\":\"https:\/\/vosgesinfo.fr\/app\/uploads\/sites\/3\/2023\/03\/fire-2777580-960-720.jpg\",\"contentUrl\":\"https:\/\/vosgesinfo.fr\/app\/uploads\/sites\/3\/2023\/03\/fire-2777580-960-720.jpg\"},{\"@type\":\"BreadcrumbList\",\"@id\":\"https:\/\/vosgesinfo.fr\/epinalinfo\/2023\/03\/prefete-vosges-condamne-violences-degradations-commises-lors-de-manifestation-23-mars-2023\/#breadcrumb\",\"itemListElement\":[{\"@type\":\"ListItem\",\"position\":1,\"name\":\"Home\",\"item\":\"https:\/\/vosgesinfo.fr\/epinalinfo\/\"},{\"@type\":\"ListItem\",\"position\":2,\"name\":\"La pr\u00e9f\u00e8te des Vosges condamne les violences et les d\u00e9gradations commises lors de la manifestation du 23 mars 2023\"}]},{\"@type\":\"WebSite\",\"@id\":\"https:\/\/vosgesinfo.fr\/epinalinfo\/#website\",\"url\":\"https:\/\/vosgesinfo.fr\/epinalinfo\/\",\"name\":\"Epinal Info\",\"description\":\"Toute l&#039;actualit\u00e9 d&#039;\u00c9pinal\",\"publisher\":{\"@id\":\"https:\/\/vosgesinfo.fr\/epinalinfo\/#organization\"},\"alternateName\":\"Toute l'actualit\u00e9 d'\u00c9pinal\",\"potentialAction\":[{\"@type\":\"SearchAction\",\"target\":{\"@type\":\"EntryPoint\",\"urlTemplate\":\"https:\/\/vosgesinfo.fr\/epinalinfo\/?s={search_term_string}\"},\"query-input\":\"required name=search_term_string\"}],\"inLanguage\":\"fr-FR\"},{\"@type\":\"Organization\",\"@id\":\"https:\/\/vosgesinfo.fr\/epinalinfo\/#organization\",\"name\":\"Epinal Info\",\"url\":\"https:\/\/vosgesinfo.fr\/epinalinfo\/\",\"logo\":{\"@type\":\"ImageObject\",\"inLanguage\":\"fr-FR\",\"@id\":\"https:\/\/vosgesinfo.fr\/epinalinfo\/#\/schema\/logo\/image\/\",\"url\":\"https:\/\/vosgesinfo.fr\/app\/uploads\/sites\/3\/2023\/08\/logo-epinalinfos.svg\",\"contentUrl\":\"https:\/\/vosgesinfo.fr\/app\/uploads\/sites\/3\/2023\/08\/logo-epinalinfos.svg\",\"width\":1,\"height\":1,\"caption\":\"Epinal Info\"},\"image\":{\"@id\":\"https:\/\/vosgesinfo.fr\/epinalinfo\/#\/schema\/logo\/image\/\"},\"sameAs\":[\"https:\/\/www.facebook.com\/Epinalinfos\",\"https:\/\/x.com\/VosgesInfo88\",\"https:\/\/www.youtube.com\/@vosgesinfo\"]},{\"@type\":\"Person\",\"@id\":\"https:\/\/vosgesinfo.fr\/epinalinfo\/#\/schema\/person\/6f9a650eeea99d969b6c4ab78fccbe81\",\"name\":\"C.K.\",\"image\":{\"@type\":\"ImageObject\",\"inLanguage\":\"fr-FR\",\"@id\":\"https:\/\/vosgesinfo.fr\/epinalinfo\/#\/schema\/person\/image\/\",\"url\":\"https:\/\/secure.gravatar.com\/avatar\/48e3fc7f8421ba8942be6b74a2b7f014ca39bc00dece156b7a8e098ae7dc87bf?s=96&d=mm&r=g\",\"contentUrl\":\"https:\/\/secure.gravatar.com\/avatar\/48e3fc7f8421ba8942be6b74a2b7f014ca39bc00dece156b7a8e098ae7dc87bf?s=96&d=mm&r=g\",\"caption\":\"C.K.\"},\"url\":\"https:\/\/vosgesinfo.fr\/epinalinfo\/author\/celia-k-n\/\"}]}<\/script>\n<!-- \/ Yoast SEO plugin. -->","yoast_head_json":{"title":"La pr\u00e9f\u00e8te des Vosges condamne les violences et les d\u00e9gradations commises lors de la manifestation du 23 mars 2023 - Epinal Info","robots":{"index":"index","follow":"follow","max-snippet":"max-snippet:-1","max-image-preview":"max-image-preview:large","max-video-preview":"max-video-preview:-1"},"canonical":"https:\/\/vosgesinfo.fr\/epinalinfo\/2023\/03\/prefete-vosges-condamne-violences-degradations-commises-lors-de-manifestation-23-mars-2023\/","twitter_card":"summary_large_image","twitter_title":"La pr\u00e9f\u00e8te des Vosges condamne les violences et les d\u00e9gradations commises lors de la manifestation du 23 mars 2023 - Epinal Info","twitter_description":"communiqu\u00e9 de presse La pr\u00e9f\u00e8te condamne les actions violentes et les d\u00e9gradations commises par une petite minorit\u00e9 d\u2019individus lors de [&hellip;]","twitter_image":"https:\/\/vosgesinfo.fr\/app\/uploads\/sites\/3\/2023\/03\/fire-2777580-960-720.jpg","twitter_creator":"@VosgesInfo88","twitter_site":"@VosgesInfo88","twitter_misc":{"\u00c9crit par":"C.K.","Dur\u00e9e de lecture estim\u00e9e":"1 minute"},"schema":{"@context":"https:\/\/schema.org","@graph":[{"@type":"Article","@id":"https:\/\/vosgesinfo.fr\/epinalinfo\/2023\/03\/prefete-vosges-condamne-violences-degradations-commises-lors-de-manifestation-23-mars-2023\/#article","isPartOf":{"@id":"https:\/\/vosgesinfo.fr\/epinalinfo\/2023\/03\/prefete-vosges-condamne-violences-degradations-commises-lors-de-manifestation-23-mars-2023\/"},"author":{"name":"C.K.","@id":"https:\/\/vosgesinfo.fr\/epinalinfo\/#\/schema\/person\/6f9a650eeea99d969b6c4ab78fccbe81"},"headline":"La pr\u00e9f\u00e8te des Vosges condamne les violences et les d\u00e9gradations commises lors de la manifestation du 23 mars 2023","datePublished":"2023-03-24T07:22:49+00:00","dateModified":"2024-02-27T16:59:07+00:00","mainEntityOfPage":{"@id":"https:\/\/vosgesinfo.fr\/epinalinfo\/2023\/03\/prefete-vosges-condamne-violences-degradations-commises-lors-de-manifestation-23-mars-2023\/"},"wordCount":151,"commentCount":0,"publisher":{"@id":"https:\/\/vosgesinfo.fr\/epinalinfo\/#organization"},"image":{"@id":"https:\/\/vosgesinfo.fr\/epinalinfo\/2023\/03\/prefete-vosges-condamne-violences-degradations-commises-lors-de-manifestation-23-mars-2023\/#primaryimage"},"thumbnailUrl":"https:\/\/vosgesinfo.fr\/app\/uploads\/sites\/3\/2023\/03\/fire-2777580-960-720.jpg","articleSection":["A la Une","Epinal","Faits-divers","Vosges"],"inLanguage":"fr-FR","potentialAction":[{"@type":"CommentAction","name":"Comment","target":["https:\/\/vosgesinfo.fr\/epinalinfo\/2023\/03\/prefete-vosges-condamne-violences-degradations-commises-lors-de-manifestation-23-mars-2023\/#respond"]}]},{"@type":"WebPage","@id":"https:\/\/vosgesinfo.fr\/epinalinfo\/2023\/03\/prefete-vosges-condamne-violences-degradations-commises-lors-de-manifestation-23-mars-2023\/","url":"https:\/\/vosgesinfo.fr\/epinalinfo\/2023\/03\/prefete-vosges-condamne-violences-degradations-commises-lors-de-manifestation-23-mars-2023\/","name":"La pr\u00e9f\u00e8te des Vosges condamne les violences et les d\u00e9gradations commises lors de la manifestation du 23 mars 2023 - Epinal Info","isPartOf":{"@id":"https:\/\/vosgesinfo.fr\/epinalinfo\/#website"},"primaryImageOfPage":{"@id":"https:\/\/vosgesinfo.fr\/epinalinfo\/2023\/03\/prefete-vosges-condamne-violences-degradations-commises-lors-de-manifestation-23-mars-2023\/#primaryimage"},"image":{"@id":"https:\/\/vosgesinfo.fr\/epinalinfo\/2023\/03\/prefete-vosges-condamne-violences-degradations-commises-lors-de-manifestation-23-mars-2023\/#primaryimage"},"thumbnailUrl":"https:\/\/vosgesinfo.fr\/app\/uploads\/sites\/3\/2023\/03\/fire-2777580-960-720.jpg","datePublished":"2023-03-24T07:22:49+00:00","dateModified":"2024-02-27T16:59:07+00:00","breadcrumb":{"@id":"https:\/\/vosgesinfo.fr\/epinalinfo\/2023\/03\/prefete-vosges-condamne-violences-degradations-commises-lors-de-manifestation-23-mars-2023\/#breadcrumb"},"inLanguage":"fr-FR","potentialAction":[{"@type":"ReadAction","target":["https:\/\/vosgesinfo.fr\/epinalinfo\/2023\/03\/prefete-vosges-condamne-violences-degradations-commises-lors-de-manifestation-23-mars-2023\/"]}]},{"@type":"ImageObject","inLanguage":"fr-FR","@id":"https:\/\/vosgesinfo.fr\/epinalinfo\/2023\/03\/prefete-vosges-condamne-violences-degradations-commises-lors-de-manifestation-23-mars-2023\/#primaryimage","url":"https:\/\/vosgesinfo.fr\/app\/uploads\/sites\/3\/2023\/03\/fire-2777580-960-720.jpg","contentUrl":"https:\/\/vosgesinfo.fr\/app\/uploads\/sites\/3\/2023\/03\/fire-2777580-960-720.jpg"},{"@type":"BreadcrumbList","@id":"https:\/\/vosgesinfo.fr\/epinalinfo\/2023\/03\/prefete-vosges-condamne-violences-degradations-commises-lors-de-manifestation-23-mars-2023\/#breadcrumb","itemListElement":[{"@type":"ListItem","position":1,"name":"Home","item":"https:\/\/vosgesinfo.fr\/epinalinfo\/"},{"@type":"ListItem","position":2,"name":"La pr\u00e9f\u00e8te des Vosges condamne les violences et les d\u00e9gradations commises lors de la manifestation du 23 mars 2023"}]},{"@type":"WebSite","@id":"https:\/\/vosgesinfo.fr\/epinalinfo\/#website","url":"https:\/\/vosgesinfo.fr\/epinalinfo\/","name":"Epinal Info","description":"Toute l&#039;actualit\u00e9 d&#039;\u00c9pinal","publisher":{"@id":"https:\/\/vosgesinfo.fr\/epinalinfo\/#organization"},"alternateName":"Toute l'actualit\u00e9 d'\u00c9pinal","potentialAction":[{"@type":"SearchAction","target":{"@type":"EntryPoint","urlTemplate":"https:\/\/vosgesinfo.fr\/epinalinfo\/?s={search_term_string}"},"query-input":"required name=search_term_string"}],"inLanguage":"fr-FR"},{"@type":"Organization","@id":"https:\/\/vosgesinfo.fr\/epinalinfo\/#organization","name":"Epinal Info","url":"https:\/\/vosgesinfo.fr\/epinalinfo\/","logo":{"@type":"ImageObject","inLanguage":"fr-FR","@id":"https:\/\/vosgesinfo.fr\/epinalinfo\/#\/schema\/logo\/image\/","url":"https:\/\/vosgesinfo.fr\/app\/uploads\/sites\/3\/2023\/08\/logo-epinalinfos.svg","contentUrl":"https:\/\/vosgesinfo.fr\/app\/uploads\/sites\/3\/2023\/08\/logo-epinalinfos.svg","width":1,"height":1,"caption":"Epinal Info"},"image":{"@id":"https:\/\/vosgesinfo.fr\/epinalinfo\/#\/schema\/logo\/image\/"},"sameAs":["https:\/\/www.facebook.com\/Epinalinfos","https:\/\/x.com\/VosgesInfo88","https:\/\/www.youtube.com\/@vosgesinfo"]},{"@type":"Person","@id":"https:\/\/vosgesinfo.fr\/epinalinfo\/#\/schema\/person\/6f9a650eeea99d969b6c4ab78fccbe81","name":"C.K.","image":{"@type":"ImageObject","inLanguage":"fr-FR","@id":"https:\/\/vosgesinfo.fr\/epinalinfo\/#\/schema\/person\/image\/","url":"https:\/\/secure.gravatar.com\/avatar\/48e3fc7f8421ba8942be6b74a2b7f014ca39bc00dece156b7a8e098ae7dc87bf?s=96&d=mm&r=g","contentUrl":"https:\/\/secure.gravatar.com\/avatar\/48e3fc7f8421ba8942be6b74a2b7f014ca39bc00dece156b7a8e098ae7dc87bf?s=96&d=mm&r=g","caption":"C.K."},"url":"https:\/\/vosgesinfo.fr\/epinalinfo\/author\/celia-k-n\/"}]}},"_links":{"self":[{"href":"https:\/\/vosgesinfo.fr\/epinalinfo\/wp-json\/wp\/v2\/posts\/28018","targetHints":{"allow":["GET"]}}],"collection":[{"href":"https:\/\/vosgesinfo.fr\/epinalinfo\/wp-json\/wp\/v2\/posts"}],"about":[{"href":"https:\/\/vosgesinfo.fr\/epinalinfo\/wp-json\/wp\/v2\/types\/post"}],"author":[{"embeddable":true,"href":"https:\/\/vosgesinfo.fr\/epinalinfo\/wp-json\/wp\/v2\/users\/52"}],"replies":[{"embeddable":true,"href":"https:\/\/vosgesinfo.fr\/epinalinfo\/wp-json\/wp\/v2\/comments?post=28018"}],"version-history":[{"count":1,"href":"https:\/\/vosgesinfo.fr\/epinalinfo\/wp-json\/wp\/v2\/posts\/28018\/revisions"}],"predecessor-version":[{"id":36245,"href":"https:\/\/vosgesinfo.fr\/epinalinfo\/wp-json\/wp\/v2\/posts\/28018\/revisions\/36245"}],"wp:featuredmedia":[{"embeddable":true,"href":"https:\/\/vosgesinfo.fr\/epinalinfo\/wp-json\/wp\/v2\/media\/28019"}],"wp:attachment":[{"href":"https:\/\/vosgesinfo.fr\/epinalinfo\/wp-json\/wp\/v2\/media?parent=28018"}],"wp:term":[{"taxonomy":"category","embeddable":true,"href":"https:\/\/vosgesinfo.fr\/epinalinfo\/wp-json\/wp\/v2\/categories?post=28018"},{"taxonomy":"post_tag","embeddable":true,"href":"https:\/\/vosgesinfo.fr\/epinalinfo\/wp-json\/wp\/v2\/tags?post=28018"}],"curies":[{"name":"wp","href":"https:\/\/api.w.org\/{rel}","templated":true}]}}