{"id":28021,"date":"2023-03-24T08:31:02","date_gmt":"2023-03-24T07:31:02","guid":{"rendered":"https:\/\/vosgesinfo.fr\/epinalinfo\/2023\/03\/manifestation-contre-reforme-retraites-a-epinal-incendies-gaz-lacrymogenes\/"},"modified":"2024-02-27T17:59:08","modified_gmt":"2024-02-27T16:59:08","slug":"manifestation-contre-reforme-retraites-a-epinal-incendies-gaz-lacrymogenes","status":"publish","type":"post","link":"https:\/\/vosgesinfo.fr\/epinalinfo\/2023\/03\/manifestation-contre-reforme-retraites-a-epinal-incendies-gaz-lacrymogenes\/","title":{"rendered":"Manifestation contre la r\u00e9forme des retraites \u00e0 Epinal : incendies et gaz lacrymog\u00e8nes"},"content":{"rendered":"<h2><span style=\"font-size: 14pt;\"><a href=\"https:\/\/epinalinfos.fr\/wp-content\/uploads\/2023\/03\/manifestation-epinal-22.jpg\"><img decoding=\"async\" class=\"aligncenter size-large wp-image-216707\" src=\"https:\/\/vosgesinfo.fr\/app\/uploads\/sites\/3\/2023\/03\/manifestation-epinal-22.jpg\" alt=\"manifestation-epinal (22)\" width=\"800\" height=\"600\" \/><\/a>Ce jeudi a eu lieu la 9\u00e8 manifestation contre la r\u00e9forme des retraites. Apr\u00e8s l&rsquo;utilisation du 49.3, les manifestants \u00e9taient remont\u00e9s \u00e0 Epinal. Des incidents ont \u00e9clat\u00e9 en fin de journ\u00e9e, vers 18h30 : incendies, affrontements et gaz lacrymog\u00e8nes.<\/span><\/h2>\n<p>Plus de 9000 personnes ont manifest\u00e9 \u00e0 Epinal, ce jeudi apr\u00e8s-midi. La manifestation a \u00e9t\u00e9 marqu\u00e9e par des incidents, notamment des incendies, jets de pierres et l&rsquo;utilisation de gaz lacrymog\u00e8nes aux abords de la pr\u00e9fecture des Vosges.<\/p>\n<p><span class=\"x193iq5w xeuugli x13faqbe x1vvkbs x1xmvt09 x1lliihq x1s928wv xhkezso x1gmr53x x1cpjm7i x1fgarty x1943h6x xudqn12 x3x7a5m x6prxxf xvq8zen xo1l8bm xzsf02u x1yc453h\" dir=\"auto\">Suite au quelques d\u00e9bordements qui se sont produits en fin de manifestation derri\u00e8re la pr\u00e9fecture, o\u00f9 quelques individus cagoul\u00e9s ont cherch\u00e9 la confrontation avec les forces de l&rsquo;ordre, qui ont ripost\u00e9 en envoyant des gaz lacrymog\u00e8ne, la pr\u00e9f\u00e8te confirme 4 interpellations.<\/span><\/p>\n","protected":false},"excerpt":{"rendered":"<p>Ce jeudi a eu lieu la 9\u00e8 manifestation contre la r\u00e9forme des retraites. Apr\u00e8s l&rsquo;utilisation du 49.3, les manifestants \u00e9taient [&hellip;]<\/p>\n","protected":false},"author":52,"featured_media":27995,"comment_status":"open","ping_status":"open","sticky":false,"template":"","format":"standard","meta":{"footnotes":""},"categories":[22,24,6,5],"tags":[],"class_list":["post-28021","post","type-post","status-publish","format-standard","has-post-thumbnail","hentry","category-a-la-une","category-epinal","category-faits-divers","category-vosges"],"acf":[],"yoast_head":"<!-- This site is optimized with the Yoast SEO plugin v22.5 - https:\/\/yoast.com\/wordpress\/plugins\/seo\/ -->\n<title>Manifestation contre la r\u00e9forme des retraites \u00e0 Epinal : incendies et gaz lacrymog\u00e8nes - Epinal Info<\/title>\n<meta name=\"robots\" content=\"index, follow, max-snippet:-1, max-image-preview:large, max-video-preview:-1\" \/>\n<link rel=\"canonical\" href=\"https:\/\/vosgesinfo.fr\/epinalinfo\/2023\/03\/manifestation-contre-reforme-retraites-a-epinal-incendies-gaz-lacrymogenes\/\" \/>\n<meta name=\"twitter:card\" content=\"summary_large_image\" \/>\n<meta name=\"twitter:title\" content=\"Manifestation contre la r\u00e9forme des retraites \u00e0 Epinal : incendies et gaz lacrymog\u00e8nes - Epinal Info\" \/>\n<meta name=\"twitter:description\" content=\"Ce jeudi a eu lieu la 9\u00e8 manifestation contre la r\u00e9forme des retraites. Apr\u00e8s l&rsquo;utilisation du 49.3, les manifestants \u00e9taient [&hellip;]\" \/>\n<meta name=\"twitter:image\" content=\"https:\/\/vosgesinfo.fr\/app\/uploads\/sites\/3\/2023\/03\/manifestation-epinal-22.jpg\" \/>\n<meta name=\"twitter:creator\" content=\"@VosgesInfo88\" \/>\n<meta name=\"twitter:site\" content=\"@VosgesInfo88\" \/>\n<meta name=\"twitter:label1\" content=\"\u00c9crit par\" \/>\n\t<meta name=\"twitter:data1\" content=\"C.K.\" \/>\n\t<meta name=\"twitter:label2\" content=\"Dur\u00e9e de lecture estim\u00e9e\" \/>\n\t<meta name=\"twitter:data2\" content=\"1 minute\" \/>\n<script type=\"application\/ld+json\" class=\"yoast-schema-graph\">{\"@context\":\"https:\/\/schema.org\",\"@graph\":[{\"@type\":\"Article\",\"@id\":\"https:\/\/vosgesinfo.fr\/epinalinfo\/2023\/03\/manifestation-contre-reforme-retraites-a-epinal-incendies-gaz-lacrymogenes\/#article\",\"isPartOf\":{\"@id\":\"https:\/\/vosgesinfo.fr\/epinalinfo\/2023\/03\/manifestation-contre-reforme-retraites-a-epinal-incendies-gaz-lacrymogenes\/\"},\"author\":{\"name\":\"C.K.\",\"@id\":\"https:\/\/vosgesinfo.fr\/epinalinfo\/#\/schema\/person\/6f9a650eeea99d969b6c4ab78fccbe81\"},\"headline\":\"Manifestation contre la r\u00e9forme des retraites \u00e0 Epinal : incendies et gaz lacrymog\u00e8nes\",\"datePublished\":\"2023-03-24T07:31:02+00:00\",\"dateModified\":\"2024-02-27T16:59:08+00:00\",\"mainEntityOfPage\":{\"@id\":\"https:\/\/vosgesinfo.fr\/epinalinfo\/2023\/03\/manifestation-contre-reforme-retraites-a-epinal-incendies-gaz-lacrymogenes\/\"},\"wordCount\":142,\"commentCount\":0,\"publisher\":{\"@id\":\"https:\/\/vosgesinfo.fr\/epinalinfo\/#organization\"},\"image\":{\"@id\":\"https:\/\/vosgesinfo.fr\/epinalinfo\/2023\/03\/manifestation-contre-reforme-retraites-a-epinal-incendies-gaz-lacrymogenes\/#primaryimage\"},\"thumbnailUrl\":\"https:\/\/vosgesinfo.fr\/app\/uploads\/sites\/3\/2023\/03\/manifestation-epinal-22.jpg\",\"articleSection\":[\"A la Une\",\"Epinal\",\"Faits-divers\",\"Vosges\"],\"inLanguage\":\"fr-FR\",\"potentialAction\":[{\"@type\":\"CommentAction\",\"name\":\"Comment\",\"target\":[\"https:\/\/vosgesinfo.fr\/epinalinfo\/2023\/03\/manifestation-contre-reforme-retraites-a-epinal-incendies-gaz-lacrymogenes\/#respond\"]}]},{\"@type\":\"WebPage\",\"@id\":\"https:\/\/vosgesinfo.fr\/epinalinfo\/2023\/03\/manifestation-contre-reforme-retraites-a-epinal-incendies-gaz-lacrymogenes\/\",\"url\":\"https:\/\/vosgesinfo.fr\/epinalinfo\/2023\/03\/manifestation-contre-reforme-retraites-a-epinal-incendies-gaz-lacrymogenes\/\",\"name\":\"Manifestation contre la r\u00e9forme des retraites \u00e0 Epinal : incendies et gaz lacrymog\u00e8nes - Epinal Info\",\"isPartOf\":{\"@id\":\"https:\/\/vosgesinfo.fr\/epinalinfo\/#website\"},\"primaryImageOfPage\":{\"@id\":\"https:\/\/vosgesinfo.fr\/epinalinfo\/2023\/03\/manifestation-contre-reforme-retraites-a-epinal-incendies-gaz-lacrymogenes\/#primaryimage\"},\"image\":{\"@id\":\"https:\/\/vosgesinfo.fr\/epinalinfo\/2023\/03\/manifestation-contre-reforme-retraites-a-epinal-incendies-gaz-lacrymogenes\/#primaryimage\"},\"thumbnailUrl\":\"https:\/\/vosgesinfo.fr\/app\/uploads\/sites\/3\/2023\/03\/manifestation-epinal-22.jpg\",\"datePublished\":\"2023-03-24T07:31:02+00:00\",\"dateModified\":\"2024-02-27T16:59:08+00:00\",\"breadcrumb\":{\"@id\":\"https:\/\/vosgesinfo.fr\/epinalinfo\/2023\/03\/manifestation-contre-reforme-retraites-a-epinal-incendies-gaz-lacrymogenes\/#breadcrumb\"},\"inLanguage\":\"fr-FR\",\"potentialAction\":[{\"@type\":\"ReadAction\",\"target\":[\"https:\/\/vosgesinfo.fr\/epinalinfo\/2023\/03\/manifestation-contre-reforme-retraites-a-epinal-incendies-gaz-lacrymogenes\/\"]}]},{\"@type\":\"ImageObject\",\"inLanguage\":\"fr-FR\",\"@id\":\"https:\/\/vosgesinfo.fr\/epinalinfo\/2023\/03\/manifestation-contre-reforme-retraites-a-epinal-incendies-gaz-lacrymogenes\/#primaryimage\",\"url\":\"https:\/\/vosgesinfo.fr\/app\/uploads\/sites\/3\/2023\/03\/manifestation-epinal-22.jpg\",\"contentUrl\":\"https:\/\/vosgesinfo.fr\/app\/uploads\/sites\/3\/2023\/03\/manifestation-epinal-22.jpg\"},{\"@type\":\"BreadcrumbList\",\"@id\":\"https:\/\/vosgesinfo.fr\/epinalinfo\/2023\/03\/manifestation-contre-reforme-retraites-a-epinal-incendies-gaz-lacrymogenes\/#breadcrumb\",\"itemListElement\":[{\"@type\":\"ListItem\",\"position\":1,\"name\":\"Home\",\"item\":\"https:\/\/vosgesinfo.fr\/epinalinfo\/\"},{\"@type\":\"ListItem\",\"position\":2,\"name\":\"Manifestation contre la r\u00e9forme des retraites \u00e0 Epinal : incendies et gaz lacrymog\u00e8nes\"}]},{\"@type\":\"WebSite\",\"@id\":\"https:\/\/vosgesinfo.fr\/epinalinfo\/#website\",\"url\":\"https:\/\/vosgesinfo.fr\/epinalinfo\/\",\"name\":\"Epinal Info\",\"description\":\"Toute l&#039;actualit\u00e9 d&#039;\u00c9pinal\",\"publisher\":{\"@id\":\"https:\/\/vosgesinfo.fr\/epinalinfo\/#organization\"},\"alternateName\":\"Toute l'actualit\u00e9 d'\u00c9pinal\",\"potentialAction\":[{\"@type\":\"SearchAction\",\"target\":{\"@type\":\"EntryPoint\",\"urlTemplate\":\"https:\/\/vosgesinfo.fr\/epinalinfo\/?s={search_term_string}\"},\"query-input\":\"required name=search_term_string\"}],\"inLanguage\":\"fr-FR\"},{\"@type\":\"Organization\",\"@id\":\"https:\/\/vosgesinfo.fr\/epinalinfo\/#organization\",\"name\":\"Epinal Info\",\"url\":\"https:\/\/vosgesinfo.fr\/epinalinfo\/\",\"logo\":{\"@type\":\"ImageObject\",\"inLanguage\":\"fr-FR\",\"@id\":\"https:\/\/vosgesinfo.fr\/epinalinfo\/#\/schema\/logo\/image\/\",\"url\":\"https:\/\/vosgesinfo.fr\/app\/uploads\/sites\/3\/2023\/08\/logo-epinalinfos.svg\",\"contentUrl\":\"https:\/\/vosgesinfo.fr\/app\/uploads\/sites\/3\/2023\/08\/logo-epinalinfos.svg\",\"width\":1,\"height\":1,\"caption\":\"Epinal Info\"},\"image\":{\"@id\":\"https:\/\/vosgesinfo.fr\/epinalinfo\/#\/schema\/logo\/image\/\"},\"sameAs\":[\"https:\/\/www.facebook.com\/Epinalinfos\",\"https:\/\/x.com\/VosgesInfo88\",\"https:\/\/www.youtube.com\/@vosgesinfo\"]},{\"@type\":\"Person\",\"@id\":\"https:\/\/vosgesinfo.fr\/epinalinfo\/#\/schema\/person\/6f9a650eeea99d969b6c4ab78fccbe81\",\"name\":\"C.K.\",\"image\":{\"@type\":\"ImageObject\",\"inLanguage\":\"fr-FR\",\"@id\":\"https:\/\/vosgesinfo.fr\/epinalinfo\/#\/schema\/person\/image\/\",\"url\":\"https:\/\/secure.gravatar.com\/avatar\/48e3fc7f8421ba8942be6b74a2b7f014ca39bc00dece156b7a8e098ae7dc87bf?s=96&d=mm&r=g\",\"contentUrl\":\"https:\/\/secure.gravatar.com\/avatar\/48e3fc7f8421ba8942be6b74a2b7f014ca39bc00dece156b7a8e098ae7dc87bf?s=96&d=mm&r=g\",\"caption\":\"C.K.\"},\"url\":\"https:\/\/vosgesinfo.fr\/epinalinfo\/author\/celia-k-n\/\"}]}<\/script>\n<!-- \/ Yoast SEO plugin. -->","yoast_head_json":{"title":"Manifestation contre la r\u00e9forme des retraites \u00e0 Epinal : incendies et gaz lacrymog\u00e8nes - Epinal Info","robots":{"index":"index","follow":"follow","max-snippet":"max-snippet:-1","max-image-preview":"max-image-preview:large","max-video-preview":"max-video-preview:-1"},"canonical":"https:\/\/vosgesinfo.fr\/epinalinfo\/2023\/03\/manifestation-contre-reforme-retraites-a-epinal-incendies-gaz-lacrymogenes\/","twitter_card":"summary_large_image","twitter_title":"Manifestation contre la r\u00e9forme des retraites \u00e0 Epinal : incendies et gaz lacrymog\u00e8nes - Epinal Info","twitter_description":"Ce jeudi a eu lieu la 9\u00e8 manifestation contre la r\u00e9forme des retraites. Apr\u00e8s l&rsquo;utilisation du 49.3, les manifestants \u00e9taient [&hellip;]","twitter_image":"https:\/\/vosgesinfo.fr\/app\/uploads\/sites\/3\/2023\/03\/manifestation-epinal-22.jpg","twitter_creator":"@VosgesInfo88","twitter_site":"@VosgesInfo88","twitter_misc":{"\u00c9crit par":"C.K.","Dur\u00e9e de lecture estim\u00e9e":"1 minute"},"schema":{"@context":"https:\/\/schema.org","@graph":[{"@type":"Article","@id":"https:\/\/vosgesinfo.fr\/epinalinfo\/2023\/03\/manifestation-contre-reforme-retraites-a-epinal-incendies-gaz-lacrymogenes\/#article","isPartOf":{"@id":"https:\/\/vosgesinfo.fr\/epinalinfo\/2023\/03\/manifestation-contre-reforme-retraites-a-epinal-incendies-gaz-lacrymogenes\/"},"author":{"name":"C.K.","@id":"https:\/\/vosgesinfo.fr\/epinalinfo\/#\/schema\/person\/6f9a650eeea99d969b6c4ab78fccbe81"},"headline":"Manifestation contre la r\u00e9forme des retraites \u00e0 Epinal : incendies et gaz lacrymog\u00e8nes","datePublished":"2023-03-24T07:31:02+00:00","dateModified":"2024-02-27T16:59:08+00:00","mainEntityOfPage":{"@id":"https:\/\/vosgesinfo.fr\/epinalinfo\/2023\/03\/manifestation-contre-reforme-retraites-a-epinal-incendies-gaz-lacrymogenes\/"},"wordCount":142,"commentCount":0,"publisher":{"@id":"https:\/\/vosgesinfo.fr\/epinalinfo\/#organization"},"image":{"@id":"https:\/\/vosgesinfo.fr\/epinalinfo\/2023\/03\/manifestation-contre-reforme-retraites-a-epinal-incendies-gaz-lacrymogenes\/#primaryimage"},"thumbnailUrl":"https:\/\/vosgesinfo.fr\/app\/uploads\/sites\/3\/2023\/03\/manifestation-epinal-22.jpg","articleSection":["A la Une","Epinal","Faits-divers","Vosges"],"inLanguage":"fr-FR","potentialAction":[{"@type":"CommentAction","name":"Comment","target":["https:\/\/vosgesinfo.fr\/epinalinfo\/2023\/03\/manifestation-contre-reforme-retraites-a-epinal-incendies-gaz-lacrymogenes\/#respond"]}]},{"@type":"WebPage","@id":"https:\/\/vosgesinfo.fr\/epinalinfo\/2023\/03\/manifestation-contre-reforme-retraites-a-epinal-incendies-gaz-lacrymogenes\/","url":"https:\/\/vosgesinfo.fr\/epinalinfo\/2023\/03\/manifestation-contre-reforme-retraites-a-epinal-incendies-gaz-lacrymogenes\/","name":"Manifestation contre la r\u00e9forme des retraites \u00e0 Epinal : incendies et gaz lacrymog\u00e8nes - Epinal Info","isPartOf":{"@id":"https:\/\/vosgesinfo.fr\/epinalinfo\/#website"},"primaryImageOfPage":{"@id":"https:\/\/vosgesinfo.fr\/epinalinfo\/2023\/03\/manifestation-contre-reforme-retraites-a-epinal-incendies-gaz-lacrymogenes\/#primaryimage"},"image":{"@id":"https:\/\/vosgesinfo.fr\/epinalinfo\/2023\/03\/manifestation-contre-reforme-retraites-a-epinal-incendies-gaz-lacrymogenes\/#primaryimage"},"thumbnailUrl":"https:\/\/vosgesinfo.fr\/app\/uploads\/sites\/3\/2023\/03\/manifestation-epinal-22.jpg","datePublished":"2023-03-24T07:31:02+00:00","dateModified":"2024-02-27T16:59:08+00:00","breadcrumb":{"@id":"https:\/\/vosgesinfo.fr\/epinalinfo\/2023\/03\/manifestation-contre-reforme-retraites-a-epinal-incendies-gaz-lacrymogenes\/#breadcrumb"},"inLanguage":"fr-FR","potentialAction":[{"@type":"ReadAction","target":["https:\/\/vosgesinfo.fr\/epinalinfo\/2023\/03\/manifestation-contre-reforme-retraites-a-epinal-incendies-gaz-lacrymogenes\/"]}]},{"@type":"ImageObject","inLanguage":"fr-FR","@id":"https:\/\/vosgesinfo.fr\/epinalinfo\/2023\/03\/manifestation-contre-reforme-retraites-a-epinal-incendies-gaz-lacrymogenes\/#primaryimage","url":"https:\/\/vosgesinfo.fr\/app\/uploads\/sites\/3\/2023\/03\/manifestation-epinal-22.jpg","contentUrl":"https:\/\/vosgesinfo.fr\/app\/uploads\/sites\/3\/2023\/03\/manifestation-epinal-22.jpg"},{"@type":"BreadcrumbList","@id":"https:\/\/vosgesinfo.fr\/epinalinfo\/2023\/03\/manifestation-contre-reforme-retraites-a-epinal-incendies-gaz-lacrymogenes\/#breadcrumb","itemListElement":[{"@type":"ListItem","position":1,"name":"Home","item":"https:\/\/vosgesinfo.fr\/epinalinfo\/"},{"@type":"ListItem","position":2,"name":"Manifestation contre la r\u00e9forme des retraites \u00e0 Epinal : incendies et gaz lacrymog\u00e8nes"}]},{"@type":"WebSite","@id":"https:\/\/vosgesinfo.fr\/epinalinfo\/#website","url":"https:\/\/vosgesinfo.fr\/epinalinfo\/","name":"Epinal Info","description":"Toute l&#039;actualit\u00e9 d&#039;\u00c9pinal","publisher":{"@id":"https:\/\/vosgesinfo.fr\/epinalinfo\/#organization"},"alternateName":"Toute l'actualit\u00e9 d'\u00c9pinal","potentialAction":[{"@type":"SearchAction","target":{"@type":"EntryPoint","urlTemplate":"https:\/\/vosgesinfo.fr\/epinalinfo\/?s={search_term_string}"},"query-input":"required name=search_term_string"}],"inLanguage":"fr-FR"},{"@type":"Organization","@id":"https:\/\/vosgesinfo.fr\/epinalinfo\/#organization","name":"Epinal Info","url":"https:\/\/vosgesinfo.fr\/epinalinfo\/","logo":{"@type":"ImageObject","inLanguage":"fr-FR","@id":"https:\/\/vosgesinfo.fr\/epinalinfo\/#\/schema\/logo\/image\/","url":"https:\/\/vosgesinfo.fr\/app\/uploads\/sites\/3\/2023\/08\/logo-epinalinfos.svg","contentUrl":"https:\/\/vosgesinfo.fr\/app\/uploads\/sites\/3\/2023\/08\/logo-epinalinfos.svg","width":1,"height":1,"caption":"Epinal Info"},"image":{"@id":"https:\/\/vosgesinfo.fr\/epinalinfo\/#\/schema\/logo\/image\/"},"sameAs":["https:\/\/www.facebook.com\/Epinalinfos","https:\/\/x.com\/VosgesInfo88","https:\/\/www.youtube.com\/@vosgesinfo"]},{"@type":"Person","@id":"https:\/\/vosgesinfo.fr\/epinalinfo\/#\/schema\/person\/6f9a650eeea99d969b6c4ab78fccbe81","name":"C.K.","image":{"@type":"ImageObject","inLanguage":"fr-FR","@id":"https:\/\/vosgesinfo.fr\/epinalinfo\/#\/schema\/person\/image\/","url":"https:\/\/secure.gravatar.com\/avatar\/48e3fc7f8421ba8942be6b74a2b7f014ca39bc00dece156b7a8e098ae7dc87bf?s=96&d=mm&r=g","contentUrl":"https:\/\/secure.gravatar.com\/avatar\/48e3fc7f8421ba8942be6b74a2b7f014ca39bc00dece156b7a8e098ae7dc87bf?s=96&d=mm&r=g","caption":"C.K."},"url":"https:\/\/vosgesinfo.fr\/epinalinfo\/author\/celia-k-n\/"}]}},"_links":{"self":[{"href":"https:\/\/vosgesinfo.fr\/epinalinfo\/wp-json\/wp\/v2\/posts\/28021","targetHints":{"allow":["GET"]}}],"collection":[{"href":"https:\/\/vosgesinfo.fr\/epinalinfo\/wp-json\/wp\/v2\/posts"}],"about":[{"href":"https:\/\/vosgesinfo.fr\/epinalinfo\/wp-json\/wp\/v2\/types\/post"}],"author":[{"embeddable":true,"href":"https:\/\/vosgesinfo.fr\/epinalinfo\/wp-json\/wp\/v2\/users\/52"}],"replies":[{"embeddable":true,"href":"https:\/\/vosgesinfo.fr\/epinalinfo\/wp-json\/wp\/v2\/comments?post=28021"}],"version-history":[{"count":1,"href":"https:\/\/vosgesinfo.fr\/epinalinfo\/wp-json\/wp\/v2\/posts\/28021\/revisions"}],"predecessor-version":[{"id":36246,"href":"https:\/\/vosgesinfo.fr\/epinalinfo\/wp-json\/wp\/v2\/posts\/28021\/revisions\/36246"}],"wp:featuredmedia":[{"embeddable":true,"href":"https:\/\/vosgesinfo.fr\/epinalinfo\/wp-json\/wp\/v2\/media\/27995"}],"wp:attachment":[{"href":"https:\/\/vosgesinfo.fr\/epinalinfo\/wp-json\/wp\/v2\/media?parent=28021"}],"wp:term":[{"taxonomy":"category","embeddable":true,"href":"https:\/\/vosgesinfo.fr\/epinalinfo\/wp-json\/wp\/v2\/categories?post=28021"},{"taxonomy":"post_tag","embeddable":true,"href":"https:\/\/vosgesinfo.fr\/epinalinfo\/wp-json\/wp\/v2\/tags?post=28021"}],"curies":[{"name":"wp","href":"https:\/\/api.w.org\/{rel}","templated":true}]}}