{"id":28030,"date":"2023-03-24T10:23:51","date_gmt":"2023-03-24T09:23:51","guid":{"rendered":"https:\/\/vosgesinfo.fr\/epinalinfo\/2023\/03\/video-lemission-duels-familles-recherche-candidats-vosges\/"},"modified":"2024-02-27T17:59:09","modified_gmt":"2024-02-27T16:59:09","slug":"video-lemission-duels-familles-recherche-candidats-vosges","status":"publish","type":"post","link":"https:\/\/vosgesinfo.fr\/epinalinfo\/2023\/03\/video-lemission-duels-familles-recherche-candidats-vosges\/","title":{"rendered":"VIDEO &#8211; L&rsquo;\u00e9mission \u00ab\u00a0Duels en familles\u00a0\u00bb recherche des candidats dans les Vosges"},"content":{"rendered":"<div><iframe loading=\"lazy\" src=\"\/\/www.youtube.com\/embed\/-V25lcKrrAQ\" width=\"425\" height=\"350\" allowfullscreen=\"allowfullscreen\"><\/iframe><\/div>\n<h2><span style=\"font-size: 14pt;\">L\u2019\u00e9mission \u00ab Duels en Familles \u00bb diffus\u00e9e sur France 3 du lundi au vendredi \u00e0 16h10 est \u00e0 la recherche de candidats originaires des Vosges.\u00a0<\/span><\/h2>\n<div><\/div>\n<div>Dans un d\u00e9cor d\u2019appartement g\u00e9ant, deux familles de quatre membres viennent d\u00e9fendre les couleurs de leur r\u00e9gion en s\u2019affrontant chaque jour de la semaine du lundi au vendredi \u00e0 16.10, au cours de trois duels et une finale.<br \/>\nAu programme : duels en images, duels en r\u00e9gions, duels de mots, duels en musique, duels en culture ou encore duels surprises\u2026<br \/>\nChaque jour, la famille victorieuse se qualifie pour la finale pour tenter de remporter 2 000 \u20ac. Le vendredi, pour le dernier match de la semaine, c\u2019est une grande finale \u00e0 5 000 \u20ac qui attend les candidats.<\/div>\n<div><\/div>\n<div>\n<div>Conditions : \u00eatre 4 repr\u00e9sentants majeurs d\u2019une m\u00eame famille et aimer les jeux de culture g\u00e9n\u00e9rale.<\/div>\n<div>Inscrivez-vous sur le site <a href=\"http:\/\/www.duelsenfamilles.com\" target=\"_blank\" rel=\"noopener noreferrer\" data-auth=\"NotApplicable\" data-linkindex=\"0\">www.duelsenfamilles.com<\/a> ou par mail \u00e0 <a href=\"mailto:casting@duelsenfamilles.com\" target=\"_blank\" rel=\"noopener noreferrer\" data-auth=\"NotApplicable\" data-linkindex=\"1\">casting@duelsenfamilles.com<\/a> en y indiquant les 4 membres de la famille avec leur lien + leur \u00e2ge + num\u00e9ro de t\u00e9l\u00e9phone.<\/div>\n<\/div>\n<div>\n\n<\/div>\n<p>&nbsp;<\/p>\n","protected":false},"excerpt":{"rendered":"<p>L\u2019\u00e9mission \u00ab Duels en Familles \u00bb diffus\u00e9e sur France 3 du lundi au vendredi \u00e0 16h10 est \u00e0 la recherche [&hellip;]<\/p>\n","protected":false},"author":52,"featured_media":28031,"comment_status":"open","ping_status":"open","sticky":false,"template":"","format":"standard","meta":{"footnotes":""},"categories":[22,20,5],"tags":[3051,5476,5477,75],"class_list":["post-28030","post","type-post","status-publish","format-standard","has-post-thumbnail","hentry","category-a-la-une","category-divertissement","category-vosges","tag-candidats","tag-france-3","tag-lemission-duels-en-familles","tag-vosges"],"acf":[],"yoast_head":"<!-- This site is optimized with the Yoast SEO plugin v22.5 - https:\/\/yoast.com\/wordpress\/plugins\/seo\/ -->\n<title>VIDEO - L&#039;\u00e9mission &quot;Duels en familles&quot; recherche des candidats dans les Vosges - Epinal Info<\/title>\n<meta name=\"robots\" content=\"index, follow, max-snippet:-1, max-image-preview:large, max-video-preview:-1\" \/>\n<link rel=\"canonical\" href=\"https:\/\/vosgesinfo.fr\/epinalinfo\/2023\/03\/video-lemission-duels-familles-recherche-candidats-vosges\/\" \/>\n<meta name=\"twitter:card\" content=\"summary_large_image\" \/>\n<meta name=\"twitter:title\" content=\"VIDEO - L&#039;\u00e9mission &quot;Duels en familles&quot; recherche des candidats dans les Vosges - Epinal Info\" \/>\n<meta name=\"twitter:description\" content=\"L\u2019\u00e9mission \u00ab Duels en Familles \u00bb diffus\u00e9e sur France 3 du lundi au vendredi \u00e0 16h10 est \u00e0 la recherche [&hellip;]\" \/>\n<meta name=\"twitter:image\" content=\"https:\/\/vosgesinfo.fr\/app\/uploads\/sites\/3\/2023\/03\/casting-region.png\" \/>\n<meta name=\"twitter:creator\" content=\"@VosgesInfo88\" \/>\n<meta name=\"twitter:site\" content=\"@VosgesInfo88\" \/>\n<meta name=\"twitter:label1\" content=\"\u00c9crit par\" \/>\n\t<meta name=\"twitter:data1\" content=\"C.K.\" \/>\n\t<meta name=\"twitter:label2\" content=\"Dur\u00e9e de lecture estim\u00e9e\" \/>\n\t<meta name=\"twitter:data2\" content=\"1 minute\" \/>\n<script type=\"application\/ld+json\" class=\"yoast-schema-graph\">{\"@context\":\"https:\/\/schema.org\",\"@graph\":[{\"@type\":\"Article\",\"@id\":\"https:\/\/vosgesinfo.fr\/epinalinfo\/2023\/03\/video-lemission-duels-familles-recherche-candidats-vosges\/#article\",\"isPartOf\":{\"@id\":\"https:\/\/vosgesinfo.fr\/epinalinfo\/2023\/03\/video-lemission-duels-familles-recherche-candidats-vosges\/\"},\"author\":{\"name\":\"C.K.\",\"@id\":\"https:\/\/vosgesinfo.fr\/epinalinfo\/#\/schema\/person\/6f9a650eeea99d969b6c4ab78fccbe81\"},\"headline\":\"VIDEO &#8211; L&rsquo;\u00e9mission \u00ab\u00a0Duels en familles\u00a0\u00bb recherche des candidats dans les Vosges\",\"datePublished\":\"2023-03-24T09:23:51+00:00\",\"dateModified\":\"2024-02-27T16:59:09+00:00\",\"mainEntityOfPage\":{\"@id\":\"https:\/\/vosgesinfo.fr\/epinalinfo\/2023\/03\/video-lemission-duels-familles-recherche-candidats-vosges\/\"},\"wordCount\":193,\"commentCount\":0,\"publisher\":{\"@id\":\"https:\/\/vosgesinfo.fr\/epinalinfo\/#organization\"},\"image\":{\"@id\":\"https:\/\/vosgesinfo.fr\/epinalinfo\/2023\/03\/video-lemission-duels-familles-recherche-candidats-vosges\/#primaryimage\"},\"thumbnailUrl\":\"https:\/\/vosgesinfo.fr\/app\/uploads\/sites\/3\/2023\/03\/casting-region.png\",\"keywords\":[\"candidats\",\"France 3\",\"L'\u00e9mission \\\"Duels en familles\\\"\",\"vosges\"],\"articleSection\":[\"A la Une\",\"Divertissement\",\"Vosges\"],\"inLanguage\":\"fr-FR\",\"potentialAction\":[{\"@type\":\"CommentAction\",\"name\":\"Comment\",\"target\":[\"https:\/\/vosgesinfo.fr\/epinalinfo\/2023\/03\/video-lemission-duels-familles-recherche-candidats-vosges\/#respond\"]}]},{\"@type\":\"WebPage\",\"@id\":\"https:\/\/vosgesinfo.fr\/epinalinfo\/2023\/03\/video-lemission-duels-familles-recherche-candidats-vosges\/\",\"url\":\"https:\/\/vosgesinfo.fr\/epinalinfo\/2023\/03\/video-lemission-duels-familles-recherche-candidats-vosges\/\",\"name\":\"VIDEO - L'\u00e9mission \\\"Duels en familles\\\" recherche des candidats dans les Vosges - Epinal Info\",\"isPartOf\":{\"@id\":\"https:\/\/vosgesinfo.fr\/epinalinfo\/#website\"},\"primaryImageOfPage\":{\"@id\":\"https:\/\/vosgesinfo.fr\/epinalinfo\/2023\/03\/video-lemission-duels-familles-recherche-candidats-vosges\/#primaryimage\"},\"image\":{\"@id\":\"https:\/\/vosgesinfo.fr\/epinalinfo\/2023\/03\/video-lemission-duels-familles-recherche-candidats-vosges\/#primaryimage\"},\"thumbnailUrl\":\"https:\/\/vosgesinfo.fr\/app\/uploads\/sites\/3\/2023\/03\/casting-region.png\",\"datePublished\":\"2023-03-24T09:23:51+00:00\",\"dateModified\":\"2024-02-27T16:59:09+00:00\",\"breadcrumb\":{\"@id\":\"https:\/\/vosgesinfo.fr\/epinalinfo\/2023\/03\/video-lemission-duels-familles-recherche-candidats-vosges\/#breadcrumb\"},\"inLanguage\":\"fr-FR\",\"potentialAction\":[{\"@type\":\"ReadAction\",\"target\":[\"https:\/\/vosgesinfo.fr\/epinalinfo\/2023\/03\/video-lemission-duels-familles-recherche-candidats-vosges\/\"]}]},{\"@type\":\"ImageObject\",\"inLanguage\":\"fr-FR\",\"@id\":\"https:\/\/vosgesinfo.fr\/epinalinfo\/2023\/03\/video-lemission-duels-familles-recherche-candidats-vosges\/#primaryimage\",\"url\":\"https:\/\/vosgesinfo.fr\/app\/uploads\/sites\/3\/2023\/03\/casting-region.png\",\"contentUrl\":\"https:\/\/vosgesinfo.fr\/app\/uploads\/sites\/3\/2023\/03\/casting-region.png\"},{\"@type\":\"BreadcrumbList\",\"@id\":\"https:\/\/vosgesinfo.fr\/epinalinfo\/2023\/03\/video-lemission-duels-familles-recherche-candidats-vosges\/#breadcrumb\",\"itemListElement\":[{\"@type\":\"ListItem\",\"position\":1,\"name\":\"Home\",\"item\":\"https:\/\/vosgesinfo.fr\/epinalinfo\/\"},{\"@type\":\"ListItem\",\"position\":2,\"name\":\"VIDEO &#8211; L&rsquo;\u00e9mission \u00ab\u00a0Duels en familles\u00a0\u00bb recherche des candidats dans les Vosges\"}]},{\"@type\":\"WebSite\",\"@id\":\"https:\/\/vosgesinfo.fr\/epinalinfo\/#website\",\"url\":\"https:\/\/vosgesinfo.fr\/epinalinfo\/\",\"name\":\"Epinal Info\",\"description\":\"Toute l&#039;actualit\u00e9 d&#039;\u00c9pinal\",\"publisher\":{\"@id\":\"https:\/\/vosgesinfo.fr\/epinalinfo\/#organization\"},\"alternateName\":\"Toute l'actualit\u00e9 d'\u00c9pinal\",\"potentialAction\":[{\"@type\":\"SearchAction\",\"target\":{\"@type\":\"EntryPoint\",\"urlTemplate\":\"https:\/\/vosgesinfo.fr\/epinalinfo\/?s={search_term_string}\"},\"query-input\":\"required name=search_term_string\"}],\"inLanguage\":\"fr-FR\"},{\"@type\":\"Organization\",\"@id\":\"https:\/\/vosgesinfo.fr\/epinalinfo\/#organization\",\"name\":\"Epinal Info\",\"url\":\"https:\/\/vosgesinfo.fr\/epinalinfo\/\",\"logo\":{\"@type\":\"ImageObject\",\"inLanguage\":\"fr-FR\",\"@id\":\"https:\/\/vosgesinfo.fr\/epinalinfo\/#\/schema\/logo\/image\/\",\"url\":\"https:\/\/vosgesinfo.fr\/app\/uploads\/sites\/3\/2023\/08\/logo-epinalinfos.svg\",\"contentUrl\":\"https:\/\/vosgesinfo.fr\/app\/uploads\/sites\/3\/2023\/08\/logo-epinalinfos.svg\",\"width\":1,\"height\":1,\"caption\":\"Epinal Info\"},\"image\":{\"@id\":\"https:\/\/vosgesinfo.fr\/epinalinfo\/#\/schema\/logo\/image\/\"},\"sameAs\":[\"https:\/\/www.facebook.com\/Epinalinfos\",\"https:\/\/x.com\/VosgesInfo88\",\"https:\/\/www.youtube.com\/@vosgesinfo\"]},{\"@type\":\"Person\",\"@id\":\"https:\/\/vosgesinfo.fr\/epinalinfo\/#\/schema\/person\/6f9a650eeea99d969b6c4ab78fccbe81\",\"name\":\"C.K.\",\"image\":{\"@type\":\"ImageObject\",\"inLanguage\":\"fr-FR\",\"@id\":\"https:\/\/vosgesinfo.fr\/epinalinfo\/#\/schema\/person\/image\/\",\"url\":\"https:\/\/secure.gravatar.com\/avatar\/48e3fc7f8421ba8942be6b74a2b7f014ca39bc00dece156b7a8e098ae7dc87bf?s=96&d=mm&r=g\",\"contentUrl\":\"https:\/\/secure.gravatar.com\/avatar\/48e3fc7f8421ba8942be6b74a2b7f014ca39bc00dece156b7a8e098ae7dc87bf?s=96&d=mm&r=g\",\"caption\":\"C.K.\"},\"url\":\"https:\/\/vosgesinfo.fr\/epinalinfo\/author\/celia-k-n\/\"}]}<\/script>\n<!-- \/ Yoast SEO plugin. -->","yoast_head_json":{"title":"VIDEO - L'\u00e9mission \"Duels en familles\" recherche des candidats dans les Vosges - Epinal Info","robots":{"index":"index","follow":"follow","max-snippet":"max-snippet:-1","max-image-preview":"max-image-preview:large","max-video-preview":"max-video-preview:-1"},"canonical":"https:\/\/vosgesinfo.fr\/epinalinfo\/2023\/03\/video-lemission-duels-familles-recherche-candidats-vosges\/","twitter_card":"summary_large_image","twitter_title":"VIDEO - L'\u00e9mission \"Duels en familles\" recherche des candidats dans les Vosges - Epinal Info","twitter_description":"L\u2019\u00e9mission \u00ab Duels en Familles \u00bb diffus\u00e9e sur France 3 du lundi au vendredi \u00e0 16h10 est \u00e0 la recherche [&hellip;]","twitter_image":"https:\/\/vosgesinfo.fr\/app\/uploads\/sites\/3\/2023\/03\/casting-region.png","twitter_creator":"@VosgesInfo88","twitter_site":"@VosgesInfo88","twitter_misc":{"\u00c9crit par":"C.K.","Dur\u00e9e de lecture estim\u00e9e":"1 minute"},"schema":{"@context":"https:\/\/schema.org","@graph":[{"@type":"Article","@id":"https:\/\/vosgesinfo.fr\/epinalinfo\/2023\/03\/video-lemission-duels-familles-recherche-candidats-vosges\/#article","isPartOf":{"@id":"https:\/\/vosgesinfo.fr\/epinalinfo\/2023\/03\/video-lemission-duels-familles-recherche-candidats-vosges\/"},"author":{"name":"C.K.","@id":"https:\/\/vosgesinfo.fr\/epinalinfo\/#\/schema\/person\/6f9a650eeea99d969b6c4ab78fccbe81"},"headline":"VIDEO &#8211; L&rsquo;\u00e9mission \u00ab\u00a0Duels en familles\u00a0\u00bb recherche des candidats dans les Vosges","datePublished":"2023-03-24T09:23:51+00:00","dateModified":"2024-02-27T16:59:09+00:00","mainEntityOfPage":{"@id":"https:\/\/vosgesinfo.fr\/epinalinfo\/2023\/03\/video-lemission-duels-familles-recherche-candidats-vosges\/"},"wordCount":193,"commentCount":0,"publisher":{"@id":"https:\/\/vosgesinfo.fr\/epinalinfo\/#organization"},"image":{"@id":"https:\/\/vosgesinfo.fr\/epinalinfo\/2023\/03\/video-lemission-duels-familles-recherche-candidats-vosges\/#primaryimage"},"thumbnailUrl":"https:\/\/vosgesinfo.fr\/app\/uploads\/sites\/3\/2023\/03\/casting-region.png","keywords":["candidats","France 3","L'\u00e9mission \"Duels en familles\"","vosges"],"articleSection":["A la Une","Divertissement","Vosges"],"inLanguage":"fr-FR","potentialAction":[{"@type":"CommentAction","name":"Comment","target":["https:\/\/vosgesinfo.fr\/epinalinfo\/2023\/03\/video-lemission-duels-familles-recherche-candidats-vosges\/#respond"]}]},{"@type":"WebPage","@id":"https:\/\/vosgesinfo.fr\/epinalinfo\/2023\/03\/video-lemission-duels-familles-recherche-candidats-vosges\/","url":"https:\/\/vosgesinfo.fr\/epinalinfo\/2023\/03\/video-lemission-duels-familles-recherche-candidats-vosges\/","name":"VIDEO - L'\u00e9mission \"Duels en familles\" recherche des candidats dans les Vosges - Epinal Info","isPartOf":{"@id":"https:\/\/vosgesinfo.fr\/epinalinfo\/#website"},"primaryImageOfPage":{"@id":"https:\/\/vosgesinfo.fr\/epinalinfo\/2023\/03\/video-lemission-duels-familles-recherche-candidats-vosges\/#primaryimage"},"image":{"@id":"https:\/\/vosgesinfo.fr\/epinalinfo\/2023\/03\/video-lemission-duels-familles-recherche-candidats-vosges\/#primaryimage"},"thumbnailUrl":"https:\/\/vosgesinfo.fr\/app\/uploads\/sites\/3\/2023\/03\/casting-region.png","datePublished":"2023-03-24T09:23:51+00:00","dateModified":"2024-02-27T16:59:09+00:00","breadcrumb":{"@id":"https:\/\/vosgesinfo.fr\/epinalinfo\/2023\/03\/video-lemission-duels-familles-recherche-candidats-vosges\/#breadcrumb"},"inLanguage":"fr-FR","potentialAction":[{"@type":"ReadAction","target":["https:\/\/vosgesinfo.fr\/epinalinfo\/2023\/03\/video-lemission-duels-familles-recherche-candidats-vosges\/"]}]},{"@type":"ImageObject","inLanguage":"fr-FR","@id":"https:\/\/vosgesinfo.fr\/epinalinfo\/2023\/03\/video-lemission-duels-familles-recherche-candidats-vosges\/#primaryimage","url":"https:\/\/vosgesinfo.fr\/app\/uploads\/sites\/3\/2023\/03\/casting-region.png","contentUrl":"https:\/\/vosgesinfo.fr\/app\/uploads\/sites\/3\/2023\/03\/casting-region.png"},{"@type":"BreadcrumbList","@id":"https:\/\/vosgesinfo.fr\/epinalinfo\/2023\/03\/video-lemission-duels-familles-recherche-candidats-vosges\/#breadcrumb","itemListElement":[{"@type":"ListItem","position":1,"name":"Home","item":"https:\/\/vosgesinfo.fr\/epinalinfo\/"},{"@type":"ListItem","position":2,"name":"VIDEO &#8211; L&rsquo;\u00e9mission \u00ab\u00a0Duels en familles\u00a0\u00bb recherche des candidats dans les Vosges"}]},{"@type":"WebSite","@id":"https:\/\/vosgesinfo.fr\/epinalinfo\/#website","url":"https:\/\/vosgesinfo.fr\/epinalinfo\/","name":"Epinal Info","description":"Toute l&#039;actualit\u00e9 d&#039;\u00c9pinal","publisher":{"@id":"https:\/\/vosgesinfo.fr\/epinalinfo\/#organization"},"alternateName":"Toute l'actualit\u00e9 d'\u00c9pinal","potentialAction":[{"@type":"SearchAction","target":{"@type":"EntryPoint","urlTemplate":"https:\/\/vosgesinfo.fr\/epinalinfo\/?s={search_term_string}"},"query-input":"required name=search_term_string"}],"inLanguage":"fr-FR"},{"@type":"Organization","@id":"https:\/\/vosgesinfo.fr\/epinalinfo\/#organization","name":"Epinal Info","url":"https:\/\/vosgesinfo.fr\/epinalinfo\/","logo":{"@type":"ImageObject","inLanguage":"fr-FR","@id":"https:\/\/vosgesinfo.fr\/epinalinfo\/#\/schema\/logo\/image\/","url":"https:\/\/vosgesinfo.fr\/app\/uploads\/sites\/3\/2023\/08\/logo-epinalinfos.svg","contentUrl":"https:\/\/vosgesinfo.fr\/app\/uploads\/sites\/3\/2023\/08\/logo-epinalinfos.svg","width":1,"height":1,"caption":"Epinal Info"},"image":{"@id":"https:\/\/vosgesinfo.fr\/epinalinfo\/#\/schema\/logo\/image\/"},"sameAs":["https:\/\/www.facebook.com\/Epinalinfos","https:\/\/x.com\/VosgesInfo88","https:\/\/www.youtube.com\/@vosgesinfo"]},{"@type":"Person","@id":"https:\/\/vosgesinfo.fr\/epinalinfo\/#\/schema\/person\/6f9a650eeea99d969b6c4ab78fccbe81","name":"C.K.","image":{"@type":"ImageObject","inLanguage":"fr-FR","@id":"https:\/\/vosgesinfo.fr\/epinalinfo\/#\/schema\/person\/image\/","url":"https:\/\/secure.gravatar.com\/avatar\/48e3fc7f8421ba8942be6b74a2b7f014ca39bc00dece156b7a8e098ae7dc87bf?s=96&d=mm&r=g","contentUrl":"https:\/\/secure.gravatar.com\/avatar\/48e3fc7f8421ba8942be6b74a2b7f014ca39bc00dece156b7a8e098ae7dc87bf?s=96&d=mm&r=g","caption":"C.K."},"url":"https:\/\/vosgesinfo.fr\/epinalinfo\/author\/celia-k-n\/"}]}},"_links":{"self":[{"href":"https:\/\/vosgesinfo.fr\/epinalinfo\/wp-json\/wp\/v2\/posts\/28030","targetHints":{"allow":["GET"]}}],"collection":[{"href":"https:\/\/vosgesinfo.fr\/epinalinfo\/wp-json\/wp\/v2\/posts"}],"about":[{"href":"https:\/\/vosgesinfo.fr\/epinalinfo\/wp-json\/wp\/v2\/types\/post"}],"author":[{"embeddable":true,"href":"https:\/\/vosgesinfo.fr\/epinalinfo\/wp-json\/wp\/v2\/users\/52"}],"replies":[{"embeddable":true,"href":"https:\/\/vosgesinfo.fr\/epinalinfo\/wp-json\/wp\/v2\/comments?post=28030"}],"version-history":[{"count":1,"href":"https:\/\/vosgesinfo.fr\/epinalinfo\/wp-json\/wp\/v2\/posts\/28030\/revisions"}],"predecessor-version":[{"id":36249,"href":"https:\/\/vosgesinfo.fr\/epinalinfo\/wp-json\/wp\/v2\/posts\/28030\/revisions\/36249"}],"wp:featuredmedia":[{"embeddable":true,"href":"https:\/\/vosgesinfo.fr\/epinalinfo\/wp-json\/wp\/v2\/media\/28031"}],"wp:attachment":[{"href":"https:\/\/vosgesinfo.fr\/epinalinfo\/wp-json\/wp\/v2\/media?parent=28030"}],"wp:term":[{"taxonomy":"category","embeddable":true,"href":"https:\/\/vosgesinfo.fr\/epinalinfo\/wp-json\/wp\/v2\/categories?post=28030"},{"taxonomy":"post_tag","embeddable":true,"href":"https:\/\/vosgesinfo.fr\/epinalinfo\/wp-json\/wp\/v2\/tags?post=28030"}],"curies":[{"name":"wp","href":"https:\/\/api.w.org\/{rel}","templated":true}]}}