{"id":28154,"date":"2023-03-28T07:25:45","date_gmt":"2023-03-28T05:25:45","guid":{"rendered":"https:\/\/vosgesinfo.fr\/epinalinfo\/2023\/03\/competition-nationale-de-danse-glace-a-lyon-cpge\/"},"modified":"2024-02-27T17:59:28","modified_gmt":"2024-02-27T16:59:28","slug":"competition-nationale-de-danse-glace-a-lyon-cpge","status":"publish","type":"post","link":"https:\/\/vosgesinfo.fr\/epinalinfo\/2023\/03\/competition-nationale-de-danse-glace-a-lyon-cpge\/","title":{"rendered":"Comp\u00e9tition Nationale de Danse sur Glace \u00e0 Lyon pour le CPGE"},"content":{"rendered":"<div class=\"x_x11i5rnm x_xat24cr x_x1mh8g0r x_x1vvkbs x_xdj266r x_x126k92a\">\n<div dir=\"auto\"><span class=\"x_x13faqbe x_x193iq5w x_x1943h6x x_x1cpjm7i x_x1fgarty x_x1gmr53x x_x1lliihq x_x1s928wv x_x1vvkbs x_x1xmvt09 x_x1yc453h x_x3x7a5m x_x6prxxf x_xeuugli x_xhkezso x_xo1l8bm x_xudqn12 x_xvq8zen x_xzsf02u\" dir=\"auto\"><a href=\"https:\/\/vosgesinfo.fr\/app\/uploads\/sites\/3\/2023\/11\/couples.jpg\"><img decoding=\"async\" class=\"aligncenter size-full wp-image-216907\" src=\"https:\/\/vosgesinfo.fr\/app\/uploads\/sites\/3\/2023\/11\/couples.jpg\" alt=\"Couples\" width=\"800\" height=\"800\" \/><\/a>Clap de fin des Championnats de France Benjamins Minimes Novices 2023 et de la Coupe Inter-R\u00e9gionale couples \u00e0 Lyon <\/span>\n<\/div>\n<\/div>\n<div class=\"x_x11i5rnm x_xat24cr x_x1mh8g0r x_x1vvkbs x_xtlvy1s x_x126k92a\">\n<div dir=\"auto\"><span class=\"x_x13faqbe x_x193iq5w x_x1943h6x x_x1cpjm7i x_x1fgarty x_x1gmr53x x_x1lliihq x_x1s928wv x_x1vvkbs x_x1xmvt09 x_x1yc453h x_x3x7a5m x_x6prxxf x_xeuugli x_xhkezso x_xo1l8bm x_xudqn12 x_xvq8zen x_xzsf02u\" dir=\"auto\">Lors de la Coupe Inter-R\u00e9gionale, la rel\u00e8ve d\u2019\u00c9pinal s\u2019est montr\u00e9e prometteuse dans la cat\u00e9gorie Avenir : <\/span>\n<\/div>\n<div dir=\"auto\"><span class=\"x_x13faqbe x_x193iq5w x_x1943h6x x_x1cpjm7i x_x1fgarty x_x1gmr53x x_x1lliihq x_x1s928wv x_x1vvkbs x_x1xmvt09 x_x1yc453h x_x3x7a5m x_x6prxxf x_xeuugli x_xhkezso x_xo1l8bm x_xudqn12 x_xvq8zen x_xzsf02u\" dir=\"auto\"><span class=\"x_x1fcty0u x_x1j61x8r x_x1kky2od x_x3nfvp2 x_xat24cr x_xdj266r x_xgzva0m x_xhhsvwb x_xlup9mm x_xxymvpz\"><img decoding=\"async\" src=\"https:\/\/vosgesinfo.fr\/app\/uploads\/sites\/3\/2024\/02\/1f947.png\" alt=\"\" width=\"16\" height=\"16\" data-imagetype=\"External\" \/><\/span>Alice MESSEIN &amp; Pierrick BOGUENET<\/span>\n<\/div>\n<div dir=\"auto\"><span class=\"x_x13faqbe x_x193iq5w x_x1943h6x x_x1cpjm7i x_x1fgarty x_x1gmr53x x_x1lliihq x_x1s928wv x_x1vvkbs x_x1xmvt09 x_x1yc453h x_x3x7a5m x_x6prxxf x_xeuugli x_xhkezso x_xo1l8bm x_xudqn12 x_xvq8zen x_xzsf02u\" dir=\"auto\"><span class=\"x_x1fcty0u x_x1j61x8r x_x1kky2od x_x3nfvp2 x_xat24cr x_xdj266r x_xgzva0m x_xhhsvwb x_xlup9mm x_xxymvpz\"><img decoding=\"async\" src=\"https:\/\/vosgesinfo.fr\/app\/uploads\/sites\/3\/2024\/02\/1f949.png\" alt=\"\" width=\"16\" height=\"16\" data-imagetype=\"External\" \/><\/span>Lucie CLAUDEL &amp; \u00c9tienne HEINRICH<\/span>\n<\/div>\n<\/div>\n<div class=\"x_x11i5rnm x_xat24cr x_x1mh8g0r x_x1vvkbs x_xtlvy1s x_x126k92a\">\n<div dir=\"auto\"><span class=\"x_x13faqbe x_x193iq5w x_x1943h6x x_x1cpjm7i x_x1fgarty x_x1gmr53x x_x1lliihq x_x1s928wv x_x1vvkbs x_x1xmvt09 x_x1yc453h x_x3x7a5m x_x6prxxf x_xeuugli x_xhkezso x_xo1l8bm x_xudqn12 x_xvq8zen x_xzsf02u\" dir=\"auto\">Du c\u00f4t\u00e9 des Championnats de France Benjamins Minimes Novices, le couple benjamin, Valentine HARDT &amp; Cyrian FEUERSTEIN, form\u00e9 il y a seulement 6 mois, a montr\u00e9 de belles capacit\u00e9s pour l\u2019avenir avec une prometteuse 6\u00e8me place. <\/span>\n<\/div>\n<\/div>\n<div class=\"x_x11i5rnm x_xat24cr x_x1mh8g0r x_x1vvkbs x_xtlvy1s x_x126k92a\">\n<div dir=\"auto\"><span class=\"x_x13faqbe x_x193iq5w x_x1943h6x x_x1cpjm7i x_x1fgarty x_x1gmr53x x_x1lliihq x_x1s928wv x_x1vvkbs x_x1xmvt09 x_x1yc453h x_x3x7a5m x_x6prxxf x_xeuugli x_xhkezso x_xo1l8bm x_xudqn12 x_xvq8zen x_xzsf02u\" dir=\"auto\">Faustine PATERNOTTE &amp; Cl\u00e9ment BONTEMPS, cat\u00e9gorie minime, terminent \u00e0 la 9\u00e8me place gr\u00e2ce \u00e0 un programme libre \u00e9nergique et solaire. <\/span>\n<\/div>\n<\/div>\n<div class=\"x_x11i5rnm x_xat24cr x_x1mh8g0r x_x1vvkbs x_xtlvy1s x_x126k92a\">\n<div dir=\"auto\"><span class=\"x_x13faqbe x_x193iq5w x_x1943h6x x_x1cpjm7i x_x1fgarty x_x1gmr53x x_x1lliihq x_x1s928wv x_x1vvkbs x_x1xmvt09 x_x1yc453h x_x3x7a5m x_x6prxxf x_xeuugli x_xhkezso x_xo1l8bm x_xudqn12 x_xvq8zen x_xzsf02u\" dir=\"auto\">Quant au couple novice, Lucie FREDON &amp; Luc WALKER, une premi\u00e8re journ\u00e9e de comp\u00e9tition en demi-teinte a scell\u00e9 un r\u00e9sultat en dessous de l\u2019objectif sportif souhait\u00e9, mais leur deuxi\u00e8me programme, propre et dynamique, leur a permis de remonter \u00e0 la 8\u00e8me place \u00e0 l\u2019issue de la comp\u00e9tition.<\/p>\n<p>Les 10 licenci\u00e9s couples engag\u00e9s \u00e0 Lyon ont vraiment \u00e9t\u00e9 tr\u00e8s g\u00e2t\u00e9s pour cette comp\u00e9tition nationale! En effet, le Club de Patinage sur Glace d\u2019\u00c9pinal leur a offert une magnifique veste technique avec leurs pr\u00e9noms! <\/span><\/div>\n<\/div>\n<div dir=\"auto\">\n\n<\/div>\n","protected":false},"excerpt":{"rendered":"<p>Clap de fin des Championnats de France Benjamins Minimes Novices 2023 et de la Coupe Inter-R\u00e9gionale couples \u00e0 Lyon Lors [&hellip;]<\/p>\n","protected":false},"author":52,"featured_media":2512,"comment_status":"open","ping_status":"open","sticky":false,"template":"","format":"standard","meta":{"footnotes":""},"categories":[22,24,7],"tags":[],"class_list":["post-28154","post","type-post","status-publish","format-standard","has-post-thumbnail","hentry","category-a-la-une","category-epinal","category-sport"],"acf":[],"yoast_head":"<!-- This site is optimized with the Yoast SEO plugin v22.5 - https:\/\/yoast.com\/wordpress\/plugins\/seo\/ -->\n<title>Comp\u00e9tition Nationale de Danse sur Glace \u00e0 Lyon pour le CPGE - Epinal Info<\/title>\n<meta name=\"robots\" content=\"index, follow, max-snippet:-1, max-image-preview:large, max-video-preview:-1\" \/>\n<link rel=\"canonical\" href=\"https:\/\/vosgesinfo.fr\/epinalinfo\/2023\/03\/competition-nationale-de-danse-glace-a-lyon-cpge\/\" \/>\n<meta name=\"twitter:card\" content=\"summary_large_image\" \/>\n<meta name=\"twitter:title\" content=\"Comp\u00e9tition Nationale de Danse sur Glace \u00e0 Lyon pour le CPGE - Epinal Info\" \/>\n<meta name=\"twitter:description\" content=\"Clap de fin des Championnats de France Benjamins Minimes Novices 2023 et de la Coupe Inter-R\u00e9gionale couples \u00e0 Lyon Lors [&hellip;]\" \/>\n<meta name=\"twitter:image\" content=\"https:\/\/vosgesinfo.fr\/app\/uploads\/sites\/3\/2023\/11\/couples.jpg\" \/>\n<meta name=\"twitter:creator\" content=\"@VosgesInfo88\" \/>\n<meta name=\"twitter:site\" content=\"@VosgesInfo88\" \/>\n<meta name=\"twitter:label1\" content=\"\u00c9crit par\" \/>\n\t<meta name=\"twitter:data1\" content=\"C.K.\" \/>\n\t<meta name=\"twitter:label2\" content=\"Dur\u00e9e de lecture estim\u00e9e\" \/>\n\t<meta name=\"twitter:data2\" content=\"1 minute\" \/>\n<script type=\"application\/ld+json\" class=\"yoast-schema-graph\">{\"@context\":\"https:\/\/schema.org\",\"@graph\":[{\"@type\":\"Article\",\"@id\":\"https:\/\/vosgesinfo.fr\/epinalinfo\/2023\/03\/competition-nationale-de-danse-glace-a-lyon-cpge\/#article\",\"isPartOf\":{\"@id\":\"https:\/\/vosgesinfo.fr\/epinalinfo\/2023\/03\/competition-nationale-de-danse-glace-a-lyon-cpge\/\"},\"author\":{\"name\":\"C.K.\",\"@id\":\"https:\/\/vosgesinfo.fr\/epinalinfo\/#\/schema\/person\/6f9a650eeea99d969b6c4ab78fccbe81\"},\"headline\":\"Comp\u00e9tition Nationale de Danse sur Glace \u00e0 Lyon pour le CPGE\",\"datePublished\":\"2023-03-28T05:25:45+00:00\",\"dateModified\":\"2024-02-27T16:59:28+00:00\",\"mainEntityOfPage\":{\"@id\":\"https:\/\/vosgesinfo.fr\/epinalinfo\/2023\/03\/competition-nationale-de-danse-glace-a-lyon-cpge\/\"},\"wordCount\":223,\"commentCount\":0,\"publisher\":{\"@id\":\"https:\/\/vosgesinfo.fr\/epinalinfo\/#organization\"},\"image\":{\"@id\":\"https:\/\/vosgesinfo.fr\/epinalinfo\/2023\/03\/competition-nationale-de-danse-glace-a-lyon-cpge\/#primaryimage\"},\"thumbnailUrl\":\"https:\/\/vosgesinfo.fr\/app\/uploads\/sites\/3\/2023\/11\/couples.jpg\",\"articleSection\":[\"A la Une\",\"Epinal\",\"Sport\"],\"inLanguage\":\"fr-FR\",\"potentialAction\":[{\"@type\":\"CommentAction\",\"name\":\"Comment\",\"target\":[\"https:\/\/vosgesinfo.fr\/epinalinfo\/2023\/03\/competition-nationale-de-danse-glace-a-lyon-cpge\/#respond\"]}]},{\"@type\":\"WebPage\",\"@id\":\"https:\/\/vosgesinfo.fr\/epinalinfo\/2023\/03\/competition-nationale-de-danse-glace-a-lyon-cpge\/\",\"url\":\"https:\/\/vosgesinfo.fr\/epinalinfo\/2023\/03\/competition-nationale-de-danse-glace-a-lyon-cpge\/\",\"name\":\"Comp\u00e9tition Nationale de Danse sur Glace \u00e0 Lyon pour le CPGE - Epinal Info\",\"isPartOf\":{\"@id\":\"https:\/\/vosgesinfo.fr\/epinalinfo\/#website\"},\"primaryImageOfPage\":{\"@id\":\"https:\/\/vosgesinfo.fr\/epinalinfo\/2023\/03\/competition-nationale-de-danse-glace-a-lyon-cpge\/#primaryimage\"},\"image\":{\"@id\":\"https:\/\/vosgesinfo.fr\/epinalinfo\/2023\/03\/competition-nationale-de-danse-glace-a-lyon-cpge\/#primaryimage\"},\"thumbnailUrl\":\"https:\/\/vosgesinfo.fr\/app\/uploads\/sites\/3\/2023\/11\/couples.jpg\",\"datePublished\":\"2023-03-28T05:25:45+00:00\",\"dateModified\":\"2024-02-27T16:59:28+00:00\",\"breadcrumb\":{\"@id\":\"https:\/\/vosgesinfo.fr\/epinalinfo\/2023\/03\/competition-nationale-de-danse-glace-a-lyon-cpge\/#breadcrumb\"},\"inLanguage\":\"fr-FR\",\"potentialAction\":[{\"@type\":\"ReadAction\",\"target\":[\"https:\/\/vosgesinfo.fr\/epinalinfo\/2023\/03\/competition-nationale-de-danse-glace-a-lyon-cpge\/\"]}]},{\"@type\":\"ImageObject\",\"inLanguage\":\"fr-FR\",\"@id\":\"https:\/\/vosgesinfo.fr\/epinalinfo\/2023\/03\/competition-nationale-de-danse-glace-a-lyon-cpge\/#primaryimage\",\"url\":\"https:\/\/vosgesinfo.fr\/app\/uploads\/sites\/3\/2023\/11\/couples.jpg\",\"contentUrl\":\"https:\/\/vosgesinfo.fr\/app\/uploads\/sites\/3\/2023\/11\/couples.jpg\",\"width\":600,\"height\":800},{\"@type\":\"BreadcrumbList\",\"@id\":\"https:\/\/vosgesinfo.fr\/epinalinfo\/2023\/03\/competition-nationale-de-danse-glace-a-lyon-cpge\/#breadcrumb\",\"itemListElement\":[{\"@type\":\"ListItem\",\"position\":1,\"name\":\"Home\",\"item\":\"https:\/\/vosgesinfo.fr\/epinalinfo\/\"},{\"@type\":\"ListItem\",\"position\":2,\"name\":\"Comp\u00e9tition Nationale de Danse sur Glace \u00e0 Lyon pour le CPGE\"}]},{\"@type\":\"WebSite\",\"@id\":\"https:\/\/vosgesinfo.fr\/epinalinfo\/#website\",\"url\":\"https:\/\/vosgesinfo.fr\/epinalinfo\/\",\"name\":\"Epinal Info\",\"description\":\"Toute l&#039;actualit\u00e9 d&#039;\u00c9pinal\",\"publisher\":{\"@id\":\"https:\/\/vosgesinfo.fr\/epinalinfo\/#organization\"},\"alternateName\":\"Toute l'actualit\u00e9 d'\u00c9pinal\",\"potentialAction\":[{\"@type\":\"SearchAction\",\"target\":{\"@type\":\"EntryPoint\",\"urlTemplate\":\"https:\/\/vosgesinfo.fr\/epinalinfo\/?s={search_term_string}\"},\"query-input\":\"required name=search_term_string\"}],\"inLanguage\":\"fr-FR\"},{\"@type\":\"Organization\",\"@id\":\"https:\/\/vosgesinfo.fr\/epinalinfo\/#organization\",\"name\":\"Epinal Info\",\"url\":\"https:\/\/vosgesinfo.fr\/epinalinfo\/\",\"logo\":{\"@type\":\"ImageObject\",\"inLanguage\":\"fr-FR\",\"@id\":\"https:\/\/vosgesinfo.fr\/epinalinfo\/#\/schema\/logo\/image\/\",\"url\":\"https:\/\/vosgesinfo.fr\/app\/uploads\/sites\/3\/2023\/08\/logo-epinalinfos.svg\",\"contentUrl\":\"https:\/\/vosgesinfo.fr\/app\/uploads\/sites\/3\/2023\/08\/logo-epinalinfos.svg\",\"width\":1,\"height\":1,\"caption\":\"Epinal Info\"},\"image\":{\"@id\":\"https:\/\/vosgesinfo.fr\/epinalinfo\/#\/schema\/logo\/image\/\"},\"sameAs\":[\"https:\/\/www.facebook.com\/Epinalinfos\",\"https:\/\/x.com\/VosgesInfo88\",\"https:\/\/www.youtube.com\/@vosgesinfo\"]},{\"@type\":\"Person\",\"@id\":\"https:\/\/vosgesinfo.fr\/epinalinfo\/#\/schema\/person\/6f9a650eeea99d969b6c4ab78fccbe81\",\"name\":\"C.K.\",\"image\":{\"@type\":\"ImageObject\",\"inLanguage\":\"fr-FR\",\"@id\":\"https:\/\/vosgesinfo.fr\/epinalinfo\/#\/schema\/person\/image\/\",\"url\":\"https:\/\/secure.gravatar.com\/avatar\/48e3fc7f8421ba8942be6b74a2b7f014ca39bc00dece156b7a8e098ae7dc87bf?s=96&d=mm&r=g\",\"contentUrl\":\"https:\/\/secure.gravatar.com\/avatar\/48e3fc7f8421ba8942be6b74a2b7f014ca39bc00dece156b7a8e098ae7dc87bf?s=96&d=mm&r=g\",\"caption\":\"C.K.\"},\"url\":\"https:\/\/vosgesinfo.fr\/epinalinfo\/author\/celia-k-n\/\"}]}<\/script>\n<!-- \/ Yoast SEO plugin. -->","yoast_head_json":{"title":"Comp\u00e9tition Nationale de Danse sur Glace \u00e0 Lyon pour le CPGE - Epinal Info","robots":{"index":"index","follow":"follow","max-snippet":"max-snippet:-1","max-image-preview":"max-image-preview:large","max-video-preview":"max-video-preview:-1"},"canonical":"https:\/\/vosgesinfo.fr\/epinalinfo\/2023\/03\/competition-nationale-de-danse-glace-a-lyon-cpge\/","twitter_card":"summary_large_image","twitter_title":"Comp\u00e9tition Nationale de Danse sur Glace \u00e0 Lyon pour le CPGE - Epinal Info","twitter_description":"Clap de fin des Championnats de France Benjamins Minimes Novices 2023 et de la Coupe Inter-R\u00e9gionale couples \u00e0 Lyon Lors [&hellip;]","twitter_image":"https:\/\/vosgesinfo.fr\/app\/uploads\/sites\/3\/2023\/11\/couples.jpg","twitter_creator":"@VosgesInfo88","twitter_site":"@VosgesInfo88","twitter_misc":{"\u00c9crit par":"C.K.","Dur\u00e9e de lecture estim\u00e9e":"1 minute"},"schema":{"@context":"https:\/\/schema.org","@graph":[{"@type":"Article","@id":"https:\/\/vosgesinfo.fr\/epinalinfo\/2023\/03\/competition-nationale-de-danse-glace-a-lyon-cpge\/#article","isPartOf":{"@id":"https:\/\/vosgesinfo.fr\/epinalinfo\/2023\/03\/competition-nationale-de-danse-glace-a-lyon-cpge\/"},"author":{"name":"C.K.","@id":"https:\/\/vosgesinfo.fr\/epinalinfo\/#\/schema\/person\/6f9a650eeea99d969b6c4ab78fccbe81"},"headline":"Comp\u00e9tition Nationale de Danse sur Glace \u00e0 Lyon pour le CPGE","datePublished":"2023-03-28T05:25:45+00:00","dateModified":"2024-02-27T16:59:28+00:00","mainEntityOfPage":{"@id":"https:\/\/vosgesinfo.fr\/epinalinfo\/2023\/03\/competition-nationale-de-danse-glace-a-lyon-cpge\/"},"wordCount":223,"commentCount":0,"publisher":{"@id":"https:\/\/vosgesinfo.fr\/epinalinfo\/#organization"},"image":{"@id":"https:\/\/vosgesinfo.fr\/epinalinfo\/2023\/03\/competition-nationale-de-danse-glace-a-lyon-cpge\/#primaryimage"},"thumbnailUrl":"https:\/\/vosgesinfo.fr\/app\/uploads\/sites\/3\/2023\/11\/couples.jpg","articleSection":["A la Une","Epinal","Sport"],"inLanguage":"fr-FR","potentialAction":[{"@type":"CommentAction","name":"Comment","target":["https:\/\/vosgesinfo.fr\/epinalinfo\/2023\/03\/competition-nationale-de-danse-glace-a-lyon-cpge\/#respond"]}]},{"@type":"WebPage","@id":"https:\/\/vosgesinfo.fr\/epinalinfo\/2023\/03\/competition-nationale-de-danse-glace-a-lyon-cpge\/","url":"https:\/\/vosgesinfo.fr\/epinalinfo\/2023\/03\/competition-nationale-de-danse-glace-a-lyon-cpge\/","name":"Comp\u00e9tition Nationale de Danse sur Glace \u00e0 Lyon pour le CPGE - Epinal Info","isPartOf":{"@id":"https:\/\/vosgesinfo.fr\/epinalinfo\/#website"},"primaryImageOfPage":{"@id":"https:\/\/vosgesinfo.fr\/epinalinfo\/2023\/03\/competition-nationale-de-danse-glace-a-lyon-cpge\/#primaryimage"},"image":{"@id":"https:\/\/vosgesinfo.fr\/epinalinfo\/2023\/03\/competition-nationale-de-danse-glace-a-lyon-cpge\/#primaryimage"},"thumbnailUrl":"https:\/\/vosgesinfo.fr\/app\/uploads\/sites\/3\/2023\/11\/couples.jpg","datePublished":"2023-03-28T05:25:45+00:00","dateModified":"2024-02-27T16:59:28+00:00","breadcrumb":{"@id":"https:\/\/vosgesinfo.fr\/epinalinfo\/2023\/03\/competition-nationale-de-danse-glace-a-lyon-cpge\/#breadcrumb"},"inLanguage":"fr-FR","potentialAction":[{"@type":"ReadAction","target":["https:\/\/vosgesinfo.fr\/epinalinfo\/2023\/03\/competition-nationale-de-danse-glace-a-lyon-cpge\/"]}]},{"@type":"ImageObject","inLanguage":"fr-FR","@id":"https:\/\/vosgesinfo.fr\/epinalinfo\/2023\/03\/competition-nationale-de-danse-glace-a-lyon-cpge\/#primaryimage","url":"https:\/\/vosgesinfo.fr\/app\/uploads\/sites\/3\/2023\/11\/couples.jpg","contentUrl":"https:\/\/vosgesinfo.fr\/app\/uploads\/sites\/3\/2023\/11\/couples.jpg","width":600,"height":800},{"@type":"BreadcrumbList","@id":"https:\/\/vosgesinfo.fr\/epinalinfo\/2023\/03\/competition-nationale-de-danse-glace-a-lyon-cpge\/#breadcrumb","itemListElement":[{"@type":"ListItem","position":1,"name":"Home","item":"https:\/\/vosgesinfo.fr\/epinalinfo\/"},{"@type":"ListItem","position":2,"name":"Comp\u00e9tition Nationale de Danse sur Glace \u00e0 Lyon pour le CPGE"}]},{"@type":"WebSite","@id":"https:\/\/vosgesinfo.fr\/epinalinfo\/#website","url":"https:\/\/vosgesinfo.fr\/epinalinfo\/","name":"Epinal Info","description":"Toute l&#039;actualit\u00e9 d&#039;\u00c9pinal","publisher":{"@id":"https:\/\/vosgesinfo.fr\/epinalinfo\/#organization"},"alternateName":"Toute l'actualit\u00e9 d'\u00c9pinal","potentialAction":[{"@type":"SearchAction","target":{"@type":"EntryPoint","urlTemplate":"https:\/\/vosgesinfo.fr\/epinalinfo\/?s={search_term_string}"},"query-input":"required name=search_term_string"}],"inLanguage":"fr-FR"},{"@type":"Organization","@id":"https:\/\/vosgesinfo.fr\/epinalinfo\/#organization","name":"Epinal Info","url":"https:\/\/vosgesinfo.fr\/epinalinfo\/","logo":{"@type":"ImageObject","inLanguage":"fr-FR","@id":"https:\/\/vosgesinfo.fr\/epinalinfo\/#\/schema\/logo\/image\/","url":"https:\/\/vosgesinfo.fr\/app\/uploads\/sites\/3\/2023\/08\/logo-epinalinfos.svg","contentUrl":"https:\/\/vosgesinfo.fr\/app\/uploads\/sites\/3\/2023\/08\/logo-epinalinfos.svg","width":1,"height":1,"caption":"Epinal Info"},"image":{"@id":"https:\/\/vosgesinfo.fr\/epinalinfo\/#\/schema\/logo\/image\/"},"sameAs":["https:\/\/www.facebook.com\/Epinalinfos","https:\/\/x.com\/VosgesInfo88","https:\/\/www.youtube.com\/@vosgesinfo"]},{"@type":"Person","@id":"https:\/\/vosgesinfo.fr\/epinalinfo\/#\/schema\/person\/6f9a650eeea99d969b6c4ab78fccbe81","name":"C.K.","image":{"@type":"ImageObject","inLanguage":"fr-FR","@id":"https:\/\/vosgesinfo.fr\/epinalinfo\/#\/schema\/person\/image\/","url":"https:\/\/secure.gravatar.com\/avatar\/48e3fc7f8421ba8942be6b74a2b7f014ca39bc00dece156b7a8e098ae7dc87bf?s=96&d=mm&r=g","contentUrl":"https:\/\/secure.gravatar.com\/avatar\/48e3fc7f8421ba8942be6b74a2b7f014ca39bc00dece156b7a8e098ae7dc87bf?s=96&d=mm&r=g","caption":"C.K."},"url":"https:\/\/vosgesinfo.fr\/epinalinfo\/author\/celia-k-n\/"}]}},"_links":{"self":[{"href":"https:\/\/vosgesinfo.fr\/epinalinfo\/wp-json\/wp\/v2\/posts\/28154","targetHints":{"allow":["GET"]}}],"collection":[{"href":"https:\/\/vosgesinfo.fr\/epinalinfo\/wp-json\/wp\/v2\/posts"}],"about":[{"href":"https:\/\/vosgesinfo.fr\/epinalinfo\/wp-json\/wp\/v2\/types\/post"}],"author":[{"embeddable":true,"href":"https:\/\/vosgesinfo.fr\/epinalinfo\/wp-json\/wp\/v2\/users\/52"}],"replies":[{"embeddable":true,"href":"https:\/\/vosgesinfo.fr\/epinalinfo\/wp-json\/wp\/v2\/comments?post=28154"}],"version-history":[{"count":1,"href":"https:\/\/vosgesinfo.fr\/epinalinfo\/wp-json\/wp\/v2\/posts\/28154\/revisions"}],"predecessor-version":[{"id":36280,"href":"https:\/\/vosgesinfo.fr\/epinalinfo\/wp-json\/wp\/v2\/posts\/28154\/revisions\/36280"}],"wp:featuredmedia":[{"embeddable":true,"href":"https:\/\/vosgesinfo.fr\/epinalinfo\/wp-json\/wp\/v2\/media\/2512"}],"wp:attachment":[{"href":"https:\/\/vosgesinfo.fr\/epinalinfo\/wp-json\/wp\/v2\/media?parent=28154"}],"wp:term":[{"taxonomy":"category","embeddable":true,"href":"https:\/\/vosgesinfo.fr\/epinalinfo\/wp-json\/wp\/v2\/categories?post=28154"},{"taxonomy":"post_tag","embeddable":true,"href":"https:\/\/vosgesinfo.fr\/epinalinfo\/wp-json\/wp\/v2\/tags?post=28154"}],"curies":[{"name":"wp","href":"https:\/\/api.w.org\/{rel}","templated":true}]}}