{"id":28208,"date":"2023-03-29T07:20:47","date_gmt":"2023-03-29T05:20:47","guid":{"rendered":"https:\/\/vosgesinfo.fr\/epinalinfo\/2023\/03\/maf-boucher-hugo-blaudez-remporte-premiere-place-concours-maf-grand-2023\/"},"modified":"2024-02-27T17:59:38","modified_gmt":"2024-02-27T16:59:38","slug":"maf-boucher-hugo-blaudez-remporte-premiere-place-concours-maf-grand-2023","status":"publish","type":"post","link":"https:\/\/vosgesinfo.fr\/epinalinfo\/2023\/03\/maf-boucher-hugo-blaudez-remporte-premiere-place-concours-maf-grand-2023\/","title":{"rendered":"MAF Boucher &#8211; Hugo Blaudez remporte la premi\u00e8re place du concours MAF Grand Est 2023 !"},"content":{"rendered":"<p><a href=\"https:\/\/vosgesinfo.fr\/app\/uploads\/sites\/3\/2023\/03\/hugo-blaudez-maf-boucher.jpg\"><img decoding=\"async\" class=\"aligncenter size-full wp-image-216978\" src=\"https:\/\/vosgesinfo.fr\/app\/uploads\/sites\/3\/2023\/03\/hugo-blaudez-maf-boucher.jpg\" alt=\"hugo-blaudez-maf-boucher\" width=\"413\" height=\"534\" \/><\/a>F\u00e9licitations \u00e0 Hugo Blaudez qui a remport\u00e9 la premi\u00e8re place au concours du meilleur apprenti de France Grand Est en boucherie.<\/p>\n<p>Hugo Blaudez est s\u00e9lectionn\u00e9 pour la finale nationale. Le jeune boucher est apprenti au CFA P\u00f4le des m\u00e9tiers d&rsquo;Epinal et chez Cash viandes, \u00e0 Epinal. Il va maintenant d\u00e9fendre les couleurs de la r\u00e9gion Grand Est lors de la finale nationale les 14 et 15 mai 2023 \u00e0 Avignon.<\/p>\n","protected":false},"excerpt":{"rendered":"<p>F\u00e9licitations \u00e0 Hugo Blaudez qui a remport\u00e9 la premi\u00e8re place au concours du meilleur apprenti de France Grand Est en [&hellip;]<\/p>\n","protected":false},"author":52,"featured_media":28207,"comment_status":"open","ping_status":"open","sticky":false,"template":"","format":"standard","meta":{"footnotes":""},"categories":[22,15,24,5],"tags":[],"class_list":["post-28208","post","type-post","status-publish","format-standard","has-post-thumbnail","hentry","category-a-la-une","category-education","category-epinal","category-vosges"],"acf":[],"yoast_head":"<!-- This site is optimized with the Yoast SEO plugin v22.5 - https:\/\/yoast.com\/wordpress\/plugins\/seo\/ -->\n<title>MAF Boucher - Hugo Blaudez remporte la premi\u00e8re place du concours MAF Grand Est 2023 ! - Epinal Info<\/title>\n<meta name=\"robots\" content=\"index, follow, max-snippet:-1, max-image-preview:large, max-video-preview:-1\" \/>\n<link rel=\"canonical\" href=\"https:\/\/vosgesinfo.fr\/epinalinfo\/2023\/03\/maf-boucher-hugo-blaudez-remporte-premiere-place-concours-maf-grand-2023\/\" \/>\n<meta name=\"twitter:card\" content=\"summary_large_image\" \/>\n<meta name=\"twitter:title\" content=\"MAF Boucher - Hugo Blaudez remporte la premi\u00e8re place du concours MAF Grand Est 2023 ! - Epinal Info\" \/>\n<meta name=\"twitter:description\" content=\"F\u00e9licitations \u00e0 Hugo Blaudez qui a remport\u00e9 la premi\u00e8re place au concours du meilleur apprenti de France Grand Est en [&hellip;]\" \/>\n<meta name=\"twitter:image\" content=\"https:\/\/vosgesinfo.fr\/app\/uploads\/sites\/3\/2023\/03\/hugo-blaudez-maf-boucher.jpg\" \/>\n<meta name=\"twitter:creator\" content=\"@VosgesInfo88\" \/>\n<meta name=\"twitter:site\" content=\"@VosgesInfo88\" \/>\n<meta name=\"twitter:label1\" content=\"\u00c9crit par\" \/>\n\t<meta name=\"twitter:data1\" content=\"C.K.\" \/>\n<script type=\"application\/ld+json\" class=\"yoast-schema-graph\">{\"@context\":\"https:\/\/schema.org\",\"@graph\":[{\"@type\":\"Article\",\"@id\":\"https:\/\/vosgesinfo.fr\/epinalinfo\/2023\/03\/maf-boucher-hugo-blaudez-remporte-premiere-place-concours-maf-grand-2023\/#article\",\"isPartOf\":{\"@id\":\"https:\/\/vosgesinfo.fr\/epinalinfo\/2023\/03\/maf-boucher-hugo-blaudez-remporte-premiere-place-concours-maf-grand-2023\/\"},\"author\":{\"name\":\"C.K.\",\"@id\":\"https:\/\/vosgesinfo.fr\/epinalinfo\/#\/schema\/person\/6f9a650eeea99d969b6c4ab78fccbe81\"},\"headline\":\"MAF Boucher &#8211; Hugo Blaudez remporte la premi\u00e8re place du concours MAF Grand Est 2023 !\",\"datePublished\":\"2023-03-29T05:20:47+00:00\",\"dateModified\":\"2024-02-27T16:59:38+00:00\",\"mainEntityOfPage\":{\"@id\":\"https:\/\/vosgesinfo.fr\/epinalinfo\/2023\/03\/maf-boucher-hugo-blaudez-remporte-premiere-place-concours-maf-grand-2023\/\"},\"wordCount\":87,\"commentCount\":0,\"publisher\":{\"@id\":\"https:\/\/vosgesinfo.fr\/epinalinfo\/#organization\"},\"image\":{\"@id\":\"https:\/\/vosgesinfo.fr\/epinalinfo\/2023\/03\/maf-boucher-hugo-blaudez-remporte-premiere-place-concours-maf-grand-2023\/#primaryimage\"},\"thumbnailUrl\":\"https:\/\/vosgesinfo.fr\/app\/uploads\/sites\/3\/2023\/03\/hugo-blaudez-maf-boucher.jpg\",\"articleSection\":[\"A la Une\",\"\u00c9ducation\",\"Epinal\",\"Vosges\"],\"inLanguage\":\"fr-FR\",\"potentialAction\":[{\"@type\":\"CommentAction\",\"name\":\"Comment\",\"target\":[\"https:\/\/vosgesinfo.fr\/epinalinfo\/2023\/03\/maf-boucher-hugo-blaudez-remporte-premiere-place-concours-maf-grand-2023\/#respond\"]}]},{\"@type\":\"WebPage\",\"@id\":\"https:\/\/vosgesinfo.fr\/epinalinfo\/2023\/03\/maf-boucher-hugo-blaudez-remporte-premiere-place-concours-maf-grand-2023\/\",\"url\":\"https:\/\/vosgesinfo.fr\/epinalinfo\/2023\/03\/maf-boucher-hugo-blaudez-remporte-premiere-place-concours-maf-grand-2023\/\",\"name\":\"MAF Boucher - Hugo Blaudez remporte la premi\u00e8re place du concours MAF Grand Est 2023 ! - Epinal Info\",\"isPartOf\":{\"@id\":\"https:\/\/vosgesinfo.fr\/epinalinfo\/#website\"},\"primaryImageOfPage\":{\"@id\":\"https:\/\/vosgesinfo.fr\/epinalinfo\/2023\/03\/maf-boucher-hugo-blaudez-remporte-premiere-place-concours-maf-grand-2023\/#primaryimage\"},\"image\":{\"@id\":\"https:\/\/vosgesinfo.fr\/epinalinfo\/2023\/03\/maf-boucher-hugo-blaudez-remporte-premiere-place-concours-maf-grand-2023\/#primaryimage\"},\"thumbnailUrl\":\"https:\/\/vosgesinfo.fr\/app\/uploads\/sites\/3\/2023\/03\/hugo-blaudez-maf-boucher.jpg\",\"datePublished\":\"2023-03-29T05:20:47+00:00\",\"dateModified\":\"2024-02-27T16:59:38+00:00\",\"breadcrumb\":{\"@id\":\"https:\/\/vosgesinfo.fr\/epinalinfo\/2023\/03\/maf-boucher-hugo-blaudez-remporte-premiere-place-concours-maf-grand-2023\/#breadcrumb\"},\"inLanguage\":\"fr-FR\",\"potentialAction\":[{\"@type\":\"ReadAction\",\"target\":[\"https:\/\/vosgesinfo.fr\/epinalinfo\/2023\/03\/maf-boucher-hugo-blaudez-remporte-premiere-place-concours-maf-grand-2023\/\"]}]},{\"@type\":\"ImageObject\",\"inLanguage\":\"fr-FR\",\"@id\":\"https:\/\/vosgesinfo.fr\/epinalinfo\/2023\/03\/maf-boucher-hugo-blaudez-remporte-premiere-place-concours-maf-grand-2023\/#primaryimage\",\"url\":\"https:\/\/vosgesinfo.fr\/app\/uploads\/sites\/3\/2023\/03\/hugo-blaudez-maf-boucher.jpg\",\"contentUrl\":\"https:\/\/vosgesinfo.fr\/app\/uploads\/sites\/3\/2023\/03\/hugo-blaudez-maf-boucher.jpg\"},{\"@type\":\"BreadcrumbList\",\"@id\":\"https:\/\/vosgesinfo.fr\/epinalinfo\/2023\/03\/maf-boucher-hugo-blaudez-remporte-premiere-place-concours-maf-grand-2023\/#breadcrumb\",\"itemListElement\":[{\"@type\":\"ListItem\",\"position\":1,\"name\":\"Home\",\"item\":\"https:\/\/vosgesinfo.fr\/epinalinfo\/\"},{\"@type\":\"ListItem\",\"position\":2,\"name\":\"MAF Boucher &#8211; Hugo Blaudez remporte la premi\u00e8re place du concours MAF Grand Est 2023 !\"}]},{\"@type\":\"WebSite\",\"@id\":\"https:\/\/vosgesinfo.fr\/epinalinfo\/#website\",\"url\":\"https:\/\/vosgesinfo.fr\/epinalinfo\/\",\"name\":\"Epinal Info\",\"description\":\"Toute l&#039;actualit\u00e9 d&#039;\u00c9pinal\",\"publisher\":{\"@id\":\"https:\/\/vosgesinfo.fr\/epinalinfo\/#organization\"},\"alternateName\":\"Toute l'actualit\u00e9 d'\u00c9pinal\",\"potentialAction\":[{\"@type\":\"SearchAction\",\"target\":{\"@type\":\"EntryPoint\",\"urlTemplate\":\"https:\/\/vosgesinfo.fr\/epinalinfo\/?s={search_term_string}\"},\"query-input\":\"required name=search_term_string\"}],\"inLanguage\":\"fr-FR\"},{\"@type\":\"Organization\",\"@id\":\"https:\/\/vosgesinfo.fr\/epinalinfo\/#organization\",\"name\":\"Epinal Info\",\"url\":\"https:\/\/vosgesinfo.fr\/epinalinfo\/\",\"logo\":{\"@type\":\"ImageObject\",\"inLanguage\":\"fr-FR\",\"@id\":\"https:\/\/vosgesinfo.fr\/epinalinfo\/#\/schema\/logo\/image\/\",\"url\":\"https:\/\/vosgesinfo.fr\/app\/uploads\/sites\/3\/2023\/08\/logo-epinalinfos.svg\",\"contentUrl\":\"https:\/\/vosgesinfo.fr\/app\/uploads\/sites\/3\/2023\/08\/logo-epinalinfos.svg\",\"width\":1,\"height\":1,\"caption\":\"Epinal Info\"},\"image\":{\"@id\":\"https:\/\/vosgesinfo.fr\/epinalinfo\/#\/schema\/logo\/image\/\"},\"sameAs\":[\"https:\/\/www.facebook.com\/Epinalinfos\",\"https:\/\/x.com\/VosgesInfo88\",\"https:\/\/www.youtube.com\/@vosgesinfo\"]},{\"@type\":\"Person\",\"@id\":\"https:\/\/vosgesinfo.fr\/epinalinfo\/#\/schema\/person\/6f9a650eeea99d969b6c4ab78fccbe81\",\"name\":\"C.K.\",\"image\":{\"@type\":\"ImageObject\",\"inLanguage\":\"fr-FR\",\"@id\":\"https:\/\/vosgesinfo.fr\/epinalinfo\/#\/schema\/person\/image\/\",\"url\":\"https:\/\/secure.gravatar.com\/avatar\/48e3fc7f8421ba8942be6b74a2b7f014ca39bc00dece156b7a8e098ae7dc87bf?s=96&d=mm&r=g\",\"contentUrl\":\"https:\/\/secure.gravatar.com\/avatar\/48e3fc7f8421ba8942be6b74a2b7f014ca39bc00dece156b7a8e098ae7dc87bf?s=96&d=mm&r=g\",\"caption\":\"C.K.\"},\"url\":\"https:\/\/vosgesinfo.fr\/epinalinfo\/author\/celia-k-n\/\"}]}<\/script>\n<!-- \/ Yoast SEO plugin. -->","yoast_head_json":{"title":"MAF Boucher - Hugo Blaudez remporte la premi\u00e8re place du concours MAF Grand Est 2023 ! - Epinal Info","robots":{"index":"index","follow":"follow","max-snippet":"max-snippet:-1","max-image-preview":"max-image-preview:large","max-video-preview":"max-video-preview:-1"},"canonical":"https:\/\/vosgesinfo.fr\/epinalinfo\/2023\/03\/maf-boucher-hugo-blaudez-remporte-premiere-place-concours-maf-grand-2023\/","twitter_card":"summary_large_image","twitter_title":"MAF Boucher - Hugo Blaudez remporte la premi\u00e8re place du concours MAF Grand Est 2023 ! - Epinal Info","twitter_description":"F\u00e9licitations \u00e0 Hugo Blaudez qui a remport\u00e9 la premi\u00e8re place au concours du meilleur apprenti de France Grand Est en [&hellip;]","twitter_image":"https:\/\/vosgesinfo.fr\/app\/uploads\/sites\/3\/2023\/03\/hugo-blaudez-maf-boucher.jpg","twitter_creator":"@VosgesInfo88","twitter_site":"@VosgesInfo88","twitter_misc":{"\u00c9crit par":"C.K."},"schema":{"@context":"https:\/\/schema.org","@graph":[{"@type":"Article","@id":"https:\/\/vosgesinfo.fr\/epinalinfo\/2023\/03\/maf-boucher-hugo-blaudez-remporte-premiere-place-concours-maf-grand-2023\/#article","isPartOf":{"@id":"https:\/\/vosgesinfo.fr\/epinalinfo\/2023\/03\/maf-boucher-hugo-blaudez-remporte-premiere-place-concours-maf-grand-2023\/"},"author":{"name":"C.K.","@id":"https:\/\/vosgesinfo.fr\/epinalinfo\/#\/schema\/person\/6f9a650eeea99d969b6c4ab78fccbe81"},"headline":"MAF Boucher &#8211; Hugo Blaudez remporte la premi\u00e8re place du concours MAF Grand Est 2023 !","datePublished":"2023-03-29T05:20:47+00:00","dateModified":"2024-02-27T16:59:38+00:00","mainEntityOfPage":{"@id":"https:\/\/vosgesinfo.fr\/epinalinfo\/2023\/03\/maf-boucher-hugo-blaudez-remporte-premiere-place-concours-maf-grand-2023\/"},"wordCount":87,"commentCount":0,"publisher":{"@id":"https:\/\/vosgesinfo.fr\/epinalinfo\/#organization"},"image":{"@id":"https:\/\/vosgesinfo.fr\/epinalinfo\/2023\/03\/maf-boucher-hugo-blaudez-remporte-premiere-place-concours-maf-grand-2023\/#primaryimage"},"thumbnailUrl":"https:\/\/vosgesinfo.fr\/app\/uploads\/sites\/3\/2023\/03\/hugo-blaudez-maf-boucher.jpg","articleSection":["A la Une","\u00c9ducation","Epinal","Vosges"],"inLanguage":"fr-FR","potentialAction":[{"@type":"CommentAction","name":"Comment","target":["https:\/\/vosgesinfo.fr\/epinalinfo\/2023\/03\/maf-boucher-hugo-blaudez-remporte-premiere-place-concours-maf-grand-2023\/#respond"]}]},{"@type":"WebPage","@id":"https:\/\/vosgesinfo.fr\/epinalinfo\/2023\/03\/maf-boucher-hugo-blaudez-remporte-premiere-place-concours-maf-grand-2023\/","url":"https:\/\/vosgesinfo.fr\/epinalinfo\/2023\/03\/maf-boucher-hugo-blaudez-remporte-premiere-place-concours-maf-grand-2023\/","name":"MAF Boucher - Hugo Blaudez remporte la premi\u00e8re place du concours MAF Grand Est 2023 ! - Epinal Info","isPartOf":{"@id":"https:\/\/vosgesinfo.fr\/epinalinfo\/#website"},"primaryImageOfPage":{"@id":"https:\/\/vosgesinfo.fr\/epinalinfo\/2023\/03\/maf-boucher-hugo-blaudez-remporte-premiere-place-concours-maf-grand-2023\/#primaryimage"},"image":{"@id":"https:\/\/vosgesinfo.fr\/epinalinfo\/2023\/03\/maf-boucher-hugo-blaudez-remporte-premiere-place-concours-maf-grand-2023\/#primaryimage"},"thumbnailUrl":"https:\/\/vosgesinfo.fr\/app\/uploads\/sites\/3\/2023\/03\/hugo-blaudez-maf-boucher.jpg","datePublished":"2023-03-29T05:20:47+00:00","dateModified":"2024-02-27T16:59:38+00:00","breadcrumb":{"@id":"https:\/\/vosgesinfo.fr\/epinalinfo\/2023\/03\/maf-boucher-hugo-blaudez-remporte-premiere-place-concours-maf-grand-2023\/#breadcrumb"},"inLanguage":"fr-FR","potentialAction":[{"@type":"ReadAction","target":["https:\/\/vosgesinfo.fr\/epinalinfo\/2023\/03\/maf-boucher-hugo-blaudez-remporte-premiere-place-concours-maf-grand-2023\/"]}]},{"@type":"ImageObject","inLanguage":"fr-FR","@id":"https:\/\/vosgesinfo.fr\/epinalinfo\/2023\/03\/maf-boucher-hugo-blaudez-remporte-premiere-place-concours-maf-grand-2023\/#primaryimage","url":"https:\/\/vosgesinfo.fr\/app\/uploads\/sites\/3\/2023\/03\/hugo-blaudez-maf-boucher.jpg","contentUrl":"https:\/\/vosgesinfo.fr\/app\/uploads\/sites\/3\/2023\/03\/hugo-blaudez-maf-boucher.jpg"},{"@type":"BreadcrumbList","@id":"https:\/\/vosgesinfo.fr\/epinalinfo\/2023\/03\/maf-boucher-hugo-blaudez-remporte-premiere-place-concours-maf-grand-2023\/#breadcrumb","itemListElement":[{"@type":"ListItem","position":1,"name":"Home","item":"https:\/\/vosgesinfo.fr\/epinalinfo\/"},{"@type":"ListItem","position":2,"name":"MAF Boucher &#8211; Hugo Blaudez remporte la premi\u00e8re place du concours MAF Grand Est 2023 !"}]},{"@type":"WebSite","@id":"https:\/\/vosgesinfo.fr\/epinalinfo\/#website","url":"https:\/\/vosgesinfo.fr\/epinalinfo\/","name":"Epinal Info","description":"Toute l&#039;actualit\u00e9 d&#039;\u00c9pinal","publisher":{"@id":"https:\/\/vosgesinfo.fr\/epinalinfo\/#organization"},"alternateName":"Toute l'actualit\u00e9 d'\u00c9pinal","potentialAction":[{"@type":"SearchAction","target":{"@type":"EntryPoint","urlTemplate":"https:\/\/vosgesinfo.fr\/epinalinfo\/?s={search_term_string}"},"query-input":"required name=search_term_string"}],"inLanguage":"fr-FR"},{"@type":"Organization","@id":"https:\/\/vosgesinfo.fr\/epinalinfo\/#organization","name":"Epinal Info","url":"https:\/\/vosgesinfo.fr\/epinalinfo\/","logo":{"@type":"ImageObject","inLanguage":"fr-FR","@id":"https:\/\/vosgesinfo.fr\/epinalinfo\/#\/schema\/logo\/image\/","url":"https:\/\/vosgesinfo.fr\/app\/uploads\/sites\/3\/2023\/08\/logo-epinalinfos.svg","contentUrl":"https:\/\/vosgesinfo.fr\/app\/uploads\/sites\/3\/2023\/08\/logo-epinalinfos.svg","width":1,"height":1,"caption":"Epinal Info"},"image":{"@id":"https:\/\/vosgesinfo.fr\/epinalinfo\/#\/schema\/logo\/image\/"},"sameAs":["https:\/\/www.facebook.com\/Epinalinfos","https:\/\/x.com\/VosgesInfo88","https:\/\/www.youtube.com\/@vosgesinfo"]},{"@type":"Person","@id":"https:\/\/vosgesinfo.fr\/epinalinfo\/#\/schema\/person\/6f9a650eeea99d969b6c4ab78fccbe81","name":"C.K.","image":{"@type":"ImageObject","inLanguage":"fr-FR","@id":"https:\/\/vosgesinfo.fr\/epinalinfo\/#\/schema\/person\/image\/","url":"https:\/\/secure.gravatar.com\/avatar\/48e3fc7f8421ba8942be6b74a2b7f014ca39bc00dece156b7a8e098ae7dc87bf?s=96&d=mm&r=g","contentUrl":"https:\/\/secure.gravatar.com\/avatar\/48e3fc7f8421ba8942be6b74a2b7f014ca39bc00dece156b7a8e098ae7dc87bf?s=96&d=mm&r=g","caption":"C.K."},"url":"https:\/\/vosgesinfo.fr\/epinalinfo\/author\/celia-k-n\/"}]}},"_links":{"self":[{"href":"https:\/\/vosgesinfo.fr\/epinalinfo\/wp-json\/wp\/v2\/posts\/28208","targetHints":{"allow":["GET"]}}],"collection":[{"href":"https:\/\/vosgesinfo.fr\/epinalinfo\/wp-json\/wp\/v2\/posts"}],"about":[{"href":"https:\/\/vosgesinfo.fr\/epinalinfo\/wp-json\/wp\/v2\/types\/post"}],"author":[{"embeddable":true,"href":"https:\/\/vosgesinfo.fr\/epinalinfo\/wp-json\/wp\/v2\/users\/52"}],"replies":[{"embeddable":true,"href":"https:\/\/vosgesinfo.fr\/epinalinfo\/wp-json\/wp\/v2\/comments?post=28208"}],"version-history":[{"count":1,"href":"https:\/\/vosgesinfo.fr\/epinalinfo\/wp-json\/wp\/v2\/posts\/28208\/revisions"}],"predecessor-version":[{"id":36292,"href":"https:\/\/vosgesinfo.fr\/epinalinfo\/wp-json\/wp\/v2\/posts\/28208\/revisions\/36292"}],"wp:featuredmedia":[{"embeddable":true,"href":"https:\/\/vosgesinfo.fr\/epinalinfo\/wp-json\/wp\/v2\/media\/28207"}],"wp:attachment":[{"href":"https:\/\/vosgesinfo.fr\/epinalinfo\/wp-json\/wp\/v2\/media?parent=28208"}],"wp:term":[{"taxonomy":"category","embeddable":true,"href":"https:\/\/vosgesinfo.fr\/epinalinfo\/wp-json\/wp\/v2\/categories?post=28208"},{"taxonomy":"post_tag","embeddable":true,"href":"https:\/\/vosgesinfo.fr\/epinalinfo\/wp-json\/wp\/v2\/tags?post=28208"}],"curies":[{"name":"wp","href":"https:\/\/api.w.org\/{rel}","templated":true}]}}