{"id":2831,"date":"2023-11-14T14:54:53","date_gmt":"2023-11-14T13:54:53","guid":{"rendered":"https:\/\/vosgesinfo.fr\/epinalinfo\/2023\/11\/prix-de-la-france-moche-2023-chavelot-parmi-les-laureats\/"},"modified":"2024-02-27T18:16:46","modified_gmt":"2024-02-27T17:16:46","slug":"prix-de-france-moche-2023-chavelot-parmi-laureats","status":"publish","type":"post","link":"https:\/\/vosgesinfo.fr\/epinalinfo\/2023\/11\/prix-de-france-moche-2023-chavelot-parmi-laureats\/","title":{"rendered":"Prix de la France moche 2023 : Chavelot parmi les laur\u00e9ats"},"content":{"rendered":"<p><strong><a href=\"https:\/\/vosgesinfo.fr\/app\/uploads\/sites\/3\/2023\/11\/phpempugm.jpg\"><img decoding=\"async\" class=\"aligncenter size-full wp-image-226894\" src=\"https:\/\/vosgesinfo.fr\/app\/uploads\/sites\/3\/2023\/11\/phpempugm.jpg\" alt=\"phpeMPUGm\" width=\"700\" height=\"467\" \/><\/a>Le concours participatif du \u00ab\u00a0Prix de la France moche\u00a0\u00bb, organis\u00e9 tous les ans par l&rsquo;association Paysages de France, a d\u00e9voil\u00e9 son palmar\u00e8s. Plusieurs villes ont \u00e9t\u00e9 distingu\u00e9es dont Chavelot avec la zone commerciale du Pr\u00e9-Drou\u00e9 dans la cat\u00e9gorie \u00ab\u00a0Tripot\u00e9e d\u2019enseignes, et sans concession\u00a0\u00bb.<br \/>\n<\/strong><\/p>\n<div>Les maires des quatre communes concern\u00e9es ont \u00e9t\u00e9 inform\u00e9s il y a quelques jours. Pas s\u00fbr qu\u2019ils appr\u00e9cient cette distinction.<em> \u00ab\u00a0Il ne s\u2019agit pourtant en aucun cas pour l&rsquo;association de stigmatiser telle ou telle commune, mais bien de mettre en \u00e9vidence des atteintes \u00e0 nos paysages.<\/em> <em>Gageons que ces prix 2023 continueront d&rsquo;ouvrir les yeux de ceux et celles qui semblent se voiler la face au nom du progr\u00e8s et de la modernit\u00e9 devant des zones commerciales tentaculaires, des rues satur\u00e9es de panneaux publicitaires ou une b\u00e9tonisation galopante\u2026 \u00ab\u00a0<\/em> explique l&rsquo;association.<\/div>\n","protected":false},"excerpt":{"rendered":"<p>Le concours participatif du \u00ab\u00a0Prix de la France moche\u00a0\u00bb, organis\u00e9 tous les ans par l&rsquo;association Paysages de France, a d\u00e9voil\u00e9 [&hellip;]<\/p>\n","protected":false},"author":52,"featured_media":2830,"comment_status":"open","ping_status":"open","sticky":false,"template":"","format":"standard","meta":{"footnotes":""},"categories":[22,91,16,5],"tags":[],"class_list":["post-2831","post","type-post","status-publish","format-standard","has-post-thumbnail","hentry","category-a-la-une","category-chavelot","category-environnement","category-vosges"],"acf":[],"yoast_head":"<!-- This site is optimized with the Yoast SEO plugin v22.5 - https:\/\/yoast.com\/wordpress\/plugins\/seo\/ -->\n<title>Prix de la France moche 2023 : Chavelot parmi les laur\u00e9ats - Epinal Info<\/title>\n<meta name=\"robots\" content=\"index, follow, max-snippet:-1, max-image-preview:large, max-video-preview:-1\" \/>\n<link rel=\"canonical\" href=\"https:\/\/vosgesinfo.fr\/epinalinfo\/2023\/11\/prix-de-france-moche-2023-chavelot-parmi-laureats\/\" \/>\n<meta name=\"twitter:card\" content=\"summary_large_image\" \/>\n<meta name=\"twitter:title\" content=\"Prix de la France moche 2023 : Chavelot parmi les laur\u00e9ats - Epinal Info\" \/>\n<meta name=\"twitter:description\" content=\"Le concours participatif du \u00ab\u00a0Prix de la France moche\u00a0\u00bb, organis\u00e9 tous les ans par l&rsquo;association Paysages de France, a d\u00e9voil\u00e9 [&hellip;]\" \/>\n<meta name=\"twitter:image\" content=\"https:\/\/vosgesinfo.fr\/app\/uploads\/sites\/3\/2023\/11\/phpempugm.jpg\" \/>\n<meta name=\"twitter:creator\" content=\"@VosgesInfo88\" \/>\n<meta name=\"twitter:site\" content=\"@VosgesInfo88\" \/>\n<meta name=\"twitter:label1\" content=\"\u00c9crit par\" \/>\n\t<meta name=\"twitter:data1\" content=\"C.K.\" \/>\n\t<meta name=\"twitter:label2\" content=\"Dur\u00e9e de lecture estim\u00e9e\" \/>\n\t<meta name=\"twitter:data2\" content=\"1 minute\" \/>\n<script type=\"application\/ld+json\" class=\"yoast-schema-graph\">{\"@context\":\"https:\/\/schema.org\",\"@graph\":[{\"@type\":\"Article\",\"@id\":\"https:\/\/vosgesinfo.fr\/epinalinfo\/2023\/11\/prix-de-france-moche-2023-chavelot-parmi-laureats\/#article\",\"isPartOf\":{\"@id\":\"https:\/\/vosgesinfo.fr\/epinalinfo\/2023\/11\/prix-de-france-moche-2023-chavelot-parmi-laureats\/\"},\"author\":{\"name\":\"C.K.\",\"@id\":\"https:\/\/vosgesinfo.fr\/epinalinfo\/#\/schema\/person\/6f9a650eeea99d969b6c4ab78fccbe81\"},\"headline\":\"Prix de la France moche 2023 : Chavelot parmi les laur\u00e9ats\",\"datePublished\":\"2023-11-14T13:54:53+00:00\",\"dateModified\":\"2024-02-27T17:16:46+00:00\",\"mainEntityOfPage\":{\"@id\":\"https:\/\/vosgesinfo.fr\/epinalinfo\/2023\/11\/prix-de-france-moche-2023-chavelot-parmi-laureats\/\"},\"wordCount\":161,\"commentCount\":0,\"publisher\":{\"@id\":\"https:\/\/vosgesinfo.fr\/epinalinfo\/#organization\"},\"image\":{\"@id\":\"https:\/\/vosgesinfo.fr\/epinalinfo\/2023\/11\/prix-de-france-moche-2023-chavelot-parmi-laureats\/#primaryimage\"},\"thumbnailUrl\":\"https:\/\/vosgesinfo.fr\/app\/uploads\/sites\/3\/2023\/11\/phpempugm.jpg\",\"articleSection\":[\"A la Une\",\"Chavelot\",\"Environnement\",\"Vosges\"],\"inLanguage\":\"fr-FR\",\"potentialAction\":[{\"@type\":\"CommentAction\",\"name\":\"Comment\",\"target\":[\"https:\/\/vosgesinfo.fr\/epinalinfo\/2023\/11\/prix-de-france-moche-2023-chavelot-parmi-laureats\/#respond\"]}]},{\"@type\":\"WebPage\",\"@id\":\"https:\/\/vosgesinfo.fr\/epinalinfo\/2023\/11\/prix-de-france-moche-2023-chavelot-parmi-laureats\/\",\"url\":\"https:\/\/vosgesinfo.fr\/epinalinfo\/2023\/11\/prix-de-france-moche-2023-chavelot-parmi-laureats\/\",\"name\":\"Prix de la France moche 2023 : Chavelot parmi les laur\u00e9ats - Epinal Info\",\"isPartOf\":{\"@id\":\"https:\/\/vosgesinfo.fr\/epinalinfo\/#website\"},\"primaryImageOfPage\":{\"@id\":\"https:\/\/vosgesinfo.fr\/epinalinfo\/2023\/11\/prix-de-france-moche-2023-chavelot-parmi-laureats\/#primaryimage\"},\"image\":{\"@id\":\"https:\/\/vosgesinfo.fr\/epinalinfo\/2023\/11\/prix-de-france-moche-2023-chavelot-parmi-laureats\/#primaryimage\"},\"thumbnailUrl\":\"https:\/\/vosgesinfo.fr\/app\/uploads\/sites\/3\/2023\/11\/phpempugm.jpg\",\"datePublished\":\"2023-11-14T13:54:53+00:00\",\"dateModified\":\"2024-02-27T17:16:46+00:00\",\"breadcrumb\":{\"@id\":\"https:\/\/vosgesinfo.fr\/epinalinfo\/2023\/11\/prix-de-france-moche-2023-chavelot-parmi-laureats\/#breadcrumb\"},\"inLanguage\":\"fr-FR\",\"potentialAction\":[{\"@type\":\"ReadAction\",\"target\":[\"https:\/\/vosgesinfo.fr\/epinalinfo\/2023\/11\/prix-de-france-moche-2023-chavelot-parmi-laureats\/\"]}]},{\"@type\":\"ImageObject\",\"inLanguage\":\"fr-FR\",\"@id\":\"https:\/\/vosgesinfo.fr\/epinalinfo\/2023\/11\/prix-de-france-moche-2023-chavelot-parmi-laureats\/#primaryimage\",\"url\":\"https:\/\/vosgesinfo.fr\/app\/uploads\/sites\/3\/2023\/11\/phpempugm.jpg\",\"contentUrl\":\"https:\/\/vosgesinfo.fr\/app\/uploads\/sites\/3\/2023\/11\/phpempugm.jpg\",\"width\":700,\"height\":467},{\"@type\":\"BreadcrumbList\",\"@id\":\"https:\/\/vosgesinfo.fr\/epinalinfo\/2023\/11\/prix-de-france-moche-2023-chavelot-parmi-laureats\/#breadcrumb\",\"itemListElement\":[{\"@type\":\"ListItem\",\"position\":1,\"name\":\"Home\",\"item\":\"https:\/\/vosgesinfo.fr\/epinalinfo\/\"},{\"@type\":\"ListItem\",\"position\":2,\"name\":\"Prix de la France moche 2023 : Chavelot parmi les laur\u00e9ats\"}]},{\"@type\":\"WebSite\",\"@id\":\"https:\/\/vosgesinfo.fr\/epinalinfo\/#website\",\"url\":\"https:\/\/vosgesinfo.fr\/epinalinfo\/\",\"name\":\"Epinal Info\",\"description\":\"Toute l&#039;actualit\u00e9 d&#039;\u00c9pinal\",\"publisher\":{\"@id\":\"https:\/\/vosgesinfo.fr\/epinalinfo\/#organization\"},\"alternateName\":\"Toute l'actualit\u00e9 d'\u00c9pinal\",\"potentialAction\":[{\"@type\":\"SearchAction\",\"target\":{\"@type\":\"EntryPoint\",\"urlTemplate\":\"https:\/\/vosgesinfo.fr\/epinalinfo\/?s={search_term_string}\"},\"query-input\":\"required name=search_term_string\"}],\"inLanguage\":\"fr-FR\"},{\"@type\":\"Organization\",\"@id\":\"https:\/\/vosgesinfo.fr\/epinalinfo\/#organization\",\"name\":\"Epinal Info\",\"url\":\"https:\/\/vosgesinfo.fr\/epinalinfo\/\",\"logo\":{\"@type\":\"ImageObject\",\"inLanguage\":\"fr-FR\",\"@id\":\"https:\/\/vosgesinfo.fr\/epinalinfo\/#\/schema\/logo\/image\/\",\"url\":\"https:\/\/vosgesinfo.fr\/app\/uploads\/sites\/3\/2023\/08\/logo-epinalinfos.svg\",\"contentUrl\":\"https:\/\/vosgesinfo.fr\/app\/uploads\/sites\/3\/2023\/08\/logo-epinalinfos.svg\",\"width\":1,\"height\":1,\"caption\":\"Epinal Info\"},\"image\":{\"@id\":\"https:\/\/vosgesinfo.fr\/epinalinfo\/#\/schema\/logo\/image\/\"},\"sameAs\":[\"https:\/\/www.facebook.com\/Epinalinfos\",\"https:\/\/x.com\/VosgesInfo88\",\"https:\/\/www.youtube.com\/@vosgesinfo\"]},{\"@type\":\"Person\",\"@id\":\"https:\/\/vosgesinfo.fr\/epinalinfo\/#\/schema\/person\/6f9a650eeea99d969b6c4ab78fccbe81\",\"name\":\"C.K.\",\"image\":{\"@type\":\"ImageObject\",\"inLanguage\":\"fr-FR\",\"@id\":\"https:\/\/vosgesinfo.fr\/epinalinfo\/#\/schema\/person\/image\/\",\"url\":\"https:\/\/secure.gravatar.com\/avatar\/48e3fc7f8421ba8942be6b74a2b7f014ca39bc00dece156b7a8e098ae7dc87bf?s=96&d=mm&r=g\",\"contentUrl\":\"https:\/\/secure.gravatar.com\/avatar\/48e3fc7f8421ba8942be6b74a2b7f014ca39bc00dece156b7a8e098ae7dc87bf?s=96&d=mm&r=g\",\"caption\":\"C.K.\"},\"url\":\"https:\/\/vosgesinfo.fr\/epinalinfo\/author\/celia-k-n\/\"}]}<\/script>\n<!-- \/ Yoast SEO plugin. -->","yoast_head_json":{"title":"Prix de la France moche 2023 : Chavelot parmi les laur\u00e9ats - Epinal Info","robots":{"index":"index","follow":"follow","max-snippet":"max-snippet:-1","max-image-preview":"max-image-preview:large","max-video-preview":"max-video-preview:-1"},"canonical":"https:\/\/vosgesinfo.fr\/epinalinfo\/2023\/11\/prix-de-france-moche-2023-chavelot-parmi-laureats\/","twitter_card":"summary_large_image","twitter_title":"Prix de la France moche 2023 : Chavelot parmi les laur\u00e9ats - Epinal Info","twitter_description":"Le concours participatif du \u00ab\u00a0Prix de la France moche\u00a0\u00bb, organis\u00e9 tous les ans par l&rsquo;association Paysages de France, a d\u00e9voil\u00e9 [&hellip;]","twitter_image":"https:\/\/vosgesinfo.fr\/app\/uploads\/sites\/3\/2023\/11\/phpempugm.jpg","twitter_creator":"@VosgesInfo88","twitter_site":"@VosgesInfo88","twitter_misc":{"\u00c9crit par":"C.K.","Dur\u00e9e de lecture estim\u00e9e":"1 minute"},"schema":{"@context":"https:\/\/schema.org","@graph":[{"@type":"Article","@id":"https:\/\/vosgesinfo.fr\/epinalinfo\/2023\/11\/prix-de-france-moche-2023-chavelot-parmi-laureats\/#article","isPartOf":{"@id":"https:\/\/vosgesinfo.fr\/epinalinfo\/2023\/11\/prix-de-france-moche-2023-chavelot-parmi-laureats\/"},"author":{"name":"C.K.","@id":"https:\/\/vosgesinfo.fr\/epinalinfo\/#\/schema\/person\/6f9a650eeea99d969b6c4ab78fccbe81"},"headline":"Prix de la France moche 2023 : Chavelot parmi les laur\u00e9ats","datePublished":"2023-11-14T13:54:53+00:00","dateModified":"2024-02-27T17:16:46+00:00","mainEntityOfPage":{"@id":"https:\/\/vosgesinfo.fr\/epinalinfo\/2023\/11\/prix-de-france-moche-2023-chavelot-parmi-laureats\/"},"wordCount":161,"commentCount":0,"publisher":{"@id":"https:\/\/vosgesinfo.fr\/epinalinfo\/#organization"},"image":{"@id":"https:\/\/vosgesinfo.fr\/epinalinfo\/2023\/11\/prix-de-france-moche-2023-chavelot-parmi-laureats\/#primaryimage"},"thumbnailUrl":"https:\/\/vosgesinfo.fr\/app\/uploads\/sites\/3\/2023\/11\/phpempugm.jpg","articleSection":["A la Une","Chavelot","Environnement","Vosges"],"inLanguage":"fr-FR","potentialAction":[{"@type":"CommentAction","name":"Comment","target":["https:\/\/vosgesinfo.fr\/epinalinfo\/2023\/11\/prix-de-france-moche-2023-chavelot-parmi-laureats\/#respond"]}]},{"@type":"WebPage","@id":"https:\/\/vosgesinfo.fr\/epinalinfo\/2023\/11\/prix-de-france-moche-2023-chavelot-parmi-laureats\/","url":"https:\/\/vosgesinfo.fr\/epinalinfo\/2023\/11\/prix-de-france-moche-2023-chavelot-parmi-laureats\/","name":"Prix de la France moche 2023 : Chavelot parmi les laur\u00e9ats - Epinal Info","isPartOf":{"@id":"https:\/\/vosgesinfo.fr\/epinalinfo\/#website"},"primaryImageOfPage":{"@id":"https:\/\/vosgesinfo.fr\/epinalinfo\/2023\/11\/prix-de-france-moche-2023-chavelot-parmi-laureats\/#primaryimage"},"image":{"@id":"https:\/\/vosgesinfo.fr\/epinalinfo\/2023\/11\/prix-de-france-moche-2023-chavelot-parmi-laureats\/#primaryimage"},"thumbnailUrl":"https:\/\/vosgesinfo.fr\/app\/uploads\/sites\/3\/2023\/11\/phpempugm.jpg","datePublished":"2023-11-14T13:54:53+00:00","dateModified":"2024-02-27T17:16:46+00:00","breadcrumb":{"@id":"https:\/\/vosgesinfo.fr\/epinalinfo\/2023\/11\/prix-de-france-moche-2023-chavelot-parmi-laureats\/#breadcrumb"},"inLanguage":"fr-FR","potentialAction":[{"@type":"ReadAction","target":["https:\/\/vosgesinfo.fr\/epinalinfo\/2023\/11\/prix-de-france-moche-2023-chavelot-parmi-laureats\/"]}]},{"@type":"ImageObject","inLanguage":"fr-FR","@id":"https:\/\/vosgesinfo.fr\/epinalinfo\/2023\/11\/prix-de-france-moche-2023-chavelot-parmi-laureats\/#primaryimage","url":"https:\/\/vosgesinfo.fr\/app\/uploads\/sites\/3\/2023\/11\/phpempugm.jpg","contentUrl":"https:\/\/vosgesinfo.fr\/app\/uploads\/sites\/3\/2023\/11\/phpempugm.jpg","width":700,"height":467},{"@type":"BreadcrumbList","@id":"https:\/\/vosgesinfo.fr\/epinalinfo\/2023\/11\/prix-de-france-moche-2023-chavelot-parmi-laureats\/#breadcrumb","itemListElement":[{"@type":"ListItem","position":1,"name":"Home","item":"https:\/\/vosgesinfo.fr\/epinalinfo\/"},{"@type":"ListItem","position":2,"name":"Prix de la France moche 2023 : Chavelot parmi les laur\u00e9ats"}]},{"@type":"WebSite","@id":"https:\/\/vosgesinfo.fr\/epinalinfo\/#website","url":"https:\/\/vosgesinfo.fr\/epinalinfo\/","name":"Epinal Info","description":"Toute l&#039;actualit\u00e9 d&#039;\u00c9pinal","publisher":{"@id":"https:\/\/vosgesinfo.fr\/epinalinfo\/#organization"},"alternateName":"Toute l'actualit\u00e9 d'\u00c9pinal","potentialAction":[{"@type":"SearchAction","target":{"@type":"EntryPoint","urlTemplate":"https:\/\/vosgesinfo.fr\/epinalinfo\/?s={search_term_string}"},"query-input":"required name=search_term_string"}],"inLanguage":"fr-FR"},{"@type":"Organization","@id":"https:\/\/vosgesinfo.fr\/epinalinfo\/#organization","name":"Epinal Info","url":"https:\/\/vosgesinfo.fr\/epinalinfo\/","logo":{"@type":"ImageObject","inLanguage":"fr-FR","@id":"https:\/\/vosgesinfo.fr\/epinalinfo\/#\/schema\/logo\/image\/","url":"https:\/\/vosgesinfo.fr\/app\/uploads\/sites\/3\/2023\/08\/logo-epinalinfos.svg","contentUrl":"https:\/\/vosgesinfo.fr\/app\/uploads\/sites\/3\/2023\/08\/logo-epinalinfos.svg","width":1,"height":1,"caption":"Epinal Info"},"image":{"@id":"https:\/\/vosgesinfo.fr\/epinalinfo\/#\/schema\/logo\/image\/"},"sameAs":["https:\/\/www.facebook.com\/Epinalinfos","https:\/\/x.com\/VosgesInfo88","https:\/\/www.youtube.com\/@vosgesinfo"]},{"@type":"Person","@id":"https:\/\/vosgesinfo.fr\/epinalinfo\/#\/schema\/person\/6f9a650eeea99d969b6c4ab78fccbe81","name":"C.K.","image":{"@type":"ImageObject","inLanguage":"fr-FR","@id":"https:\/\/vosgesinfo.fr\/epinalinfo\/#\/schema\/person\/image\/","url":"https:\/\/secure.gravatar.com\/avatar\/48e3fc7f8421ba8942be6b74a2b7f014ca39bc00dece156b7a8e098ae7dc87bf?s=96&d=mm&r=g","contentUrl":"https:\/\/secure.gravatar.com\/avatar\/48e3fc7f8421ba8942be6b74a2b7f014ca39bc00dece156b7a8e098ae7dc87bf?s=96&d=mm&r=g","caption":"C.K."},"url":"https:\/\/vosgesinfo.fr\/epinalinfo\/author\/celia-k-n\/"}]}},"_links":{"self":[{"href":"https:\/\/vosgesinfo.fr\/epinalinfo\/wp-json\/wp\/v2\/posts\/2831","targetHints":{"allow":["GET"]}}],"collection":[{"href":"https:\/\/vosgesinfo.fr\/epinalinfo\/wp-json\/wp\/v2\/posts"}],"about":[{"href":"https:\/\/vosgesinfo.fr\/epinalinfo\/wp-json\/wp\/v2\/types\/post"}],"author":[{"embeddable":true,"href":"https:\/\/vosgesinfo.fr\/epinalinfo\/wp-json\/wp\/v2\/users\/52"}],"replies":[{"embeddable":true,"href":"https:\/\/vosgesinfo.fr\/epinalinfo\/wp-json\/wp\/v2\/comments?post=2831"}],"version-history":[{"count":1,"href":"https:\/\/vosgesinfo.fr\/epinalinfo\/wp-json\/wp\/v2\/posts\/2831\/revisions"}],"predecessor-version":[{"id":37999,"href":"https:\/\/vosgesinfo.fr\/epinalinfo\/wp-json\/wp\/v2\/posts\/2831\/revisions\/37999"}],"wp:featuredmedia":[{"embeddable":true,"href":"https:\/\/vosgesinfo.fr\/epinalinfo\/wp-json\/wp\/v2\/media\/2830"}],"wp:attachment":[{"href":"https:\/\/vosgesinfo.fr\/epinalinfo\/wp-json\/wp\/v2\/media?parent=2831"}],"wp:term":[{"taxonomy":"category","embeddable":true,"href":"https:\/\/vosgesinfo.fr\/epinalinfo\/wp-json\/wp\/v2\/categories?post=2831"},{"taxonomy":"post_tag","embeddable":true,"href":"https:\/\/vosgesinfo.fr\/epinalinfo\/wp-json\/wp\/v2\/tags?post=2831"}],"curies":[{"name":"wp","href":"https:\/\/api.w.org\/{rel}","templated":true}]}}