{"id":29133,"date":"2023-04-29T18:36:02","date_gmt":"2023-04-29T16:36:02","guid":{"rendered":"https:\/\/vosgesinfo.fr\/epinalinfo\/2023\/04\/video-lequipe-de-france-de-patinage-artistique-gala-a-epinal\/"},"modified":"2024-02-27T18:02:16","modified_gmt":"2024-02-27T17:02:16","slug":"video-lequipe-de-france-de-patinage-artistique-gala-a-epinal","status":"publish","type":"post","link":"https:\/\/vosgesinfo.fr\/epinalinfo\/2023\/04\/video-lequipe-de-france-de-patinage-artistique-gala-a-epinal\/","title":{"rendered":"[VIDEO] &#8211; L&rsquo;\u00e9quipe de France de patinage artistique en gala \u00e0 Epinal"},"content":{"rendered":"<p><a href=\"https:\/\/epinalinfos.fr\/wp-content\/uploads\/2023\/04\/equipe-de-france-de-patinage-artistique-epinal.jpg\"><img decoding=\"async\" class=\"aligncenter size-large wp-image-218361\" src=\"https:\/\/vosgesinfo.fr\/app\/uploads\/sites\/3\/2023\/04\/equipe-de-france-de-patinage-artistique-epinal.jpg\" alt=\"equipe-de-france-de-patinage-artistique-epinal\" width=\"800\" height=\"401\" \/><\/a>La patinoire de Poissompr\u00e9 accueillait ce samedi soir l&rsquo;\u00e9quipe de France de patinage artistique doint les champions olympiques \u00e0 P\u00e9kin 2022, Gabriella Papadakis et Guillaume Cizeron. Ils \u00e9taient de passage \u00e0 Epinal pour le gala de l\u2019\u00e9quipe de France de patinage artistique. La tourn\u00e9e s\u2019ach\u00e8vera \u00e0 Belfort dimanche.<\/p>\n<p>On a \u00e9galement pu voir Evgenia Lopareva, Geoffrey Brissaud, K\u00e9vin Aymoz et le champion du monde 2007 Brian Joubert. Avant le spectacle, les patineurs ont pris le temps d&rsquo;\u00e9changer avec les jeunes du club d\u2019Epinal.<\/p>\n<p><iframe loading=\"lazy\" src=\"\/\/www.youtube.com\/embed\/NY8VoAYzbp0\" width=\"425\" height=\"350\" allowfullscreen=\"allowfullscreen\"><\/iframe><\/p>\n\n","protected":false},"excerpt":{"rendered":"<p>La patinoire de Poissompr\u00e9 accueillait ce samedi soir l&rsquo;\u00e9quipe de France de patinage artistique doint les champions olympiques \u00e0 P\u00e9kin [&hellip;]<\/p>\n","protected":false},"author":52,"featured_media":29134,"comment_status":"open","ping_status":"open","sticky":false,"template":"","format":"standard","meta":{"footnotes":""},"categories":[22,24,7],"tags":[5617,70,2103,5618,1136],"class_list":["post-29133","post","type-post","status-publish","format-standard","has-post-thumbnail","hentry","category-a-la-une","category-epinal","category-sport","tag-champions-olympiques-a-pekin-2022","tag-epinal","tag-gabriella-papadakis-et-guillaume-cizeron","tag-gala-de-lequipe-de-france-de-patinage-artistique","tag-patinoire"],"acf":[],"yoast_head":"<!-- This site is optimized with the Yoast SEO plugin v22.5 - https:\/\/yoast.com\/wordpress\/plugins\/seo\/ -->\n<title>[VIDEO] - L&#039;\u00e9quipe de France de patinage artistique en gala \u00e0 Epinal - Epinal Info<\/title>\n<meta name=\"robots\" content=\"index, follow, max-snippet:-1, max-image-preview:large, max-video-preview:-1\" \/>\n<link rel=\"canonical\" href=\"https:\/\/vosgesinfo.fr\/epinalinfo\/2023\/04\/video-lequipe-de-france-de-patinage-artistique-gala-a-epinal\/\" \/>\n<meta name=\"twitter:card\" content=\"summary_large_image\" \/>\n<meta name=\"twitter:title\" content=\"[VIDEO] - L&#039;\u00e9quipe de France de patinage artistique en gala \u00e0 Epinal - Epinal Info\" \/>\n<meta name=\"twitter:description\" content=\"La patinoire de Poissompr\u00e9 accueillait ce samedi soir l&rsquo;\u00e9quipe de France de patinage artistique doint les champions olympiques \u00e0 P\u00e9kin [&hellip;]\" \/>\n<meta name=\"twitter:image\" content=\"https:\/\/vosgesinfo.fr\/app\/uploads\/sites\/3\/2023\/04\/equipe-de-france-de-patinage-artistique-epinal.jpg\" \/>\n<meta name=\"twitter:creator\" content=\"@VosgesInfo88\" \/>\n<meta name=\"twitter:site\" content=\"@VosgesInfo88\" \/>\n<meta name=\"twitter:label1\" content=\"\u00c9crit par\" \/>\n\t<meta name=\"twitter:data1\" content=\"C.K.\" \/>\n<script type=\"application\/ld+json\" class=\"yoast-schema-graph\">{\"@context\":\"https:\/\/schema.org\",\"@graph\":[{\"@type\":\"Article\",\"@id\":\"https:\/\/vosgesinfo.fr\/epinalinfo\/2023\/04\/video-lequipe-de-france-de-patinage-artistique-gala-a-epinal\/#article\",\"isPartOf\":{\"@id\":\"https:\/\/vosgesinfo.fr\/epinalinfo\/2023\/04\/video-lequipe-de-france-de-patinage-artistique-gala-a-epinal\/\"},\"author\":{\"name\":\"C.K.\",\"@id\":\"https:\/\/vosgesinfo.fr\/epinalinfo\/#\/schema\/person\/6f9a650eeea99d969b6c4ab78fccbe81\"},\"headline\":\"[VIDEO] &#8211; L&rsquo;\u00e9quipe de France de patinage artistique en gala \u00e0 Epinal\",\"datePublished\":\"2023-04-29T16:36:02+00:00\",\"dateModified\":\"2024-02-27T17:02:16+00:00\",\"mainEntityOfPage\":{\"@id\":\"https:\/\/vosgesinfo.fr\/epinalinfo\/2023\/04\/video-lequipe-de-france-de-patinage-artistique-gala-a-epinal\/\"},\"wordCount\":107,\"commentCount\":0,\"publisher\":{\"@id\":\"https:\/\/vosgesinfo.fr\/epinalinfo\/#organization\"},\"image\":{\"@id\":\"https:\/\/vosgesinfo.fr\/epinalinfo\/2023\/04\/video-lequipe-de-france-de-patinage-artistique-gala-a-epinal\/#primaryimage\"},\"thumbnailUrl\":\"https:\/\/vosgesinfo.fr\/app\/uploads\/sites\/3\/2023\/04\/equipe-de-france-de-patinage-artistique-epinal.jpg\",\"keywords\":[\"champions olympiques \u00e0 P\u00e9kin 2022\",\"Epinal\",\"Gabriella Papadakis et Guillaume Cizeron\",\"gala de l\u2019\u00e9quipe de France de patinage artistique\",\"patinoire\"],\"articleSection\":[\"A la Une\",\"Epinal\",\"Sport\"],\"inLanguage\":\"fr-FR\",\"potentialAction\":[{\"@type\":\"CommentAction\",\"name\":\"Comment\",\"target\":[\"https:\/\/vosgesinfo.fr\/epinalinfo\/2023\/04\/video-lequipe-de-france-de-patinage-artistique-gala-a-epinal\/#respond\"]}]},{\"@type\":\"WebPage\",\"@id\":\"https:\/\/vosgesinfo.fr\/epinalinfo\/2023\/04\/video-lequipe-de-france-de-patinage-artistique-gala-a-epinal\/\",\"url\":\"https:\/\/vosgesinfo.fr\/epinalinfo\/2023\/04\/video-lequipe-de-france-de-patinage-artistique-gala-a-epinal\/\",\"name\":\"[VIDEO] - L'\u00e9quipe de France de patinage artistique en gala \u00e0 Epinal - Epinal Info\",\"isPartOf\":{\"@id\":\"https:\/\/vosgesinfo.fr\/epinalinfo\/#website\"},\"primaryImageOfPage\":{\"@id\":\"https:\/\/vosgesinfo.fr\/epinalinfo\/2023\/04\/video-lequipe-de-france-de-patinage-artistique-gala-a-epinal\/#primaryimage\"},\"image\":{\"@id\":\"https:\/\/vosgesinfo.fr\/epinalinfo\/2023\/04\/video-lequipe-de-france-de-patinage-artistique-gala-a-epinal\/#primaryimage\"},\"thumbnailUrl\":\"https:\/\/vosgesinfo.fr\/app\/uploads\/sites\/3\/2023\/04\/equipe-de-france-de-patinage-artistique-epinal.jpg\",\"datePublished\":\"2023-04-29T16:36:02+00:00\",\"dateModified\":\"2024-02-27T17:02:16+00:00\",\"breadcrumb\":{\"@id\":\"https:\/\/vosgesinfo.fr\/epinalinfo\/2023\/04\/video-lequipe-de-france-de-patinage-artistique-gala-a-epinal\/#breadcrumb\"},\"inLanguage\":\"fr-FR\",\"potentialAction\":[{\"@type\":\"ReadAction\",\"target\":[\"https:\/\/vosgesinfo.fr\/epinalinfo\/2023\/04\/video-lequipe-de-france-de-patinage-artistique-gala-a-epinal\/\"]}]},{\"@type\":\"ImageObject\",\"inLanguage\":\"fr-FR\",\"@id\":\"https:\/\/vosgesinfo.fr\/epinalinfo\/2023\/04\/video-lequipe-de-france-de-patinage-artistique-gala-a-epinal\/#primaryimage\",\"url\":\"https:\/\/vosgesinfo.fr\/app\/uploads\/sites\/3\/2023\/04\/equipe-de-france-de-patinage-artistique-epinal.jpg\",\"contentUrl\":\"https:\/\/vosgesinfo.fr\/app\/uploads\/sites\/3\/2023\/04\/equipe-de-france-de-patinage-artistique-epinal.jpg\"},{\"@type\":\"BreadcrumbList\",\"@id\":\"https:\/\/vosgesinfo.fr\/epinalinfo\/2023\/04\/video-lequipe-de-france-de-patinage-artistique-gala-a-epinal\/#breadcrumb\",\"itemListElement\":[{\"@type\":\"ListItem\",\"position\":1,\"name\":\"Home\",\"item\":\"https:\/\/vosgesinfo.fr\/epinalinfo\/\"},{\"@type\":\"ListItem\",\"position\":2,\"name\":\"[VIDEO] &#8211; L&rsquo;\u00e9quipe de France de patinage artistique en gala \u00e0 Epinal\"}]},{\"@type\":\"WebSite\",\"@id\":\"https:\/\/vosgesinfo.fr\/epinalinfo\/#website\",\"url\":\"https:\/\/vosgesinfo.fr\/epinalinfo\/\",\"name\":\"Epinal Info\",\"description\":\"Toute l&#039;actualit\u00e9 d&#039;\u00c9pinal\",\"publisher\":{\"@id\":\"https:\/\/vosgesinfo.fr\/epinalinfo\/#organization\"},\"alternateName\":\"Toute l'actualit\u00e9 d'\u00c9pinal\",\"potentialAction\":[{\"@type\":\"SearchAction\",\"target\":{\"@type\":\"EntryPoint\",\"urlTemplate\":\"https:\/\/vosgesinfo.fr\/epinalinfo\/?s={search_term_string}\"},\"query-input\":\"required name=search_term_string\"}],\"inLanguage\":\"fr-FR\"},{\"@type\":\"Organization\",\"@id\":\"https:\/\/vosgesinfo.fr\/epinalinfo\/#organization\",\"name\":\"Epinal Info\",\"url\":\"https:\/\/vosgesinfo.fr\/epinalinfo\/\",\"logo\":{\"@type\":\"ImageObject\",\"inLanguage\":\"fr-FR\",\"@id\":\"https:\/\/vosgesinfo.fr\/epinalinfo\/#\/schema\/logo\/image\/\",\"url\":\"https:\/\/vosgesinfo.fr\/app\/uploads\/sites\/3\/2023\/08\/logo-epinalinfos.svg\",\"contentUrl\":\"https:\/\/vosgesinfo.fr\/app\/uploads\/sites\/3\/2023\/08\/logo-epinalinfos.svg\",\"width\":1,\"height\":1,\"caption\":\"Epinal Info\"},\"image\":{\"@id\":\"https:\/\/vosgesinfo.fr\/epinalinfo\/#\/schema\/logo\/image\/\"},\"sameAs\":[\"https:\/\/www.facebook.com\/Epinalinfos\",\"https:\/\/x.com\/VosgesInfo88\",\"https:\/\/www.youtube.com\/@vosgesinfo\"]},{\"@type\":\"Person\",\"@id\":\"https:\/\/vosgesinfo.fr\/epinalinfo\/#\/schema\/person\/6f9a650eeea99d969b6c4ab78fccbe81\",\"name\":\"C.K.\",\"image\":{\"@type\":\"ImageObject\",\"inLanguage\":\"fr-FR\",\"@id\":\"https:\/\/vosgesinfo.fr\/epinalinfo\/#\/schema\/person\/image\/\",\"url\":\"https:\/\/secure.gravatar.com\/avatar\/48e3fc7f8421ba8942be6b74a2b7f014ca39bc00dece156b7a8e098ae7dc87bf?s=96&d=mm&r=g\",\"contentUrl\":\"https:\/\/secure.gravatar.com\/avatar\/48e3fc7f8421ba8942be6b74a2b7f014ca39bc00dece156b7a8e098ae7dc87bf?s=96&d=mm&r=g\",\"caption\":\"C.K.\"},\"url\":\"https:\/\/vosgesinfo.fr\/epinalinfo\/author\/celia-k-n\/\"}]}<\/script>\n<!-- \/ Yoast SEO plugin. -->","yoast_head_json":{"title":"[VIDEO] - L'\u00e9quipe de France de patinage artistique en gala \u00e0 Epinal - Epinal Info","robots":{"index":"index","follow":"follow","max-snippet":"max-snippet:-1","max-image-preview":"max-image-preview:large","max-video-preview":"max-video-preview:-1"},"canonical":"https:\/\/vosgesinfo.fr\/epinalinfo\/2023\/04\/video-lequipe-de-france-de-patinage-artistique-gala-a-epinal\/","twitter_card":"summary_large_image","twitter_title":"[VIDEO] - L'\u00e9quipe de France de patinage artistique en gala \u00e0 Epinal - Epinal Info","twitter_description":"La patinoire de Poissompr\u00e9 accueillait ce samedi soir l&rsquo;\u00e9quipe de France de patinage artistique doint les champions olympiques \u00e0 P\u00e9kin [&hellip;]","twitter_image":"https:\/\/vosgesinfo.fr\/app\/uploads\/sites\/3\/2023\/04\/equipe-de-france-de-patinage-artistique-epinal.jpg","twitter_creator":"@VosgesInfo88","twitter_site":"@VosgesInfo88","twitter_misc":{"\u00c9crit par":"C.K."},"schema":{"@context":"https:\/\/schema.org","@graph":[{"@type":"Article","@id":"https:\/\/vosgesinfo.fr\/epinalinfo\/2023\/04\/video-lequipe-de-france-de-patinage-artistique-gala-a-epinal\/#article","isPartOf":{"@id":"https:\/\/vosgesinfo.fr\/epinalinfo\/2023\/04\/video-lequipe-de-france-de-patinage-artistique-gala-a-epinal\/"},"author":{"name":"C.K.","@id":"https:\/\/vosgesinfo.fr\/epinalinfo\/#\/schema\/person\/6f9a650eeea99d969b6c4ab78fccbe81"},"headline":"[VIDEO] &#8211; L&rsquo;\u00e9quipe de France de patinage artistique en gala \u00e0 Epinal","datePublished":"2023-04-29T16:36:02+00:00","dateModified":"2024-02-27T17:02:16+00:00","mainEntityOfPage":{"@id":"https:\/\/vosgesinfo.fr\/epinalinfo\/2023\/04\/video-lequipe-de-france-de-patinage-artistique-gala-a-epinal\/"},"wordCount":107,"commentCount":0,"publisher":{"@id":"https:\/\/vosgesinfo.fr\/epinalinfo\/#organization"},"image":{"@id":"https:\/\/vosgesinfo.fr\/epinalinfo\/2023\/04\/video-lequipe-de-france-de-patinage-artistique-gala-a-epinal\/#primaryimage"},"thumbnailUrl":"https:\/\/vosgesinfo.fr\/app\/uploads\/sites\/3\/2023\/04\/equipe-de-france-de-patinage-artistique-epinal.jpg","keywords":["champions olympiques \u00e0 P\u00e9kin 2022","Epinal","Gabriella Papadakis et Guillaume Cizeron","gala de l\u2019\u00e9quipe de France de patinage artistique","patinoire"],"articleSection":["A la Une","Epinal","Sport"],"inLanguage":"fr-FR","potentialAction":[{"@type":"CommentAction","name":"Comment","target":["https:\/\/vosgesinfo.fr\/epinalinfo\/2023\/04\/video-lequipe-de-france-de-patinage-artistique-gala-a-epinal\/#respond"]}]},{"@type":"WebPage","@id":"https:\/\/vosgesinfo.fr\/epinalinfo\/2023\/04\/video-lequipe-de-france-de-patinage-artistique-gala-a-epinal\/","url":"https:\/\/vosgesinfo.fr\/epinalinfo\/2023\/04\/video-lequipe-de-france-de-patinage-artistique-gala-a-epinal\/","name":"[VIDEO] - L'\u00e9quipe de France de patinage artistique en gala \u00e0 Epinal - Epinal Info","isPartOf":{"@id":"https:\/\/vosgesinfo.fr\/epinalinfo\/#website"},"primaryImageOfPage":{"@id":"https:\/\/vosgesinfo.fr\/epinalinfo\/2023\/04\/video-lequipe-de-france-de-patinage-artistique-gala-a-epinal\/#primaryimage"},"image":{"@id":"https:\/\/vosgesinfo.fr\/epinalinfo\/2023\/04\/video-lequipe-de-france-de-patinage-artistique-gala-a-epinal\/#primaryimage"},"thumbnailUrl":"https:\/\/vosgesinfo.fr\/app\/uploads\/sites\/3\/2023\/04\/equipe-de-france-de-patinage-artistique-epinal.jpg","datePublished":"2023-04-29T16:36:02+00:00","dateModified":"2024-02-27T17:02:16+00:00","breadcrumb":{"@id":"https:\/\/vosgesinfo.fr\/epinalinfo\/2023\/04\/video-lequipe-de-france-de-patinage-artistique-gala-a-epinal\/#breadcrumb"},"inLanguage":"fr-FR","potentialAction":[{"@type":"ReadAction","target":["https:\/\/vosgesinfo.fr\/epinalinfo\/2023\/04\/video-lequipe-de-france-de-patinage-artistique-gala-a-epinal\/"]}]},{"@type":"ImageObject","inLanguage":"fr-FR","@id":"https:\/\/vosgesinfo.fr\/epinalinfo\/2023\/04\/video-lequipe-de-france-de-patinage-artistique-gala-a-epinal\/#primaryimage","url":"https:\/\/vosgesinfo.fr\/app\/uploads\/sites\/3\/2023\/04\/equipe-de-france-de-patinage-artistique-epinal.jpg","contentUrl":"https:\/\/vosgesinfo.fr\/app\/uploads\/sites\/3\/2023\/04\/equipe-de-france-de-patinage-artistique-epinal.jpg"},{"@type":"BreadcrumbList","@id":"https:\/\/vosgesinfo.fr\/epinalinfo\/2023\/04\/video-lequipe-de-france-de-patinage-artistique-gala-a-epinal\/#breadcrumb","itemListElement":[{"@type":"ListItem","position":1,"name":"Home","item":"https:\/\/vosgesinfo.fr\/epinalinfo\/"},{"@type":"ListItem","position":2,"name":"[VIDEO] &#8211; L&rsquo;\u00e9quipe de France de patinage artistique en gala \u00e0 Epinal"}]},{"@type":"WebSite","@id":"https:\/\/vosgesinfo.fr\/epinalinfo\/#website","url":"https:\/\/vosgesinfo.fr\/epinalinfo\/","name":"Epinal Info","description":"Toute l&#039;actualit\u00e9 d&#039;\u00c9pinal","publisher":{"@id":"https:\/\/vosgesinfo.fr\/epinalinfo\/#organization"},"alternateName":"Toute l'actualit\u00e9 d'\u00c9pinal","potentialAction":[{"@type":"SearchAction","target":{"@type":"EntryPoint","urlTemplate":"https:\/\/vosgesinfo.fr\/epinalinfo\/?s={search_term_string}"},"query-input":"required name=search_term_string"}],"inLanguage":"fr-FR"},{"@type":"Organization","@id":"https:\/\/vosgesinfo.fr\/epinalinfo\/#organization","name":"Epinal Info","url":"https:\/\/vosgesinfo.fr\/epinalinfo\/","logo":{"@type":"ImageObject","inLanguage":"fr-FR","@id":"https:\/\/vosgesinfo.fr\/epinalinfo\/#\/schema\/logo\/image\/","url":"https:\/\/vosgesinfo.fr\/app\/uploads\/sites\/3\/2023\/08\/logo-epinalinfos.svg","contentUrl":"https:\/\/vosgesinfo.fr\/app\/uploads\/sites\/3\/2023\/08\/logo-epinalinfos.svg","width":1,"height":1,"caption":"Epinal Info"},"image":{"@id":"https:\/\/vosgesinfo.fr\/epinalinfo\/#\/schema\/logo\/image\/"},"sameAs":["https:\/\/www.facebook.com\/Epinalinfos","https:\/\/x.com\/VosgesInfo88","https:\/\/www.youtube.com\/@vosgesinfo"]},{"@type":"Person","@id":"https:\/\/vosgesinfo.fr\/epinalinfo\/#\/schema\/person\/6f9a650eeea99d969b6c4ab78fccbe81","name":"C.K.","image":{"@type":"ImageObject","inLanguage":"fr-FR","@id":"https:\/\/vosgesinfo.fr\/epinalinfo\/#\/schema\/person\/image\/","url":"https:\/\/secure.gravatar.com\/avatar\/48e3fc7f8421ba8942be6b74a2b7f014ca39bc00dece156b7a8e098ae7dc87bf?s=96&d=mm&r=g","contentUrl":"https:\/\/secure.gravatar.com\/avatar\/48e3fc7f8421ba8942be6b74a2b7f014ca39bc00dece156b7a8e098ae7dc87bf?s=96&d=mm&r=g","caption":"C.K."},"url":"https:\/\/vosgesinfo.fr\/epinalinfo\/author\/celia-k-n\/"}]}},"_links":{"self":[{"href":"https:\/\/vosgesinfo.fr\/epinalinfo\/wp-json\/wp\/v2\/posts\/29133","targetHints":{"allow":["GET"]}}],"collection":[{"href":"https:\/\/vosgesinfo.fr\/epinalinfo\/wp-json\/wp\/v2\/posts"}],"about":[{"href":"https:\/\/vosgesinfo.fr\/epinalinfo\/wp-json\/wp\/v2\/types\/post"}],"author":[{"embeddable":true,"href":"https:\/\/vosgesinfo.fr\/epinalinfo\/wp-json\/wp\/v2\/users\/52"}],"replies":[{"embeddable":true,"href":"https:\/\/vosgesinfo.fr\/epinalinfo\/wp-json\/wp\/v2\/comments?post=29133"}],"version-history":[{"count":1,"href":"https:\/\/vosgesinfo.fr\/epinalinfo\/wp-json\/wp\/v2\/posts\/29133\/revisions"}],"predecessor-version":[{"id":36542,"href":"https:\/\/vosgesinfo.fr\/epinalinfo\/wp-json\/wp\/v2\/posts\/29133\/revisions\/36542"}],"wp:featuredmedia":[{"embeddable":true,"href":"https:\/\/vosgesinfo.fr\/epinalinfo\/wp-json\/wp\/v2\/media\/29134"}],"wp:attachment":[{"href":"https:\/\/vosgesinfo.fr\/epinalinfo\/wp-json\/wp\/v2\/media?parent=29133"}],"wp:term":[{"taxonomy":"category","embeddable":true,"href":"https:\/\/vosgesinfo.fr\/epinalinfo\/wp-json\/wp\/v2\/categories?post=29133"},{"taxonomy":"post_tag","embeddable":true,"href":"https:\/\/vosgesinfo.fr\/epinalinfo\/wp-json\/wp\/v2\/tags?post=29133"}],"curies":[{"name":"wp","href":"https:\/\/api.w.org\/{rel}","templated":true}]}}