{"id":29547,"date":"2023-05-21T16:33:20","date_gmt":"2023-05-21T14:33:20","guid":{"rendered":"https:\/\/vosgesinfo.fr\/epinalinfo\/2023\/05\/petite-failloux-a-jeuxey-presente-producteurs-de-circuits-courts\/"},"modified":"2024-02-27T18:03:39","modified_gmt":"2024-02-27T17:03:39","slug":"petite-failloux-a-jeuxey-presente-producteurs-de-circuits-courts","status":"publish","type":"post","link":"https:\/\/vosgesinfo.fr\/epinalinfo\/2023\/05\/petite-failloux-a-jeuxey-presente-producteurs-de-circuits-courts\/","title":{"rendered":"La Petite Failloux, \u00e0 Jeuxey,  pr\u00e9sente les producteurs de ses circuits courts"},"content":{"rendered":"<h2><\/h2>\n<h2><a href=\"https:\/\/epinalinfos.fr\/wp-content\/uploads\/2023\/05\/IMG_9163.jpg\"><img decoding=\"async\" class=\"aligncenter wp-image-219055 size-large\" src=\"https:\/\/vosgesinfo.fr\/app\/uploads\/sites\/3\/2023\/05\/img-9163.jpg\" alt=\"caissi\u00e8re la Petite Failloux\" width=\"600\" height=\"800\" \/><\/a><\/h2>\n<h2>Mi ferme, mi \u00e9picerie, situ\u00e9e \u00e0 quelques enc\u00e2blures d\u2019\u00c9pinal, La Petite Failloux a mis en avant ce samedi 20 mai une quinzaine de ses producteurs locaux afin que les clients puissent mettre \u00ab\u00a0un visage sur les \u00a0produits que nous vendons\u00a0\u00bb\u00a0 confie Apolline, responsable de l\u2019\u00e9picerie.<\/h2>\n<p>On pouvait par exemple acheter du miel du <strong>Rucher de la demoiselle<\/strong> pr\u00e9sent\u00e9 par Myriam Humbert, apicultrice \u00e0 Remiremont \u00ab\u00a0il y a le soleil, beaucoup de monde, je vends bien, quoi demander de plus\u00a0?\u00a0\u00bb<\/p>\n<p><a href=\"https:\/\/epinalinfos.fr\/wp-content\/uploads\/2023\/05\/IMG_9152.jpg\"><img decoding=\"async\" class=\"aligncenter size-medium wp-image-219051\" src=\"https:\/\/vosgesinfo.fr\/app\/uploads\/sites\/3\/2023\/05\/img-9152.jpg\" alt=\"famille Humbert\" width=\"191\" height=\"255\" \/><\/a><\/p>\n<p>Fabrice Chevrier, quant \u00e0 lui, faisait d\u00e9couvrir l\u2019ap\u00e9ritif au foin, un produit insolite issu de la vinification en blanc et d\u2019une d\u00e9coction de foin floral r\u00e9colt\u00e9 \u00e0 la main. Ce produit phare des <strong>Cuv\u00e9es<\/strong> <strong>Vosgiennes<\/strong>, \u00a0situ\u00e9es \u00e0 la Bresse, est aujourd\u2019hui un breuvage appr\u00e9ci\u00e9 des gastronomes les plus exigeants.<\/p>\n<p><a href=\"https:\/\/epinalinfos.fr\/wp-content\/uploads\/2023\/05\/IMG_9166.jpg\"><img decoding=\"async\" class=\"aligncenter size-medium wp-image-219052\" src=\"https:\/\/vosgesinfo.fr\/app\/uploads\/sites\/3\/2022\/09\/img-9166.jpg\" alt=\"Fabrice Chevrier\" width=\"191\" height=\"255\" \/><\/a><\/p>\n<p><strong>Expression savon<\/strong>, une savonnerie artisanale qui poss\u00e8de un laboratoire de fabrication \u00e0 Bruy\u00e8res proposait ses produits n\u2019alt\u00e9rant ni la sant\u00e9 ni la plan\u00e8te. Pas de conservateurs, pas de perturbateurs endocriniens \u00a0pas d\u2019huile de palme\u2026 rien que du naturel.<\/p>\n<p><a href=\"https:\/\/epinalinfos.fr\/wp-content\/uploads\/2023\/05\/IMG_9168.jpg\"><img decoding=\"async\" class=\"aligncenter size-medium wp-image-219053\" src=\"https:\/\/vosgesinfo.fr\/app\/uploads\/sites\/3\/2023\/05\/img-9168.jpg\" alt=\"Savonnerie artisanale Bruy\u00e8res\" width=\"340\" height=\"255\" \/><\/a><\/p>\n<p>Les enfants n\u2019ont pas \u00e9t\u00e9 oubli\u00e9s pour cette journ\u00e9e de d\u00e9couverte car ils pouvaient profiter d\u2019une structure gonflable ou faire une balade \u00e0 dos de \u00a0poneys pendant que leurs parents s\u2019int\u00e9ressaient aux \u00e9tals de fraises, d\u2019asperges ou de fromages.<\/p>\n<p><a href=\"https:\/\/epinalinfos.fr\/wp-content\/uploads\/2023\/05\/photo_1-16.jpeg\"><img decoding=\"async\" class=\"aligncenter size-medium wp-image-219054\" src=\"https:\/\/vosgesinfo.fr\/app\/uploads\/sites\/3\/2023\/05\/photo-1-16.jpeg\" alt=\"Poney\" width=\"255\" height=\"255\" \/><\/a><\/p>\n<p>Alors, si vous souhaitez adopter une alimentation de qualit\u00e9 tout en r\u00e9duisant votre impact sur l\u2019environnement, consommer en accord avec les saisons, encourager les \u00a0circuits de distribution courts, il faut conna\u00eetre ce magasin de producteurs qui propose dans un cadre champ\u00eatre une alimentation saine et \u00e9co-responsable.<\/p>\n<div id=\"attachment_219050\" style=\"width: 610px\" class=\"wp-caption aligncenter\"><a href=\"https:\/\/epinalinfos.fr\/wp-content\/uploads\/2023\/05\/IMG_9156.jpg\"><img decoding=\"async\" aria-describedby=\"caption-attachment-219050\" class=\"wp-image-219050 size-large\" src=\"https:\/\/vosgesinfo.fr\/app\/uploads\/sites\/3\/2023\/05\/img-9156.jpg\" alt=\"Apolline, la petite Failloux\" width=\"600\" height=\"800\" \/><\/a><p id=\"caption-attachment-219050\" class=\"wp-caption-text\">Apolline<\/p><\/div>\n<p>&nbsp;<\/p>\n","protected":false},"excerpt":{"rendered":"<p>Mi ferme, mi \u00e9picerie, situ\u00e9e \u00e0 quelques enc\u00e2blures d\u2019\u00c9pinal, La Petite Failloux a mis en avant ce samedi 20 mai [&hellip;]<\/p>\n","protected":false},"author":41,"featured_media":29548,"comment_status":"open","ping_status":"open","sticky":false,"template":"","format":"standard","meta":{"footnotes":""},"categories":[22,8,16,532],"tags":[5707,776,5708,5709],"class_list":["post-29547","post","type-post","status-publish","format-standard","has-post-thumbnail","hentry","category-a-la-une","category-economie","category-environnement","category-jeuxey","tag-alimentation-durable","tag-la-petite-failloux","tag-magasin-de-producteurs","tag-production-locale"],"acf":[],"yoast_head":"<!-- This site is optimized with the Yoast SEO plugin v22.5 - https:\/\/yoast.com\/wordpress\/plugins\/seo\/ -->\n<title>La Petite Failloux, \u00e0 Jeuxey, pr\u00e9sente les producteurs de ses circuits courts - Epinal Info<\/title>\n<meta name=\"robots\" content=\"index, follow, max-snippet:-1, max-image-preview:large, max-video-preview:-1\" \/>\n<link rel=\"canonical\" href=\"https:\/\/vosgesinfo.fr\/epinalinfo\/2023\/05\/petite-failloux-a-jeuxey-presente-producteurs-de-circuits-courts\/\" \/>\n<meta name=\"twitter:card\" content=\"summary_large_image\" \/>\n<meta name=\"twitter:title\" content=\"La Petite Failloux, \u00e0 Jeuxey, pr\u00e9sente les producteurs de ses circuits courts - Epinal Info\" \/>\n<meta name=\"twitter:description\" content=\"Mi ferme, mi \u00e9picerie, situ\u00e9e \u00e0 quelques enc\u00e2blures d\u2019\u00c9pinal, La Petite Failloux a mis en avant ce samedi 20 mai [&hellip;]\" \/>\n<meta name=\"twitter:image\" content=\"https:\/\/vosgesinfo.fr\/app\/uploads\/sites\/3\/2023\/05\/img-9163.jpg\" \/>\n<meta name=\"twitter:creator\" content=\"@VosgesInfo88\" \/>\n<meta name=\"twitter:site\" content=\"@VosgesInfo88\" \/>\n<meta name=\"twitter:label1\" content=\"\u00c9crit par\" \/>\n\t<meta name=\"twitter:data1\" content=\"La r\u00e9daction\" \/>\n\t<meta name=\"twitter:label2\" content=\"Dur\u00e9e de lecture estim\u00e9e\" \/>\n\t<meta name=\"twitter:data2\" content=\"1 minute\" \/>\n<script type=\"application\/ld+json\" class=\"yoast-schema-graph\">{\"@context\":\"https:\/\/schema.org\",\"@graph\":[{\"@type\":\"Article\",\"@id\":\"https:\/\/vosgesinfo.fr\/epinalinfo\/2023\/05\/petite-failloux-a-jeuxey-presente-producteurs-de-circuits-courts\/#article\",\"isPartOf\":{\"@id\":\"https:\/\/vosgesinfo.fr\/epinalinfo\/2023\/05\/petite-failloux-a-jeuxey-presente-producteurs-de-circuits-courts\/\"},\"author\":{\"name\":\"La r\u00e9daction\",\"@id\":\"https:\/\/vosgesinfo.fr\/epinalinfo\/#\/schema\/person\/44f5fff67d0ae31d2770e1f7555c711d\"},\"headline\":\"La Petite Failloux, \u00e0 Jeuxey, pr\u00e9sente les producteurs de ses circuits courts\",\"datePublished\":\"2023-05-21T14:33:20+00:00\",\"dateModified\":\"2024-02-27T17:03:39+00:00\",\"mainEntityOfPage\":{\"@id\":\"https:\/\/vosgesinfo.fr\/epinalinfo\/2023\/05\/petite-failloux-a-jeuxey-presente-producteurs-de-circuits-courts\/\"},\"wordCount\":297,\"commentCount\":0,\"publisher\":{\"@id\":\"https:\/\/vosgesinfo.fr\/epinalinfo\/#organization\"},\"image\":{\"@id\":\"https:\/\/vosgesinfo.fr\/epinalinfo\/2023\/05\/petite-failloux-a-jeuxey-presente-producteurs-de-circuits-courts\/#primaryimage\"},\"thumbnailUrl\":\"https:\/\/vosgesinfo.fr\/app\/uploads\/sites\/3\/2023\/05\/img-9163.jpg\",\"keywords\":[\"alimentation durable\",\"La petite Failloux\",\"magasin de producteurs\",\"Production locale\"],\"articleSection\":[\"A la Une\",\"\u00c9conomie\",\"Environnement\",\"Jeuxey\"],\"inLanguage\":\"fr-FR\",\"potentialAction\":[{\"@type\":\"CommentAction\",\"name\":\"Comment\",\"target\":[\"https:\/\/vosgesinfo.fr\/epinalinfo\/2023\/05\/petite-failloux-a-jeuxey-presente-producteurs-de-circuits-courts\/#respond\"]}]},{\"@type\":\"WebPage\",\"@id\":\"https:\/\/vosgesinfo.fr\/epinalinfo\/2023\/05\/petite-failloux-a-jeuxey-presente-producteurs-de-circuits-courts\/\",\"url\":\"https:\/\/vosgesinfo.fr\/epinalinfo\/2023\/05\/petite-failloux-a-jeuxey-presente-producteurs-de-circuits-courts\/\",\"name\":\"La Petite Failloux, \u00e0 Jeuxey, pr\u00e9sente les producteurs de ses circuits courts - Epinal Info\",\"isPartOf\":{\"@id\":\"https:\/\/vosgesinfo.fr\/epinalinfo\/#website\"},\"primaryImageOfPage\":{\"@id\":\"https:\/\/vosgesinfo.fr\/epinalinfo\/2023\/05\/petite-failloux-a-jeuxey-presente-producteurs-de-circuits-courts\/#primaryimage\"},\"image\":{\"@id\":\"https:\/\/vosgesinfo.fr\/epinalinfo\/2023\/05\/petite-failloux-a-jeuxey-presente-producteurs-de-circuits-courts\/#primaryimage\"},\"thumbnailUrl\":\"https:\/\/vosgesinfo.fr\/app\/uploads\/sites\/3\/2023\/05\/img-9163.jpg\",\"datePublished\":\"2023-05-21T14:33:20+00:00\",\"dateModified\":\"2024-02-27T17:03:39+00:00\",\"breadcrumb\":{\"@id\":\"https:\/\/vosgesinfo.fr\/epinalinfo\/2023\/05\/petite-failloux-a-jeuxey-presente-producteurs-de-circuits-courts\/#breadcrumb\"},\"inLanguage\":\"fr-FR\",\"potentialAction\":[{\"@type\":\"ReadAction\",\"target\":[\"https:\/\/vosgesinfo.fr\/epinalinfo\/2023\/05\/petite-failloux-a-jeuxey-presente-producteurs-de-circuits-courts\/\"]}]},{\"@type\":\"ImageObject\",\"inLanguage\":\"fr-FR\",\"@id\":\"https:\/\/vosgesinfo.fr\/epinalinfo\/2023\/05\/petite-failloux-a-jeuxey-presente-producteurs-de-circuits-courts\/#primaryimage\",\"url\":\"https:\/\/vosgesinfo.fr\/app\/uploads\/sites\/3\/2023\/05\/img-9163.jpg\",\"contentUrl\":\"https:\/\/vosgesinfo.fr\/app\/uploads\/sites\/3\/2023\/05\/img-9163.jpg\"},{\"@type\":\"BreadcrumbList\",\"@id\":\"https:\/\/vosgesinfo.fr\/epinalinfo\/2023\/05\/petite-failloux-a-jeuxey-presente-producteurs-de-circuits-courts\/#breadcrumb\",\"itemListElement\":[{\"@type\":\"ListItem\",\"position\":1,\"name\":\"Home\",\"item\":\"https:\/\/vosgesinfo.fr\/epinalinfo\/\"},{\"@type\":\"ListItem\",\"position\":2,\"name\":\"La Petite Failloux, \u00e0 Jeuxey, pr\u00e9sente les producteurs de ses circuits courts\"}]},{\"@type\":\"WebSite\",\"@id\":\"https:\/\/vosgesinfo.fr\/epinalinfo\/#website\",\"url\":\"https:\/\/vosgesinfo.fr\/epinalinfo\/\",\"name\":\"Epinal Info\",\"description\":\"Toute l&#039;actualit\u00e9 d&#039;\u00c9pinal\",\"publisher\":{\"@id\":\"https:\/\/vosgesinfo.fr\/epinalinfo\/#organization\"},\"alternateName\":\"Toute l'actualit\u00e9 d'\u00c9pinal\",\"potentialAction\":[{\"@type\":\"SearchAction\",\"target\":{\"@type\":\"EntryPoint\",\"urlTemplate\":\"https:\/\/vosgesinfo.fr\/epinalinfo\/?s={search_term_string}\"},\"query-input\":\"required name=search_term_string\"}],\"inLanguage\":\"fr-FR\"},{\"@type\":\"Organization\",\"@id\":\"https:\/\/vosgesinfo.fr\/epinalinfo\/#organization\",\"name\":\"Epinal Info\",\"url\":\"https:\/\/vosgesinfo.fr\/epinalinfo\/\",\"logo\":{\"@type\":\"ImageObject\",\"inLanguage\":\"fr-FR\",\"@id\":\"https:\/\/vosgesinfo.fr\/epinalinfo\/#\/schema\/logo\/image\/\",\"url\":\"https:\/\/vosgesinfo.fr\/app\/uploads\/sites\/3\/2023\/08\/logo-epinalinfos.svg\",\"contentUrl\":\"https:\/\/vosgesinfo.fr\/app\/uploads\/sites\/3\/2023\/08\/logo-epinalinfos.svg\",\"width\":1,\"height\":1,\"caption\":\"Epinal Info\"},\"image\":{\"@id\":\"https:\/\/vosgesinfo.fr\/epinalinfo\/#\/schema\/logo\/image\/\"},\"sameAs\":[\"https:\/\/www.facebook.com\/Epinalinfos\",\"https:\/\/x.com\/VosgesInfo88\",\"https:\/\/www.youtube.com\/@vosgesinfo\"]},{\"@type\":\"Person\",\"@id\":\"https:\/\/vosgesinfo.fr\/epinalinfo\/#\/schema\/person\/44f5fff67d0ae31d2770e1f7555c711d\",\"name\":\"La r\u00e9daction\",\"image\":{\"@type\":\"ImageObject\",\"inLanguage\":\"fr-FR\",\"@id\":\"https:\/\/vosgesinfo.fr\/epinalinfo\/#\/schema\/person\/image\/\",\"url\":\"https:\/\/secure.gravatar.com\/avatar\/16dedd2578b2ae59b9a3a38f046defecb4cf834aaec7bb1d03d9ba6b5e55a8d5?s=96&d=mm&r=g\",\"contentUrl\":\"https:\/\/secure.gravatar.com\/avatar\/16dedd2578b2ae59b9a3a38f046defecb4cf834aaec7bb1d03d9ba6b5e55a8d5?s=96&d=mm&r=g\",\"caption\":\"La r\u00e9daction\"},\"url\":\"https:\/\/vosgesinfo.fr\/epinalinfo\/author\/poupy\/\"}]}<\/script>\n<!-- \/ Yoast SEO plugin. -->","yoast_head_json":{"title":"La Petite Failloux, \u00e0 Jeuxey, pr\u00e9sente les producteurs de ses circuits courts - Epinal Info","robots":{"index":"index","follow":"follow","max-snippet":"max-snippet:-1","max-image-preview":"max-image-preview:large","max-video-preview":"max-video-preview:-1"},"canonical":"https:\/\/vosgesinfo.fr\/epinalinfo\/2023\/05\/petite-failloux-a-jeuxey-presente-producteurs-de-circuits-courts\/","twitter_card":"summary_large_image","twitter_title":"La Petite Failloux, \u00e0 Jeuxey, pr\u00e9sente les producteurs de ses circuits courts - Epinal Info","twitter_description":"Mi ferme, mi \u00e9picerie, situ\u00e9e \u00e0 quelques enc\u00e2blures d\u2019\u00c9pinal, La Petite Failloux a mis en avant ce samedi 20 mai [&hellip;]","twitter_image":"https:\/\/vosgesinfo.fr\/app\/uploads\/sites\/3\/2023\/05\/img-9163.jpg","twitter_creator":"@VosgesInfo88","twitter_site":"@VosgesInfo88","twitter_misc":{"\u00c9crit par":"La r\u00e9daction","Dur\u00e9e de lecture estim\u00e9e":"1 minute"},"schema":{"@context":"https:\/\/schema.org","@graph":[{"@type":"Article","@id":"https:\/\/vosgesinfo.fr\/epinalinfo\/2023\/05\/petite-failloux-a-jeuxey-presente-producteurs-de-circuits-courts\/#article","isPartOf":{"@id":"https:\/\/vosgesinfo.fr\/epinalinfo\/2023\/05\/petite-failloux-a-jeuxey-presente-producteurs-de-circuits-courts\/"},"author":{"name":"La r\u00e9daction","@id":"https:\/\/vosgesinfo.fr\/epinalinfo\/#\/schema\/person\/44f5fff67d0ae31d2770e1f7555c711d"},"headline":"La Petite Failloux, \u00e0 Jeuxey, pr\u00e9sente les producteurs de ses circuits courts","datePublished":"2023-05-21T14:33:20+00:00","dateModified":"2024-02-27T17:03:39+00:00","mainEntityOfPage":{"@id":"https:\/\/vosgesinfo.fr\/epinalinfo\/2023\/05\/petite-failloux-a-jeuxey-presente-producteurs-de-circuits-courts\/"},"wordCount":297,"commentCount":0,"publisher":{"@id":"https:\/\/vosgesinfo.fr\/epinalinfo\/#organization"},"image":{"@id":"https:\/\/vosgesinfo.fr\/epinalinfo\/2023\/05\/petite-failloux-a-jeuxey-presente-producteurs-de-circuits-courts\/#primaryimage"},"thumbnailUrl":"https:\/\/vosgesinfo.fr\/app\/uploads\/sites\/3\/2023\/05\/img-9163.jpg","keywords":["alimentation durable","La petite Failloux","magasin de producteurs","Production locale"],"articleSection":["A la Une","\u00c9conomie","Environnement","Jeuxey"],"inLanguage":"fr-FR","potentialAction":[{"@type":"CommentAction","name":"Comment","target":["https:\/\/vosgesinfo.fr\/epinalinfo\/2023\/05\/petite-failloux-a-jeuxey-presente-producteurs-de-circuits-courts\/#respond"]}]},{"@type":"WebPage","@id":"https:\/\/vosgesinfo.fr\/epinalinfo\/2023\/05\/petite-failloux-a-jeuxey-presente-producteurs-de-circuits-courts\/","url":"https:\/\/vosgesinfo.fr\/epinalinfo\/2023\/05\/petite-failloux-a-jeuxey-presente-producteurs-de-circuits-courts\/","name":"La Petite Failloux, \u00e0 Jeuxey, pr\u00e9sente les producteurs de ses circuits courts - Epinal Info","isPartOf":{"@id":"https:\/\/vosgesinfo.fr\/epinalinfo\/#website"},"primaryImageOfPage":{"@id":"https:\/\/vosgesinfo.fr\/epinalinfo\/2023\/05\/petite-failloux-a-jeuxey-presente-producteurs-de-circuits-courts\/#primaryimage"},"image":{"@id":"https:\/\/vosgesinfo.fr\/epinalinfo\/2023\/05\/petite-failloux-a-jeuxey-presente-producteurs-de-circuits-courts\/#primaryimage"},"thumbnailUrl":"https:\/\/vosgesinfo.fr\/app\/uploads\/sites\/3\/2023\/05\/img-9163.jpg","datePublished":"2023-05-21T14:33:20+00:00","dateModified":"2024-02-27T17:03:39+00:00","breadcrumb":{"@id":"https:\/\/vosgesinfo.fr\/epinalinfo\/2023\/05\/petite-failloux-a-jeuxey-presente-producteurs-de-circuits-courts\/#breadcrumb"},"inLanguage":"fr-FR","potentialAction":[{"@type":"ReadAction","target":["https:\/\/vosgesinfo.fr\/epinalinfo\/2023\/05\/petite-failloux-a-jeuxey-presente-producteurs-de-circuits-courts\/"]}]},{"@type":"ImageObject","inLanguage":"fr-FR","@id":"https:\/\/vosgesinfo.fr\/epinalinfo\/2023\/05\/petite-failloux-a-jeuxey-presente-producteurs-de-circuits-courts\/#primaryimage","url":"https:\/\/vosgesinfo.fr\/app\/uploads\/sites\/3\/2023\/05\/img-9163.jpg","contentUrl":"https:\/\/vosgesinfo.fr\/app\/uploads\/sites\/3\/2023\/05\/img-9163.jpg"},{"@type":"BreadcrumbList","@id":"https:\/\/vosgesinfo.fr\/epinalinfo\/2023\/05\/petite-failloux-a-jeuxey-presente-producteurs-de-circuits-courts\/#breadcrumb","itemListElement":[{"@type":"ListItem","position":1,"name":"Home","item":"https:\/\/vosgesinfo.fr\/epinalinfo\/"},{"@type":"ListItem","position":2,"name":"La Petite Failloux, \u00e0 Jeuxey, pr\u00e9sente les producteurs de ses circuits courts"}]},{"@type":"WebSite","@id":"https:\/\/vosgesinfo.fr\/epinalinfo\/#website","url":"https:\/\/vosgesinfo.fr\/epinalinfo\/","name":"Epinal Info","description":"Toute l&#039;actualit\u00e9 d&#039;\u00c9pinal","publisher":{"@id":"https:\/\/vosgesinfo.fr\/epinalinfo\/#organization"},"alternateName":"Toute l'actualit\u00e9 d'\u00c9pinal","potentialAction":[{"@type":"SearchAction","target":{"@type":"EntryPoint","urlTemplate":"https:\/\/vosgesinfo.fr\/epinalinfo\/?s={search_term_string}"},"query-input":"required name=search_term_string"}],"inLanguage":"fr-FR"},{"@type":"Organization","@id":"https:\/\/vosgesinfo.fr\/epinalinfo\/#organization","name":"Epinal Info","url":"https:\/\/vosgesinfo.fr\/epinalinfo\/","logo":{"@type":"ImageObject","inLanguage":"fr-FR","@id":"https:\/\/vosgesinfo.fr\/epinalinfo\/#\/schema\/logo\/image\/","url":"https:\/\/vosgesinfo.fr\/app\/uploads\/sites\/3\/2023\/08\/logo-epinalinfos.svg","contentUrl":"https:\/\/vosgesinfo.fr\/app\/uploads\/sites\/3\/2023\/08\/logo-epinalinfos.svg","width":1,"height":1,"caption":"Epinal Info"},"image":{"@id":"https:\/\/vosgesinfo.fr\/epinalinfo\/#\/schema\/logo\/image\/"},"sameAs":["https:\/\/www.facebook.com\/Epinalinfos","https:\/\/x.com\/VosgesInfo88","https:\/\/www.youtube.com\/@vosgesinfo"]},{"@type":"Person","@id":"https:\/\/vosgesinfo.fr\/epinalinfo\/#\/schema\/person\/44f5fff67d0ae31d2770e1f7555c711d","name":"La r\u00e9daction","image":{"@type":"ImageObject","inLanguage":"fr-FR","@id":"https:\/\/vosgesinfo.fr\/epinalinfo\/#\/schema\/person\/image\/","url":"https:\/\/secure.gravatar.com\/avatar\/16dedd2578b2ae59b9a3a38f046defecb4cf834aaec7bb1d03d9ba6b5e55a8d5?s=96&d=mm&r=g","contentUrl":"https:\/\/secure.gravatar.com\/avatar\/16dedd2578b2ae59b9a3a38f046defecb4cf834aaec7bb1d03d9ba6b5e55a8d5?s=96&d=mm&r=g","caption":"La r\u00e9daction"},"url":"https:\/\/vosgesinfo.fr\/epinalinfo\/author\/poupy\/"}]}},"_links":{"self":[{"href":"https:\/\/vosgesinfo.fr\/epinalinfo\/wp-json\/wp\/v2\/posts\/29547","targetHints":{"allow":["GET"]}}],"collection":[{"href":"https:\/\/vosgesinfo.fr\/epinalinfo\/wp-json\/wp\/v2\/posts"}],"about":[{"href":"https:\/\/vosgesinfo.fr\/epinalinfo\/wp-json\/wp\/v2\/types\/post"}],"author":[{"embeddable":true,"href":"https:\/\/vosgesinfo.fr\/epinalinfo\/wp-json\/wp\/v2\/users\/41"}],"replies":[{"embeddable":true,"href":"https:\/\/vosgesinfo.fr\/epinalinfo\/wp-json\/wp\/v2\/comments?post=29547"}],"version-history":[{"count":1,"href":"https:\/\/vosgesinfo.fr\/epinalinfo\/wp-json\/wp\/v2\/posts\/29547\/revisions"}],"predecessor-version":[{"id":36661,"href":"https:\/\/vosgesinfo.fr\/epinalinfo\/wp-json\/wp\/v2\/posts\/29547\/revisions\/36661"}],"wp:featuredmedia":[{"embeddable":true,"href":"https:\/\/vosgesinfo.fr\/epinalinfo\/wp-json\/wp\/v2\/media\/29548"}],"wp:attachment":[{"href":"https:\/\/vosgesinfo.fr\/epinalinfo\/wp-json\/wp\/v2\/media?parent=29547"}],"wp:term":[{"taxonomy":"category","embeddable":true,"href":"https:\/\/vosgesinfo.fr\/epinalinfo\/wp-json\/wp\/v2\/categories?post=29547"},{"taxonomy":"post_tag","embeddable":true,"href":"https:\/\/vosgesinfo.fr\/epinalinfo\/wp-json\/wp\/v2\/tags?post=29547"}],"curies":[{"name":"wp","href":"https:\/\/api.w.org\/{rel}","templated":true}]}}