{"id":30457,"date":"2023-06-19T14:29:17","date_gmt":"2023-06-19T12:29:17","guid":{"rendered":"https:\/\/vosgesinfo.fr\/epinalinfo\/2023\/06\/fete-associations-chantrainoises\/"},"modified":"2024-02-27T18:06:24","modified_gmt":"2024-02-27T17:06:24","slug":"fete-associations-chantrainoises","status":"publish","type":"post","link":"https:\/\/vosgesinfo.fr\/epinalinfo\/2023\/06\/fete-associations-chantrainoises\/","title":{"rendered":"F\u00eate des associations chantrainoises"},"content":{"rendered":"<h2><a href=\"https:\/\/epinalinfos.fr\/wp-content\/uploads\/2023\/06\/photo_7.jpeg\"><img decoding=\"async\" class=\"aligncenter size-large wp-image-220623\" src=\"https:\/\/vosgesinfo.fr\/app\/uploads\/sites\/3\/2023\/09\/photo-7.jpeg\" alt=\"f\u00eate aux associations\" width=\"600\" height=\"800\" \/><\/a><\/h2>\n<h2>Qu\u2019elles soient r\u00e9centes ou anciennes, sportives ou culturelles, caritatives ou de loisirs, les associations chantrainoises s\u2019\u00e9taient donn\u00e9 rendez-vous ce samedi 17 juin \u00e0 la Maison Grandemange. Une apr\u00e8s-midi qui se voulait r\u00e9cr\u00e9ative et informative.<\/h2>\n<p>Si, \u00a0au grand dam des organisateurs, 12 associations sur 28 seulement ont r\u00e9pondu pr\u00e9sentes (effet apr\u00e8s-Covid\u00a0?) et si\u00a0 le public s\u2019est fait un peu attendre (effet chaleur ?), cela n\u2019a pas emp\u00each\u00e9 une ambiance festive pendant les animations. Jeux en bois anciens, chamboule-tout mis en place par des parents d\u2019\u00e9l\u00e8ves, membres de la Grenouille buissonni\u00e8re, d\u00e9monstration de hip-hop, buvette, \u00a0tout a \u00e9t\u00e9 mis en \u0153uvre pour donner du bon temps aux visiteurs et leur faire d\u00e9couvrir des activit\u00e9s dans lesquelles s\u2019investir \u00e0 la rentr\u00e9e prochaine.<\/p>\n\n<p>Entre autres, on peut citer Vosg\u2019magic club, des amateurs qui pratiquent la magie et sont pr\u00eats \u00e0 vous apprendre\u00a0 tous leurs secrets ou YogAnanda qui\u00a0 emm\u00e8ne petits et grands sur le chemin du bien-\u00eatre gr\u00e2ce au yoga ou au body zen. Le club Desver, quant \u00e0 lui, am\u00e9liorera votre concentration ou celle de vos enfants par l\u2019initiation ou le perfectionnement au jeu de \u00a0Scrabble. Amis sans fronti\u00e8re vous rendra altruiste puisque sa mission est de vous faire tricoter pour Les restos du C\u0153ur ou la soci\u00e9t\u00e9 Saint-Vincent de Paul. Sans oublier, le Trail des Brosses qui cette ann\u00e9e, et c\u2019est nouveau, peut vous permettre de vous qualifier au Championnat de trail court (35 km). Il ne vous reste plus qu\u2019\u00e0 choisir\u00a0!<\/p>\n<p><strong>\u00c0 noter, les portes ouvertes de l\u2019association All Dances\u00a0 du 26 au 30 juin et son gala de fin d\u2019ann\u00e9e \u00e0 la Rotonde le samedi 24 juin.<\/strong><\/p>\n\n<p>&nbsp;<\/p>\n<p>&nbsp;<\/p>\n","protected":false},"excerpt":{"rendered":"<p>Qu\u2019elles soient r\u00e9centes ou anciennes, sportives ou culturelles, caritatives ou de loisirs, les associations chantrainoises s\u2019\u00e9taient donn\u00e9 rendez-vous ce samedi [&hellip;]<\/p>\n","protected":false},"author":70,"featured_media":1272,"comment_status":"open","ping_status":"open","sticky":false,"template":"","format":"standard","meta":{"footnotes":""},"categories":[22,285,41],"tags":[],"class_list":["post-30457","post","type-post","status-publish","format-standard","has-post-thumbnail","hentry","category-a-la-une","category-associations","category-chantraine"],"acf":[],"yoast_head":"<!-- This site is optimized with the Yoast SEO plugin v22.5 - https:\/\/yoast.com\/wordpress\/plugins\/seo\/ -->\n<title>F\u00eate des associations chantrainoises - Epinal Info<\/title>\n<meta name=\"robots\" content=\"index, follow, max-snippet:-1, max-image-preview:large, max-video-preview:-1\" \/>\n<link rel=\"canonical\" href=\"https:\/\/vosgesinfo.fr\/epinalinfo\/2023\/06\/fete-associations-chantrainoises\/\" \/>\n<meta name=\"twitter:card\" content=\"summary_large_image\" \/>\n<meta name=\"twitter:title\" content=\"F\u00eate des associations chantrainoises - Epinal Info\" \/>\n<meta name=\"twitter:description\" content=\"Qu\u2019elles soient r\u00e9centes ou anciennes, sportives ou culturelles, caritatives ou de loisirs, les associations chantrainoises s\u2019\u00e9taient donn\u00e9 rendez-vous ce samedi [&hellip;]\" \/>\n<meta name=\"twitter:image\" content=\"https:\/\/vosgesinfo.fr\/app\/uploads\/sites\/3\/2023\/09\/photo-7.jpeg\" \/>\n<meta name=\"twitter:creator\" content=\"@VosgesInfo88\" \/>\n<meta name=\"twitter:site\" content=\"@VosgesInfo88\" \/>\n<meta name=\"twitter:label1\" content=\"\u00c9crit par\" \/>\n\t<meta name=\"twitter:data1\" content=\"Myriam Laurent\" \/>\n\t<meta name=\"twitter:label2\" content=\"Dur\u00e9e de lecture estim\u00e9e\" \/>\n\t<meta name=\"twitter:data2\" content=\"2 minutes\" \/>\n<script type=\"application\/ld+json\" class=\"yoast-schema-graph\">{\"@context\":\"https:\/\/schema.org\",\"@graph\":[{\"@type\":\"Article\",\"@id\":\"https:\/\/vosgesinfo.fr\/epinalinfo\/2023\/06\/fete-associations-chantrainoises\/#article\",\"isPartOf\":{\"@id\":\"https:\/\/vosgesinfo.fr\/epinalinfo\/2023\/06\/fete-associations-chantrainoises\/\"},\"author\":{\"name\":\"Myriam Laurent\",\"@id\":\"https:\/\/vosgesinfo.fr\/epinalinfo\/#\/schema\/person\/2b386e085a82c0016b256393b2189ae4\"},\"headline\":\"F\u00eate des associations chantrainoises\",\"datePublished\":\"2023-06-19T12:29:17+00:00\",\"dateModified\":\"2024-02-27T17:06:24+00:00\",\"mainEntityOfPage\":{\"@id\":\"https:\/\/vosgesinfo.fr\/epinalinfo\/2023\/06\/fete-associations-chantrainoises\/\"},\"wordCount\":307,\"commentCount\":0,\"publisher\":{\"@id\":\"https:\/\/vosgesinfo.fr\/epinalinfo\/#organization\"},\"image\":{\"@id\":\"https:\/\/vosgesinfo.fr\/epinalinfo\/2023\/06\/fete-associations-chantrainoises\/#primaryimage\"},\"thumbnailUrl\":\"https:\/\/vosgesinfo.fr\/app\/uploads\/sites\/3\/2023\/09\/photo-7.jpeg\",\"articleSection\":[\"A la Une\",\"Associations\",\"Chantraine\"],\"inLanguage\":\"fr-FR\",\"potentialAction\":[{\"@type\":\"CommentAction\",\"name\":\"Comment\",\"target\":[\"https:\/\/vosgesinfo.fr\/epinalinfo\/2023\/06\/fete-associations-chantrainoises\/#respond\"]}]},{\"@type\":\"WebPage\",\"@id\":\"https:\/\/vosgesinfo.fr\/epinalinfo\/2023\/06\/fete-associations-chantrainoises\/\",\"url\":\"https:\/\/vosgesinfo.fr\/epinalinfo\/2023\/06\/fete-associations-chantrainoises\/\",\"name\":\"F\u00eate des associations chantrainoises - Epinal Info\",\"isPartOf\":{\"@id\":\"https:\/\/vosgesinfo.fr\/epinalinfo\/#website\"},\"primaryImageOfPage\":{\"@id\":\"https:\/\/vosgesinfo.fr\/epinalinfo\/2023\/06\/fete-associations-chantrainoises\/#primaryimage\"},\"image\":{\"@id\":\"https:\/\/vosgesinfo.fr\/epinalinfo\/2023\/06\/fete-associations-chantrainoises\/#primaryimage\"},\"thumbnailUrl\":\"https:\/\/vosgesinfo.fr\/app\/uploads\/sites\/3\/2023\/09\/photo-7.jpeg\",\"datePublished\":\"2023-06-19T12:29:17+00:00\",\"dateModified\":\"2024-02-27T17:06:24+00:00\",\"breadcrumb\":{\"@id\":\"https:\/\/vosgesinfo.fr\/epinalinfo\/2023\/06\/fete-associations-chantrainoises\/#breadcrumb\"},\"inLanguage\":\"fr-FR\",\"potentialAction\":[{\"@type\":\"ReadAction\",\"target\":[\"https:\/\/vosgesinfo.fr\/epinalinfo\/2023\/06\/fete-associations-chantrainoises\/\"]}]},{\"@type\":\"ImageObject\",\"inLanguage\":\"fr-FR\",\"@id\":\"https:\/\/vosgesinfo.fr\/epinalinfo\/2023\/06\/fete-associations-chantrainoises\/#primaryimage\",\"url\":\"https:\/\/vosgesinfo.fr\/app\/uploads\/sites\/3\/2023\/09\/photo-7.jpeg\",\"contentUrl\":\"https:\/\/vosgesinfo.fr\/app\/uploads\/sites\/3\/2023\/09\/photo-7.jpeg\",\"width\":570,\"height\":800},{\"@type\":\"BreadcrumbList\",\"@id\":\"https:\/\/vosgesinfo.fr\/epinalinfo\/2023\/06\/fete-associations-chantrainoises\/#breadcrumb\",\"itemListElement\":[{\"@type\":\"ListItem\",\"position\":1,\"name\":\"Home\",\"item\":\"https:\/\/vosgesinfo.fr\/epinalinfo\/\"},{\"@type\":\"ListItem\",\"position\":2,\"name\":\"F\u00eate des associations chantrainoises\"}]},{\"@type\":\"WebSite\",\"@id\":\"https:\/\/vosgesinfo.fr\/epinalinfo\/#website\",\"url\":\"https:\/\/vosgesinfo.fr\/epinalinfo\/\",\"name\":\"Epinal Info\",\"description\":\"Toute l&#039;actualit\u00e9 d&#039;\u00c9pinal\",\"publisher\":{\"@id\":\"https:\/\/vosgesinfo.fr\/epinalinfo\/#organization\"},\"alternateName\":\"Toute l'actualit\u00e9 d'\u00c9pinal\",\"potentialAction\":[{\"@type\":\"SearchAction\",\"target\":{\"@type\":\"EntryPoint\",\"urlTemplate\":\"https:\/\/vosgesinfo.fr\/epinalinfo\/?s={search_term_string}\"},\"query-input\":\"required name=search_term_string\"}],\"inLanguage\":\"fr-FR\"},{\"@type\":\"Organization\",\"@id\":\"https:\/\/vosgesinfo.fr\/epinalinfo\/#organization\",\"name\":\"Epinal Info\",\"url\":\"https:\/\/vosgesinfo.fr\/epinalinfo\/\",\"logo\":{\"@type\":\"ImageObject\",\"inLanguage\":\"fr-FR\",\"@id\":\"https:\/\/vosgesinfo.fr\/epinalinfo\/#\/schema\/logo\/image\/\",\"url\":\"https:\/\/vosgesinfo.fr\/app\/uploads\/sites\/3\/2023\/08\/logo-epinalinfos.svg\",\"contentUrl\":\"https:\/\/vosgesinfo.fr\/app\/uploads\/sites\/3\/2023\/08\/logo-epinalinfos.svg\",\"width\":1,\"height\":1,\"caption\":\"Epinal Info\"},\"image\":{\"@id\":\"https:\/\/vosgesinfo.fr\/epinalinfo\/#\/schema\/logo\/image\/\"},\"sameAs\":[\"https:\/\/www.facebook.com\/Epinalinfos\",\"https:\/\/x.com\/VosgesInfo88\",\"https:\/\/www.youtube.com\/@vosgesinfo\"]},{\"@type\":\"Person\",\"@id\":\"https:\/\/vosgesinfo.fr\/epinalinfo\/#\/schema\/person\/2b386e085a82c0016b256393b2189ae4\",\"name\":\"Myriam Laurent\",\"image\":{\"@type\":\"ImageObject\",\"inLanguage\":\"fr-FR\",\"@id\":\"https:\/\/vosgesinfo.fr\/epinalinfo\/#\/schema\/person\/image\/\",\"url\":\"https:\/\/secure.gravatar.com\/avatar\/a409932072e5edc53edb5721b96f447ffe159ad4db11e70fcf913dff1c01503f?s=96&d=mm&r=g\",\"contentUrl\":\"https:\/\/secure.gravatar.com\/avatar\/a409932072e5edc53edb5721b96f447ffe159ad4db11e70fcf913dff1c01503f?s=96&d=mm&r=g\",\"caption\":\"Myriam Laurent\"},\"url\":\"https:\/\/vosgesinfo.fr\/epinalinfo\/author\/myriam-laurent\/\"}]}<\/script>\n<!-- \/ Yoast SEO plugin. -->","yoast_head_json":{"title":"F\u00eate des associations chantrainoises - Epinal Info","robots":{"index":"index","follow":"follow","max-snippet":"max-snippet:-1","max-image-preview":"max-image-preview:large","max-video-preview":"max-video-preview:-1"},"canonical":"https:\/\/vosgesinfo.fr\/epinalinfo\/2023\/06\/fete-associations-chantrainoises\/","twitter_card":"summary_large_image","twitter_title":"F\u00eate des associations chantrainoises - Epinal Info","twitter_description":"Qu\u2019elles soient r\u00e9centes ou anciennes, sportives ou culturelles, caritatives ou de loisirs, les associations chantrainoises s\u2019\u00e9taient donn\u00e9 rendez-vous ce samedi [&hellip;]","twitter_image":"https:\/\/vosgesinfo.fr\/app\/uploads\/sites\/3\/2023\/09\/photo-7.jpeg","twitter_creator":"@VosgesInfo88","twitter_site":"@VosgesInfo88","twitter_misc":{"\u00c9crit par":"Myriam Laurent","Dur\u00e9e de lecture estim\u00e9e":"2 minutes"},"schema":{"@context":"https:\/\/schema.org","@graph":[{"@type":"Article","@id":"https:\/\/vosgesinfo.fr\/epinalinfo\/2023\/06\/fete-associations-chantrainoises\/#article","isPartOf":{"@id":"https:\/\/vosgesinfo.fr\/epinalinfo\/2023\/06\/fete-associations-chantrainoises\/"},"author":{"name":"Myriam Laurent","@id":"https:\/\/vosgesinfo.fr\/epinalinfo\/#\/schema\/person\/2b386e085a82c0016b256393b2189ae4"},"headline":"F\u00eate des associations chantrainoises","datePublished":"2023-06-19T12:29:17+00:00","dateModified":"2024-02-27T17:06:24+00:00","mainEntityOfPage":{"@id":"https:\/\/vosgesinfo.fr\/epinalinfo\/2023\/06\/fete-associations-chantrainoises\/"},"wordCount":307,"commentCount":0,"publisher":{"@id":"https:\/\/vosgesinfo.fr\/epinalinfo\/#organization"},"image":{"@id":"https:\/\/vosgesinfo.fr\/epinalinfo\/2023\/06\/fete-associations-chantrainoises\/#primaryimage"},"thumbnailUrl":"https:\/\/vosgesinfo.fr\/app\/uploads\/sites\/3\/2023\/09\/photo-7.jpeg","articleSection":["A la Une","Associations","Chantraine"],"inLanguage":"fr-FR","potentialAction":[{"@type":"CommentAction","name":"Comment","target":["https:\/\/vosgesinfo.fr\/epinalinfo\/2023\/06\/fete-associations-chantrainoises\/#respond"]}]},{"@type":"WebPage","@id":"https:\/\/vosgesinfo.fr\/epinalinfo\/2023\/06\/fete-associations-chantrainoises\/","url":"https:\/\/vosgesinfo.fr\/epinalinfo\/2023\/06\/fete-associations-chantrainoises\/","name":"F\u00eate des associations chantrainoises - Epinal Info","isPartOf":{"@id":"https:\/\/vosgesinfo.fr\/epinalinfo\/#website"},"primaryImageOfPage":{"@id":"https:\/\/vosgesinfo.fr\/epinalinfo\/2023\/06\/fete-associations-chantrainoises\/#primaryimage"},"image":{"@id":"https:\/\/vosgesinfo.fr\/epinalinfo\/2023\/06\/fete-associations-chantrainoises\/#primaryimage"},"thumbnailUrl":"https:\/\/vosgesinfo.fr\/app\/uploads\/sites\/3\/2023\/09\/photo-7.jpeg","datePublished":"2023-06-19T12:29:17+00:00","dateModified":"2024-02-27T17:06:24+00:00","breadcrumb":{"@id":"https:\/\/vosgesinfo.fr\/epinalinfo\/2023\/06\/fete-associations-chantrainoises\/#breadcrumb"},"inLanguage":"fr-FR","potentialAction":[{"@type":"ReadAction","target":["https:\/\/vosgesinfo.fr\/epinalinfo\/2023\/06\/fete-associations-chantrainoises\/"]}]},{"@type":"ImageObject","inLanguage":"fr-FR","@id":"https:\/\/vosgesinfo.fr\/epinalinfo\/2023\/06\/fete-associations-chantrainoises\/#primaryimage","url":"https:\/\/vosgesinfo.fr\/app\/uploads\/sites\/3\/2023\/09\/photo-7.jpeg","contentUrl":"https:\/\/vosgesinfo.fr\/app\/uploads\/sites\/3\/2023\/09\/photo-7.jpeg","width":570,"height":800},{"@type":"BreadcrumbList","@id":"https:\/\/vosgesinfo.fr\/epinalinfo\/2023\/06\/fete-associations-chantrainoises\/#breadcrumb","itemListElement":[{"@type":"ListItem","position":1,"name":"Home","item":"https:\/\/vosgesinfo.fr\/epinalinfo\/"},{"@type":"ListItem","position":2,"name":"F\u00eate des associations chantrainoises"}]},{"@type":"WebSite","@id":"https:\/\/vosgesinfo.fr\/epinalinfo\/#website","url":"https:\/\/vosgesinfo.fr\/epinalinfo\/","name":"Epinal Info","description":"Toute l&#039;actualit\u00e9 d&#039;\u00c9pinal","publisher":{"@id":"https:\/\/vosgesinfo.fr\/epinalinfo\/#organization"},"alternateName":"Toute l'actualit\u00e9 d'\u00c9pinal","potentialAction":[{"@type":"SearchAction","target":{"@type":"EntryPoint","urlTemplate":"https:\/\/vosgesinfo.fr\/epinalinfo\/?s={search_term_string}"},"query-input":"required name=search_term_string"}],"inLanguage":"fr-FR"},{"@type":"Organization","@id":"https:\/\/vosgesinfo.fr\/epinalinfo\/#organization","name":"Epinal Info","url":"https:\/\/vosgesinfo.fr\/epinalinfo\/","logo":{"@type":"ImageObject","inLanguage":"fr-FR","@id":"https:\/\/vosgesinfo.fr\/epinalinfo\/#\/schema\/logo\/image\/","url":"https:\/\/vosgesinfo.fr\/app\/uploads\/sites\/3\/2023\/08\/logo-epinalinfos.svg","contentUrl":"https:\/\/vosgesinfo.fr\/app\/uploads\/sites\/3\/2023\/08\/logo-epinalinfos.svg","width":1,"height":1,"caption":"Epinal Info"},"image":{"@id":"https:\/\/vosgesinfo.fr\/epinalinfo\/#\/schema\/logo\/image\/"},"sameAs":["https:\/\/www.facebook.com\/Epinalinfos","https:\/\/x.com\/VosgesInfo88","https:\/\/www.youtube.com\/@vosgesinfo"]},{"@type":"Person","@id":"https:\/\/vosgesinfo.fr\/epinalinfo\/#\/schema\/person\/2b386e085a82c0016b256393b2189ae4","name":"Myriam Laurent","image":{"@type":"ImageObject","inLanguage":"fr-FR","@id":"https:\/\/vosgesinfo.fr\/epinalinfo\/#\/schema\/person\/image\/","url":"https:\/\/secure.gravatar.com\/avatar\/a409932072e5edc53edb5721b96f447ffe159ad4db11e70fcf913dff1c01503f?s=96&d=mm&r=g","contentUrl":"https:\/\/secure.gravatar.com\/avatar\/a409932072e5edc53edb5721b96f447ffe159ad4db11e70fcf913dff1c01503f?s=96&d=mm&r=g","caption":"Myriam Laurent"},"url":"https:\/\/vosgesinfo.fr\/epinalinfo\/author\/myriam-laurent\/"}]}},"_links":{"self":[{"href":"https:\/\/vosgesinfo.fr\/epinalinfo\/wp-json\/wp\/v2\/posts\/30457","targetHints":{"allow":["GET"]}}],"collection":[{"href":"https:\/\/vosgesinfo.fr\/epinalinfo\/wp-json\/wp\/v2\/posts"}],"about":[{"href":"https:\/\/vosgesinfo.fr\/epinalinfo\/wp-json\/wp\/v2\/types\/post"}],"author":[{"embeddable":true,"href":"https:\/\/vosgesinfo.fr\/epinalinfo\/wp-json\/wp\/v2\/users\/70"}],"replies":[{"embeddable":true,"href":"https:\/\/vosgesinfo.fr\/epinalinfo\/wp-json\/wp\/v2\/comments?post=30457"}],"version-history":[{"count":1,"href":"https:\/\/vosgesinfo.fr\/epinalinfo\/wp-json\/wp\/v2\/posts\/30457\/revisions"}],"predecessor-version":[{"id":36897,"href":"https:\/\/vosgesinfo.fr\/epinalinfo\/wp-json\/wp\/v2\/posts\/30457\/revisions\/36897"}],"wp:featuredmedia":[{"embeddable":true,"href":"https:\/\/vosgesinfo.fr\/epinalinfo\/wp-json\/wp\/v2\/media\/1272"}],"wp:attachment":[{"href":"https:\/\/vosgesinfo.fr\/epinalinfo\/wp-json\/wp\/v2\/media?parent=30457"}],"wp:term":[{"taxonomy":"category","embeddable":true,"href":"https:\/\/vosgesinfo.fr\/epinalinfo\/wp-json\/wp\/v2\/categories?post=30457"},{"taxonomy":"post_tag","embeddable":true,"href":"https:\/\/vosgesinfo.fr\/epinalinfo\/wp-json\/wp\/v2\/tags?post=30457"}],"curies":[{"name":"wp","href":"https:\/\/api.w.org\/{rel}","templated":true}]}}