{"id":30631,"date":"2023-06-22T18:08:32","date_gmt":"2023-06-22T16:08:32","guid":{"rendered":"https:\/\/vosgesinfo.fr\/epinalinfo\/2023\/06\/drap-francais-representera-vosges-palais-de-lelysee\/"},"modified":"2024-02-27T18:06:49","modified_gmt":"2024-02-27T17:06:49","slug":"drap-francais-representera-vosges-palais-de-lelysee","status":"publish","type":"post","link":"https:\/\/vosgesinfo.fr\/epinalinfo\/2023\/06\/drap-francais-representera-vosges-palais-de-lelysee\/","title":{"rendered":"Le Drap Fran\u00e7ais repr\u00e9sentera les Vosges au Palais de l&rsquo;Elys\u00e9e"},"content":{"rendered":"<div id=\"attachment_220877\" style=\"width: 810px\" class=\"wp-caption aligncenter\"><a href=\"https:\/\/epinalinfos.fr\/2023\/06\/drap-francais-representera-vosges-palais-de-lelysee\/la-drap-francais-2\/\" rel=\"attachment wp-att-220877\"><img decoding=\"async\" aria-describedby=\"caption-attachment-220877\" class=\"size-full wp-image-220877\" src=\"https:\/\/vosgesinfo.fr\/app\/uploads\/sites\/3\/2023\/06\/la-drap-francais-2.png\" alt=\"photos Le draps fran\u00e7ais\" width=\"800\" height=\"800\" \/><\/a><p id=\"caption-attachment-220877\" class=\"wp-caption-text\">photos Le draps fran\u00e7ais<\/p><\/div>\n<h2><span style=\"font-size: 14pt;\"><strong>Le Drap Fran\u00e7ais repr\u00e9sentera les Vosges \u00e0 la Grande Exposition du Fabriqu\u00e9 en France les 1er et 2 juillet prochains au Palais de l&rsquo;\u00c9lys\u00e9e, au travers de sa collection en lin H\u00e9ritage.<\/strong> <\/span><\/h2>\n<p>Le Drap Fran\u00e7ais est un fabricant de linge de lit haut de gamme install\u00e9 au coeur des Vosges.Les couturi\u00e8res de son atelier d&rsquo;insertion solidaire confectionnent toutes les pi\u00e8ces \u00e0 la main \u00e0 partir de mati\u00e8res naturelles et durables. Toutes les \u00e9tapes de fabrication de la collection H\u00e9ritage sont r\u00e9alis\u00e9es en France. La collection H\u00e9ritage est fabriqu\u00e9e dans un rayon de moins de 800 km.<\/p>\n<h3>La grand exposition du fabriqu\u00e9 en France<\/h3>\n<p>Pour cette troisi\u00e8me \u00e9dition, 125 produits fabriqu\u00e9s en France seront expos\u00e9s. Cette ann\u00e9e, la s\u00e9lection met en avant les d\u00e9marches de production respectueuses de l&rsquo;environnement,socialement engag\u00e9es et contribuant au maintien des savoir-faire r\u00e9gionaux.<\/p>\n\n","protected":false},"excerpt":{"rendered":"<p>Le Drap Fran\u00e7ais repr\u00e9sentera les Vosges \u00e0 la Grande Exposition du Fabriqu\u00e9 en France les 1er et 2 juillet prochains [&hellip;]<\/p>\n","protected":false},"author":52,"featured_media":30630,"comment_status":"open","ping_status":"open","sticky":false,"template":"","format":"standard","meta":{"footnotes":""},"categories":[22,5],"tags":[5882,5883,75],"class_list":["post-30631","post","type-post","status-publish","format-standard","has-post-thumbnail","hentry","category-a-la-une","category-vosges","tag-le-drap-francais","tag-palais-de-lelysee","tag-vosges"],"acf":[],"yoast_head":"<!-- This site is optimized with the Yoast SEO plugin v22.5 - https:\/\/yoast.com\/wordpress\/plugins\/seo\/ -->\n<title>Le Drap Fran\u00e7ais repr\u00e9sentera les Vosges au Palais de l&#039;Elys\u00e9e - Epinal Info<\/title>\n<meta name=\"robots\" content=\"index, follow, max-snippet:-1, max-image-preview:large, max-video-preview:-1\" \/>\n<link rel=\"canonical\" href=\"https:\/\/vosgesinfo.fr\/epinalinfo\/2023\/06\/drap-francais-representera-vosges-palais-de-lelysee\/\" \/>\n<meta name=\"twitter:card\" content=\"summary_large_image\" \/>\n<meta name=\"twitter:title\" content=\"Le Drap Fran\u00e7ais repr\u00e9sentera les Vosges au Palais de l&#039;Elys\u00e9e - Epinal Info\" \/>\n<meta name=\"twitter:description\" content=\"Le Drap Fran\u00e7ais repr\u00e9sentera les Vosges \u00e0 la Grande Exposition du Fabriqu\u00e9 en France les 1er et 2 juillet prochains [&hellip;]\" \/>\n<meta name=\"twitter:image\" content=\"https:\/\/vosgesinfo.fr\/app\/uploads\/sites\/3\/2023\/06\/la-drap-francais-2.png\" \/>\n<meta name=\"twitter:creator\" content=\"@VosgesInfo88\" \/>\n<meta name=\"twitter:site\" content=\"@VosgesInfo88\" \/>\n<meta name=\"twitter:label1\" content=\"\u00c9crit par\" \/>\n\t<meta name=\"twitter:data1\" content=\"C.K.\" \/>\n\t<meta name=\"twitter:label2\" content=\"Dur\u00e9e de lecture estim\u00e9e\" \/>\n\t<meta name=\"twitter:data2\" content=\"1 minute\" \/>\n<script type=\"application\/ld+json\" class=\"yoast-schema-graph\">{\"@context\":\"https:\/\/schema.org\",\"@graph\":[{\"@type\":\"Article\",\"@id\":\"https:\/\/vosgesinfo.fr\/epinalinfo\/2023\/06\/drap-francais-representera-vosges-palais-de-lelysee\/#article\",\"isPartOf\":{\"@id\":\"https:\/\/vosgesinfo.fr\/epinalinfo\/2023\/06\/drap-francais-representera-vosges-palais-de-lelysee\/\"},\"author\":{\"name\":\"C.K.\",\"@id\":\"https:\/\/vosgesinfo.fr\/epinalinfo\/#\/schema\/person\/6f9a650eeea99d969b6c4ab78fccbe81\"},\"headline\":\"Le Drap Fran\u00e7ais repr\u00e9sentera les Vosges au Palais de l&rsquo;Elys\u00e9e\",\"datePublished\":\"2023-06-22T16:08:32+00:00\",\"dateModified\":\"2024-02-27T17:06:49+00:00\",\"mainEntityOfPage\":{\"@id\":\"https:\/\/vosgesinfo.fr\/epinalinfo\/2023\/06\/drap-francais-representera-vosges-palais-de-lelysee\/\"},\"wordCount\":192,\"commentCount\":0,\"publisher\":{\"@id\":\"https:\/\/vosgesinfo.fr\/epinalinfo\/#organization\"},\"image\":{\"@id\":\"https:\/\/vosgesinfo.fr\/epinalinfo\/2023\/06\/drap-francais-representera-vosges-palais-de-lelysee\/#primaryimage\"},\"thumbnailUrl\":\"https:\/\/vosgesinfo.fr\/app\/uploads\/sites\/3\/2023\/06\/la-drap-francais-2.png\",\"keywords\":[\"Le Drap Fran\u00e7ais\",\"Palais de l'Elys\u00e9e\",\"vosges\"],\"articleSection\":[\"A la Une\",\"Vosges\"],\"inLanguage\":\"fr-FR\",\"potentialAction\":[{\"@type\":\"CommentAction\",\"name\":\"Comment\",\"target\":[\"https:\/\/vosgesinfo.fr\/epinalinfo\/2023\/06\/drap-francais-representera-vosges-palais-de-lelysee\/#respond\"]}]},{\"@type\":\"WebPage\",\"@id\":\"https:\/\/vosgesinfo.fr\/epinalinfo\/2023\/06\/drap-francais-representera-vosges-palais-de-lelysee\/\",\"url\":\"https:\/\/vosgesinfo.fr\/epinalinfo\/2023\/06\/drap-francais-representera-vosges-palais-de-lelysee\/\",\"name\":\"Le Drap Fran\u00e7ais repr\u00e9sentera les Vosges au Palais de l'Elys\u00e9e - Epinal Info\",\"isPartOf\":{\"@id\":\"https:\/\/vosgesinfo.fr\/epinalinfo\/#website\"},\"primaryImageOfPage\":{\"@id\":\"https:\/\/vosgesinfo.fr\/epinalinfo\/2023\/06\/drap-francais-representera-vosges-palais-de-lelysee\/#primaryimage\"},\"image\":{\"@id\":\"https:\/\/vosgesinfo.fr\/epinalinfo\/2023\/06\/drap-francais-representera-vosges-palais-de-lelysee\/#primaryimage\"},\"thumbnailUrl\":\"https:\/\/vosgesinfo.fr\/app\/uploads\/sites\/3\/2023\/06\/la-drap-francais-2.png\",\"datePublished\":\"2023-06-22T16:08:32+00:00\",\"dateModified\":\"2024-02-27T17:06:49+00:00\",\"breadcrumb\":{\"@id\":\"https:\/\/vosgesinfo.fr\/epinalinfo\/2023\/06\/drap-francais-representera-vosges-palais-de-lelysee\/#breadcrumb\"},\"inLanguage\":\"fr-FR\",\"potentialAction\":[{\"@type\":\"ReadAction\",\"target\":[\"https:\/\/vosgesinfo.fr\/epinalinfo\/2023\/06\/drap-francais-representera-vosges-palais-de-lelysee\/\"]}]},{\"@type\":\"ImageObject\",\"inLanguage\":\"fr-FR\",\"@id\":\"https:\/\/vosgesinfo.fr\/epinalinfo\/2023\/06\/drap-francais-representera-vosges-palais-de-lelysee\/#primaryimage\",\"url\":\"https:\/\/vosgesinfo.fr\/app\/uploads\/sites\/3\/2023\/06\/la-drap-francais-2.png\",\"contentUrl\":\"https:\/\/vosgesinfo.fr\/app\/uploads\/sites\/3\/2023\/06\/la-drap-francais-2.png\"},{\"@type\":\"BreadcrumbList\",\"@id\":\"https:\/\/vosgesinfo.fr\/epinalinfo\/2023\/06\/drap-francais-representera-vosges-palais-de-lelysee\/#breadcrumb\",\"itemListElement\":[{\"@type\":\"ListItem\",\"position\":1,\"name\":\"Home\",\"item\":\"https:\/\/vosgesinfo.fr\/epinalinfo\/\"},{\"@type\":\"ListItem\",\"position\":2,\"name\":\"Le Drap Fran\u00e7ais repr\u00e9sentera les Vosges au Palais de l&rsquo;Elys\u00e9e\"}]},{\"@type\":\"WebSite\",\"@id\":\"https:\/\/vosgesinfo.fr\/epinalinfo\/#website\",\"url\":\"https:\/\/vosgesinfo.fr\/epinalinfo\/\",\"name\":\"Epinal Info\",\"description\":\"Toute l&#039;actualit\u00e9 d&#039;\u00c9pinal\",\"publisher\":{\"@id\":\"https:\/\/vosgesinfo.fr\/epinalinfo\/#organization\"},\"alternateName\":\"Toute l'actualit\u00e9 d'\u00c9pinal\",\"potentialAction\":[{\"@type\":\"SearchAction\",\"target\":{\"@type\":\"EntryPoint\",\"urlTemplate\":\"https:\/\/vosgesinfo.fr\/epinalinfo\/?s={search_term_string}\"},\"query-input\":\"required name=search_term_string\"}],\"inLanguage\":\"fr-FR\"},{\"@type\":\"Organization\",\"@id\":\"https:\/\/vosgesinfo.fr\/epinalinfo\/#organization\",\"name\":\"Epinal Info\",\"url\":\"https:\/\/vosgesinfo.fr\/epinalinfo\/\",\"logo\":{\"@type\":\"ImageObject\",\"inLanguage\":\"fr-FR\",\"@id\":\"https:\/\/vosgesinfo.fr\/epinalinfo\/#\/schema\/logo\/image\/\",\"url\":\"https:\/\/vosgesinfo.fr\/app\/uploads\/sites\/3\/2023\/08\/logo-epinalinfos.svg\",\"contentUrl\":\"https:\/\/vosgesinfo.fr\/app\/uploads\/sites\/3\/2023\/08\/logo-epinalinfos.svg\",\"width\":1,\"height\":1,\"caption\":\"Epinal Info\"},\"image\":{\"@id\":\"https:\/\/vosgesinfo.fr\/epinalinfo\/#\/schema\/logo\/image\/\"},\"sameAs\":[\"https:\/\/www.facebook.com\/Epinalinfos\",\"https:\/\/x.com\/VosgesInfo88\",\"https:\/\/www.youtube.com\/@vosgesinfo\"]},{\"@type\":\"Person\",\"@id\":\"https:\/\/vosgesinfo.fr\/epinalinfo\/#\/schema\/person\/6f9a650eeea99d969b6c4ab78fccbe81\",\"name\":\"C.K.\",\"image\":{\"@type\":\"ImageObject\",\"inLanguage\":\"fr-FR\",\"@id\":\"https:\/\/vosgesinfo.fr\/epinalinfo\/#\/schema\/person\/image\/\",\"url\":\"https:\/\/secure.gravatar.com\/avatar\/48e3fc7f8421ba8942be6b74a2b7f014ca39bc00dece156b7a8e098ae7dc87bf?s=96&d=mm&r=g\",\"contentUrl\":\"https:\/\/secure.gravatar.com\/avatar\/48e3fc7f8421ba8942be6b74a2b7f014ca39bc00dece156b7a8e098ae7dc87bf?s=96&d=mm&r=g\",\"caption\":\"C.K.\"},\"url\":\"https:\/\/vosgesinfo.fr\/epinalinfo\/author\/celia-k-n\/\"}]}<\/script>\n<!-- \/ Yoast SEO plugin. -->","yoast_head_json":{"title":"Le Drap Fran\u00e7ais repr\u00e9sentera les Vosges au Palais de l'Elys\u00e9e - Epinal Info","robots":{"index":"index","follow":"follow","max-snippet":"max-snippet:-1","max-image-preview":"max-image-preview:large","max-video-preview":"max-video-preview:-1"},"canonical":"https:\/\/vosgesinfo.fr\/epinalinfo\/2023\/06\/drap-francais-representera-vosges-palais-de-lelysee\/","twitter_card":"summary_large_image","twitter_title":"Le Drap Fran\u00e7ais repr\u00e9sentera les Vosges au Palais de l'Elys\u00e9e - Epinal Info","twitter_description":"Le Drap Fran\u00e7ais repr\u00e9sentera les Vosges \u00e0 la Grande Exposition du Fabriqu\u00e9 en France les 1er et 2 juillet prochains [&hellip;]","twitter_image":"https:\/\/vosgesinfo.fr\/app\/uploads\/sites\/3\/2023\/06\/la-drap-francais-2.png","twitter_creator":"@VosgesInfo88","twitter_site":"@VosgesInfo88","twitter_misc":{"\u00c9crit par":"C.K.","Dur\u00e9e de lecture estim\u00e9e":"1 minute"},"schema":{"@context":"https:\/\/schema.org","@graph":[{"@type":"Article","@id":"https:\/\/vosgesinfo.fr\/epinalinfo\/2023\/06\/drap-francais-representera-vosges-palais-de-lelysee\/#article","isPartOf":{"@id":"https:\/\/vosgesinfo.fr\/epinalinfo\/2023\/06\/drap-francais-representera-vosges-palais-de-lelysee\/"},"author":{"name":"C.K.","@id":"https:\/\/vosgesinfo.fr\/epinalinfo\/#\/schema\/person\/6f9a650eeea99d969b6c4ab78fccbe81"},"headline":"Le Drap Fran\u00e7ais repr\u00e9sentera les Vosges au Palais de l&rsquo;Elys\u00e9e","datePublished":"2023-06-22T16:08:32+00:00","dateModified":"2024-02-27T17:06:49+00:00","mainEntityOfPage":{"@id":"https:\/\/vosgesinfo.fr\/epinalinfo\/2023\/06\/drap-francais-representera-vosges-palais-de-lelysee\/"},"wordCount":192,"commentCount":0,"publisher":{"@id":"https:\/\/vosgesinfo.fr\/epinalinfo\/#organization"},"image":{"@id":"https:\/\/vosgesinfo.fr\/epinalinfo\/2023\/06\/drap-francais-representera-vosges-palais-de-lelysee\/#primaryimage"},"thumbnailUrl":"https:\/\/vosgesinfo.fr\/app\/uploads\/sites\/3\/2023\/06\/la-drap-francais-2.png","keywords":["Le Drap Fran\u00e7ais","Palais de l'Elys\u00e9e","vosges"],"articleSection":["A la Une","Vosges"],"inLanguage":"fr-FR","potentialAction":[{"@type":"CommentAction","name":"Comment","target":["https:\/\/vosgesinfo.fr\/epinalinfo\/2023\/06\/drap-francais-representera-vosges-palais-de-lelysee\/#respond"]}]},{"@type":"WebPage","@id":"https:\/\/vosgesinfo.fr\/epinalinfo\/2023\/06\/drap-francais-representera-vosges-palais-de-lelysee\/","url":"https:\/\/vosgesinfo.fr\/epinalinfo\/2023\/06\/drap-francais-representera-vosges-palais-de-lelysee\/","name":"Le Drap Fran\u00e7ais repr\u00e9sentera les Vosges au Palais de l'Elys\u00e9e - Epinal Info","isPartOf":{"@id":"https:\/\/vosgesinfo.fr\/epinalinfo\/#website"},"primaryImageOfPage":{"@id":"https:\/\/vosgesinfo.fr\/epinalinfo\/2023\/06\/drap-francais-representera-vosges-palais-de-lelysee\/#primaryimage"},"image":{"@id":"https:\/\/vosgesinfo.fr\/epinalinfo\/2023\/06\/drap-francais-representera-vosges-palais-de-lelysee\/#primaryimage"},"thumbnailUrl":"https:\/\/vosgesinfo.fr\/app\/uploads\/sites\/3\/2023\/06\/la-drap-francais-2.png","datePublished":"2023-06-22T16:08:32+00:00","dateModified":"2024-02-27T17:06:49+00:00","breadcrumb":{"@id":"https:\/\/vosgesinfo.fr\/epinalinfo\/2023\/06\/drap-francais-representera-vosges-palais-de-lelysee\/#breadcrumb"},"inLanguage":"fr-FR","potentialAction":[{"@type":"ReadAction","target":["https:\/\/vosgesinfo.fr\/epinalinfo\/2023\/06\/drap-francais-representera-vosges-palais-de-lelysee\/"]}]},{"@type":"ImageObject","inLanguage":"fr-FR","@id":"https:\/\/vosgesinfo.fr\/epinalinfo\/2023\/06\/drap-francais-representera-vosges-palais-de-lelysee\/#primaryimage","url":"https:\/\/vosgesinfo.fr\/app\/uploads\/sites\/3\/2023\/06\/la-drap-francais-2.png","contentUrl":"https:\/\/vosgesinfo.fr\/app\/uploads\/sites\/3\/2023\/06\/la-drap-francais-2.png"},{"@type":"BreadcrumbList","@id":"https:\/\/vosgesinfo.fr\/epinalinfo\/2023\/06\/drap-francais-representera-vosges-palais-de-lelysee\/#breadcrumb","itemListElement":[{"@type":"ListItem","position":1,"name":"Home","item":"https:\/\/vosgesinfo.fr\/epinalinfo\/"},{"@type":"ListItem","position":2,"name":"Le Drap Fran\u00e7ais repr\u00e9sentera les Vosges au Palais de l&rsquo;Elys\u00e9e"}]},{"@type":"WebSite","@id":"https:\/\/vosgesinfo.fr\/epinalinfo\/#website","url":"https:\/\/vosgesinfo.fr\/epinalinfo\/","name":"Epinal Info","description":"Toute l&#039;actualit\u00e9 d&#039;\u00c9pinal","publisher":{"@id":"https:\/\/vosgesinfo.fr\/epinalinfo\/#organization"},"alternateName":"Toute l'actualit\u00e9 d'\u00c9pinal","potentialAction":[{"@type":"SearchAction","target":{"@type":"EntryPoint","urlTemplate":"https:\/\/vosgesinfo.fr\/epinalinfo\/?s={search_term_string}"},"query-input":"required name=search_term_string"}],"inLanguage":"fr-FR"},{"@type":"Organization","@id":"https:\/\/vosgesinfo.fr\/epinalinfo\/#organization","name":"Epinal Info","url":"https:\/\/vosgesinfo.fr\/epinalinfo\/","logo":{"@type":"ImageObject","inLanguage":"fr-FR","@id":"https:\/\/vosgesinfo.fr\/epinalinfo\/#\/schema\/logo\/image\/","url":"https:\/\/vosgesinfo.fr\/app\/uploads\/sites\/3\/2023\/08\/logo-epinalinfos.svg","contentUrl":"https:\/\/vosgesinfo.fr\/app\/uploads\/sites\/3\/2023\/08\/logo-epinalinfos.svg","width":1,"height":1,"caption":"Epinal Info"},"image":{"@id":"https:\/\/vosgesinfo.fr\/epinalinfo\/#\/schema\/logo\/image\/"},"sameAs":["https:\/\/www.facebook.com\/Epinalinfos","https:\/\/x.com\/VosgesInfo88","https:\/\/www.youtube.com\/@vosgesinfo"]},{"@type":"Person","@id":"https:\/\/vosgesinfo.fr\/epinalinfo\/#\/schema\/person\/6f9a650eeea99d969b6c4ab78fccbe81","name":"C.K.","image":{"@type":"ImageObject","inLanguage":"fr-FR","@id":"https:\/\/vosgesinfo.fr\/epinalinfo\/#\/schema\/person\/image\/","url":"https:\/\/secure.gravatar.com\/avatar\/48e3fc7f8421ba8942be6b74a2b7f014ca39bc00dece156b7a8e098ae7dc87bf?s=96&d=mm&r=g","contentUrl":"https:\/\/secure.gravatar.com\/avatar\/48e3fc7f8421ba8942be6b74a2b7f014ca39bc00dece156b7a8e098ae7dc87bf?s=96&d=mm&r=g","caption":"C.K."},"url":"https:\/\/vosgesinfo.fr\/epinalinfo\/author\/celia-k-n\/"}]}},"_links":{"self":[{"href":"https:\/\/vosgesinfo.fr\/epinalinfo\/wp-json\/wp\/v2\/posts\/30631","targetHints":{"allow":["GET"]}}],"collection":[{"href":"https:\/\/vosgesinfo.fr\/epinalinfo\/wp-json\/wp\/v2\/posts"}],"about":[{"href":"https:\/\/vosgesinfo.fr\/epinalinfo\/wp-json\/wp\/v2\/types\/post"}],"author":[{"embeddable":true,"href":"https:\/\/vosgesinfo.fr\/epinalinfo\/wp-json\/wp\/v2\/users\/52"}],"replies":[{"embeddable":true,"href":"https:\/\/vosgesinfo.fr\/epinalinfo\/wp-json\/wp\/v2\/comments?post=30631"}],"version-history":[{"count":1,"href":"https:\/\/vosgesinfo.fr\/epinalinfo\/wp-json\/wp\/v2\/posts\/30631\/revisions"}],"predecessor-version":[{"id":36934,"href":"https:\/\/vosgesinfo.fr\/epinalinfo\/wp-json\/wp\/v2\/posts\/30631\/revisions\/36934"}],"wp:featuredmedia":[{"embeddable":true,"href":"https:\/\/vosgesinfo.fr\/epinalinfo\/wp-json\/wp\/v2\/media\/30630"}],"wp:attachment":[{"href":"https:\/\/vosgesinfo.fr\/epinalinfo\/wp-json\/wp\/v2\/media?parent=30631"}],"wp:term":[{"taxonomy":"category","embeddable":true,"href":"https:\/\/vosgesinfo.fr\/epinalinfo\/wp-json\/wp\/v2\/categories?post=30631"},{"taxonomy":"post_tag","embeddable":true,"href":"https:\/\/vosgesinfo.fr\/epinalinfo\/wp-json\/wp\/v2\/tags?post=30631"}],"curies":[{"name":"wp","href":"https:\/\/api.w.org\/{rel}","templated":true}]}}