{"id":30634,"date":"2023-06-23T05:53:37","date_gmt":"2023-06-23T03:53:37","guid":{"rendered":"https:\/\/vosgesinfo.fr\/epinalinfo\/2023\/06\/mineur-interpelle-apres-lincendie-a-detruit-30-hectares-de-foret-a-bois-de-champ\/"},"modified":"2024-02-27T18:06:50","modified_gmt":"2024-02-27T17:06:50","slug":"mineur-interpelle-apres-lincendie-a-detruit-30-hectares-de-foret-a-bois-de-champ","status":"publish","type":"post","link":"https:\/\/vosgesinfo.fr\/epinalinfo\/2023\/06\/mineur-interpelle-apres-lincendie-a-detruit-30-hectares-de-foret-a-bois-de-champ\/","title":{"rendered":"Un mineur interpell\u00e9 apr\u00e8s l&rsquo;incendie qui a d\u00e9truit 30 hectares de for\u00eat \u00e0 Bois-de-Champ"},"content":{"rendered":"<div id=\"attachment_220302\" style=\"width: 810px\" class=\"wp-caption aligncenter\"><a href=\"https:\/\/epinalinfos.fr\/2023\/06\/bois-de-champ-feu-de-foret-toujours-cours\/feu-de-foret-bois-de-champ3\/\" rel=\"attachment wp-att-220302\"><img decoding=\"async\" aria-describedby=\"caption-attachment-220302\" class=\"size-large wp-image-220302\" src=\"https:\/\/vosgesinfo.fr\/app\/uploads\/sites\/3\/2023\/06\/feu-de-foret-bois-de-champ3.jpg\" alt=\"photos prefecture des Vosges\" width=\"800\" height=\"600\" \/><\/a><p id=\"caption-attachment-220302\" class=\"wp-caption-text\">photos pr\u00e9fecture des Vosges<\/p><\/div>\n<h3><span style=\"font-size: 14pt;\"><strong>Une enqu\u00eate est en cours apr\u00e8s l&rsquo;incendie qui a d\u00e9truit 30 hectares de for\u00eat \u00e0 Bois-de-Champ, dans les Vosges. Un mineur de 16 ans, soup\u00e7onn\u00e9 d&rsquo;\u00eatre \u00e0 l&rsquo;origine de l&rsquo;incendie, a \u00e9t\u00e9 interpell\u00e9 mardi 20 juin. Il sera jug\u00e9 en septembre prochain.<\/strong> <\/span><\/h3>\n<p>Le procureur de la R\u00e9publique des Vosges a communiqu\u00e9 sur l&rsquo;enqu\u00eate apr\u00e8s l&rsquo;incendie qui a d\u00e9truit 30 hectares de for\u00eat \u00e0 Bois-de-Champ. Un mineur de 16 ans a \u00e9t\u00e9 interpell\u00e9.<\/p>\n<p>L&rsquo;incendie avait pris le 13 juin dernier \u00e0 Bois-de-Champ, dans une maison abandonn\u00e9e. Puis, tr\u00e8s rapidement le feu s&rsquo;\u00e9tait propag\u00e9 \u00e0 la for\u00eat situ\u00e9e juste \u00e0 c\u00f4t\u00e9 de l&rsquo;habitation. Plus de 200 sapeurs-pompiers ont lutt\u00e9 pendant plusieurs jours contre ce feu, ainsi qu\u2019un h\u00e9licopt\u00e8re bombardier d\u2019eau Super Puma.<\/p>\n<p>Le procureur d\u2019\u00c9pinal, Fr\u00e9d\u00e9ric Nahon a annonc\u00e9 dans un communiqu\u00e9 que le jeune homme a \u00e9t\u00e9 interpell\u00e9 \u00e0 la suite d&rsquo;une d\u00e9nonciation. Il est soup\u00e7onn\u00e9 d&rsquo;avoir mis le feu afin de faire dispara\u00eetre les traces d&rsquo;un vol qu&rsquo;il venait de commettre.<\/p>\n<p>Il a \u00e9t\u00e9 d\u00e9nonc\u00e9 par le p\u00e8re d\u2019une adolescente de 15 ans qui avait particip\u00e9 au vol.<\/p>\n<p>L&rsquo;homme a \u00e9t\u00e9 plac\u00e9 en garde \u00e0 vue. Entendu, il a reconnu son implication uniquement \u00ab\u00a0dans les faits de cambriolage\u00a0\u00bb, selon le communiqu\u00e9.<\/p>\n<p>Il a \u00e9t\u00e9 pr\u00e9sent\u00e9 devant le juge des enfants, avec une demande de placement sous contr\u00f4le judiciaire et obligation de r\u00e9sider dans un foyer \u00e9ducatif p\u00e9nal pour mineurs.<\/p>\n","protected":false},"excerpt":{"rendered":"<p>Une enqu\u00eate est en cours apr\u00e8s l&rsquo;incendie qui a d\u00e9truit 30 hectares de for\u00eat \u00e0 Bois-de-Champ, dans les Vosges. Un [&hellip;]<\/p>\n","protected":false},"author":52,"featured_media":30255,"comment_status":"open","ping_status":"open","sticky":false,"template":"","format":"standard","meta":{"footnotes":""},"categories":[22,6,5],"tags":[],"class_list":["post-30634","post","type-post","status-publish","format-standard","has-post-thumbnail","hentry","category-a-la-une","category-faits-divers","category-vosges"],"acf":[],"yoast_head":"<!-- This site is optimized with the Yoast SEO plugin v22.5 - https:\/\/yoast.com\/wordpress\/plugins\/seo\/ -->\n<title>Un mineur interpell\u00e9 apr\u00e8s l&#039;incendie qui a d\u00e9truit 30 hectares de for\u00eat \u00e0 Bois-de-Champ - Epinal Info<\/title>\n<meta name=\"robots\" content=\"index, follow, max-snippet:-1, max-image-preview:large, max-video-preview:-1\" \/>\n<link rel=\"canonical\" href=\"https:\/\/vosgesinfo.fr\/epinalinfo\/2023\/06\/mineur-interpelle-apres-lincendie-a-detruit-30-hectares-de-foret-a-bois-de-champ\/\" \/>\n<meta name=\"twitter:card\" content=\"summary_large_image\" \/>\n<meta name=\"twitter:title\" content=\"Un mineur interpell\u00e9 apr\u00e8s l&#039;incendie qui a d\u00e9truit 30 hectares de for\u00eat \u00e0 Bois-de-Champ - Epinal Info\" \/>\n<meta name=\"twitter:description\" content=\"Une enqu\u00eate est en cours apr\u00e8s l&rsquo;incendie qui a d\u00e9truit 30 hectares de for\u00eat \u00e0 Bois-de-Champ, dans les Vosges. Un [&hellip;]\" \/>\n<meta name=\"twitter:image\" content=\"https:\/\/vosgesinfo.fr\/app\/uploads\/sites\/3\/2023\/06\/feu-de-foret-bois-de-champ3.jpg\" \/>\n<meta name=\"twitter:creator\" content=\"@VosgesInfo88\" \/>\n<meta name=\"twitter:site\" content=\"@VosgesInfo88\" \/>\n<meta name=\"twitter:label1\" content=\"\u00c9crit par\" \/>\n\t<meta name=\"twitter:data1\" content=\"C.K.\" \/>\n\t<meta name=\"twitter:label2\" content=\"Dur\u00e9e de lecture estim\u00e9e\" \/>\n\t<meta name=\"twitter:data2\" content=\"1 minute\" \/>\n<script type=\"application\/ld+json\" class=\"yoast-schema-graph\">{\"@context\":\"https:\/\/schema.org\",\"@graph\":[{\"@type\":\"Article\",\"@id\":\"https:\/\/vosgesinfo.fr\/epinalinfo\/2023\/06\/mineur-interpelle-apres-lincendie-a-detruit-30-hectares-de-foret-a-bois-de-champ\/#article\",\"isPartOf\":{\"@id\":\"https:\/\/vosgesinfo.fr\/epinalinfo\/2023\/06\/mineur-interpelle-apres-lincendie-a-detruit-30-hectares-de-foret-a-bois-de-champ\/\"},\"author\":{\"name\":\"C.K.\",\"@id\":\"https:\/\/vosgesinfo.fr\/epinalinfo\/#\/schema\/person\/6f9a650eeea99d969b6c4ab78fccbe81\"},\"headline\":\"Un mineur interpell\u00e9 apr\u00e8s l&rsquo;incendie qui a d\u00e9truit 30 hectares de for\u00eat \u00e0 Bois-de-Champ\",\"datePublished\":\"2023-06-23T03:53:37+00:00\",\"dateModified\":\"2024-02-27T17:06:50+00:00\",\"mainEntityOfPage\":{\"@id\":\"https:\/\/vosgesinfo.fr\/epinalinfo\/2023\/06\/mineur-interpelle-apres-lincendie-a-detruit-30-hectares-de-foret-a-bois-de-champ\/\"},\"wordCount\":287,\"commentCount\":0,\"publisher\":{\"@id\":\"https:\/\/vosgesinfo.fr\/epinalinfo\/#organization\"},\"image\":{\"@id\":\"https:\/\/vosgesinfo.fr\/epinalinfo\/2023\/06\/mineur-interpelle-apres-lincendie-a-detruit-30-hectares-de-foret-a-bois-de-champ\/#primaryimage\"},\"thumbnailUrl\":\"https:\/\/vosgesinfo.fr\/app\/uploads\/sites\/3\/2023\/06\/feu-de-foret-bois-de-champ3.jpg\",\"articleSection\":[\"A la Une\",\"Faits-divers\",\"Vosges\"],\"inLanguage\":\"fr-FR\",\"potentialAction\":[{\"@type\":\"CommentAction\",\"name\":\"Comment\",\"target\":[\"https:\/\/vosgesinfo.fr\/epinalinfo\/2023\/06\/mineur-interpelle-apres-lincendie-a-detruit-30-hectares-de-foret-a-bois-de-champ\/#respond\"]}]},{\"@type\":\"WebPage\",\"@id\":\"https:\/\/vosgesinfo.fr\/epinalinfo\/2023\/06\/mineur-interpelle-apres-lincendie-a-detruit-30-hectares-de-foret-a-bois-de-champ\/\",\"url\":\"https:\/\/vosgesinfo.fr\/epinalinfo\/2023\/06\/mineur-interpelle-apres-lincendie-a-detruit-30-hectares-de-foret-a-bois-de-champ\/\",\"name\":\"Un mineur interpell\u00e9 apr\u00e8s l'incendie qui a d\u00e9truit 30 hectares de for\u00eat \u00e0 Bois-de-Champ - Epinal Info\",\"isPartOf\":{\"@id\":\"https:\/\/vosgesinfo.fr\/epinalinfo\/#website\"},\"primaryImageOfPage\":{\"@id\":\"https:\/\/vosgesinfo.fr\/epinalinfo\/2023\/06\/mineur-interpelle-apres-lincendie-a-detruit-30-hectares-de-foret-a-bois-de-champ\/#primaryimage\"},\"image\":{\"@id\":\"https:\/\/vosgesinfo.fr\/epinalinfo\/2023\/06\/mineur-interpelle-apres-lincendie-a-detruit-30-hectares-de-foret-a-bois-de-champ\/#primaryimage\"},\"thumbnailUrl\":\"https:\/\/vosgesinfo.fr\/app\/uploads\/sites\/3\/2023\/06\/feu-de-foret-bois-de-champ3.jpg\",\"datePublished\":\"2023-06-23T03:53:37+00:00\",\"dateModified\":\"2024-02-27T17:06:50+00:00\",\"breadcrumb\":{\"@id\":\"https:\/\/vosgesinfo.fr\/epinalinfo\/2023\/06\/mineur-interpelle-apres-lincendie-a-detruit-30-hectares-de-foret-a-bois-de-champ\/#breadcrumb\"},\"inLanguage\":\"fr-FR\",\"potentialAction\":[{\"@type\":\"ReadAction\",\"target\":[\"https:\/\/vosgesinfo.fr\/epinalinfo\/2023\/06\/mineur-interpelle-apres-lincendie-a-detruit-30-hectares-de-foret-a-bois-de-champ\/\"]}]},{\"@type\":\"ImageObject\",\"inLanguage\":\"fr-FR\",\"@id\":\"https:\/\/vosgesinfo.fr\/epinalinfo\/2023\/06\/mineur-interpelle-apres-lincendie-a-detruit-30-hectares-de-foret-a-bois-de-champ\/#primaryimage\",\"url\":\"https:\/\/vosgesinfo.fr\/app\/uploads\/sites\/3\/2023\/06\/feu-de-foret-bois-de-champ3.jpg\",\"contentUrl\":\"https:\/\/vosgesinfo.fr\/app\/uploads\/sites\/3\/2023\/06\/feu-de-foret-bois-de-champ3.jpg\"},{\"@type\":\"BreadcrumbList\",\"@id\":\"https:\/\/vosgesinfo.fr\/epinalinfo\/2023\/06\/mineur-interpelle-apres-lincendie-a-detruit-30-hectares-de-foret-a-bois-de-champ\/#breadcrumb\",\"itemListElement\":[{\"@type\":\"ListItem\",\"position\":1,\"name\":\"Home\",\"item\":\"https:\/\/vosgesinfo.fr\/epinalinfo\/\"},{\"@type\":\"ListItem\",\"position\":2,\"name\":\"Un mineur interpell\u00e9 apr\u00e8s l&rsquo;incendie qui a d\u00e9truit 30 hectares de for\u00eat \u00e0 Bois-de-Champ\"}]},{\"@type\":\"WebSite\",\"@id\":\"https:\/\/vosgesinfo.fr\/epinalinfo\/#website\",\"url\":\"https:\/\/vosgesinfo.fr\/epinalinfo\/\",\"name\":\"Epinal Info\",\"description\":\"Toute l&#039;actualit\u00e9 d&#039;\u00c9pinal\",\"publisher\":{\"@id\":\"https:\/\/vosgesinfo.fr\/epinalinfo\/#organization\"},\"alternateName\":\"Toute l'actualit\u00e9 d'\u00c9pinal\",\"potentialAction\":[{\"@type\":\"SearchAction\",\"target\":{\"@type\":\"EntryPoint\",\"urlTemplate\":\"https:\/\/vosgesinfo.fr\/epinalinfo\/?s={search_term_string}\"},\"query-input\":\"required name=search_term_string\"}],\"inLanguage\":\"fr-FR\"},{\"@type\":\"Organization\",\"@id\":\"https:\/\/vosgesinfo.fr\/epinalinfo\/#organization\",\"name\":\"Epinal Info\",\"url\":\"https:\/\/vosgesinfo.fr\/epinalinfo\/\",\"logo\":{\"@type\":\"ImageObject\",\"inLanguage\":\"fr-FR\",\"@id\":\"https:\/\/vosgesinfo.fr\/epinalinfo\/#\/schema\/logo\/image\/\",\"url\":\"https:\/\/vosgesinfo.fr\/app\/uploads\/sites\/3\/2023\/08\/logo-epinalinfos.svg\",\"contentUrl\":\"https:\/\/vosgesinfo.fr\/app\/uploads\/sites\/3\/2023\/08\/logo-epinalinfos.svg\",\"width\":1,\"height\":1,\"caption\":\"Epinal Info\"},\"image\":{\"@id\":\"https:\/\/vosgesinfo.fr\/epinalinfo\/#\/schema\/logo\/image\/\"},\"sameAs\":[\"https:\/\/www.facebook.com\/Epinalinfos\",\"https:\/\/x.com\/VosgesInfo88\",\"https:\/\/www.youtube.com\/@vosgesinfo\"]},{\"@type\":\"Person\",\"@id\":\"https:\/\/vosgesinfo.fr\/epinalinfo\/#\/schema\/person\/6f9a650eeea99d969b6c4ab78fccbe81\",\"name\":\"C.K.\",\"image\":{\"@type\":\"ImageObject\",\"inLanguage\":\"fr-FR\",\"@id\":\"https:\/\/vosgesinfo.fr\/epinalinfo\/#\/schema\/person\/image\/\",\"url\":\"https:\/\/secure.gravatar.com\/avatar\/48e3fc7f8421ba8942be6b74a2b7f014ca39bc00dece156b7a8e098ae7dc87bf?s=96&d=mm&r=g\",\"contentUrl\":\"https:\/\/secure.gravatar.com\/avatar\/48e3fc7f8421ba8942be6b74a2b7f014ca39bc00dece156b7a8e098ae7dc87bf?s=96&d=mm&r=g\",\"caption\":\"C.K.\"},\"url\":\"https:\/\/vosgesinfo.fr\/epinalinfo\/author\/celia-k-n\/\"}]}<\/script>\n<!-- \/ Yoast SEO plugin. -->","yoast_head_json":{"title":"Un mineur interpell\u00e9 apr\u00e8s l'incendie qui a d\u00e9truit 30 hectares de for\u00eat \u00e0 Bois-de-Champ - Epinal Info","robots":{"index":"index","follow":"follow","max-snippet":"max-snippet:-1","max-image-preview":"max-image-preview:large","max-video-preview":"max-video-preview:-1"},"canonical":"https:\/\/vosgesinfo.fr\/epinalinfo\/2023\/06\/mineur-interpelle-apres-lincendie-a-detruit-30-hectares-de-foret-a-bois-de-champ\/","twitter_card":"summary_large_image","twitter_title":"Un mineur interpell\u00e9 apr\u00e8s l'incendie qui a d\u00e9truit 30 hectares de for\u00eat \u00e0 Bois-de-Champ - Epinal Info","twitter_description":"Une enqu\u00eate est en cours apr\u00e8s l&rsquo;incendie qui a d\u00e9truit 30 hectares de for\u00eat \u00e0 Bois-de-Champ, dans les Vosges. Un [&hellip;]","twitter_image":"https:\/\/vosgesinfo.fr\/app\/uploads\/sites\/3\/2023\/06\/feu-de-foret-bois-de-champ3.jpg","twitter_creator":"@VosgesInfo88","twitter_site":"@VosgesInfo88","twitter_misc":{"\u00c9crit par":"C.K.","Dur\u00e9e de lecture estim\u00e9e":"1 minute"},"schema":{"@context":"https:\/\/schema.org","@graph":[{"@type":"Article","@id":"https:\/\/vosgesinfo.fr\/epinalinfo\/2023\/06\/mineur-interpelle-apres-lincendie-a-detruit-30-hectares-de-foret-a-bois-de-champ\/#article","isPartOf":{"@id":"https:\/\/vosgesinfo.fr\/epinalinfo\/2023\/06\/mineur-interpelle-apres-lincendie-a-detruit-30-hectares-de-foret-a-bois-de-champ\/"},"author":{"name":"C.K.","@id":"https:\/\/vosgesinfo.fr\/epinalinfo\/#\/schema\/person\/6f9a650eeea99d969b6c4ab78fccbe81"},"headline":"Un mineur interpell\u00e9 apr\u00e8s l&rsquo;incendie qui a d\u00e9truit 30 hectares de for\u00eat \u00e0 Bois-de-Champ","datePublished":"2023-06-23T03:53:37+00:00","dateModified":"2024-02-27T17:06:50+00:00","mainEntityOfPage":{"@id":"https:\/\/vosgesinfo.fr\/epinalinfo\/2023\/06\/mineur-interpelle-apres-lincendie-a-detruit-30-hectares-de-foret-a-bois-de-champ\/"},"wordCount":287,"commentCount":0,"publisher":{"@id":"https:\/\/vosgesinfo.fr\/epinalinfo\/#organization"},"image":{"@id":"https:\/\/vosgesinfo.fr\/epinalinfo\/2023\/06\/mineur-interpelle-apres-lincendie-a-detruit-30-hectares-de-foret-a-bois-de-champ\/#primaryimage"},"thumbnailUrl":"https:\/\/vosgesinfo.fr\/app\/uploads\/sites\/3\/2023\/06\/feu-de-foret-bois-de-champ3.jpg","articleSection":["A la Une","Faits-divers","Vosges"],"inLanguage":"fr-FR","potentialAction":[{"@type":"CommentAction","name":"Comment","target":["https:\/\/vosgesinfo.fr\/epinalinfo\/2023\/06\/mineur-interpelle-apres-lincendie-a-detruit-30-hectares-de-foret-a-bois-de-champ\/#respond"]}]},{"@type":"WebPage","@id":"https:\/\/vosgesinfo.fr\/epinalinfo\/2023\/06\/mineur-interpelle-apres-lincendie-a-detruit-30-hectares-de-foret-a-bois-de-champ\/","url":"https:\/\/vosgesinfo.fr\/epinalinfo\/2023\/06\/mineur-interpelle-apres-lincendie-a-detruit-30-hectares-de-foret-a-bois-de-champ\/","name":"Un mineur interpell\u00e9 apr\u00e8s l'incendie qui a d\u00e9truit 30 hectares de for\u00eat \u00e0 Bois-de-Champ - Epinal Info","isPartOf":{"@id":"https:\/\/vosgesinfo.fr\/epinalinfo\/#website"},"primaryImageOfPage":{"@id":"https:\/\/vosgesinfo.fr\/epinalinfo\/2023\/06\/mineur-interpelle-apres-lincendie-a-detruit-30-hectares-de-foret-a-bois-de-champ\/#primaryimage"},"image":{"@id":"https:\/\/vosgesinfo.fr\/epinalinfo\/2023\/06\/mineur-interpelle-apres-lincendie-a-detruit-30-hectares-de-foret-a-bois-de-champ\/#primaryimage"},"thumbnailUrl":"https:\/\/vosgesinfo.fr\/app\/uploads\/sites\/3\/2023\/06\/feu-de-foret-bois-de-champ3.jpg","datePublished":"2023-06-23T03:53:37+00:00","dateModified":"2024-02-27T17:06:50+00:00","breadcrumb":{"@id":"https:\/\/vosgesinfo.fr\/epinalinfo\/2023\/06\/mineur-interpelle-apres-lincendie-a-detruit-30-hectares-de-foret-a-bois-de-champ\/#breadcrumb"},"inLanguage":"fr-FR","potentialAction":[{"@type":"ReadAction","target":["https:\/\/vosgesinfo.fr\/epinalinfo\/2023\/06\/mineur-interpelle-apres-lincendie-a-detruit-30-hectares-de-foret-a-bois-de-champ\/"]}]},{"@type":"ImageObject","inLanguage":"fr-FR","@id":"https:\/\/vosgesinfo.fr\/epinalinfo\/2023\/06\/mineur-interpelle-apres-lincendie-a-detruit-30-hectares-de-foret-a-bois-de-champ\/#primaryimage","url":"https:\/\/vosgesinfo.fr\/app\/uploads\/sites\/3\/2023\/06\/feu-de-foret-bois-de-champ3.jpg","contentUrl":"https:\/\/vosgesinfo.fr\/app\/uploads\/sites\/3\/2023\/06\/feu-de-foret-bois-de-champ3.jpg"},{"@type":"BreadcrumbList","@id":"https:\/\/vosgesinfo.fr\/epinalinfo\/2023\/06\/mineur-interpelle-apres-lincendie-a-detruit-30-hectares-de-foret-a-bois-de-champ\/#breadcrumb","itemListElement":[{"@type":"ListItem","position":1,"name":"Home","item":"https:\/\/vosgesinfo.fr\/epinalinfo\/"},{"@type":"ListItem","position":2,"name":"Un mineur interpell\u00e9 apr\u00e8s l&rsquo;incendie qui a d\u00e9truit 30 hectares de for\u00eat \u00e0 Bois-de-Champ"}]},{"@type":"WebSite","@id":"https:\/\/vosgesinfo.fr\/epinalinfo\/#website","url":"https:\/\/vosgesinfo.fr\/epinalinfo\/","name":"Epinal Info","description":"Toute l&#039;actualit\u00e9 d&#039;\u00c9pinal","publisher":{"@id":"https:\/\/vosgesinfo.fr\/epinalinfo\/#organization"},"alternateName":"Toute l'actualit\u00e9 d'\u00c9pinal","potentialAction":[{"@type":"SearchAction","target":{"@type":"EntryPoint","urlTemplate":"https:\/\/vosgesinfo.fr\/epinalinfo\/?s={search_term_string}"},"query-input":"required name=search_term_string"}],"inLanguage":"fr-FR"},{"@type":"Organization","@id":"https:\/\/vosgesinfo.fr\/epinalinfo\/#organization","name":"Epinal Info","url":"https:\/\/vosgesinfo.fr\/epinalinfo\/","logo":{"@type":"ImageObject","inLanguage":"fr-FR","@id":"https:\/\/vosgesinfo.fr\/epinalinfo\/#\/schema\/logo\/image\/","url":"https:\/\/vosgesinfo.fr\/app\/uploads\/sites\/3\/2023\/08\/logo-epinalinfos.svg","contentUrl":"https:\/\/vosgesinfo.fr\/app\/uploads\/sites\/3\/2023\/08\/logo-epinalinfos.svg","width":1,"height":1,"caption":"Epinal Info"},"image":{"@id":"https:\/\/vosgesinfo.fr\/epinalinfo\/#\/schema\/logo\/image\/"},"sameAs":["https:\/\/www.facebook.com\/Epinalinfos","https:\/\/x.com\/VosgesInfo88","https:\/\/www.youtube.com\/@vosgesinfo"]},{"@type":"Person","@id":"https:\/\/vosgesinfo.fr\/epinalinfo\/#\/schema\/person\/6f9a650eeea99d969b6c4ab78fccbe81","name":"C.K.","image":{"@type":"ImageObject","inLanguage":"fr-FR","@id":"https:\/\/vosgesinfo.fr\/epinalinfo\/#\/schema\/person\/image\/","url":"https:\/\/secure.gravatar.com\/avatar\/48e3fc7f8421ba8942be6b74a2b7f014ca39bc00dece156b7a8e098ae7dc87bf?s=96&d=mm&r=g","contentUrl":"https:\/\/secure.gravatar.com\/avatar\/48e3fc7f8421ba8942be6b74a2b7f014ca39bc00dece156b7a8e098ae7dc87bf?s=96&d=mm&r=g","caption":"C.K."},"url":"https:\/\/vosgesinfo.fr\/epinalinfo\/author\/celia-k-n\/"}]}},"_links":{"self":[{"href":"https:\/\/vosgesinfo.fr\/epinalinfo\/wp-json\/wp\/v2\/posts\/30634","targetHints":{"allow":["GET"]}}],"collection":[{"href":"https:\/\/vosgesinfo.fr\/epinalinfo\/wp-json\/wp\/v2\/posts"}],"about":[{"href":"https:\/\/vosgesinfo.fr\/epinalinfo\/wp-json\/wp\/v2\/types\/post"}],"author":[{"embeddable":true,"href":"https:\/\/vosgesinfo.fr\/epinalinfo\/wp-json\/wp\/v2\/users\/52"}],"replies":[{"embeddable":true,"href":"https:\/\/vosgesinfo.fr\/epinalinfo\/wp-json\/wp\/v2\/comments?post=30634"}],"version-history":[{"count":1,"href":"https:\/\/vosgesinfo.fr\/epinalinfo\/wp-json\/wp\/v2\/posts\/30634\/revisions"}],"predecessor-version":[{"id":36935,"href":"https:\/\/vosgesinfo.fr\/epinalinfo\/wp-json\/wp\/v2\/posts\/30634\/revisions\/36935"}],"wp:featuredmedia":[{"embeddable":true,"href":"https:\/\/vosgesinfo.fr\/epinalinfo\/wp-json\/wp\/v2\/media\/30255"}],"wp:attachment":[{"href":"https:\/\/vosgesinfo.fr\/epinalinfo\/wp-json\/wp\/v2\/media?parent=30634"}],"wp:term":[{"taxonomy":"category","embeddable":true,"href":"https:\/\/vosgesinfo.fr\/epinalinfo\/wp-json\/wp\/v2\/categories?post=30634"},{"taxonomy":"post_tag","embeddable":true,"href":"https:\/\/vosgesinfo.fr\/epinalinfo\/wp-json\/wp\/v2\/tags?post=30634"}],"curies":[{"name":"wp","href":"https:\/\/api.w.org\/{rel}","templated":true}]}}