{"id":31060,"date":"2023-07-06T17:48:35","date_gmt":"2023-07-06T15:48:35","guid":{"rendered":"https:\/\/vosgesinfo.fr\/epinalinfo\/2023\/07\/raccordement-a-fibre-villes-depinal-golbey-invitent-orange-a-presenter-solutions\/"},"modified":"2024-02-27T18:07:55","modified_gmt":"2024-02-27T17:07:55","slug":"raccordement-a-fibre-villes-depinal-golbey-invitent-orange-a-presenter-solutions","status":"publish","type":"post","link":"https:\/\/vosgesinfo.fr\/epinalinfo\/2023\/07\/raccordement-a-fibre-villes-depinal-golbey-invitent-orange-a-presenter-solutions\/","title":{"rendered":"Raccordement \u00e0 la fibre : Les villes d&rsquo;Epinal et Golbey invitent Orange \u00e0 pr\u00e9senter ses solutions"},"content":{"rendered":"<p><a href=\"https:\/\/epinalinfos.fr\/wp-content\/uploads\/2023\/01\/Fibre_Optique-800x424.jpg\"><img decoding=\"async\" class=\"aligncenter size-large wp-image-213547\" src=\"https:\/\/vosgesinfo.fr\/app\/uploads\/sites\/3\/2023\/01\/fibre-optique-800x424-800x424-1.jpg\" alt=\"Fibre_Optique-800x424\" width=\"800\" height=\"424\" \/><\/a>Face aux difficult\u00e9s rencontr\u00e9es par certains habitants pour se raccorder \u00e0 la fibre, les maires d\u2019Epinal et Golbey organisent une r\u00e9union publique en pr\u00e9sence des repr\u00e9sentants de la soci\u00e9t\u00e9 Orange et de leurs partenaires afin que ceux-ci proposent des solutions.<\/p>\n<p class=\"x_xmsonormal\">Une r\u00e9union publique concernant le d\u00e9ploiement de la fibre sur notre territoire aura lieu le <b><u>12 juillet \u00e0 19h \u00e0 l\u2019Espace Cours.<\/u><\/b><\/p>\n<p class=\"x_xmsonormal\">\n","protected":false},"excerpt":{"rendered":"<p>Face aux difficult\u00e9s rencontr\u00e9es par certains habitants pour se raccorder \u00e0 la fibre, les maires d\u2019Epinal et Golbey organisent une [&hellip;]<\/p>\n","protected":false},"author":52,"featured_media":25792,"comment_status":"open","ping_status":"open","sticky":false,"template":"","format":"standard","meta":{"footnotes":""},"categories":[22,24,148],"tags":[],"class_list":["post-31060","post","type-post","status-publish","format-standard","has-post-thumbnail","hentry","category-a-la-une","category-epinal","category-golbey"],"acf":[],"yoast_head":"<!-- This site is optimized with the Yoast SEO plugin v22.5 - https:\/\/yoast.com\/wordpress\/plugins\/seo\/ -->\n<title>Raccordement \u00e0 la fibre : Les villes d&#039;Epinal et Golbey invitent Orange \u00e0 pr\u00e9senter ses solutions - Epinal Info<\/title>\n<meta name=\"robots\" content=\"index, follow, max-snippet:-1, max-image-preview:large, max-video-preview:-1\" \/>\n<link rel=\"canonical\" href=\"https:\/\/vosgesinfo.fr\/epinalinfo\/2023\/07\/raccordement-a-fibre-villes-depinal-golbey-invitent-orange-a-presenter-solutions\/\" \/>\n<meta name=\"twitter:card\" content=\"summary_large_image\" \/>\n<meta name=\"twitter:title\" content=\"Raccordement \u00e0 la fibre : Les villes d&#039;Epinal et Golbey invitent Orange \u00e0 pr\u00e9senter ses solutions - Epinal Info\" \/>\n<meta name=\"twitter:description\" content=\"Face aux difficult\u00e9s rencontr\u00e9es par certains habitants pour se raccorder \u00e0 la fibre, les maires d\u2019Epinal et Golbey organisent une [&hellip;]\" \/>\n<meta name=\"twitter:image\" content=\"https:\/\/vosgesinfo.fr\/app\/uploads\/sites\/3\/2023\/01\/fibre-optique-800x424-1.jpg\" \/>\n<meta name=\"twitter:creator\" content=\"@VosgesInfo88\" \/>\n<meta name=\"twitter:site\" content=\"@VosgesInfo88\" \/>\n<meta name=\"twitter:label1\" content=\"\u00c9crit par\" \/>\n\t<meta name=\"twitter:data1\" content=\"C.K.\" \/>\n<script type=\"application\/ld+json\" class=\"yoast-schema-graph\">{\"@context\":\"https:\/\/schema.org\",\"@graph\":[{\"@type\":\"Article\",\"@id\":\"https:\/\/vosgesinfo.fr\/epinalinfo\/2023\/07\/raccordement-a-fibre-villes-depinal-golbey-invitent-orange-a-presenter-solutions\/#article\",\"isPartOf\":{\"@id\":\"https:\/\/vosgesinfo.fr\/epinalinfo\/2023\/07\/raccordement-a-fibre-villes-depinal-golbey-invitent-orange-a-presenter-solutions\/\"},\"author\":{\"name\":\"C.K.\",\"@id\":\"https:\/\/vosgesinfo.fr\/epinalinfo\/#\/schema\/person\/6f9a650eeea99d969b6c4ab78fccbe81\"},\"headline\":\"Raccordement \u00e0 la fibre : Les villes d&rsquo;Epinal et Golbey invitent Orange \u00e0 pr\u00e9senter ses solutions\",\"datePublished\":\"2023-07-06T15:48:35+00:00\",\"dateModified\":\"2024-02-27T17:07:55+00:00\",\"mainEntityOfPage\":{\"@id\":\"https:\/\/vosgesinfo.fr\/epinalinfo\/2023\/07\/raccordement-a-fibre-villes-depinal-golbey-invitent-orange-a-presenter-solutions\/\"},\"wordCount\":83,\"commentCount\":0,\"publisher\":{\"@id\":\"https:\/\/vosgesinfo.fr\/epinalinfo\/#organization\"},\"image\":{\"@id\":\"https:\/\/vosgesinfo.fr\/epinalinfo\/2023\/07\/raccordement-a-fibre-villes-depinal-golbey-invitent-orange-a-presenter-solutions\/#primaryimage\"},\"thumbnailUrl\":\"https:\/\/vosgesinfo.fr\/app\/uploads\/sites\/3\/2023\/01\/fibre-optique-800x424-1.jpg\",\"articleSection\":[\"A la Une\",\"Epinal\",\"Golbey\"],\"inLanguage\":\"fr-FR\",\"potentialAction\":[{\"@type\":\"CommentAction\",\"name\":\"Comment\",\"target\":[\"https:\/\/vosgesinfo.fr\/epinalinfo\/2023\/07\/raccordement-a-fibre-villes-depinal-golbey-invitent-orange-a-presenter-solutions\/#respond\"]}]},{\"@type\":\"WebPage\",\"@id\":\"https:\/\/vosgesinfo.fr\/epinalinfo\/2023\/07\/raccordement-a-fibre-villes-depinal-golbey-invitent-orange-a-presenter-solutions\/\",\"url\":\"https:\/\/vosgesinfo.fr\/epinalinfo\/2023\/07\/raccordement-a-fibre-villes-depinal-golbey-invitent-orange-a-presenter-solutions\/\",\"name\":\"Raccordement \u00e0 la fibre : Les villes d'Epinal et Golbey invitent Orange \u00e0 pr\u00e9senter ses solutions - Epinal Info\",\"isPartOf\":{\"@id\":\"https:\/\/vosgesinfo.fr\/epinalinfo\/#website\"},\"primaryImageOfPage\":{\"@id\":\"https:\/\/vosgesinfo.fr\/epinalinfo\/2023\/07\/raccordement-a-fibre-villes-depinal-golbey-invitent-orange-a-presenter-solutions\/#primaryimage\"},\"image\":{\"@id\":\"https:\/\/vosgesinfo.fr\/epinalinfo\/2023\/07\/raccordement-a-fibre-villes-depinal-golbey-invitent-orange-a-presenter-solutions\/#primaryimage\"},\"thumbnailUrl\":\"https:\/\/vosgesinfo.fr\/app\/uploads\/sites\/3\/2023\/01\/fibre-optique-800x424-1.jpg\",\"datePublished\":\"2023-07-06T15:48:35+00:00\",\"dateModified\":\"2024-02-27T17:07:55+00:00\",\"breadcrumb\":{\"@id\":\"https:\/\/vosgesinfo.fr\/epinalinfo\/2023\/07\/raccordement-a-fibre-villes-depinal-golbey-invitent-orange-a-presenter-solutions\/#breadcrumb\"},\"inLanguage\":\"fr-FR\",\"potentialAction\":[{\"@type\":\"ReadAction\",\"target\":[\"https:\/\/vosgesinfo.fr\/epinalinfo\/2023\/07\/raccordement-a-fibre-villes-depinal-golbey-invitent-orange-a-presenter-solutions\/\"]}]},{\"@type\":\"ImageObject\",\"inLanguage\":\"fr-FR\",\"@id\":\"https:\/\/vosgesinfo.fr\/epinalinfo\/2023\/07\/raccordement-a-fibre-villes-depinal-golbey-invitent-orange-a-presenter-solutions\/#primaryimage\",\"url\":\"https:\/\/vosgesinfo.fr\/app\/uploads\/sites\/3\/2023\/01\/fibre-optique-800x424-1.jpg\",\"contentUrl\":\"https:\/\/vosgesinfo.fr\/app\/uploads\/sites\/3\/2023\/01\/fibre-optique-800x424-1.jpg\"},{\"@type\":\"BreadcrumbList\",\"@id\":\"https:\/\/vosgesinfo.fr\/epinalinfo\/2023\/07\/raccordement-a-fibre-villes-depinal-golbey-invitent-orange-a-presenter-solutions\/#breadcrumb\",\"itemListElement\":[{\"@type\":\"ListItem\",\"position\":1,\"name\":\"Home\",\"item\":\"https:\/\/vosgesinfo.fr\/epinalinfo\/\"},{\"@type\":\"ListItem\",\"position\":2,\"name\":\"Raccordement \u00e0 la fibre : Les villes d&rsquo;Epinal et Golbey invitent Orange \u00e0 pr\u00e9senter ses solutions\"}]},{\"@type\":\"WebSite\",\"@id\":\"https:\/\/vosgesinfo.fr\/epinalinfo\/#website\",\"url\":\"https:\/\/vosgesinfo.fr\/epinalinfo\/\",\"name\":\"Epinal Info\",\"description\":\"Toute l&#039;actualit\u00e9 d&#039;\u00c9pinal\",\"publisher\":{\"@id\":\"https:\/\/vosgesinfo.fr\/epinalinfo\/#organization\"},\"alternateName\":\"Toute l'actualit\u00e9 d'\u00c9pinal\",\"potentialAction\":[{\"@type\":\"SearchAction\",\"target\":{\"@type\":\"EntryPoint\",\"urlTemplate\":\"https:\/\/vosgesinfo.fr\/epinalinfo\/?s={search_term_string}\"},\"query-input\":\"required name=search_term_string\"}],\"inLanguage\":\"fr-FR\"},{\"@type\":\"Organization\",\"@id\":\"https:\/\/vosgesinfo.fr\/epinalinfo\/#organization\",\"name\":\"Epinal Info\",\"url\":\"https:\/\/vosgesinfo.fr\/epinalinfo\/\",\"logo\":{\"@type\":\"ImageObject\",\"inLanguage\":\"fr-FR\",\"@id\":\"https:\/\/vosgesinfo.fr\/epinalinfo\/#\/schema\/logo\/image\/\",\"url\":\"https:\/\/vosgesinfo.fr\/app\/uploads\/sites\/3\/2023\/08\/logo-epinalinfos.svg\",\"contentUrl\":\"https:\/\/vosgesinfo.fr\/app\/uploads\/sites\/3\/2023\/08\/logo-epinalinfos.svg\",\"width\":1,\"height\":1,\"caption\":\"Epinal Info\"},\"image\":{\"@id\":\"https:\/\/vosgesinfo.fr\/epinalinfo\/#\/schema\/logo\/image\/\"},\"sameAs\":[\"https:\/\/www.facebook.com\/Epinalinfos\",\"https:\/\/x.com\/VosgesInfo88\",\"https:\/\/www.youtube.com\/@vosgesinfo\"]},{\"@type\":\"Person\",\"@id\":\"https:\/\/vosgesinfo.fr\/epinalinfo\/#\/schema\/person\/6f9a650eeea99d969b6c4ab78fccbe81\",\"name\":\"C.K.\",\"image\":{\"@type\":\"ImageObject\",\"inLanguage\":\"fr-FR\",\"@id\":\"https:\/\/vosgesinfo.fr\/epinalinfo\/#\/schema\/person\/image\/\",\"url\":\"https:\/\/secure.gravatar.com\/avatar\/48e3fc7f8421ba8942be6b74a2b7f014ca39bc00dece156b7a8e098ae7dc87bf?s=96&d=mm&r=g\",\"contentUrl\":\"https:\/\/secure.gravatar.com\/avatar\/48e3fc7f8421ba8942be6b74a2b7f014ca39bc00dece156b7a8e098ae7dc87bf?s=96&d=mm&r=g\",\"caption\":\"C.K.\"},\"url\":\"https:\/\/vosgesinfo.fr\/epinalinfo\/author\/celia-k-n\/\"}]}<\/script>\n<!-- \/ Yoast SEO plugin. -->","yoast_head_json":{"title":"Raccordement \u00e0 la fibre : Les villes d'Epinal et Golbey invitent Orange \u00e0 pr\u00e9senter ses solutions - Epinal Info","robots":{"index":"index","follow":"follow","max-snippet":"max-snippet:-1","max-image-preview":"max-image-preview:large","max-video-preview":"max-video-preview:-1"},"canonical":"https:\/\/vosgesinfo.fr\/epinalinfo\/2023\/07\/raccordement-a-fibre-villes-depinal-golbey-invitent-orange-a-presenter-solutions\/","twitter_card":"summary_large_image","twitter_title":"Raccordement \u00e0 la fibre : Les villes d'Epinal et Golbey invitent Orange \u00e0 pr\u00e9senter ses solutions - Epinal Info","twitter_description":"Face aux difficult\u00e9s rencontr\u00e9es par certains habitants pour se raccorder \u00e0 la fibre, les maires d\u2019Epinal et Golbey organisent une [&hellip;]","twitter_image":"https:\/\/vosgesinfo.fr\/app\/uploads\/sites\/3\/2023\/01\/fibre-optique-800x424-1.jpg","twitter_creator":"@VosgesInfo88","twitter_site":"@VosgesInfo88","twitter_misc":{"\u00c9crit par":"C.K."},"schema":{"@context":"https:\/\/schema.org","@graph":[{"@type":"Article","@id":"https:\/\/vosgesinfo.fr\/epinalinfo\/2023\/07\/raccordement-a-fibre-villes-depinal-golbey-invitent-orange-a-presenter-solutions\/#article","isPartOf":{"@id":"https:\/\/vosgesinfo.fr\/epinalinfo\/2023\/07\/raccordement-a-fibre-villes-depinal-golbey-invitent-orange-a-presenter-solutions\/"},"author":{"name":"C.K.","@id":"https:\/\/vosgesinfo.fr\/epinalinfo\/#\/schema\/person\/6f9a650eeea99d969b6c4ab78fccbe81"},"headline":"Raccordement \u00e0 la fibre : Les villes d&rsquo;Epinal et Golbey invitent Orange \u00e0 pr\u00e9senter ses solutions","datePublished":"2023-07-06T15:48:35+00:00","dateModified":"2024-02-27T17:07:55+00:00","mainEntityOfPage":{"@id":"https:\/\/vosgesinfo.fr\/epinalinfo\/2023\/07\/raccordement-a-fibre-villes-depinal-golbey-invitent-orange-a-presenter-solutions\/"},"wordCount":83,"commentCount":0,"publisher":{"@id":"https:\/\/vosgesinfo.fr\/epinalinfo\/#organization"},"image":{"@id":"https:\/\/vosgesinfo.fr\/epinalinfo\/2023\/07\/raccordement-a-fibre-villes-depinal-golbey-invitent-orange-a-presenter-solutions\/#primaryimage"},"thumbnailUrl":"https:\/\/vosgesinfo.fr\/app\/uploads\/sites\/3\/2023\/01\/fibre-optique-800x424-1.jpg","articleSection":["A la Une","Epinal","Golbey"],"inLanguage":"fr-FR","potentialAction":[{"@type":"CommentAction","name":"Comment","target":["https:\/\/vosgesinfo.fr\/epinalinfo\/2023\/07\/raccordement-a-fibre-villes-depinal-golbey-invitent-orange-a-presenter-solutions\/#respond"]}]},{"@type":"WebPage","@id":"https:\/\/vosgesinfo.fr\/epinalinfo\/2023\/07\/raccordement-a-fibre-villes-depinal-golbey-invitent-orange-a-presenter-solutions\/","url":"https:\/\/vosgesinfo.fr\/epinalinfo\/2023\/07\/raccordement-a-fibre-villes-depinal-golbey-invitent-orange-a-presenter-solutions\/","name":"Raccordement \u00e0 la fibre : Les villes d'Epinal et Golbey invitent Orange \u00e0 pr\u00e9senter ses solutions - Epinal Info","isPartOf":{"@id":"https:\/\/vosgesinfo.fr\/epinalinfo\/#website"},"primaryImageOfPage":{"@id":"https:\/\/vosgesinfo.fr\/epinalinfo\/2023\/07\/raccordement-a-fibre-villes-depinal-golbey-invitent-orange-a-presenter-solutions\/#primaryimage"},"image":{"@id":"https:\/\/vosgesinfo.fr\/epinalinfo\/2023\/07\/raccordement-a-fibre-villes-depinal-golbey-invitent-orange-a-presenter-solutions\/#primaryimage"},"thumbnailUrl":"https:\/\/vosgesinfo.fr\/app\/uploads\/sites\/3\/2023\/01\/fibre-optique-800x424-1.jpg","datePublished":"2023-07-06T15:48:35+00:00","dateModified":"2024-02-27T17:07:55+00:00","breadcrumb":{"@id":"https:\/\/vosgesinfo.fr\/epinalinfo\/2023\/07\/raccordement-a-fibre-villes-depinal-golbey-invitent-orange-a-presenter-solutions\/#breadcrumb"},"inLanguage":"fr-FR","potentialAction":[{"@type":"ReadAction","target":["https:\/\/vosgesinfo.fr\/epinalinfo\/2023\/07\/raccordement-a-fibre-villes-depinal-golbey-invitent-orange-a-presenter-solutions\/"]}]},{"@type":"ImageObject","inLanguage":"fr-FR","@id":"https:\/\/vosgesinfo.fr\/epinalinfo\/2023\/07\/raccordement-a-fibre-villes-depinal-golbey-invitent-orange-a-presenter-solutions\/#primaryimage","url":"https:\/\/vosgesinfo.fr\/app\/uploads\/sites\/3\/2023\/01\/fibre-optique-800x424-1.jpg","contentUrl":"https:\/\/vosgesinfo.fr\/app\/uploads\/sites\/3\/2023\/01\/fibre-optique-800x424-1.jpg"},{"@type":"BreadcrumbList","@id":"https:\/\/vosgesinfo.fr\/epinalinfo\/2023\/07\/raccordement-a-fibre-villes-depinal-golbey-invitent-orange-a-presenter-solutions\/#breadcrumb","itemListElement":[{"@type":"ListItem","position":1,"name":"Home","item":"https:\/\/vosgesinfo.fr\/epinalinfo\/"},{"@type":"ListItem","position":2,"name":"Raccordement \u00e0 la fibre : Les villes d&rsquo;Epinal et Golbey invitent Orange \u00e0 pr\u00e9senter ses solutions"}]},{"@type":"WebSite","@id":"https:\/\/vosgesinfo.fr\/epinalinfo\/#website","url":"https:\/\/vosgesinfo.fr\/epinalinfo\/","name":"Epinal Info","description":"Toute l&#039;actualit\u00e9 d&#039;\u00c9pinal","publisher":{"@id":"https:\/\/vosgesinfo.fr\/epinalinfo\/#organization"},"alternateName":"Toute l'actualit\u00e9 d'\u00c9pinal","potentialAction":[{"@type":"SearchAction","target":{"@type":"EntryPoint","urlTemplate":"https:\/\/vosgesinfo.fr\/epinalinfo\/?s={search_term_string}"},"query-input":"required name=search_term_string"}],"inLanguage":"fr-FR"},{"@type":"Organization","@id":"https:\/\/vosgesinfo.fr\/epinalinfo\/#organization","name":"Epinal Info","url":"https:\/\/vosgesinfo.fr\/epinalinfo\/","logo":{"@type":"ImageObject","inLanguage":"fr-FR","@id":"https:\/\/vosgesinfo.fr\/epinalinfo\/#\/schema\/logo\/image\/","url":"https:\/\/vosgesinfo.fr\/app\/uploads\/sites\/3\/2023\/08\/logo-epinalinfos.svg","contentUrl":"https:\/\/vosgesinfo.fr\/app\/uploads\/sites\/3\/2023\/08\/logo-epinalinfos.svg","width":1,"height":1,"caption":"Epinal Info"},"image":{"@id":"https:\/\/vosgesinfo.fr\/epinalinfo\/#\/schema\/logo\/image\/"},"sameAs":["https:\/\/www.facebook.com\/Epinalinfos","https:\/\/x.com\/VosgesInfo88","https:\/\/www.youtube.com\/@vosgesinfo"]},{"@type":"Person","@id":"https:\/\/vosgesinfo.fr\/epinalinfo\/#\/schema\/person\/6f9a650eeea99d969b6c4ab78fccbe81","name":"C.K.","image":{"@type":"ImageObject","inLanguage":"fr-FR","@id":"https:\/\/vosgesinfo.fr\/epinalinfo\/#\/schema\/person\/image\/","url":"https:\/\/secure.gravatar.com\/avatar\/48e3fc7f8421ba8942be6b74a2b7f014ca39bc00dece156b7a8e098ae7dc87bf?s=96&d=mm&r=g","contentUrl":"https:\/\/secure.gravatar.com\/avatar\/48e3fc7f8421ba8942be6b74a2b7f014ca39bc00dece156b7a8e098ae7dc87bf?s=96&d=mm&r=g","caption":"C.K."},"url":"https:\/\/vosgesinfo.fr\/epinalinfo\/author\/celia-k-n\/"}]}},"_links":{"self":[{"href":"https:\/\/vosgesinfo.fr\/epinalinfo\/wp-json\/wp\/v2\/posts\/31060","targetHints":{"allow":["GET"]}}],"collection":[{"href":"https:\/\/vosgesinfo.fr\/epinalinfo\/wp-json\/wp\/v2\/posts"}],"about":[{"href":"https:\/\/vosgesinfo.fr\/epinalinfo\/wp-json\/wp\/v2\/types\/post"}],"author":[{"embeddable":true,"href":"https:\/\/vosgesinfo.fr\/epinalinfo\/wp-json\/wp\/v2\/users\/52"}],"replies":[{"embeddable":true,"href":"https:\/\/vosgesinfo.fr\/epinalinfo\/wp-json\/wp\/v2\/comments?post=31060"}],"version-history":[{"count":1,"href":"https:\/\/vosgesinfo.fr\/epinalinfo\/wp-json\/wp\/v2\/posts\/31060\/revisions"}],"predecessor-version":[{"id":37036,"href":"https:\/\/vosgesinfo.fr\/epinalinfo\/wp-json\/wp\/v2\/posts\/31060\/revisions\/37036"}],"wp:featuredmedia":[{"embeddable":true,"href":"https:\/\/vosgesinfo.fr\/epinalinfo\/wp-json\/wp\/v2\/media\/25792"}],"wp:attachment":[{"href":"https:\/\/vosgesinfo.fr\/epinalinfo\/wp-json\/wp\/v2\/media?parent=31060"}],"wp:term":[{"taxonomy":"category","embeddable":true,"href":"https:\/\/vosgesinfo.fr\/epinalinfo\/wp-json\/wp\/v2\/categories?post=31060"},{"taxonomy":"post_tag","embeddable":true,"href":"https:\/\/vosgesinfo.fr\/epinalinfo\/wp-json\/wp\/v2\/tags?post=31060"}],"curies":[{"name":"wp","href":"https:\/\/api.w.org\/{rel}","templated":true}]}}