{"id":31062,"date":"2023-07-06T18:04:55","date_gmt":"2023-07-06T16:04:55","guid":{"rendered":"https:\/\/vosgesinfo.fr\/epinalinfo\/2023\/07\/30-jeunes-collegiens-cadets-de-defense-ont-recu-diplome\/"},"modified":"2024-02-27T18:07:57","modified_gmt":"2024-02-27T17:07:57","slug":"30-jeunes-collegiens-cadets-de-defense-ont-recu-diplome","status":"publish","type":"post","link":"https:\/\/vosgesinfo.fr\/epinalinfo\/2023\/07\/30-jeunes-collegiens-cadets-de-defense-ont-recu-diplome\/","title":{"rendered":"30 jeunes coll\u00e9giens cadets de la D\u00e9fense ont re\u00e7u leur dipl\u00f4me"},"content":{"rendered":"<p><a href=\"https:\/\/epinalinfos.fr\/wp-content\/uploads\/2023\/07\/cadets-de-la-defense-vosges-10.jpg\"><img decoding=\"async\" class=\"aligncenter size-large wp-image-221556\" src=\"https:\/\/vosgesinfo.fr\/app\/uploads\/sites\/3\/2023\/07\/cadets-de-la-defense-vosges-10.jpg\" alt=\"cadets-de-la-defense-vosges (10)\" width=\"800\" height=\"450\" \/><\/a>Ce jeudi apr\u00e8s-midi,\u00a0dans le jardin de la pr\u00e9fecture \u00e0 Epinal,  avait lieu la c\u00e9r\u00e9monie de remise des dipl\u00f4mes aux cadets de la D\u00e9fense. Il s&rsquo;agit de la sixi\u00e8me promotion des cadets de La D\u00e9fense.<\/p>\n<p>Trente jeunes coll\u00e9giens en classe de troisi\u00e8me, venus des \u00e9tablissements d\u2019Epinal et Golbey, ont re\u00e7u leur dipl\u00f4me de fin de cycle. Deux m\u00e9dailles ont \u00e9t\u00e9 remises \u00e0 deux cadets.<\/p>\n\n","protected":false},"excerpt":{"rendered":"<p>Ce jeudi apr\u00e8s-midi,\u00a0dans le jardin de la pr\u00e9fecture \u00e0 Epinal, avait lieu la c\u00e9r\u00e9monie de remise des dipl\u00f4mes aux cadets [&hellip;]<\/p>\n","protected":false},"author":52,"featured_media":31063,"comment_status":"open","ping_status":"open","sticky":false,"template":"","format":"standard","meta":{"footnotes":""},"categories":[22,24,92,5],"tags":[2535,70,205,75],"class_list":["post-31062","post","type-post","status-publish","format-standard","has-post-thumbnail","hentry","category-a-la-une","category-epinal","category-securite","category-vosges","tag-cadets-de-la-defense","tag-epinal","tag-golbey","tag-vosges"],"acf":[],"yoast_head":"<!-- This site is optimized with the Yoast SEO plugin v22.5 - https:\/\/yoast.com\/wordpress\/plugins\/seo\/ -->\n<title>30 jeunes coll\u00e9giens cadets de la D\u00e9fense ont re\u00e7u leur dipl\u00f4me - Epinal Info<\/title>\n<meta name=\"robots\" content=\"index, follow, max-snippet:-1, max-image-preview:large, max-video-preview:-1\" \/>\n<link rel=\"canonical\" href=\"https:\/\/vosgesinfo.fr\/epinalinfo\/2023\/07\/30-jeunes-collegiens-cadets-de-defense-ont-recu-diplome\/\" \/>\n<meta name=\"twitter:card\" content=\"summary_large_image\" \/>\n<meta name=\"twitter:title\" content=\"30 jeunes coll\u00e9giens cadets de la D\u00e9fense ont re\u00e7u leur dipl\u00f4me - Epinal Info\" \/>\n<meta name=\"twitter:description\" content=\"Ce jeudi apr\u00e8s-midi,\u00a0dans le jardin de la pr\u00e9fecture \u00e0 Epinal, avait lieu la c\u00e9r\u00e9monie de remise des dipl\u00f4mes aux cadets [&hellip;]\" \/>\n<meta name=\"twitter:image\" content=\"https:\/\/vosgesinfo.fr\/app\/uploads\/sites\/3\/2023\/07\/cadets-de-la-defense-vosges-10.jpg\" \/>\n<meta name=\"twitter:creator\" content=\"@VosgesInfo88\" \/>\n<meta name=\"twitter:site\" content=\"@VosgesInfo88\" \/>\n<meta name=\"twitter:label1\" content=\"\u00c9crit par\" \/>\n\t<meta name=\"twitter:data1\" content=\"C.K.\" \/>\n<script type=\"application\/ld+json\" class=\"yoast-schema-graph\">{\"@context\":\"https:\/\/schema.org\",\"@graph\":[{\"@type\":\"Article\",\"@id\":\"https:\/\/vosgesinfo.fr\/epinalinfo\/2023\/07\/30-jeunes-collegiens-cadets-de-defense-ont-recu-diplome\/#article\",\"isPartOf\":{\"@id\":\"https:\/\/vosgesinfo.fr\/epinalinfo\/2023\/07\/30-jeunes-collegiens-cadets-de-defense-ont-recu-diplome\/\"},\"author\":{\"name\":\"C.K.\",\"@id\":\"https:\/\/vosgesinfo.fr\/epinalinfo\/#\/schema\/person\/6f9a650eeea99d969b6c4ab78fccbe81\"},\"headline\":\"30 jeunes coll\u00e9giens cadets de la D\u00e9fense ont re\u00e7u leur dipl\u00f4me\",\"datePublished\":\"2023-07-06T16:04:55+00:00\",\"dateModified\":\"2024-02-27T17:07:57+00:00\",\"mainEntityOfPage\":{\"@id\":\"https:\/\/vosgesinfo.fr\/epinalinfo\/2023\/07\/30-jeunes-collegiens-cadets-de-defense-ont-recu-diplome\/\"},\"wordCount\":101,\"commentCount\":0,\"publisher\":{\"@id\":\"https:\/\/vosgesinfo.fr\/epinalinfo\/#organization\"},\"image\":{\"@id\":\"https:\/\/vosgesinfo.fr\/epinalinfo\/2023\/07\/30-jeunes-collegiens-cadets-de-defense-ont-recu-diplome\/#primaryimage\"},\"thumbnailUrl\":\"https:\/\/vosgesinfo.fr\/app\/uploads\/sites\/3\/2023\/07\/cadets-de-la-defense-vosges-10.jpg\",\"keywords\":[\"Cadets de la D\u00e9fense\",\"Epinal\",\"Golbey\",\"vosges\"],\"articleSection\":[\"A la Une\",\"Epinal\",\"S\u00e9curit\u00e9\",\"Vosges\"],\"inLanguage\":\"fr-FR\",\"potentialAction\":[{\"@type\":\"CommentAction\",\"name\":\"Comment\",\"target\":[\"https:\/\/vosgesinfo.fr\/epinalinfo\/2023\/07\/30-jeunes-collegiens-cadets-de-defense-ont-recu-diplome\/#respond\"]}]},{\"@type\":\"WebPage\",\"@id\":\"https:\/\/vosgesinfo.fr\/epinalinfo\/2023\/07\/30-jeunes-collegiens-cadets-de-defense-ont-recu-diplome\/\",\"url\":\"https:\/\/vosgesinfo.fr\/epinalinfo\/2023\/07\/30-jeunes-collegiens-cadets-de-defense-ont-recu-diplome\/\",\"name\":\"30 jeunes coll\u00e9giens cadets de la D\u00e9fense ont re\u00e7u leur dipl\u00f4me - Epinal Info\",\"isPartOf\":{\"@id\":\"https:\/\/vosgesinfo.fr\/epinalinfo\/#website\"},\"primaryImageOfPage\":{\"@id\":\"https:\/\/vosgesinfo.fr\/epinalinfo\/2023\/07\/30-jeunes-collegiens-cadets-de-defense-ont-recu-diplome\/#primaryimage\"},\"image\":{\"@id\":\"https:\/\/vosgesinfo.fr\/epinalinfo\/2023\/07\/30-jeunes-collegiens-cadets-de-defense-ont-recu-diplome\/#primaryimage\"},\"thumbnailUrl\":\"https:\/\/vosgesinfo.fr\/app\/uploads\/sites\/3\/2023\/07\/cadets-de-la-defense-vosges-10.jpg\",\"datePublished\":\"2023-07-06T16:04:55+00:00\",\"dateModified\":\"2024-02-27T17:07:57+00:00\",\"breadcrumb\":{\"@id\":\"https:\/\/vosgesinfo.fr\/epinalinfo\/2023\/07\/30-jeunes-collegiens-cadets-de-defense-ont-recu-diplome\/#breadcrumb\"},\"inLanguage\":\"fr-FR\",\"potentialAction\":[{\"@type\":\"ReadAction\",\"target\":[\"https:\/\/vosgesinfo.fr\/epinalinfo\/2023\/07\/30-jeunes-collegiens-cadets-de-defense-ont-recu-diplome\/\"]}]},{\"@type\":\"ImageObject\",\"inLanguage\":\"fr-FR\",\"@id\":\"https:\/\/vosgesinfo.fr\/epinalinfo\/2023\/07\/30-jeunes-collegiens-cadets-de-defense-ont-recu-diplome\/#primaryimage\",\"url\":\"https:\/\/vosgesinfo.fr\/app\/uploads\/sites\/3\/2023\/07\/cadets-de-la-defense-vosges-10.jpg\",\"contentUrl\":\"https:\/\/vosgesinfo.fr\/app\/uploads\/sites\/3\/2023\/07\/cadets-de-la-defense-vosges-10.jpg\"},{\"@type\":\"BreadcrumbList\",\"@id\":\"https:\/\/vosgesinfo.fr\/epinalinfo\/2023\/07\/30-jeunes-collegiens-cadets-de-defense-ont-recu-diplome\/#breadcrumb\",\"itemListElement\":[{\"@type\":\"ListItem\",\"position\":1,\"name\":\"Home\",\"item\":\"https:\/\/vosgesinfo.fr\/epinalinfo\/\"},{\"@type\":\"ListItem\",\"position\":2,\"name\":\"30 jeunes coll\u00e9giens cadets de la D\u00e9fense ont re\u00e7u leur dipl\u00f4me\"}]},{\"@type\":\"WebSite\",\"@id\":\"https:\/\/vosgesinfo.fr\/epinalinfo\/#website\",\"url\":\"https:\/\/vosgesinfo.fr\/epinalinfo\/\",\"name\":\"Epinal Info\",\"description\":\"Toute l&#039;actualit\u00e9 d&#039;\u00c9pinal\",\"publisher\":{\"@id\":\"https:\/\/vosgesinfo.fr\/epinalinfo\/#organization\"},\"alternateName\":\"Toute l'actualit\u00e9 d'\u00c9pinal\",\"potentialAction\":[{\"@type\":\"SearchAction\",\"target\":{\"@type\":\"EntryPoint\",\"urlTemplate\":\"https:\/\/vosgesinfo.fr\/epinalinfo\/?s={search_term_string}\"},\"query-input\":\"required name=search_term_string\"}],\"inLanguage\":\"fr-FR\"},{\"@type\":\"Organization\",\"@id\":\"https:\/\/vosgesinfo.fr\/epinalinfo\/#organization\",\"name\":\"Epinal Info\",\"url\":\"https:\/\/vosgesinfo.fr\/epinalinfo\/\",\"logo\":{\"@type\":\"ImageObject\",\"inLanguage\":\"fr-FR\",\"@id\":\"https:\/\/vosgesinfo.fr\/epinalinfo\/#\/schema\/logo\/image\/\",\"url\":\"https:\/\/vosgesinfo.fr\/app\/uploads\/sites\/3\/2023\/08\/logo-epinalinfos.svg\",\"contentUrl\":\"https:\/\/vosgesinfo.fr\/app\/uploads\/sites\/3\/2023\/08\/logo-epinalinfos.svg\",\"width\":1,\"height\":1,\"caption\":\"Epinal Info\"},\"image\":{\"@id\":\"https:\/\/vosgesinfo.fr\/epinalinfo\/#\/schema\/logo\/image\/\"},\"sameAs\":[\"https:\/\/www.facebook.com\/Epinalinfos\",\"https:\/\/x.com\/VosgesInfo88\",\"https:\/\/www.youtube.com\/@vosgesinfo\"]},{\"@type\":\"Person\",\"@id\":\"https:\/\/vosgesinfo.fr\/epinalinfo\/#\/schema\/person\/6f9a650eeea99d969b6c4ab78fccbe81\",\"name\":\"C.K.\",\"image\":{\"@type\":\"ImageObject\",\"inLanguage\":\"fr-FR\",\"@id\":\"https:\/\/vosgesinfo.fr\/epinalinfo\/#\/schema\/person\/image\/\",\"url\":\"https:\/\/secure.gravatar.com\/avatar\/48e3fc7f8421ba8942be6b74a2b7f014ca39bc00dece156b7a8e098ae7dc87bf?s=96&d=mm&r=g\",\"contentUrl\":\"https:\/\/secure.gravatar.com\/avatar\/48e3fc7f8421ba8942be6b74a2b7f014ca39bc00dece156b7a8e098ae7dc87bf?s=96&d=mm&r=g\",\"caption\":\"C.K.\"},\"url\":\"https:\/\/vosgesinfo.fr\/epinalinfo\/author\/celia-k-n\/\"}]}<\/script>\n<!-- \/ Yoast SEO plugin. -->","yoast_head_json":{"title":"30 jeunes coll\u00e9giens cadets de la D\u00e9fense ont re\u00e7u leur dipl\u00f4me - Epinal Info","robots":{"index":"index","follow":"follow","max-snippet":"max-snippet:-1","max-image-preview":"max-image-preview:large","max-video-preview":"max-video-preview:-1"},"canonical":"https:\/\/vosgesinfo.fr\/epinalinfo\/2023\/07\/30-jeunes-collegiens-cadets-de-defense-ont-recu-diplome\/","twitter_card":"summary_large_image","twitter_title":"30 jeunes coll\u00e9giens cadets de la D\u00e9fense ont re\u00e7u leur dipl\u00f4me - Epinal Info","twitter_description":"Ce jeudi apr\u00e8s-midi,\u00a0dans le jardin de la pr\u00e9fecture \u00e0 Epinal, avait lieu la c\u00e9r\u00e9monie de remise des dipl\u00f4mes aux cadets [&hellip;]","twitter_image":"https:\/\/vosgesinfo.fr\/app\/uploads\/sites\/3\/2023\/07\/cadets-de-la-defense-vosges-10.jpg","twitter_creator":"@VosgesInfo88","twitter_site":"@VosgesInfo88","twitter_misc":{"\u00c9crit par":"C.K."},"schema":{"@context":"https:\/\/schema.org","@graph":[{"@type":"Article","@id":"https:\/\/vosgesinfo.fr\/epinalinfo\/2023\/07\/30-jeunes-collegiens-cadets-de-defense-ont-recu-diplome\/#article","isPartOf":{"@id":"https:\/\/vosgesinfo.fr\/epinalinfo\/2023\/07\/30-jeunes-collegiens-cadets-de-defense-ont-recu-diplome\/"},"author":{"name":"C.K.","@id":"https:\/\/vosgesinfo.fr\/epinalinfo\/#\/schema\/person\/6f9a650eeea99d969b6c4ab78fccbe81"},"headline":"30 jeunes coll\u00e9giens cadets de la D\u00e9fense ont re\u00e7u leur dipl\u00f4me","datePublished":"2023-07-06T16:04:55+00:00","dateModified":"2024-02-27T17:07:57+00:00","mainEntityOfPage":{"@id":"https:\/\/vosgesinfo.fr\/epinalinfo\/2023\/07\/30-jeunes-collegiens-cadets-de-defense-ont-recu-diplome\/"},"wordCount":101,"commentCount":0,"publisher":{"@id":"https:\/\/vosgesinfo.fr\/epinalinfo\/#organization"},"image":{"@id":"https:\/\/vosgesinfo.fr\/epinalinfo\/2023\/07\/30-jeunes-collegiens-cadets-de-defense-ont-recu-diplome\/#primaryimage"},"thumbnailUrl":"https:\/\/vosgesinfo.fr\/app\/uploads\/sites\/3\/2023\/07\/cadets-de-la-defense-vosges-10.jpg","keywords":["Cadets de la D\u00e9fense","Epinal","Golbey","vosges"],"articleSection":["A la Une","Epinal","S\u00e9curit\u00e9","Vosges"],"inLanguage":"fr-FR","potentialAction":[{"@type":"CommentAction","name":"Comment","target":["https:\/\/vosgesinfo.fr\/epinalinfo\/2023\/07\/30-jeunes-collegiens-cadets-de-defense-ont-recu-diplome\/#respond"]}]},{"@type":"WebPage","@id":"https:\/\/vosgesinfo.fr\/epinalinfo\/2023\/07\/30-jeunes-collegiens-cadets-de-defense-ont-recu-diplome\/","url":"https:\/\/vosgesinfo.fr\/epinalinfo\/2023\/07\/30-jeunes-collegiens-cadets-de-defense-ont-recu-diplome\/","name":"30 jeunes coll\u00e9giens cadets de la D\u00e9fense ont re\u00e7u leur dipl\u00f4me - Epinal Info","isPartOf":{"@id":"https:\/\/vosgesinfo.fr\/epinalinfo\/#website"},"primaryImageOfPage":{"@id":"https:\/\/vosgesinfo.fr\/epinalinfo\/2023\/07\/30-jeunes-collegiens-cadets-de-defense-ont-recu-diplome\/#primaryimage"},"image":{"@id":"https:\/\/vosgesinfo.fr\/epinalinfo\/2023\/07\/30-jeunes-collegiens-cadets-de-defense-ont-recu-diplome\/#primaryimage"},"thumbnailUrl":"https:\/\/vosgesinfo.fr\/app\/uploads\/sites\/3\/2023\/07\/cadets-de-la-defense-vosges-10.jpg","datePublished":"2023-07-06T16:04:55+00:00","dateModified":"2024-02-27T17:07:57+00:00","breadcrumb":{"@id":"https:\/\/vosgesinfo.fr\/epinalinfo\/2023\/07\/30-jeunes-collegiens-cadets-de-defense-ont-recu-diplome\/#breadcrumb"},"inLanguage":"fr-FR","potentialAction":[{"@type":"ReadAction","target":["https:\/\/vosgesinfo.fr\/epinalinfo\/2023\/07\/30-jeunes-collegiens-cadets-de-defense-ont-recu-diplome\/"]}]},{"@type":"ImageObject","inLanguage":"fr-FR","@id":"https:\/\/vosgesinfo.fr\/epinalinfo\/2023\/07\/30-jeunes-collegiens-cadets-de-defense-ont-recu-diplome\/#primaryimage","url":"https:\/\/vosgesinfo.fr\/app\/uploads\/sites\/3\/2023\/07\/cadets-de-la-defense-vosges-10.jpg","contentUrl":"https:\/\/vosgesinfo.fr\/app\/uploads\/sites\/3\/2023\/07\/cadets-de-la-defense-vosges-10.jpg"},{"@type":"BreadcrumbList","@id":"https:\/\/vosgesinfo.fr\/epinalinfo\/2023\/07\/30-jeunes-collegiens-cadets-de-defense-ont-recu-diplome\/#breadcrumb","itemListElement":[{"@type":"ListItem","position":1,"name":"Home","item":"https:\/\/vosgesinfo.fr\/epinalinfo\/"},{"@type":"ListItem","position":2,"name":"30 jeunes coll\u00e9giens cadets de la D\u00e9fense ont re\u00e7u leur dipl\u00f4me"}]},{"@type":"WebSite","@id":"https:\/\/vosgesinfo.fr\/epinalinfo\/#website","url":"https:\/\/vosgesinfo.fr\/epinalinfo\/","name":"Epinal Info","description":"Toute l&#039;actualit\u00e9 d&#039;\u00c9pinal","publisher":{"@id":"https:\/\/vosgesinfo.fr\/epinalinfo\/#organization"},"alternateName":"Toute l'actualit\u00e9 d'\u00c9pinal","potentialAction":[{"@type":"SearchAction","target":{"@type":"EntryPoint","urlTemplate":"https:\/\/vosgesinfo.fr\/epinalinfo\/?s={search_term_string}"},"query-input":"required name=search_term_string"}],"inLanguage":"fr-FR"},{"@type":"Organization","@id":"https:\/\/vosgesinfo.fr\/epinalinfo\/#organization","name":"Epinal Info","url":"https:\/\/vosgesinfo.fr\/epinalinfo\/","logo":{"@type":"ImageObject","inLanguage":"fr-FR","@id":"https:\/\/vosgesinfo.fr\/epinalinfo\/#\/schema\/logo\/image\/","url":"https:\/\/vosgesinfo.fr\/app\/uploads\/sites\/3\/2023\/08\/logo-epinalinfos.svg","contentUrl":"https:\/\/vosgesinfo.fr\/app\/uploads\/sites\/3\/2023\/08\/logo-epinalinfos.svg","width":1,"height":1,"caption":"Epinal Info"},"image":{"@id":"https:\/\/vosgesinfo.fr\/epinalinfo\/#\/schema\/logo\/image\/"},"sameAs":["https:\/\/www.facebook.com\/Epinalinfos","https:\/\/x.com\/VosgesInfo88","https:\/\/www.youtube.com\/@vosgesinfo"]},{"@type":"Person","@id":"https:\/\/vosgesinfo.fr\/epinalinfo\/#\/schema\/person\/6f9a650eeea99d969b6c4ab78fccbe81","name":"C.K.","image":{"@type":"ImageObject","inLanguage":"fr-FR","@id":"https:\/\/vosgesinfo.fr\/epinalinfo\/#\/schema\/person\/image\/","url":"https:\/\/secure.gravatar.com\/avatar\/48e3fc7f8421ba8942be6b74a2b7f014ca39bc00dece156b7a8e098ae7dc87bf?s=96&d=mm&r=g","contentUrl":"https:\/\/secure.gravatar.com\/avatar\/48e3fc7f8421ba8942be6b74a2b7f014ca39bc00dece156b7a8e098ae7dc87bf?s=96&d=mm&r=g","caption":"C.K."},"url":"https:\/\/vosgesinfo.fr\/epinalinfo\/author\/celia-k-n\/"}]}},"_links":{"self":[{"href":"https:\/\/vosgesinfo.fr\/epinalinfo\/wp-json\/wp\/v2\/posts\/31062","targetHints":{"allow":["GET"]}}],"collection":[{"href":"https:\/\/vosgesinfo.fr\/epinalinfo\/wp-json\/wp\/v2\/posts"}],"about":[{"href":"https:\/\/vosgesinfo.fr\/epinalinfo\/wp-json\/wp\/v2\/types\/post"}],"author":[{"embeddable":true,"href":"https:\/\/vosgesinfo.fr\/epinalinfo\/wp-json\/wp\/v2\/users\/52"}],"replies":[{"embeddable":true,"href":"https:\/\/vosgesinfo.fr\/epinalinfo\/wp-json\/wp\/v2\/comments?post=31062"}],"version-history":[{"count":1,"href":"https:\/\/vosgesinfo.fr\/epinalinfo\/wp-json\/wp\/v2\/posts\/31062\/revisions"}],"predecessor-version":[{"id":37038,"href":"https:\/\/vosgesinfo.fr\/epinalinfo\/wp-json\/wp\/v2\/posts\/31062\/revisions\/37038"}],"wp:featuredmedia":[{"embeddable":true,"href":"https:\/\/vosgesinfo.fr\/epinalinfo\/wp-json\/wp\/v2\/media\/31063"}],"wp:attachment":[{"href":"https:\/\/vosgesinfo.fr\/epinalinfo\/wp-json\/wp\/v2\/media?parent=31062"}],"wp:term":[{"taxonomy":"category","embeddable":true,"href":"https:\/\/vosgesinfo.fr\/epinalinfo\/wp-json\/wp\/v2\/categories?post=31062"},{"taxonomy":"post_tag","embeddable":true,"href":"https:\/\/vosgesinfo.fr\/epinalinfo\/wp-json\/wp\/v2\/tags?post=31062"}],"curies":[{"name":"wp","href":"https:\/\/api.w.org\/{rel}","templated":true}]}}