{"id":3382,"date":"2023-12-04T11:09:39","date_gmt":"2023-12-04T10:09:39","guid":{"rendered":"https:\/\/vosgesinfo.fr\/epinalinfo\/2023\/12\/thaon-les-vosges-les-actions-pour-le-telethon\/"},"modified":"2024-02-27T18:17:59","modified_gmt":"2024-02-27T17:17:59","slug":"thaon-vosges-actions-telethon","status":"publish","type":"post","link":"https:\/\/vosgesinfo.fr\/epinalinfo\/2023\/12\/thaon-vosges-actions-telethon\/","title":{"rendered":"Thaon-les-Vosges : les actions pour le T\u00e9l\u00e9thon"},"content":{"rendered":"<div class=\"x_elementToProof\">\n\n<p>Le T\u00e9l\u00e9thon 2023 aura lieu le week-end des 8 et 9 d\u00e9cembre \u00e0 Thaon-les-Vosges. De nombreuses actions sont pr\u00e9vues pour l&rsquo;occasion.<\/p><\/div>\n<div class=\"x_elementToProof\"><\/div>\n<div class=\"x_elementToProof\"><u>Vous retrouverez ci-dessous le planning des \u00e9v\u00e9nements \u00e0 venir :\u00a0<\/u><\/div>\n<div>\n<div><b>Vendredi 8 d\u00e9cembre de 09h \u00e0 17h <\/b>: action \u00ab\u00a0Marcher ou Courir\u00a0\u00bb pour le T\u00e9l\u00e9thon. D\u00e9part au Coignot (don libre + vente de boissons chaudes) en partenariat avec l&rsquo;EST P\u00e9tanque et l&rsquo;<a id=\"OWA077b1359-6403-d01d-76bf-4e36835a76d5\" class=\"x_x1i10hfl x_xjbqb8w x_x6umtig x_x1b1mbwd x_xaqea5y x_xav7gou x_x9f619 x_x1ypdohk x_xt0psk2 x_xe8uvvx x_xdj266r x_x11i5rnm x_xat24cr x_x1mh8g0r x_xexx8yu x_x4uap5 x_x18d9i69 x_xkhd6sd x_x16tdsg8 x_x1hl2dhg x_xggy1nq x_x1a2a7pz x_xt0b8zv x_x1qq9wsj x_xo1l8bm x_OWAAutoLink\" href=\"https:\/\/www.facebook.com\/profile.php?id=100066718539667&amp;__cft__[0]=AZXaUVzwtIyl2OqhiapddEksj-9mdThNiGIl_-ocrwivwUvaDE8M3ysGC9qJij2kARblfaeO6nf7cva4shiBffgBtjjNy4dwnBSzBJ-SpEMpT236j_uu5jokTYeBpR3yPcKstu_GD04-Uh_kCEe4ENAw&amp;__tn__=-]K-R\" target=\"_blank\" rel=\"noopener noreferrer\" data-auth=\"NotApplicable\" data-loopstyle=\"linkonly\" data-linkindex=\"0\">Amicale des Anciens Athl\u00e8tes Thaonnais<\/a>.<\/div>\n<\/div>\n<div>\n<div><b>Samedi 9 d\u00e9cembre de 09h \u00e0 12h <\/b>: action \u00ab\u00a0Vente de porte-clefs\u00a0\u00bb au profit du T\u00e9l\u00e9thon par l&rsquo;Amicale des Sapeurs pompiers de Thaon-les-Vosges au Super U de Thaon-les-Vosges<\/div>\n<\/div>\n<div>\n<div><b>Samedi 9 d\u00e9cembre \u00e0 partir de 19h30 <\/b>: repas dansant et animations au profit du T\u00e9l\u00e9thon en partenariat avec l&rsquo;Association Tissons Les Energies et les MFR de Gugn\u00e9court et Saulxures\/Moselotte \u00e0 la salle polyvalente de Girmont.<\/div>\n<\/div>\n<div>\n<div><b>Op\u00e9ration 1 pile 1 don : il est possible de venir \u00e0 l&rsquo;accueil de la mairie de Thaon-les-Vosges d\u00e9poser ses piles usag\u00e9es ! Les piles seront transform\u00e9es en dons pour le T\u00e9l\u00e9thon ! Un geste \u00e9co-responsable et solidaire.<\/b><\/div>\n<\/div>\n","protected":false},"excerpt":{"rendered":"<p>Le T\u00e9l\u00e9thon 2023 aura lieu le week-end des 8 et 9 d\u00e9cembre \u00e0 Thaon-les-Vosges. De nombreuses actions sont pr\u00e9vues pour [&hellip;]<\/p>\n","protected":false},"author":52,"featured_media":3383,"comment_status":"open","ping_status":"open","sticky":false,"template":"","format":"standard","meta":{"footnotes":""},"categories":[22,192,93],"tags":[],"class_list":["post-3382","post","type-post","status-publish","format-standard","has-post-thumbnail","hentry","category-a-la-une","category-solidarite","category-thaon-les-vosges"],"acf":[],"yoast_head":"<!-- This site is optimized with the Yoast SEO plugin v22.5 - https:\/\/yoast.com\/wordpress\/plugins\/seo\/ -->\n<title>Thaon-les-Vosges : les actions pour le T\u00e9l\u00e9thon - Epinal Info<\/title>\n<meta name=\"robots\" content=\"index, follow, max-snippet:-1, max-image-preview:large, max-video-preview:-1\" \/>\n<link rel=\"canonical\" href=\"https:\/\/vosgesinfo.fr\/epinalinfo\/2023\/12\/thaon-vosges-actions-telethon\/\" \/>\n<meta name=\"twitter:card\" content=\"summary_large_image\" \/>\n<meta name=\"twitter:title\" content=\"Thaon-les-Vosges : les actions pour le T\u00e9l\u00e9thon - Epinal Info\" \/>\n<meta name=\"twitter:description\" content=\"Le T\u00e9l\u00e9thon 2023 aura lieu le week-end des 8 et 9 d\u00e9cembre \u00e0 Thaon-les-Vosges. De nombreuses actions sont pr\u00e9vues pour [&hellip;]\" \/>\n<meta name=\"twitter:image\" content=\"https:\/\/vosgesinfo.fr\/app\/uploads\/sites\/3\/2023\/12\/thumbnail-affiche-tour-telethon-2023.jpg\" \/>\n<meta name=\"twitter:creator\" content=\"@VosgesInfo88\" \/>\n<meta name=\"twitter:site\" content=\"@VosgesInfo88\" \/>\n<meta name=\"twitter:label1\" content=\"\u00c9crit par\" \/>\n\t<meta name=\"twitter:data1\" content=\"C.K.\" \/>\n\t<meta name=\"twitter:label2\" content=\"Dur\u00e9e de lecture estim\u00e9e\" \/>\n\t<meta name=\"twitter:data2\" content=\"1 minute\" \/>\n<script type=\"application\/ld+json\" class=\"yoast-schema-graph\">{\"@context\":\"https:\/\/schema.org\",\"@graph\":[{\"@type\":\"Article\",\"@id\":\"https:\/\/vosgesinfo.fr\/epinalinfo\/2023\/12\/thaon-vosges-actions-telethon\/#article\",\"isPartOf\":{\"@id\":\"https:\/\/vosgesinfo.fr\/epinalinfo\/2023\/12\/thaon-vosges-actions-telethon\/\"},\"author\":{\"name\":\"C.K.\",\"@id\":\"https:\/\/vosgesinfo.fr\/epinalinfo\/#\/schema\/person\/6f9a650eeea99d969b6c4ab78fccbe81\"},\"headline\":\"Thaon-les-Vosges : les actions pour le T\u00e9l\u00e9thon\",\"datePublished\":\"2023-12-04T10:09:39+00:00\",\"dateModified\":\"2024-02-27T17:17:59+00:00\",\"mainEntityOfPage\":{\"@id\":\"https:\/\/vosgesinfo.fr\/epinalinfo\/2023\/12\/thaon-vosges-actions-telethon\/\"},\"wordCount\":195,\"commentCount\":0,\"publisher\":{\"@id\":\"https:\/\/vosgesinfo.fr\/epinalinfo\/#organization\"},\"image\":{\"@id\":\"https:\/\/vosgesinfo.fr\/epinalinfo\/2023\/12\/thaon-vosges-actions-telethon\/#primaryimage\"},\"thumbnailUrl\":\"https:\/\/vosgesinfo.fr\/app\/uploads\/sites\/3\/2023\/12\/thumbnail-affiche-tour-telethon-2023.jpg\",\"articleSection\":[\"A la Une\",\"Solidarit\u00e9\",\"Thaon-les-Vosges\"],\"inLanguage\":\"fr-FR\",\"potentialAction\":[{\"@type\":\"CommentAction\",\"name\":\"Comment\",\"target\":[\"https:\/\/vosgesinfo.fr\/epinalinfo\/2023\/12\/thaon-vosges-actions-telethon\/#respond\"]}]},{\"@type\":\"WebPage\",\"@id\":\"https:\/\/vosgesinfo.fr\/epinalinfo\/2023\/12\/thaon-vosges-actions-telethon\/\",\"url\":\"https:\/\/vosgesinfo.fr\/epinalinfo\/2023\/12\/thaon-vosges-actions-telethon\/\",\"name\":\"Thaon-les-Vosges : les actions pour le T\u00e9l\u00e9thon - Epinal Info\",\"isPartOf\":{\"@id\":\"https:\/\/vosgesinfo.fr\/epinalinfo\/#website\"},\"primaryImageOfPage\":{\"@id\":\"https:\/\/vosgesinfo.fr\/epinalinfo\/2023\/12\/thaon-vosges-actions-telethon\/#primaryimage\"},\"image\":{\"@id\":\"https:\/\/vosgesinfo.fr\/epinalinfo\/2023\/12\/thaon-vosges-actions-telethon\/#primaryimage\"},\"thumbnailUrl\":\"https:\/\/vosgesinfo.fr\/app\/uploads\/sites\/3\/2023\/12\/thumbnail-affiche-tour-telethon-2023.jpg\",\"datePublished\":\"2023-12-04T10:09:39+00:00\",\"dateModified\":\"2024-02-27T17:17:59+00:00\",\"breadcrumb\":{\"@id\":\"https:\/\/vosgesinfo.fr\/epinalinfo\/2023\/12\/thaon-vosges-actions-telethon\/#breadcrumb\"},\"inLanguage\":\"fr-FR\",\"potentialAction\":[{\"@type\":\"ReadAction\",\"target\":[\"https:\/\/vosgesinfo.fr\/epinalinfo\/2023\/12\/thaon-vosges-actions-telethon\/\"]}]},{\"@type\":\"ImageObject\",\"inLanguage\":\"fr-FR\",\"@id\":\"https:\/\/vosgesinfo.fr\/epinalinfo\/2023\/12\/thaon-vosges-actions-telethon\/#primaryimage\",\"url\":\"https:\/\/vosgesinfo.fr\/app\/uploads\/sites\/3\/2023\/12\/thumbnail-affiche-tour-telethon-2023.jpg\",\"contentUrl\":\"https:\/\/vosgesinfo.fr\/app\/uploads\/sites\/3\/2023\/12\/thumbnail-affiche-tour-telethon-2023.jpg\",\"width\":566,\"height\":800},{\"@type\":\"BreadcrumbList\",\"@id\":\"https:\/\/vosgesinfo.fr\/epinalinfo\/2023\/12\/thaon-vosges-actions-telethon\/#breadcrumb\",\"itemListElement\":[{\"@type\":\"ListItem\",\"position\":1,\"name\":\"Home\",\"item\":\"https:\/\/vosgesinfo.fr\/epinalinfo\/\"},{\"@type\":\"ListItem\",\"position\":2,\"name\":\"Thaon-les-Vosges : les actions pour le T\u00e9l\u00e9thon\"}]},{\"@type\":\"WebSite\",\"@id\":\"https:\/\/vosgesinfo.fr\/epinalinfo\/#website\",\"url\":\"https:\/\/vosgesinfo.fr\/epinalinfo\/\",\"name\":\"Epinal Info\",\"description\":\"Toute l&#039;actualit\u00e9 d&#039;\u00c9pinal\",\"publisher\":{\"@id\":\"https:\/\/vosgesinfo.fr\/epinalinfo\/#organization\"},\"alternateName\":\"Toute l'actualit\u00e9 d'\u00c9pinal\",\"potentialAction\":[{\"@type\":\"SearchAction\",\"target\":{\"@type\":\"EntryPoint\",\"urlTemplate\":\"https:\/\/vosgesinfo.fr\/epinalinfo\/?s={search_term_string}\"},\"query-input\":\"required name=search_term_string\"}],\"inLanguage\":\"fr-FR\"},{\"@type\":\"Organization\",\"@id\":\"https:\/\/vosgesinfo.fr\/epinalinfo\/#organization\",\"name\":\"Epinal Info\",\"url\":\"https:\/\/vosgesinfo.fr\/epinalinfo\/\",\"logo\":{\"@type\":\"ImageObject\",\"inLanguage\":\"fr-FR\",\"@id\":\"https:\/\/vosgesinfo.fr\/epinalinfo\/#\/schema\/logo\/image\/\",\"url\":\"https:\/\/vosgesinfo.fr\/app\/uploads\/sites\/3\/2023\/08\/logo-epinalinfos.svg\",\"contentUrl\":\"https:\/\/vosgesinfo.fr\/app\/uploads\/sites\/3\/2023\/08\/logo-epinalinfos.svg\",\"width\":1,\"height\":1,\"caption\":\"Epinal Info\"},\"image\":{\"@id\":\"https:\/\/vosgesinfo.fr\/epinalinfo\/#\/schema\/logo\/image\/\"},\"sameAs\":[\"https:\/\/www.facebook.com\/Epinalinfos\",\"https:\/\/x.com\/VosgesInfo88\",\"https:\/\/www.youtube.com\/@vosgesinfo\"]},{\"@type\":\"Person\",\"@id\":\"https:\/\/vosgesinfo.fr\/epinalinfo\/#\/schema\/person\/6f9a650eeea99d969b6c4ab78fccbe81\",\"name\":\"C.K.\",\"image\":{\"@type\":\"ImageObject\",\"inLanguage\":\"fr-FR\",\"@id\":\"https:\/\/vosgesinfo.fr\/epinalinfo\/#\/schema\/person\/image\/\",\"url\":\"https:\/\/secure.gravatar.com\/avatar\/48e3fc7f8421ba8942be6b74a2b7f014ca39bc00dece156b7a8e098ae7dc87bf?s=96&d=mm&r=g\",\"contentUrl\":\"https:\/\/secure.gravatar.com\/avatar\/48e3fc7f8421ba8942be6b74a2b7f014ca39bc00dece156b7a8e098ae7dc87bf?s=96&d=mm&r=g\",\"caption\":\"C.K.\"},\"url\":\"https:\/\/vosgesinfo.fr\/epinalinfo\/author\/celia-k-n\/\"}]}<\/script>\n<!-- \/ Yoast SEO plugin. -->","yoast_head_json":{"title":"Thaon-les-Vosges : les actions pour le T\u00e9l\u00e9thon - Epinal Info","robots":{"index":"index","follow":"follow","max-snippet":"max-snippet:-1","max-image-preview":"max-image-preview:large","max-video-preview":"max-video-preview:-1"},"canonical":"https:\/\/vosgesinfo.fr\/epinalinfo\/2023\/12\/thaon-vosges-actions-telethon\/","twitter_card":"summary_large_image","twitter_title":"Thaon-les-Vosges : les actions pour le T\u00e9l\u00e9thon - Epinal Info","twitter_description":"Le T\u00e9l\u00e9thon 2023 aura lieu le week-end des 8 et 9 d\u00e9cembre \u00e0 Thaon-les-Vosges. De nombreuses actions sont pr\u00e9vues pour [&hellip;]","twitter_image":"https:\/\/vosgesinfo.fr\/app\/uploads\/sites\/3\/2023\/12\/thumbnail-affiche-tour-telethon-2023.jpg","twitter_creator":"@VosgesInfo88","twitter_site":"@VosgesInfo88","twitter_misc":{"\u00c9crit par":"C.K.","Dur\u00e9e de lecture estim\u00e9e":"1 minute"},"schema":{"@context":"https:\/\/schema.org","@graph":[{"@type":"Article","@id":"https:\/\/vosgesinfo.fr\/epinalinfo\/2023\/12\/thaon-vosges-actions-telethon\/#article","isPartOf":{"@id":"https:\/\/vosgesinfo.fr\/epinalinfo\/2023\/12\/thaon-vosges-actions-telethon\/"},"author":{"name":"C.K.","@id":"https:\/\/vosgesinfo.fr\/epinalinfo\/#\/schema\/person\/6f9a650eeea99d969b6c4ab78fccbe81"},"headline":"Thaon-les-Vosges : les actions pour le T\u00e9l\u00e9thon","datePublished":"2023-12-04T10:09:39+00:00","dateModified":"2024-02-27T17:17:59+00:00","mainEntityOfPage":{"@id":"https:\/\/vosgesinfo.fr\/epinalinfo\/2023\/12\/thaon-vosges-actions-telethon\/"},"wordCount":195,"commentCount":0,"publisher":{"@id":"https:\/\/vosgesinfo.fr\/epinalinfo\/#organization"},"image":{"@id":"https:\/\/vosgesinfo.fr\/epinalinfo\/2023\/12\/thaon-vosges-actions-telethon\/#primaryimage"},"thumbnailUrl":"https:\/\/vosgesinfo.fr\/app\/uploads\/sites\/3\/2023\/12\/thumbnail-affiche-tour-telethon-2023.jpg","articleSection":["A la Une","Solidarit\u00e9","Thaon-les-Vosges"],"inLanguage":"fr-FR","potentialAction":[{"@type":"CommentAction","name":"Comment","target":["https:\/\/vosgesinfo.fr\/epinalinfo\/2023\/12\/thaon-vosges-actions-telethon\/#respond"]}]},{"@type":"WebPage","@id":"https:\/\/vosgesinfo.fr\/epinalinfo\/2023\/12\/thaon-vosges-actions-telethon\/","url":"https:\/\/vosgesinfo.fr\/epinalinfo\/2023\/12\/thaon-vosges-actions-telethon\/","name":"Thaon-les-Vosges : les actions pour le T\u00e9l\u00e9thon - Epinal Info","isPartOf":{"@id":"https:\/\/vosgesinfo.fr\/epinalinfo\/#website"},"primaryImageOfPage":{"@id":"https:\/\/vosgesinfo.fr\/epinalinfo\/2023\/12\/thaon-vosges-actions-telethon\/#primaryimage"},"image":{"@id":"https:\/\/vosgesinfo.fr\/epinalinfo\/2023\/12\/thaon-vosges-actions-telethon\/#primaryimage"},"thumbnailUrl":"https:\/\/vosgesinfo.fr\/app\/uploads\/sites\/3\/2023\/12\/thumbnail-affiche-tour-telethon-2023.jpg","datePublished":"2023-12-04T10:09:39+00:00","dateModified":"2024-02-27T17:17:59+00:00","breadcrumb":{"@id":"https:\/\/vosgesinfo.fr\/epinalinfo\/2023\/12\/thaon-vosges-actions-telethon\/#breadcrumb"},"inLanguage":"fr-FR","potentialAction":[{"@type":"ReadAction","target":["https:\/\/vosgesinfo.fr\/epinalinfo\/2023\/12\/thaon-vosges-actions-telethon\/"]}]},{"@type":"ImageObject","inLanguage":"fr-FR","@id":"https:\/\/vosgesinfo.fr\/epinalinfo\/2023\/12\/thaon-vosges-actions-telethon\/#primaryimage","url":"https:\/\/vosgesinfo.fr\/app\/uploads\/sites\/3\/2023\/12\/thumbnail-affiche-tour-telethon-2023.jpg","contentUrl":"https:\/\/vosgesinfo.fr\/app\/uploads\/sites\/3\/2023\/12\/thumbnail-affiche-tour-telethon-2023.jpg","width":566,"height":800},{"@type":"BreadcrumbList","@id":"https:\/\/vosgesinfo.fr\/epinalinfo\/2023\/12\/thaon-vosges-actions-telethon\/#breadcrumb","itemListElement":[{"@type":"ListItem","position":1,"name":"Home","item":"https:\/\/vosgesinfo.fr\/epinalinfo\/"},{"@type":"ListItem","position":2,"name":"Thaon-les-Vosges : les actions pour le T\u00e9l\u00e9thon"}]},{"@type":"WebSite","@id":"https:\/\/vosgesinfo.fr\/epinalinfo\/#website","url":"https:\/\/vosgesinfo.fr\/epinalinfo\/","name":"Epinal Info","description":"Toute l&#039;actualit\u00e9 d&#039;\u00c9pinal","publisher":{"@id":"https:\/\/vosgesinfo.fr\/epinalinfo\/#organization"},"alternateName":"Toute l'actualit\u00e9 d'\u00c9pinal","potentialAction":[{"@type":"SearchAction","target":{"@type":"EntryPoint","urlTemplate":"https:\/\/vosgesinfo.fr\/epinalinfo\/?s={search_term_string}"},"query-input":"required name=search_term_string"}],"inLanguage":"fr-FR"},{"@type":"Organization","@id":"https:\/\/vosgesinfo.fr\/epinalinfo\/#organization","name":"Epinal Info","url":"https:\/\/vosgesinfo.fr\/epinalinfo\/","logo":{"@type":"ImageObject","inLanguage":"fr-FR","@id":"https:\/\/vosgesinfo.fr\/epinalinfo\/#\/schema\/logo\/image\/","url":"https:\/\/vosgesinfo.fr\/app\/uploads\/sites\/3\/2023\/08\/logo-epinalinfos.svg","contentUrl":"https:\/\/vosgesinfo.fr\/app\/uploads\/sites\/3\/2023\/08\/logo-epinalinfos.svg","width":1,"height":1,"caption":"Epinal Info"},"image":{"@id":"https:\/\/vosgesinfo.fr\/epinalinfo\/#\/schema\/logo\/image\/"},"sameAs":["https:\/\/www.facebook.com\/Epinalinfos","https:\/\/x.com\/VosgesInfo88","https:\/\/www.youtube.com\/@vosgesinfo"]},{"@type":"Person","@id":"https:\/\/vosgesinfo.fr\/epinalinfo\/#\/schema\/person\/6f9a650eeea99d969b6c4ab78fccbe81","name":"C.K.","image":{"@type":"ImageObject","inLanguage":"fr-FR","@id":"https:\/\/vosgesinfo.fr\/epinalinfo\/#\/schema\/person\/image\/","url":"https:\/\/secure.gravatar.com\/avatar\/48e3fc7f8421ba8942be6b74a2b7f014ca39bc00dece156b7a8e098ae7dc87bf?s=96&d=mm&r=g","contentUrl":"https:\/\/secure.gravatar.com\/avatar\/48e3fc7f8421ba8942be6b74a2b7f014ca39bc00dece156b7a8e098ae7dc87bf?s=96&d=mm&r=g","caption":"C.K."},"url":"https:\/\/vosgesinfo.fr\/epinalinfo\/author\/celia-k-n\/"}]}},"_links":{"self":[{"href":"https:\/\/vosgesinfo.fr\/epinalinfo\/wp-json\/wp\/v2\/posts\/3382","targetHints":{"allow":["GET"]}}],"collection":[{"href":"https:\/\/vosgesinfo.fr\/epinalinfo\/wp-json\/wp\/v2\/posts"}],"about":[{"href":"https:\/\/vosgesinfo.fr\/epinalinfo\/wp-json\/wp\/v2\/types\/post"}],"author":[{"embeddable":true,"href":"https:\/\/vosgesinfo.fr\/epinalinfo\/wp-json\/wp\/v2\/users\/52"}],"replies":[{"embeddable":true,"href":"https:\/\/vosgesinfo.fr\/epinalinfo\/wp-json\/wp\/v2\/comments?post=3382"}],"version-history":[{"count":1,"href":"https:\/\/vosgesinfo.fr\/epinalinfo\/wp-json\/wp\/v2\/posts\/3382\/revisions"}],"predecessor-version":[{"id":38139,"href":"https:\/\/vosgesinfo.fr\/epinalinfo\/wp-json\/wp\/v2\/posts\/3382\/revisions\/38139"}],"wp:featuredmedia":[{"embeddable":true,"href":"https:\/\/vosgesinfo.fr\/epinalinfo\/wp-json\/wp\/v2\/media\/3383"}],"wp:attachment":[{"href":"https:\/\/vosgesinfo.fr\/epinalinfo\/wp-json\/wp\/v2\/media?parent=3382"}],"wp:term":[{"taxonomy":"category","embeddable":true,"href":"https:\/\/vosgesinfo.fr\/epinalinfo\/wp-json\/wp\/v2\/categories?post=3382"},{"taxonomy":"post_tag","embeddable":true,"href":"https:\/\/vosgesinfo.fr\/epinalinfo\/wp-json\/wp\/v2\/tags?post=3382"}],"curies":[{"name":"wp","href":"https:\/\/api.w.org\/{rel}","templated":true}]}}