{"id":3468,"date":"2023-12-06T12:29:26","date_gmt":"2023-12-06T11:29:26","guid":{"rendered":"https:\/\/vosgesinfo.fr\/epinalinfo\/2023\/12\/collision-entre-une-voiture-et-un-train-a-lepanges-sur-vologne-une-automobiliste-est-decedee\/"},"modified":"2024-02-27T18:18:13","modified_gmt":"2024-02-27T17:18:13","slug":"collision-entre-voiture-train-a-lepanges-vologne-automobiliste-decedee","status":"publish","type":"post","link":"https:\/\/vosgesinfo.fr\/epinalinfo\/2023\/12\/collision-entre-voiture-train-a-lepanges-vologne-automobiliste-decedee\/","title":{"rendered":"Collision entre une voiture et un train \u00e0 L\u00e9panges-sur-Vologne : une automobiliste est d\u00e9c\u00e9d\u00e9e"},"content":{"rendered":"<h2><span style=\"font-size: 14pt;\"><strong><a href=\"https:\/\/epinalinfos.fr\/wp-content\/uploads\/2023\/12\/accident-train-lepange-sur-vologne-vosges2.jpg\"><img decoding=\"async\" class=\"aligncenter size-large wp-image-227887\" src=\"https:\/\/vosgesinfo.fr\/app\/uploads\/sites\/3\/2023\/12\/accident-train-lepange-sur-vologne-vosges2.jpg\" alt=\"accident-train-lepange-sur-vologne-vosges2\" width=\"800\" height=\"450\" \/><\/a>Une collision a eu lieu ce mercredi matin entre un train de voyageurs et une voiture, \u00e0 hauteur du passage \u00e0 niveau de L\u00e9panges-sur-Vologne. La conductrice de la voiture est d\u00e9c\u00e9d\u00e9e.\u00a0<\/strong><\/span><\/h2>\n<div class=\"xdj266r x11i5rnm xat24cr x1mh8g0r x1vvkbs x126k92a\">\n<div dir=\"auto\">Une collision entre le TER N\u00b0 831 901 et un v\u00e9hicule l\u00e9ger a eu lieu ce matin vers 07h00 \u00e0 L\u00e9panges-sur-Vologne au niveau du passage \u00e0 niveau 37 situ\u00e9 rue de la gare.<\/div>\n<\/div>\n<div class=\"x11i5rnm xat24cr x1mh8g0r x1vvkbs xtlvy1s x126k92a\">\n<div dir=\"auto\">Un centre op\u00e9rationnel d\u00e9partemental a \u00e9t\u00e9 activ\u00e9 en pr\u00e9fecture pour coordonner les moyens.<\/div>\n<\/div>\n<div class=\"x11i5rnm xat24cr x1mh8g0r x1vvkbs xtlvy1s x126k92a\">\n<div dir=\"auto\">D\u2019importants moyens de secours ont \u00e9t\u00e9 engag\u00e9s : 23 sapeurs-pompiers du SDIS des Vosges, 3 v\u00e9hicules de secours et d&rsquo;assistance aux victimes (VSAV), un fourgon Pompe Tonne Secours Routier (FPTSR) et une structure mobile d&rsquo;urgences et de r\u00e9animation (SMUR).<\/div>\n<div dir=\"auto\">Cette collision n\u2019a fait aucun bless\u00e9 parmi les 19 personnes pr\u00e9sentes \u00e0 bord du TER, qui ont \u00e9t\u00e9 conduits \u00e0 Saint-Di\u00e9-des-Vosges par un bus mis \u00e0 disposition par la SNCF.<\/div>\n<\/div>\n<div class=\"x11i5rnm xat24cr x1mh8g0r x1vvkbs xtlvy1s x126k92a\">\n<div dir=\"auto\">La conductrice du v\u00e9hicule est d\u00e9c\u00e9d\u00e9e.<\/div>\n<\/div>\n<p>Le v\u00e9hicule de la conductrice se trouvait sur les rails, au passage \u00e0 niveau n\u00b037 situ\u00e9 rue du Stade, quand un train de voyageurs est pass\u00e9.<\/p>\n\n","protected":false},"excerpt":{"rendered":"<p>Une collision a eu lieu ce mercredi matin entre un train de voyageurs et une voiture, \u00e0 hauteur du passage [&hellip;]<\/p>\n","protected":false},"author":52,"featured_media":3467,"comment_status":"open","ping_status":"open","sticky":false,"template":"","format":"standard","meta":{"footnotes":""},"categories":[22,6,5],"tags":[],"class_list":["post-3468","post","type-post","status-publish","format-standard","has-post-thumbnail","hentry","category-a-la-une","category-faits-divers","category-vosges"],"acf":[],"yoast_head":"<!-- This site is optimized with the Yoast SEO plugin v22.5 - https:\/\/yoast.com\/wordpress\/plugins\/seo\/ -->\n<title>Collision entre une voiture et un train \u00e0 L\u00e9panges-sur-Vologne : une automobiliste est d\u00e9c\u00e9d\u00e9e - Epinal Info<\/title>\n<meta name=\"robots\" content=\"index, follow, max-snippet:-1, max-image-preview:large, max-video-preview:-1\" \/>\n<link rel=\"canonical\" href=\"https:\/\/vosgesinfo.fr\/epinalinfo\/2023\/12\/collision-entre-voiture-train-a-lepanges-vologne-automobiliste-decedee\/\" \/>\n<meta name=\"twitter:card\" content=\"summary_large_image\" \/>\n<meta name=\"twitter:title\" content=\"Collision entre une voiture et un train \u00e0 L\u00e9panges-sur-Vologne : une automobiliste est d\u00e9c\u00e9d\u00e9e - Epinal Info\" \/>\n<meta name=\"twitter:description\" content=\"Une collision a eu lieu ce mercredi matin entre un train de voyageurs et une voiture, \u00e0 hauteur du passage [&hellip;]\" \/>\n<meta name=\"twitter:image\" content=\"https:\/\/vosgesinfo.fr\/app\/uploads\/sites\/3\/2023\/12\/accident-train-lepange-sur-vologne-vosges2.jpg\" \/>\n<meta name=\"twitter:creator\" content=\"@VosgesInfo88\" \/>\n<meta name=\"twitter:site\" content=\"@VosgesInfo88\" \/>\n<meta name=\"twitter:label1\" content=\"\u00c9crit par\" \/>\n\t<meta name=\"twitter:data1\" content=\"C.K.\" \/>\n\t<meta name=\"twitter:label2\" content=\"Dur\u00e9e de lecture estim\u00e9e\" \/>\n\t<meta name=\"twitter:data2\" content=\"1 minute\" \/>\n<script type=\"application\/ld+json\" class=\"yoast-schema-graph\">{\"@context\":\"https:\/\/schema.org\",\"@graph\":[{\"@type\":\"Article\",\"@id\":\"https:\/\/vosgesinfo.fr\/epinalinfo\/2023\/12\/collision-entre-voiture-train-a-lepanges-vologne-automobiliste-decedee\/#article\",\"isPartOf\":{\"@id\":\"https:\/\/vosgesinfo.fr\/epinalinfo\/2023\/12\/collision-entre-voiture-train-a-lepanges-vologne-automobiliste-decedee\/\"},\"author\":{\"name\":\"C.K.\",\"@id\":\"https:\/\/vosgesinfo.fr\/epinalinfo\/#\/schema\/person\/6f9a650eeea99d969b6c4ab78fccbe81\"},\"headline\":\"Collision entre une voiture et un train \u00e0 L\u00e9panges-sur-Vologne : une automobiliste est d\u00e9c\u00e9d\u00e9e\",\"datePublished\":\"2023-12-06T11:29:26+00:00\",\"dateModified\":\"2024-02-27T17:18:13+00:00\",\"mainEntityOfPage\":{\"@id\":\"https:\/\/vosgesinfo.fr\/epinalinfo\/2023\/12\/collision-entre-voiture-train-a-lepanges-vologne-automobiliste-decedee\/\"},\"wordCount\":213,\"commentCount\":0,\"publisher\":{\"@id\":\"https:\/\/vosgesinfo.fr\/epinalinfo\/#organization\"},\"image\":{\"@id\":\"https:\/\/vosgesinfo.fr\/epinalinfo\/2023\/12\/collision-entre-voiture-train-a-lepanges-vologne-automobiliste-decedee\/#primaryimage\"},\"thumbnailUrl\":\"https:\/\/vosgesinfo.fr\/app\/uploads\/sites\/3\/2023\/12\/accident-train-lepange-sur-vologne-vosges2.jpg\",\"articleSection\":[\"A la Une\",\"Faits-divers\",\"Vosges\"],\"inLanguage\":\"fr-FR\",\"potentialAction\":[{\"@type\":\"CommentAction\",\"name\":\"Comment\",\"target\":[\"https:\/\/vosgesinfo.fr\/epinalinfo\/2023\/12\/collision-entre-voiture-train-a-lepanges-vologne-automobiliste-decedee\/#respond\"]}]},{\"@type\":\"WebPage\",\"@id\":\"https:\/\/vosgesinfo.fr\/epinalinfo\/2023\/12\/collision-entre-voiture-train-a-lepanges-vologne-automobiliste-decedee\/\",\"url\":\"https:\/\/vosgesinfo.fr\/epinalinfo\/2023\/12\/collision-entre-voiture-train-a-lepanges-vologne-automobiliste-decedee\/\",\"name\":\"Collision entre une voiture et un train \u00e0 L\u00e9panges-sur-Vologne : une automobiliste est d\u00e9c\u00e9d\u00e9e - Epinal Info\",\"isPartOf\":{\"@id\":\"https:\/\/vosgesinfo.fr\/epinalinfo\/#website\"},\"primaryImageOfPage\":{\"@id\":\"https:\/\/vosgesinfo.fr\/epinalinfo\/2023\/12\/collision-entre-voiture-train-a-lepanges-vologne-automobiliste-decedee\/#primaryimage\"},\"image\":{\"@id\":\"https:\/\/vosgesinfo.fr\/epinalinfo\/2023\/12\/collision-entre-voiture-train-a-lepanges-vologne-automobiliste-decedee\/#primaryimage\"},\"thumbnailUrl\":\"https:\/\/vosgesinfo.fr\/app\/uploads\/sites\/3\/2023\/12\/accident-train-lepange-sur-vologne-vosges2.jpg\",\"datePublished\":\"2023-12-06T11:29:26+00:00\",\"dateModified\":\"2024-02-27T17:18:13+00:00\",\"breadcrumb\":{\"@id\":\"https:\/\/vosgesinfo.fr\/epinalinfo\/2023\/12\/collision-entre-voiture-train-a-lepanges-vologne-automobiliste-decedee\/#breadcrumb\"},\"inLanguage\":\"fr-FR\",\"potentialAction\":[{\"@type\":\"ReadAction\",\"target\":[\"https:\/\/vosgesinfo.fr\/epinalinfo\/2023\/12\/collision-entre-voiture-train-a-lepanges-vologne-automobiliste-decedee\/\"]}]},{\"@type\":\"ImageObject\",\"inLanguage\":\"fr-FR\",\"@id\":\"https:\/\/vosgesinfo.fr\/epinalinfo\/2023\/12\/collision-entre-voiture-train-a-lepanges-vologne-automobiliste-decedee\/#primaryimage\",\"url\":\"https:\/\/vosgesinfo.fr\/app\/uploads\/sites\/3\/2023\/12\/accident-train-lepange-sur-vologne-vosges2.jpg\",\"contentUrl\":\"https:\/\/vosgesinfo.fr\/app\/uploads\/sites\/3\/2023\/12\/accident-train-lepange-sur-vologne-vosges2.jpg\",\"width\":800,\"height\":450},{\"@type\":\"BreadcrumbList\",\"@id\":\"https:\/\/vosgesinfo.fr\/epinalinfo\/2023\/12\/collision-entre-voiture-train-a-lepanges-vologne-automobiliste-decedee\/#breadcrumb\",\"itemListElement\":[{\"@type\":\"ListItem\",\"position\":1,\"name\":\"Home\",\"item\":\"https:\/\/vosgesinfo.fr\/epinalinfo\/\"},{\"@type\":\"ListItem\",\"position\":2,\"name\":\"Collision entre une voiture et un train \u00e0 L\u00e9panges-sur-Vologne : une automobiliste est d\u00e9c\u00e9d\u00e9e\"}]},{\"@type\":\"WebSite\",\"@id\":\"https:\/\/vosgesinfo.fr\/epinalinfo\/#website\",\"url\":\"https:\/\/vosgesinfo.fr\/epinalinfo\/\",\"name\":\"Epinal Info\",\"description\":\"Toute l&#039;actualit\u00e9 d&#039;\u00c9pinal\",\"publisher\":{\"@id\":\"https:\/\/vosgesinfo.fr\/epinalinfo\/#organization\"},\"alternateName\":\"Toute l'actualit\u00e9 d'\u00c9pinal\",\"potentialAction\":[{\"@type\":\"SearchAction\",\"target\":{\"@type\":\"EntryPoint\",\"urlTemplate\":\"https:\/\/vosgesinfo.fr\/epinalinfo\/?s={search_term_string}\"},\"query-input\":\"required name=search_term_string\"}],\"inLanguage\":\"fr-FR\"},{\"@type\":\"Organization\",\"@id\":\"https:\/\/vosgesinfo.fr\/epinalinfo\/#organization\",\"name\":\"Epinal Info\",\"url\":\"https:\/\/vosgesinfo.fr\/epinalinfo\/\",\"logo\":{\"@type\":\"ImageObject\",\"inLanguage\":\"fr-FR\",\"@id\":\"https:\/\/vosgesinfo.fr\/epinalinfo\/#\/schema\/logo\/image\/\",\"url\":\"https:\/\/vosgesinfo.fr\/app\/uploads\/sites\/3\/2023\/08\/logo-epinalinfos.svg\",\"contentUrl\":\"https:\/\/vosgesinfo.fr\/app\/uploads\/sites\/3\/2023\/08\/logo-epinalinfos.svg\",\"width\":1,\"height\":1,\"caption\":\"Epinal Info\"},\"image\":{\"@id\":\"https:\/\/vosgesinfo.fr\/epinalinfo\/#\/schema\/logo\/image\/\"},\"sameAs\":[\"https:\/\/www.facebook.com\/Epinalinfos\",\"https:\/\/x.com\/VosgesInfo88\",\"https:\/\/www.youtube.com\/@vosgesinfo\"]},{\"@type\":\"Person\",\"@id\":\"https:\/\/vosgesinfo.fr\/epinalinfo\/#\/schema\/person\/6f9a650eeea99d969b6c4ab78fccbe81\",\"name\":\"C.K.\",\"image\":{\"@type\":\"ImageObject\",\"inLanguage\":\"fr-FR\",\"@id\":\"https:\/\/vosgesinfo.fr\/epinalinfo\/#\/schema\/person\/image\/\",\"url\":\"https:\/\/secure.gravatar.com\/avatar\/48e3fc7f8421ba8942be6b74a2b7f014ca39bc00dece156b7a8e098ae7dc87bf?s=96&d=mm&r=g\",\"contentUrl\":\"https:\/\/secure.gravatar.com\/avatar\/48e3fc7f8421ba8942be6b74a2b7f014ca39bc00dece156b7a8e098ae7dc87bf?s=96&d=mm&r=g\",\"caption\":\"C.K.\"},\"url\":\"https:\/\/vosgesinfo.fr\/epinalinfo\/author\/celia-k-n\/\"}]}<\/script>\n<!-- \/ Yoast SEO plugin. -->","yoast_head_json":{"title":"Collision entre une voiture et un train \u00e0 L\u00e9panges-sur-Vologne : une automobiliste est d\u00e9c\u00e9d\u00e9e - Epinal Info","robots":{"index":"index","follow":"follow","max-snippet":"max-snippet:-1","max-image-preview":"max-image-preview:large","max-video-preview":"max-video-preview:-1"},"canonical":"https:\/\/vosgesinfo.fr\/epinalinfo\/2023\/12\/collision-entre-voiture-train-a-lepanges-vologne-automobiliste-decedee\/","twitter_card":"summary_large_image","twitter_title":"Collision entre une voiture et un train \u00e0 L\u00e9panges-sur-Vologne : une automobiliste est d\u00e9c\u00e9d\u00e9e - Epinal Info","twitter_description":"Une collision a eu lieu ce mercredi matin entre un train de voyageurs et une voiture, \u00e0 hauteur du passage [&hellip;]","twitter_image":"https:\/\/vosgesinfo.fr\/app\/uploads\/sites\/3\/2023\/12\/accident-train-lepange-sur-vologne-vosges2.jpg","twitter_creator":"@VosgesInfo88","twitter_site":"@VosgesInfo88","twitter_misc":{"\u00c9crit par":"C.K.","Dur\u00e9e de lecture estim\u00e9e":"1 minute"},"schema":{"@context":"https:\/\/schema.org","@graph":[{"@type":"Article","@id":"https:\/\/vosgesinfo.fr\/epinalinfo\/2023\/12\/collision-entre-voiture-train-a-lepanges-vologne-automobiliste-decedee\/#article","isPartOf":{"@id":"https:\/\/vosgesinfo.fr\/epinalinfo\/2023\/12\/collision-entre-voiture-train-a-lepanges-vologne-automobiliste-decedee\/"},"author":{"name":"C.K.","@id":"https:\/\/vosgesinfo.fr\/epinalinfo\/#\/schema\/person\/6f9a650eeea99d969b6c4ab78fccbe81"},"headline":"Collision entre une voiture et un train \u00e0 L\u00e9panges-sur-Vologne : une automobiliste est d\u00e9c\u00e9d\u00e9e","datePublished":"2023-12-06T11:29:26+00:00","dateModified":"2024-02-27T17:18:13+00:00","mainEntityOfPage":{"@id":"https:\/\/vosgesinfo.fr\/epinalinfo\/2023\/12\/collision-entre-voiture-train-a-lepanges-vologne-automobiliste-decedee\/"},"wordCount":213,"commentCount":0,"publisher":{"@id":"https:\/\/vosgesinfo.fr\/epinalinfo\/#organization"},"image":{"@id":"https:\/\/vosgesinfo.fr\/epinalinfo\/2023\/12\/collision-entre-voiture-train-a-lepanges-vologne-automobiliste-decedee\/#primaryimage"},"thumbnailUrl":"https:\/\/vosgesinfo.fr\/app\/uploads\/sites\/3\/2023\/12\/accident-train-lepange-sur-vologne-vosges2.jpg","articleSection":["A la Une","Faits-divers","Vosges"],"inLanguage":"fr-FR","potentialAction":[{"@type":"CommentAction","name":"Comment","target":["https:\/\/vosgesinfo.fr\/epinalinfo\/2023\/12\/collision-entre-voiture-train-a-lepanges-vologne-automobiliste-decedee\/#respond"]}]},{"@type":"WebPage","@id":"https:\/\/vosgesinfo.fr\/epinalinfo\/2023\/12\/collision-entre-voiture-train-a-lepanges-vologne-automobiliste-decedee\/","url":"https:\/\/vosgesinfo.fr\/epinalinfo\/2023\/12\/collision-entre-voiture-train-a-lepanges-vologne-automobiliste-decedee\/","name":"Collision entre une voiture et un train \u00e0 L\u00e9panges-sur-Vologne : une automobiliste est d\u00e9c\u00e9d\u00e9e - Epinal Info","isPartOf":{"@id":"https:\/\/vosgesinfo.fr\/epinalinfo\/#website"},"primaryImageOfPage":{"@id":"https:\/\/vosgesinfo.fr\/epinalinfo\/2023\/12\/collision-entre-voiture-train-a-lepanges-vologne-automobiliste-decedee\/#primaryimage"},"image":{"@id":"https:\/\/vosgesinfo.fr\/epinalinfo\/2023\/12\/collision-entre-voiture-train-a-lepanges-vologne-automobiliste-decedee\/#primaryimage"},"thumbnailUrl":"https:\/\/vosgesinfo.fr\/app\/uploads\/sites\/3\/2023\/12\/accident-train-lepange-sur-vologne-vosges2.jpg","datePublished":"2023-12-06T11:29:26+00:00","dateModified":"2024-02-27T17:18:13+00:00","breadcrumb":{"@id":"https:\/\/vosgesinfo.fr\/epinalinfo\/2023\/12\/collision-entre-voiture-train-a-lepanges-vologne-automobiliste-decedee\/#breadcrumb"},"inLanguage":"fr-FR","potentialAction":[{"@type":"ReadAction","target":["https:\/\/vosgesinfo.fr\/epinalinfo\/2023\/12\/collision-entre-voiture-train-a-lepanges-vologne-automobiliste-decedee\/"]}]},{"@type":"ImageObject","inLanguage":"fr-FR","@id":"https:\/\/vosgesinfo.fr\/epinalinfo\/2023\/12\/collision-entre-voiture-train-a-lepanges-vologne-automobiliste-decedee\/#primaryimage","url":"https:\/\/vosgesinfo.fr\/app\/uploads\/sites\/3\/2023\/12\/accident-train-lepange-sur-vologne-vosges2.jpg","contentUrl":"https:\/\/vosgesinfo.fr\/app\/uploads\/sites\/3\/2023\/12\/accident-train-lepange-sur-vologne-vosges2.jpg","width":800,"height":450},{"@type":"BreadcrumbList","@id":"https:\/\/vosgesinfo.fr\/epinalinfo\/2023\/12\/collision-entre-voiture-train-a-lepanges-vologne-automobiliste-decedee\/#breadcrumb","itemListElement":[{"@type":"ListItem","position":1,"name":"Home","item":"https:\/\/vosgesinfo.fr\/epinalinfo\/"},{"@type":"ListItem","position":2,"name":"Collision entre une voiture et un train \u00e0 L\u00e9panges-sur-Vologne : une automobiliste est d\u00e9c\u00e9d\u00e9e"}]},{"@type":"WebSite","@id":"https:\/\/vosgesinfo.fr\/epinalinfo\/#website","url":"https:\/\/vosgesinfo.fr\/epinalinfo\/","name":"Epinal Info","description":"Toute l&#039;actualit\u00e9 d&#039;\u00c9pinal","publisher":{"@id":"https:\/\/vosgesinfo.fr\/epinalinfo\/#organization"},"alternateName":"Toute l'actualit\u00e9 d'\u00c9pinal","potentialAction":[{"@type":"SearchAction","target":{"@type":"EntryPoint","urlTemplate":"https:\/\/vosgesinfo.fr\/epinalinfo\/?s={search_term_string}"},"query-input":"required name=search_term_string"}],"inLanguage":"fr-FR"},{"@type":"Organization","@id":"https:\/\/vosgesinfo.fr\/epinalinfo\/#organization","name":"Epinal Info","url":"https:\/\/vosgesinfo.fr\/epinalinfo\/","logo":{"@type":"ImageObject","inLanguage":"fr-FR","@id":"https:\/\/vosgesinfo.fr\/epinalinfo\/#\/schema\/logo\/image\/","url":"https:\/\/vosgesinfo.fr\/app\/uploads\/sites\/3\/2023\/08\/logo-epinalinfos.svg","contentUrl":"https:\/\/vosgesinfo.fr\/app\/uploads\/sites\/3\/2023\/08\/logo-epinalinfos.svg","width":1,"height":1,"caption":"Epinal Info"},"image":{"@id":"https:\/\/vosgesinfo.fr\/epinalinfo\/#\/schema\/logo\/image\/"},"sameAs":["https:\/\/www.facebook.com\/Epinalinfos","https:\/\/x.com\/VosgesInfo88","https:\/\/www.youtube.com\/@vosgesinfo"]},{"@type":"Person","@id":"https:\/\/vosgesinfo.fr\/epinalinfo\/#\/schema\/person\/6f9a650eeea99d969b6c4ab78fccbe81","name":"C.K.","image":{"@type":"ImageObject","inLanguage":"fr-FR","@id":"https:\/\/vosgesinfo.fr\/epinalinfo\/#\/schema\/person\/image\/","url":"https:\/\/secure.gravatar.com\/avatar\/48e3fc7f8421ba8942be6b74a2b7f014ca39bc00dece156b7a8e098ae7dc87bf?s=96&d=mm&r=g","contentUrl":"https:\/\/secure.gravatar.com\/avatar\/48e3fc7f8421ba8942be6b74a2b7f014ca39bc00dece156b7a8e098ae7dc87bf?s=96&d=mm&r=g","caption":"C.K."},"url":"https:\/\/vosgesinfo.fr\/epinalinfo\/author\/celia-k-n\/"}]}},"_links":{"self":[{"href":"https:\/\/vosgesinfo.fr\/epinalinfo\/wp-json\/wp\/v2\/posts\/3468","targetHints":{"allow":["GET"]}}],"collection":[{"href":"https:\/\/vosgesinfo.fr\/epinalinfo\/wp-json\/wp\/v2\/posts"}],"about":[{"href":"https:\/\/vosgesinfo.fr\/epinalinfo\/wp-json\/wp\/v2\/types\/post"}],"author":[{"embeddable":true,"href":"https:\/\/vosgesinfo.fr\/epinalinfo\/wp-json\/wp\/v2\/users\/52"}],"replies":[{"embeddable":true,"href":"https:\/\/vosgesinfo.fr\/epinalinfo\/wp-json\/wp\/v2\/comments?post=3468"}],"version-history":[{"count":1,"href":"https:\/\/vosgesinfo.fr\/epinalinfo\/wp-json\/wp\/v2\/posts\/3468\/revisions"}],"predecessor-version":[{"id":38167,"href":"https:\/\/vosgesinfo.fr\/epinalinfo\/wp-json\/wp\/v2\/posts\/3468\/revisions\/38167"}],"wp:featuredmedia":[{"embeddable":true,"href":"https:\/\/vosgesinfo.fr\/epinalinfo\/wp-json\/wp\/v2\/media\/3467"}],"wp:attachment":[{"href":"https:\/\/vosgesinfo.fr\/epinalinfo\/wp-json\/wp\/v2\/media?parent=3468"}],"wp:term":[{"taxonomy":"category","embeddable":true,"href":"https:\/\/vosgesinfo.fr\/epinalinfo\/wp-json\/wp\/v2\/categories?post=3468"},{"taxonomy":"post_tag","embeddable":true,"href":"https:\/\/vosgesinfo.fr\/epinalinfo\/wp-json\/wp\/v2\/tags?post=3468"}],"curies":[{"name":"wp","href":"https:\/\/api.w.org\/{rel}","templated":true}]}}