{"id":357,"date":"2023-08-10T08:43:38","date_gmt":"2023-08-10T06:43:38","guid":{"rendered":"https:\/\/vosgesinfo.fr\/epinalinfo\/2023\/08\/les-nuits-des-etoiles-approchent\/"},"modified":"2024-02-27T18:10:05","modified_gmt":"2024-02-27T17:10:05","slug":"nuits-etoiles-approchent","status":"publish","type":"post","link":"https:\/\/vosgesinfo.fr\/epinalinfo\/2023\/08\/nuits-etoiles-approchent\/","title":{"rendered":"Les nuits des \u00e9toiles approchent"},"content":{"rendered":"<h2><a href=\"https:\/\/epinalinfos.fr\/wp-content\/uploads\/2023\/08\/VISUEL3.png\"><img decoding=\"async\" class=\"aligncenter size-large wp-image-222853\" src=\"https:\/\/vosgesinfo.fr\/app\/uploads\/sites\/3\/2023\/08\/visuel3.png\" alt=\"Affiche plan\u00e9tarium\" width=\"640\" height=\"800\" \/><\/a><\/h2>\n<h2>Les 11, 12\u00a0 et 13 ao\u00fbt\u00a0 auront lieu les nuits des \u00e9toiles. \u00ab\u00a0Poussi\u00e8res c\u00e9lestes\u00a0\u00bb tel est le th\u00e8me de l&rsquo;\u00e9dition 2023. Le plan\u00e9tarium d&rsquo;\u00c9pinal participe \u00e0 cette manifestation et vous propose ses animations.<\/h2>\n<p>Au programme de 20 heures \u00e0 minuit :<br \/>\n&#8211; plusieurs\u00a0<strong>s\u00e9ances<\/strong>\u00a0de plan\u00e9tarium,<br \/>\n&#8211; de l&rsquo;<strong>observation en ext\u00e9rieur<\/strong>\u00a0\u00e0 l&rsquo;aide de diff\u00e9rents instruments,<br \/>\n&#8211; des\u00a0<strong>ateliers<\/strong>\u00a0: contes et l\u00e9gendes sous le ciel \u00e9toil\u00e9, d\u00e9couverte et manipulation de cartes du ciel num\u00e9riques, et d&rsquo;un plan\u00e9taire en r\u00e9alit\u00e9 augment\u00e9e.<\/p>\n<p>Cet exceptionnel rendez-vous\u00a0 \u00a0de l&rsquo;\u00e9t\u00e9 est\u00a0<strong>gratuit, accessible \u00e0 tous<\/strong>, et ne n\u00e9cessite aucune connaissance pr\u00e9alable.<\/p>\n","protected":false},"excerpt":{"rendered":"<p>Les 11, 12\u00a0 et 13 ao\u00fbt\u00a0 auront lieu les nuits des \u00e9toiles. \u00ab\u00a0Poussi\u00e8res c\u00e9lestes\u00a0\u00bb tel est le th\u00e8me de l&rsquo;\u00e9dition [&hellip;]<\/p>\n","protected":false},"author":70,"featured_media":356,"comment_status":"open","ping_status":"open","sticky":false,"template":"","format":"standard","meta":{"footnotes":""},"categories":[22,20,24,111],"tags":[32,70,112,113],"class_list":["post-357","post","type-post","status-publish","format-standard","has-post-thumbnail","hentry","category-a-la-une","category-divertissement","category-epinal","category-sciences","tag-animations","tag-epinal","tag-nuit-des-etoiles","tag-planetarium"],"acf":[],"yoast_head":"<!-- This site is optimized with the Yoast SEO plugin v22.5 - https:\/\/yoast.com\/wordpress\/plugins\/seo\/ -->\n<title>Les nuits des \u00e9toiles approchent - Epinal Info<\/title>\n<meta name=\"robots\" content=\"index, follow, max-snippet:-1, max-image-preview:large, max-video-preview:-1\" \/>\n<link rel=\"canonical\" href=\"https:\/\/vosgesinfo.fr\/epinalinfo\/2023\/08\/nuits-etoiles-approchent\/\" \/>\n<meta name=\"twitter:card\" content=\"summary_large_image\" \/>\n<meta name=\"twitter:title\" content=\"Les nuits des \u00e9toiles approchent - Epinal Info\" \/>\n<meta name=\"twitter:description\" content=\"Les 11, 12\u00a0 et 13 ao\u00fbt\u00a0 auront lieu les nuits des \u00e9toiles. \u00ab\u00a0Poussi\u00e8res c\u00e9lestes\u00a0\u00bb tel est le th\u00e8me de l&rsquo;\u00e9dition [&hellip;]\" \/>\n<meta name=\"twitter:image\" content=\"https:\/\/vosgesinfo.fr\/app\/uploads\/sites\/3\/2023\/08\/visuel3.png\" \/>\n<meta name=\"twitter:creator\" content=\"@VosgesInfo88\" \/>\n<meta name=\"twitter:site\" content=\"@VosgesInfo88\" \/>\n<meta name=\"twitter:label1\" content=\"\u00c9crit par\" \/>\n\t<meta name=\"twitter:data1\" content=\"Myriam Laurent\" \/>\n\t<meta name=\"twitter:label2\" content=\"Dur\u00e9e de lecture estim\u00e9e\" \/>\n\t<meta name=\"twitter:data2\" content=\"1 minute\" \/>\n<script type=\"application\/ld+json\" class=\"yoast-schema-graph\">{\"@context\":\"https:\/\/schema.org\",\"@graph\":[{\"@type\":\"Article\",\"@id\":\"https:\/\/vosgesinfo.fr\/epinalinfo\/2023\/08\/nuits-etoiles-approchent\/#article\",\"isPartOf\":{\"@id\":\"https:\/\/vosgesinfo.fr\/epinalinfo\/2023\/08\/nuits-etoiles-approchent\/\"},\"author\":{\"name\":\"Myriam Laurent\",\"@id\":\"https:\/\/vosgesinfo.fr\/epinalinfo\/#\/schema\/person\/2b386e085a82c0016b256393b2189ae4\"},\"headline\":\"Les nuits des \u00e9toiles approchent\",\"datePublished\":\"2023-08-10T06:43:38+00:00\",\"dateModified\":\"2024-02-27T17:10:05+00:00\",\"mainEntityOfPage\":{\"@id\":\"https:\/\/vosgesinfo.fr\/epinalinfo\/2023\/08\/nuits-etoiles-approchent\/\"},\"wordCount\":114,\"commentCount\":0,\"publisher\":{\"@id\":\"https:\/\/vosgesinfo.fr\/epinalinfo\/#organization\"},\"image\":{\"@id\":\"https:\/\/vosgesinfo.fr\/epinalinfo\/2023\/08\/nuits-etoiles-approchent\/#primaryimage\"},\"thumbnailUrl\":\"https:\/\/vosgesinfo.fr\/app\/uploads\/sites\/3\/2023\/08\/visuel3.png\",\"keywords\":[\"animations\",\"Epinal\",\"nuit des \u00e9toiles\",\"Plan\u00e9tarium\"],\"articleSection\":[\"A la Une\",\"Divertissement\",\"Epinal\",\"Sciences\"],\"inLanguage\":\"fr-FR\",\"potentialAction\":[{\"@type\":\"CommentAction\",\"name\":\"Comment\",\"target\":[\"https:\/\/vosgesinfo.fr\/epinalinfo\/2023\/08\/nuits-etoiles-approchent\/#respond\"]}]},{\"@type\":\"WebPage\",\"@id\":\"https:\/\/vosgesinfo.fr\/epinalinfo\/2023\/08\/nuits-etoiles-approchent\/\",\"url\":\"https:\/\/vosgesinfo.fr\/epinalinfo\/2023\/08\/nuits-etoiles-approchent\/\",\"name\":\"Les nuits des \u00e9toiles approchent - Epinal Info\",\"isPartOf\":{\"@id\":\"https:\/\/vosgesinfo.fr\/epinalinfo\/#website\"},\"primaryImageOfPage\":{\"@id\":\"https:\/\/vosgesinfo.fr\/epinalinfo\/2023\/08\/nuits-etoiles-approchent\/#primaryimage\"},\"image\":{\"@id\":\"https:\/\/vosgesinfo.fr\/epinalinfo\/2023\/08\/nuits-etoiles-approchent\/#primaryimage\"},\"thumbnailUrl\":\"https:\/\/vosgesinfo.fr\/app\/uploads\/sites\/3\/2023\/08\/visuel3.png\",\"datePublished\":\"2023-08-10T06:43:38+00:00\",\"dateModified\":\"2024-02-27T17:10:05+00:00\",\"breadcrumb\":{\"@id\":\"https:\/\/vosgesinfo.fr\/epinalinfo\/2023\/08\/nuits-etoiles-approchent\/#breadcrumb\"},\"inLanguage\":\"fr-FR\",\"potentialAction\":[{\"@type\":\"ReadAction\",\"target\":[\"https:\/\/vosgesinfo.fr\/epinalinfo\/2023\/08\/nuits-etoiles-approchent\/\"]}]},{\"@type\":\"ImageObject\",\"inLanguage\":\"fr-FR\",\"@id\":\"https:\/\/vosgesinfo.fr\/epinalinfo\/2023\/08\/nuits-etoiles-approchent\/#primaryimage\",\"url\":\"https:\/\/vosgesinfo.fr\/app\/uploads\/sites\/3\/2023\/08\/visuel3.png\",\"contentUrl\":\"https:\/\/vosgesinfo.fr\/app\/uploads\/sites\/3\/2023\/08\/visuel3.png\",\"width\":640,\"height\":800},{\"@type\":\"BreadcrumbList\",\"@id\":\"https:\/\/vosgesinfo.fr\/epinalinfo\/2023\/08\/nuits-etoiles-approchent\/#breadcrumb\",\"itemListElement\":[{\"@type\":\"ListItem\",\"position\":1,\"name\":\"Home\",\"item\":\"https:\/\/vosgesinfo.fr\/epinalinfo\/\"},{\"@type\":\"ListItem\",\"position\":2,\"name\":\"Les nuits des \u00e9toiles approchent\"}]},{\"@type\":\"WebSite\",\"@id\":\"https:\/\/vosgesinfo.fr\/epinalinfo\/#website\",\"url\":\"https:\/\/vosgesinfo.fr\/epinalinfo\/\",\"name\":\"Epinal Info\",\"description\":\"Toute l&#039;actualit\u00e9 d&#039;\u00c9pinal\",\"publisher\":{\"@id\":\"https:\/\/vosgesinfo.fr\/epinalinfo\/#organization\"},\"alternateName\":\"Toute l'actualit\u00e9 d'\u00c9pinal\",\"potentialAction\":[{\"@type\":\"SearchAction\",\"target\":{\"@type\":\"EntryPoint\",\"urlTemplate\":\"https:\/\/vosgesinfo.fr\/epinalinfo\/?s={search_term_string}\"},\"query-input\":\"required name=search_term_string\"}],\"inLanguage\":\"fr-FR\"},{\"@type\":\"Organization\",\"@id\":\"https:\/\/vosgesinfo.fr\/epinalinfo\/#organization\",\"name\":\"Epinal Info\",\"url\":\"https:\/\/vosgesinfo.fr\/epinalinfo\/\",\"logo\":{\"@type\":\"ImageObject\",\"inLanguage\":\"fr-FR\",\"@id\":\"https:\/\/vosgesinfo.fr\/epinalinfo\/#\/schema\/logo\/image\/\",\"url\":\"https:\/\/vosgesinfo.fr\/app\/uploads\/sites\/3\/2023\/08\/logo-epinalinfos.svg\",\"contentUrl\":\"https:\/\/vosgesinfo.fr\/app\/uploads\/sites\/3\/2023\/08\/logo-epinalinfos.svg\",\"width\":1,\"height\":1,\"caption\":\"Epinal Info\"},\"image\":{\"@id\":\"https:\/\/vosgesinfo.fr\/epinalinfo\/#\/schema\/logo\/image\/\"},\"sameAs\":[\"https:\/\/www.facebook.com\/Epinalinfos\",\"https:\/\/x.com\/VosgesInfo88\",\"https:\/\/www.youtube.com\/@vosgesinfo\"]},{\"@type\":\"Person\",\"@id\":\"https:\/\/vosgesinfo.fr\/epinalinfo\/#\/schema\/person\/2b386e085a82c0016b256393b2189ae4\",\"name\":\"Myriam Laurent\",\"image\":{\"@type\":\"ImageObject\",\"inLanguage\":\"fr-FR\",\"@id\":\"https:\/\/vosgesinfo.fr\/epinalinfo\/#\/schema\/person\/image\/\",\"url\":\"https:\/\/secure.gravatar.com\/avatar\/a409932072e5edc53edb5721b96f447ffe159ad4db11e70fcf913dff1c01503f?s=96&d=mm&r=g\",\"contentUrl\":\"https:\/\/secure.gravatar.com\/avatar\/a409932072e5edc53edb5721b96f447ffe159ad4db11e70fcf913dff1c01503f?s=96&d=mm&r=g\",\"caption\":\"Myriam Laurent\"},\"url\":\"https:\/\/vosgesinfo.fr\/epinalinfo\/author\/myriam-laurent\/\"}]}<\/script>\n<!-- \/ Yoast SEO plugin. -->","yoast_head_json":{"title":"Les nuits des \u00e9toiles approchent - Epinal Info","robots":{"index":"index","follow":"follow","max-snippet":"max-snippet:-1","max-image-preview":"max-image-preview:large","max-video-preview":"max-video-preview:-1"},"canonical":"https:\/\/vosgesinfo.fr\/epinalinfo\/2023\/08\/nuits-etoiles-approchent\/","twitter_card":"summary_large_image","twitter_title":"Les nuits des \u00e9toiles approchent - Epinal Info","twitter_description":"Les 11, 12\u00a0 et 13 ao\u00fbt\u00a0 auront lieu les nuits des \u00e9toiles. \u00ab\u00a0Poussi\u00e8res c\u00e9lestes\u00a0\u00bb tel est le th\u00e8me de l&rsquo;\u00e9dition [&hellip;]","twitter_image":"https:\/\/vosgesinfo.fr\/app\/uploads\/sites\/3\/2023\/08\/visuel3.png","twitter_creator":"@VosgesInfo88","twitter_site":"@VosgesInfo88","twitter_misc":{"\u00c9crit par":"Myriam Laurent","Dur\u00e9e de lecture estim\u00e9e":"1 minute"},"schema":{"@context":"https:\/\/schema.org","@graph":[{"@type":"Article","@id":"https:\/\/vosgesinfo.fr\/epinalinfo\/2023\/08\/nuits-etoiles-approchent\/#article","isPartOf":{"@id":"https:\/\/vosgesinfo.fr\/epinalinfo\/2023\/08\/nuits-etoiles-approchent\/"},"author":{"name":"Myriam Laurent","@id":"https:\/\/vosgesinfo.fr\/epinalinfo\/#\/schema\/person\/2b386e085a82c0016b256393b2189ae4"},"headline":"Les nuits des \u00e9toiles approchent","datePublished":"2023-08-10T06:43:38+00:00","dateModified":"2024-02-27T17:10:05+00:00","mainEntityOfPage":{"@id":"https:\/\/vosgesinfo.fr\/epinalinfo\/2023\/08\/nuits-etoiles-approchent\/"},"wordCount":114,"commentCount":0,"publisher":{"@id":"https:\/\/vosgesinfo.fr\/epinalinfo\/#organization"},"image":{"@id":"https:\/\/vosgesinfo.fr\/epinalinfo\/2023\/08\/nuits-etoiles-approchent\/#primaryimage"},"thumbnailUrl":"https:\/\/vosgesinfo.fr\/app\/uploads\/sites\/3\/2023\/08\/visuel3.png","keywords":["animations","Epinal","nuit des \u00e9toiles","Plan\u00e9tarium"],"articleSection":["A la Une","Divertissement","Epinal","Sciences"],"inLanguage":"fr-FR","potentialAction":[{"@type":"CommentAction","name":"Comment","target":["https:\/\/vosgesinfo.fr\/epinalinfo\/2023\/08\/nuits-etoiles-approchent\/#respond"]}]},{"@type":"WebPage","@id":"https:\/\/vosgesinfo.fr\/epinalinfo\/2023\/08\/nuits-etoiles-approchent\/","url":"https:\/\/vosgesinfo.fr\/epinalinfo\/2023\/08\/nuits-etoiles-approchent\/","name":"Les nuits des \u00e9toiles approchent - Epinal Info","isPartOf":{"@id":"https:\/\/vosgesinfo.fr\/epinalinfo\/#website"},"primaryImageOfPage":{"@id":"https:\/\/vosgesinfo.fr\/epinalinfo\/2023\/08\/nuits-etoiles-approchent\/#primaryimage"},"image":{"@id":"https:\/\/vosgesinfo.fr\/epinalinfo\/2023\/08\/nuits-etoiles-approchent\/#primaryimage"},"thumbnailUrl":"https:\/\/vosgesinfo.fr\/app\/uploads\/sites\/3\/2023\/08\/visuel3.png","datePublished":"2023-08-10T06:43:38+00:00","dateModified":"2024-02-27T17:10:05+00:00","breadcrumb":{"@id":"https:\/\/vosgesinfo.fr\/epinalinfo\/2023\/08\/nuits-etoiles-approchent\/#breadcrumb"},"inLanguage":"fr-FR","potentialAction":[{"@type":"ReadAction","target":["https:\/\/vosgesinfo.fr\/epinalinfo\/2023\/08\/nuits-etoiles-approchent\/"]}]},{"@type":"ImageObject","inLanguage":"fr-FR","@id":"https:\/\/vosgesinfo.fr\/epinalinfo\/2023\/08\/nuits-etoiles-approchent\/#primaryimage","url":"https:\/\/vosgesinfo.fr\/app\/uploads\/sites\/3\/2023\/08\/visuel3.png","contentUrl":"https:\/\/vosgesinfo.fr\/app\/uploads\/sites\/3\/2023\/08\/visuel3.png","width":640,"height":800},{"@type":"BreadcrumbList","@id":"https:\/\/vosgesinfo.fr\/epinalinfo\/2023\/08\/nuits-etoiles-approchent\/#breadcrumb","itemListElement":[{"@type":"ListItem","position":1,"name":"Home","item":"https:\/\/vosgesinfo.fr\/epinalinfo\/"},{"@type":"ListItem","position":2,"name":"Les nuits des \u00e9toiles approchent"}]},{"@type":"WebSite","@id":"https:\/\/vosgesinfo.fr\/epinalinfo\/#website","url":"https:\/\/vosgesinfo.fr\/epinalinfo\/","name":"Epinal Info","description":"Toute l&#039;actualit\u00e9 d&#039;\u00c9pinal","publisher":{"@id":"https:\/\/vosgesinfo.fr\/epinalinfo\/#organization"},"alternateName":"Toute l'actualit\u00e9 d'\u00c9pinal","potentialAction":[{"@type":"SearchAction","target":{"@type":"EntryPoint","urlTemplate":"https:\/\/vosgesinfo.fr\/epinalinfo\/?s={search_term_string}"},"query-input":"required name=search_term_string"}],"inLanguage":"fr-FR"},{"@type":"Organization","@id":"https:\/\/vosgesinfo.fr\/epinalinfo\/#organization","name":"Epinal Info","url":"https:\/\/vosgesinfo.fr\/epinalinfo\/","logo":{"@type":"ImageObject","inLanguage":"fr-FR","@id":"https:\/\/vosgesinfo.fr\/epinalinfo\/#\/schema\/logo\/image\/","url":"https:\/\/vosgesinfo.fr\/app\/uploads\/sites\/3\/2023\/08\/logo-epinalinfos.svg","contentUrl":"https:\/\/vosgesinfo.fr\/app\/uploads\/sites\/3\/2023\/08\/logo-epinalinfos.svg","width":1,"height":1,"caption":"Epinal Info"},"image":{"@id":"https:\/\/vosgesinfo.fr\/epinalinfo\/#\/schema\/logo\/image\/"},"sameAs":["https:\/\/www.facebook.com\/Epinalinfos","https:\/\/x.com\/VosgesInfo88","https:\/\/www.youtube.com\/@vosgesinfo"]},{"@type":"Person","@id":"https:\/\/vosgesinfo.fr\/epinalinfo\/#\/schema\/person\/2b386e085a82c0016b256393b2189ae4","name":"Myriam Laurent","image":{"@type":"ImageObject","inLanguage":"fr-FR","@id":"https:\/\/vosgesinfo.fr\/epinalinfo\/#\/schema\/person\/image\/","url":"https:\/\/secure.gravatar.com\/avatar\/a409932072e5edc53edb5721b96f447ffe159ad4db11e70fcf913dff1c01503f?s=96&d=mm&r=g","contentUrl":"https:\/\/secure.gravatar.com\/avatar\/a409932072e5edc53edb5721b96f447ffe159ad4db11e70fcf913dff1c01503f?s=96&d=mm&r=g","caption":"Myriam Laurent"},"url":"https:\/\/vosgesinfo.fr\/epinalinfo\/author\/myriam-laurent\/"}]}},"_links":{"self":[{"href":"https:\/\/vosgesinfo.fr\/epinalinfo\/wp-json\/wp\/v2\/posts\/357","targetHints":{"allow":["GET"]}}],"collection":[{"href":"https:\/\/vosgesinfo.fr\/epinalinfo\/wp-json\/wp\/v2\/posts"}],"about":[{"href":"https:\/\/vosgesinfo.fr\/epinalinfo\/wp-json\/wp\/v2\/types\/post"}],"author":[{"embeddable":true,"href":"https:\/\/vosgesinfo.fr\/epinalinfo\/wp-json\/wp\/v2\/users\/70"}],"replies":[{"embeddable":true,"href":"https:\/\/vosgesinfo.fr\/epinalinfo\/wp-json\/wp\/v2\/comments?post=357"}],"version-history":[{"count":1,"href":"https:\/\/vosgesinfo.fr\/epinalinfo\/wp-json\/wp\/v2\/posts\/357\/revisions"}],"predecessor-version":[{"id":37252,"href":"https:\/\/vosgesinfo.fr\/epinalinfo\/wp-json\/wp\/v2\/posts\/357\/revisions\/37252"}],"wp:featuredmedia":[{"embeddable":true,"href":"https:\/\/vosgesinfo.fr\/epinalinfo\/wp-json\/wp\/v2\/media\/356"}],"wp:attachment":[{"href":"https:\/\/vosgesinfo.fr\/epinalinfo\/wp-json\/wp\/v2\/media?parent=357"}],"wp:term":[{"taxonomy":"category","embeddable":true,"href":"https:\/\/vosgesinfo.fr\/epinalinfo\/wp-json\/wp\/v2\/categories?post=357"},{"taxonomy":"post_tag","embeddable":true,"href":"https:\/\/vosgesinfo.fr\/epinalinfo\/wp-json\/wp\/v2\/tags?post=357"}],"curies":[{"name":"wp","href":"https:\/\/api.w.org\/{rel}","templated":true}]}}