{"id":38857,"date":"2024-03-08T08:28:51","date_gmt":"2024-03-08T07:28:51","guid":{"rendered":"https:\/\/vosgesinfo.fr\/epinalinfo\/?p=38857"},"modified":"2024-03-08T12:29:44","modified_gmt":"2024-03-08T11:29:44","slug":"julien-strelzyk-en-spectacle-a-vittel","status":"publish","type":"post","link":"https:\/\/vosgesinfo.fr\/epinalinfo\/2024\/03\/julien-strelzyk-en-spectacle-a-vittel\/","title":{"rendered":"Julien STRELZYK en spectacle \u00e0 Vittel"},"content":{"rendered":"<p class=\"x_MsoNormal\"><span style=\"font-size: large;\"><img decoding=\"async\" class=\"aligncenter wp-image-38858 size-large\" src=\"https:\/\/vosgesinfo.fr\/app\/uploads\/sites\/3\/2024\/03\/sans-titre-1-1024x612.png\" alt=\"\" width=\"1024\" height=\"612\" srcset=\"https:\/\/vosgesinfo.fr\/app\/uploads\/sites\/3\/2024\/03\/sans-titre-1-1024x612.png 1024w, https:\/\/vosgesinfo.fr\/app\/uploads\/sites\/3\/2024\/03\/sans-titre-1-300x179.png 300w, https:\/\/vosgesinfo.fr\/app\/uploads\/sites\/3\/2024\/03\/sans-titre-1-768x459.png 768w, https:\/\/vosgesinfo.fr\/app\/uploads\/sites\/3\/2024\/03\/sans-titre-1.png 1174w\" sizes=\"(max-width: 1024px) 100vw, 1024px\" \/>La <b>Ville de Vittel<\/b> pr\u00e9sente<\/span><span style=\"font-size: large;\"> <b>Julien STRELZYK<\/b> &#8211; \u00c7a passe trop vite !<\/span><br aria-hidden=\"true\" \/><br aria-hidden=\"true\" \/>Il a d\u00e9pens\u00e9 tellement d&rsquo;argent depuis l&rsquo;arriv\u00e9e de son premier enfant qu&rsquo;il a d\u00e9cid\u00e9 d&rsquo;en \u00e9crire un spectacle, pour avoir un retour sur investissement.<\/p>\n<p class=\"x_MsoNormal\"><br aria-hidden=\"true\" \/>Dans ce spectacle, Julien nous fait plonger dans l&rsquo;univers des b\u00e9b\u00e9s et des jeunes parents. Les sujets abord\u00e9s : sommeil, biberon, allaitement, conseils des grands-m\u00e8res, grandes gueules des grands-p\u00e8res, arbre g\u00e9n\u00e9alogique, couple et sexualit\u00e9.<\/p>\n<p class=\"x_MsoNormal\">Julien analyse notamment pourquoi certains parents postent sur les r\u00e9seaux sociaux des photos de leurs b\u00e9b\u00e9s en cachant leur visage avec un \u00e9moji\u2026ou pourquoi d&rsquo;autres tatouent les pr\u00e9noms de leurs enfants sur les avant-bras.<br aria-hidden=\"true\" \/><br aria-hidden=\"true\" \/><b><i><u>Informations pratique\u00a0:<\/u><\/i><\/b><br aria-hidden=\"true\" \/><i>Vendredi 29 Mars \u00e0 l\u2019espace Alhambra<\/i><br aria-hidden=\"true\" \/>Horaire\u00a0: 20h30 \u2013 Ouverture des portes \u00e0 19h30<br aria-hidden=\"true\" \/>Placement assis libre<\/p>\n<p class=\"x_MsoNormal\"><b><i><u>Billetterie\u00a0:<\/u><\/i><\/b><b><\/b><\/p>\n<p class=\"x_MsoNormal\">Tarif unique\u00a0: 15,00\u20ac<i><u><\/u><\/i><\/p>\n<p class=\"x_MsoNormal\">Billetterie disponible au service culturel (385 rue de Verdun) et sur <a id=\"LPlnk597296\" class=\"x_moz-txt-link-freetext\" href=\"https:\/\/web.digitick.com\/index-css5-mairiedevittel-pg1.html\" target=\"_blank\" rel=\"noopener noreferrer\" data-auth=\"NotApplicable\" data-linkindex=\"0\">https:\/\/web.digitick.com\/index-css5-mairiedevittel-pg1.html<\/a><\/p>\n","protected":false},"excerpt":{"rendered":"<p>La Ville de Vittel pr\u00e9sente Julien STRELZYK &#8211; \u00c7a passe trop vite !Il a d\u00e9pens\u00e9 tellement d&rsquo;argent depuis l&rsquo;arriv\u00e9e de [&hellip;]<\/p>\n","protected":false},"author":52,"featured_media":38858,"comment_status":"open","ping_status":"open","sticky":false,"template":"","format":"standard","meta":{"footnotes":""},"categories":[22,12,24,6057],"tags":[],"class_list":["post-38857","post","type-post","status-publish","format-standard","has-post-thumbnail","hentry","category-a-la-une","category-culture","category-epinal","category-la-plaine-des-vosges"],"acf":[],"yoast_head":"<!-- This site is optimized with the Yoast SEO plugin v22.5 - https:\/\/yoast.com\/wordpress\/plugins\/seo\/ -->\n<title>Julien STRELZYK en spectacle \u00e0 Vittel - Epinal Info<\/title>\n<meta name=\"robots\" content=\"index, follow, max-snippet:-1, max-image-preview:large, max-video-preview:-1\" \/>\n<link rel=\"canonical\" href=\"https:\/\/vosgesinfo.fr\/epinalinfo\/2024\/03\/julien-strelzyk-en-spectacle-a-vittel\/\" \/>\n<meta name=\"twitter:card\" content=\"summary_large_image\" \/>\n<meta name=\"twitter:title\" content=\"Julien STRELZYK en spectacle \u00e0 Vittel - Epinal Info\" \/>\n<meta name=\"twitter:description\" content=\"La Ville de Vittel pr\u00e9sente Julien STRELZYK &#8211; \u00c7a passe trop vite !Il a d\u00e9pens\u00e9 tellement d&rsquo;argent depuis l&rsquo;arriv\u00e9e de [&hellip;]\" \/>\n<meta name=\"twitter:image\" content=\"https:\/\/vosgesinfo.fr\/app\/uploads\/sites\/3\/2024\/03\/sans-titre-1.png\" \/>\n<meta name=\"twitter:creator\" content=\"@VosgesInfo88\" \/>\n<meta name=\"twitter:site\" content=\"@VosgesInfo88\" \/>\n<meta name=\"twitter:label1\" content=\"\u00c9crit par\" \/>\n\t<meta name=\"twitter:data1\" content=\"C.K.\" \/>\n\t<meta name=\"twitter:label2\" content=\"Dur\u00e9e de lecture estim\u00e9e\" \/>\n\t<meta name=\"twitter:data2\" content=\"1 minute\" \/>\n<script type=\"application\/ld+json\" class=\"yoast-schema-graph\">{\"@context\":\"https:\/\/schema.org\",\"@graph\":[{\"@type\":\"Article\",\"@id\":\"https:\/\/vosgesinfo.fr\/epinalinfo\/2024\/03\/julien-strelzyk-en-spectacle-a-vittel\/#article\",\"isPartOf\":{\"@id\":\"https:\/\/vosgesinfo.fr\/epinalinfo\/2024\/03\/julien-strelzyk-en-spectacle-a-vittel\/\"},\"author\":{\"name\":\"C.K.\",\"@id\":\"https:\/\/vosgesinfo.fr\/epinalinfo\/#\/schema\/person\/6f9a650eeea99d969b6c4ab78fccbe81\"},\"headline\":\"Julien STRELZYK en spectacle \u00e0 Vittel\",\"datePublished\":\"2024-03-08T07:28:51+00:00\",\"dateModified\":\"2024-03-08T11:29:44+00:00\",\"mainEntityOfPage\":{\"@id\":\"https:\/\/vosgesinfo.fr\/epinalinfo\/2024\/03\/julien-strelzyk-en-spectacle-a-vittel\/\"},\"wordCount\":166,\"commentCount\":0,\"publisher\":{\"@id\":\"https:\/\/vosgesinfo.fr\/epinalinfo\/#organization\"},\"image\":{\"@id\":\"https:\/\/vosgesinfo.fr\/epinalinfo\/2024\/03\/julien-strelzyk-en-spectacle-a-vittel\/#primaryimage\"},\"thumbnailUrl\":\"https:\/\/vosgesinfo.fr\/app\/uploads\/sites\/3\/2024\/03\/sans-titre-1.png\",\"articleSection\":[\"A la Une\",\"Culture\",\"Epinal\",\"La plaine des vosges\"],\"inLanguage\":\"fr-FR\",\"potentialAction\":[{\"@type\":\"CommentAction\",\"name\":\"Comment\",\"target\":[\"https:\/\/vosgesinfo.fr\/epinalinfo\/2024\/03\/julien-strelzyk-en-spectacle-a-vittel\/#respond\"]}]},{\"@type\":\"WebPage\",\"@id\":\"https:\/\/vosgesinfo.fr\/epinalinfo\/2024\/03\/julien-strelzyk-en-spectacle-a-vittel\/\",\"url\":\"https:\/\/vosgesinfo.fr\/epinalinfo\/2024\/03\/julien-strelzyk-en-spectacle-a-vittel\/\",\"name\":\"Julien STRELZYK en spectacle \u00e0 Vittel - Epinal Info\",\"isPartOf\":{\"@id\":\"https:\/\/vosgesinfo.fr\/epinalinfo\/#website\"},\"primaryImageOfPage\":{\"@id\":\"https:\/\/vosgesinfo.fr\/epinalinfo\/2024\/03\/julien-strelzyk-en-spectacle-a-vittel\/#primaryimage\"},\"image\":{\"@id\":\"https:\/\/vosgesinfo.fr\/epinalinfo\/2024\/03\/julien-strelzyk-en-spectacle-a-vittel\/#primaryimage\"},\"thumbnailUrl\":\"https:\/\/vosgesinfo.fr\/app\/uploads\/sites\/3\/2024\/03\/sans-titre-1.png\",\"datePublished\":\"2024-03-08T07:28:51+00:00\",\"dateModified\":\"2024-03-08T11:29:44+00:00\",\"breadcrumb\":{\"@id\":\"https:\/\/vosgesinfo.fr\/epinalinfo\/2024\/03\/julien-strelzyk-en-spectacle-a-vittel\/#breadcrumb\"},\"inLanguage\":\"fr-FR\",\"potentialAction\":[{\"@type\":\"ReadAction\",\"target\":[\"https:\/\/vosgesinfo.fr\/epinalinfo\/2024\/03\/julien-strelzyk-en-spectacle-a-vittel\/\"]}]},{\"@type\":\"ImageObject\",\"inLanguage\":\"fr-FR\",\"@id\":\"https:\/\/vosgesinfo.fr\/epinalinfo\/2024\/03\/julien-strelzyk-en-spectacle-a-vittel\/#primaryimage\",\"url\":\"https:\/\/vosgesinfo.fr\/app\/uploads\/sites\/3\/2024\/03\/sans-titre-1.png\",\"contentUrl\":\"https:\/\/vosgesinfo.fr\/app\/uploads\/sites\/3\/2024\/03\/sans-titre-1.png\",\"width\":1174,\"height\":702},{\"@type\":\"BreadcrumbList\",\"@id\":\"https:\/\/vosgesinfo.fr\/epinalinfo\/2024\/03\/julien-strelzyk-en-spectacle-a-vittel\/#breadcrumb\",\"itemListElement\":[{\"@type\":\"ListItem\",\"position\":1,\"name\":\"Home\",\"item\":\"https:\/\/vosgesinfo.fr\/epinalinfo\/\"},{\"@type\":\"ListItem\",\"position\":2,\"name\":\"Julien STRELZYK en spectacle \u00e0 Vittel\"}]},{\"@type\":\"WebSite\",\"@id\":\"https:\/\/vosgesinfo.fr\/epinalinfo\/#website\",\"url\":\"https:\/\/vosgesinfo.fr\/epinalinfo\/\",\"name\":\"Epinal Info\",\"description\":\"Toute l&#039;actualit\u00e9 d&#039;\u00c9pinal\",\"publisher\":{\"@id\":\"https:\/\/vosgesinfo.fr\/epinalinfo\/#organization\"},\"alternateName\":\"Toute l'actualit\u00e9 d'\u00c9pinal\",\"potentialAction\":[{\"@type\":\"SearchAction\",\"target\":{\"@type\":\"EntryPoint\",\"urlTemplate\":\"https:\/\/vosgesinfo.fr\/epinalinfo\/?s={search_term_string}\"},\"query-input\":\"required name=search_term_string\"}],\"inLanguage\":\"fr-FR\"},{\"@type\":\"Organization\",\"@id\":\"https:\/\/vosgesinfo.fr\/epinalinfo\/#organization\",\"name\":\"Epinal Info\",\"url\":\"https:\/\/vosgesinfo.fr\/epinalinfo\/\",\"logo\":{\"@type\":\"ImageObject\",\"inLanguage\":\"fr-FR\",\"@id\":\"https:\/\/vosgesinfo.fr\/epinalinfo\/#\/schema\/logo\/image\/\",\"url\":\"https:\/\/vosgesinfo.fr\/app\/uploads\/sites\/3\/2023\/08\/logo-epinalinfos.svg\",\"contentUrl\":\"https:\/\/vosgesinfo.fr\/app\/uploads\/sites\/3\/2023\/08\/logo-epinalinfos.svg\",\"width\":1,\"height\":1,\"caption\":\"Epinal Info\"},\"image\":{\"@id\":\"https:\/\/vosgesinfo.fr\/epinalinfo\/#\/schema\/logo\/image\/\"},\"sameAs\":[\"https:\/\/www.facebook.com\/Epinalinfos\",\"https:\/\/x.com\/VosgesInfo88\",\"https:\/\/www.youtube.com\/@vosgesinfo\"]},{\"@type\":\"Person\",\"@id\":\"https:\/\/vosgesinfo.fr\/epinalinfo\/#\/schema\/person\/6f9a650eeea99d969b6c4ab78fccbe81\",\"name\":\"C.K.\",\"image\":{\"@type\":\"ImageObject\",\"inLanguage\":\"fr-FR\",\"@id\":\"https:\/\/vosgesinfo.fr\/epinalinfo\/#\/schema\/person\/image\/\",\"url\":\"https:\/\/secure.gravatar.com\/avatar\/48e3fc7f8421ba8942be6b74a2b7f014ca39bc00dece156b7a8e098ae7dc87bf?s=96&d=mm&r=g\",\"contentUrl\":\"https:\/\/secure.gravatar.com\/avatar\/48e3fc7f8421ba8942be6b74a2b7f014ca39bc00dece156b7a8e098ae7dc87bf?s=96&d=mm&r=g\",\"caption\":\"C.K.\"},\"url\":\"https:\/\/vosgesinfo.fr\/epinalinfo\/author\/celia-k-n\/\"}]}<\/script>\n<!-- \/ Yoast SEO plugin. -->","yoast_head_json":{"title":"Julien STRELZYK en spectacle \u00e0 Vittel - Epinal Info","robots":{"index":"index","follow":"follow","max-snippet":"max-snippet:-1","max-image-preview":"max-image-preview:large","max-video-preview":"max-video-preview:-1"},"canonical":"https:\/\/vosgesinfo.fr\/epinalinfo\/2024\/03\/julien-strelzyk-en-spectacle-a-vittel\/","twitter_card":"summary_large_image","twitter_title":"Julien STRELZYK en spectacle \u00e0 Vittel - Epinal Info","twitter_description":"La Ville de Vittel pr\u00e9sente Julien STRELZYK &#8211; \u00c7a passe trop vite !Il a d\u00e9pens\u00e9 tellement d&rsquo;argent depuis l&rsquo;arriv\u00e9e de [&hellip;]","twitter_image":"https:\/\/vosgesinfo.fr\/app\/uploads\/sites\/3\/2024\/03\/sans-titre-1.png","twitter_creator":"@VosgesInfo88","twitter_site":"@VosgesInfo88","twitter_misc":{"\u00c9crit par":"C.K.","Dur\u00e9e de lecture estim\u00e9e":"1 minute"},"schema":{"@context":"https:\/\/schema.org","@graph":[{"@type":"Article","@id":"https:\/\/vosgesinfo.fr\/epinalinfo\/2024\/03\/julien-strelzyk-en-spectacle-a-vittel\/#article","isPartOf":{"@id":"https:\/\/vosgesinfo.fr\/epinalinfo\/2024\/03\/julien-strelzyk-en-spectacle-a-vittel\/"},"author":{"name":"C.K.","@id":"https:\/\/vosgesinfo.fr\/epinalinfo\/#\/schema\/person\/6f9a650eeea99d969b6c4ab78fccbe81"},"headline":"Julien STRELZYK en spectacle \u00e0 Vittel","datePublished":"2024-03-08T07:28:51+00:00","dateModified":"2024-03-08T11:29:44+00:00","mainEntityOfPage":{"@id":"https:\/\/vosgesinfo.fr\/epinalinfo\/2024\/03\/julien-strelzyk-en-spectacle-a-vittel\/"},"wordCount":166,"commentCount":0,"publisher":{"@id":"https:\/\/vosgesinfo.fr\/epinalinfo\/#organization"},"image":{"@id":"https:\/\/vosgesinfo.fr\/epinalinfo\/2024\/03\/julien-strelzyk-en-spectacle-a-vittel\/#primaryimage"},"thumbnailUrl":"https:\/\/vosgesinfo.fr\/app\/uploads\/sites\/3\/2024\/03\/sans-titre-1.png","articleSection":["A la Une","Culture","Epinal","La plaine des vosges"],"inLanguage":"fr-FR","potentialAction":[{"@type":"CommentAction","name":"Comment","target":["https:\/\/vosgesinfo.fr\/epinalinfo\/2024\/03\/julien-strelzyk-en-spectacle-a-vittel\/#respond"]}]},{"@type":"WebPage","@id":"https:\/\/vosgesinfo.fr\/epinalinfo\/2024\/03\/julien-strelzyk-en-spectacle-a-vittel\/","url":"https:\/\/vosgesinfo.fr\/epinalinfo\/2024\/03\/julien-strelzyk-en-spectacle-a-vittel\/","name":"Julien STRELZYK en spectacle \u00e0 Vittel - Epinal Info","isPartOf":{"@id":"https:\/\/vosgesinfo.fr\/epinalinfo\/#website"},"primaryImageOfPage":{"@id":"https:\/\/vosgesinfo.fr\/epinalinfo\/2024\/03\/julien-strelzyk-en-spectacle-a-vittel\/#primaryimage"},"image":{"@id":"https:\/\/vosgesinfo.fr\/epinalinfo\/2024\/03\/julien-strelzyk-en-spectacle-a-vittel\/#primaryimage"},"thumbnailUrl":"https:\/\/vosgesinfo.fr\/app\/uploads\/sites\/3\/2024\/03\/sans-titre-1.png","datePublished":"2024-03-08T07:28:51+00:00","dateModified":"2024-03-08T11:29:44+00:00","breadcrumb":{"@id":"https:\/\/vosgesinfo.fr\/epinalinfo\/2024\/03\/julien-strelzyk-en-spectacle-a-vittel\/#breadcrumb"},"inLanguage":"fr-FR","potentialAction":[{"@type":"ReadAction","target":["https:\/\/vosgesinfo.fr\/epinalinfo\/2024\/03\/julien-strelzyk-en-spectacle-a-vittel\/"]}]},{"@type":"ImageObject","inLanguage":"fr-FR","@id":"https:\/\/vosgesinfo.fr\/epinalinfo\/2024\/03\/julien-strelzyk-en-spectacle-a-vittel\/#primaryimage","url":"https:\/\/vosgesinfo.fr\/app\/uploads\/sites\/3\/2024\/03\/sans-titre-1.png","contentUrl":"https:\/\/vosgesinfo.fr\/app\/uploads\/sites\/3\/2024\/03\/sans-titre-1.png","width":1174,"height":702},{"@type":"BreadcrumbList","@id":"https:\/\/vosgesinfo.fr\/epinalinfo\/2024\/03\/julien-strelzyk-en-spectacle-a-vittel\/#breadcrumb","itemListElement":[{"@type":"ListItem","position":1,"name":"Home","item":"https:\/\/vosgesinfo.fr\/epinalinfo\/"},{"@type":"ListItem","position":2,"name":"Julien STRELZYK en spectacle \u00e0 Vittel"}]},{"@type":"WebSite","@id":"https:\/\/vosgesinfo.fr\/epinalinfo\/#website","url":"https:\/\/vosgesinfo.fr\/epinalinfo\/","name":"Epinal Info","description":"Toute l&#039;actualit\u00e9 d&#039;\u00c9pinal","publisher":{"@id":"https:\/\/vosgesinfo.fr\/epinalinfo\/#organization"},"alternateName":"Toute l'actualit\u00e9 d'\u00c9pinal","potentialAction":[{"@type":"SearchAction","target":{"@type":"EntryPoint","urlTemplate":"https:\/\/vosgesinfo.fr\/epinalinfo\/?s={search_term_string}"},"query-input":"required name=search_term_string"}],"inLanguage":"fr-FR"},{"@type":"Organization","@id":"https:\/\/vosgesinfo.fr\/epinalinfo\/#organization","name":"Epinal Info","url":"https:\/\/vosgesinfo.fr\/epinalinfo\/","logo":{"@type":"ImageObject","inLanguage":"fr-FR","@id":"https:\/\/vosgesinfo.fr\/epinalinfo\/#\/schema\/logo\/image\/","url":"https:\/\/vosgesinfo.fr\/app\/uploads\/sites\/3\/2023\/08\/logo-epinalinfos.svg","contentUrl":"https:\/\/vosgesinfo.fr\/app\/uploads\/sites\/3\/2023\/08\/logo-epinalinfos.svg","width":1,"height":1,"caption":"Epinal Info"},"image":{"@id":"https:\/\/vosgesinfo.fr\/epinalinfo\/#\/schema\/logo\/image\/"},"sameAs":["https:\/\/www.facebook.com\/Epinalinfos","https:\/\/x.com\/VosgesInfo88","https:\/\/www.youtube.com\/@vosgesinfo"]},{"@type":"Person","@id":"https:\/\/vosgesinfo.fr\/epinalinfo\/#\/schema\/person\/6f9a650eeea99d969b6c4ab78fccbe81","name":"C.K.","image":{"@type":"ImageObject","inLanguage":"fr-FR","@id":"https:\/\/vosgesinfo.fr\/epinalinfo\/#\/schema\/person\/image\/","url":"https:\/\/secure.gravatar.com\/avatar\/48e3fc7f8421ba8942be6b74a2b7f014ca39bc00dece156b7a8e098ae7dc87bf?s=96&d=mm&r=g","contentUrl":"https:\/\/secure.gravatar.com\/avatar\/48e3fc7f8421ba8942be6b74a2b7f014ca39bc00dece156b7a8e098ae7dc87bf?s=96&d=mm&r=g","caption":"C.K."},"url":"https:\/\/vosgesinfo.fr\/epinalinfo\/author\/celia-k-n\/"}]}},"_links":{"self":[{"href":"https:\/\/vosgesinfo.fr\/epinalinfo\/wp-json\/wp\/v2\/posts\/38857","targetHints":{"allow":["GET"]}}],"collection":[{"href":"https:\/\/vosgesinfo.fr\/epinalinfo\/wp-json\/wp\/v2\/posts"}],"about":[{"href":"https:\/\/vosgesinfo.fr\/epinalinfo\/wp-json\/wp\/v2\/types\/post"}],"author":[{"embeddable":true,"href":"https:\/\/vosgesinfo.fr\/epinalinfo\/wp-json\/wp\/v2\/users\/52"}],"replies":[{"embeddable":true,"href":"https:\/\/vosgesinfo.fr\/epinalinfo\/wp-json\/wp\/v2\/comments?post=38857"}],"version-history":[{"count":1,"href":"https:\/\/vosgesinfo.fr\/epinalinfo\/wp-json\/wp\/v2\/posts\/38857\/revisions"}],"predecessor-version":[{"id":38859,"href":"https:\/\/vosgesinfo.fr\/epinalinfo\/wp-json\/wp\/v2\/posts\/38857\/revisions\/38859"}],"wp:featuredmedia":[{"embeddable":true,"href":"https:\/\/vosgesinfo.fr\/epinalinfo\/wp-json\/wp\/v2\/media\/38858"}],"wp:attachment":[{"href":"https:\/\/vosgesinfo.fr\/epinalinfo\/wp-json\/wp\/v2\/media?parent=38857"}],"wp:term":[{"taxonomy":"category","embeddable":true,"href":"https:\/\/vosgesinfo.fr\/epinalinfo\/wp-json\/wp\/v2\/categories?post=38857"},{"taxonomy":"post_tag","embeddable":true,"href":"https:\/\/vosgesinfo.fr\/epinalinfo\/wp-json\/wp\/v2\/tags?post=38857"}],"curies":[{"name":"wp","href":"https:\/\/api.w.org\/{rel}","templated":true}]}}