{"id":39754,"date":"2024-03-30T15:30:35","date_gmt":"2024-03-30T14:30:35","guid":{"rendered":"https:\/\/vosgesinfo.fr\/epinalinfo\/?p=39754"},"modified":"2024-03-30T15:30:35","modified_gmt":"2024-03-30T14:30:35","slug":"paques-a-la-recherche-du-mot-mystere-dans-le-parc-du-cours-depinal","status":"publish","type":"post","link":"https:\/\/vosgesinfo.fr\/epinalinfo\/2024\/03\/paques-a-la-recherche-du-mot-mystere-dans-le-parc-du-cours-depinal\/","title":{"rendered":"P\u00e2ques : \u00e0 la recherche du mot myst\u00e8re dans le parc du cours d\u2019\u00c9pinal"},"content":{"rendered":"<h2><img decoding=\"async\" class=\"aligncenter size-large wp-image-39755\" src=\"https:\/\/vosgesinfo.fr\/app\/uploads\/sites\/3\/2024\/03\/a-la-recherche-du-mot-mystere-les-amis-de-marcel-epinal-1-1024x768.jpg\" alt=\"\" width=\"1024\" height=\"768\" srcset=\"https:\/\/vosgesinfo.fr\/app\/uploads\/sites\/3\/2024\/03\/a-la-recherche-du-mot-mystere-les-amis-de-marcel-epinal-1-1024x768.jpg 1024w, https:\/\/vosgesinfo.fr\/app\/uploads\/sites\/3\/2024\/03\/a-la-recherche-du-mot-mystere-les-amis-de-marcel-epinal-1-300x225.jpg 300w, https:\/\/vosgesinfo.fr\/app\/uploads\/sites\/3\/2024\/03\/a-la-recherche-du-mot-mystere-les-amis-de-marcel-epinal-1-768x576.jpg 768w, https:\/\/vosgesinfo.fr\/app\/uploads\/sites\/3\/2024\/03\/a-la-recherche-du-mot-mystere-les-amis-de-marcel-epinal-1-1536x1152.jpg 1536w, https:\/\/vosgesinfo.fr\/app\/uploads\/sites\/3\/2024\/03\/a-la-recherche-du-mot-mystere-les-amis-de-marcel-epinal-1-2048x1536.jpg 2048w\" sizes=\"(max-width: 1024px) 100vw, 1024px\" \/>Pour P\u00e2ques, l\u2019association \u00ab\u00a0les amis de Marcel\u00a0\u00bb organisait ce samedi 30 mars, une animation pour les enfants \u00e0 \u00c9pinal.<\/h2>\n<p>L&rsquo;\u00e9v\u00e8nement intitul\u00e9 \u00ab \u00e0 la recherche du mot myst\u00e8re \u00bb, proposait aux enfants de d\u00e9chiffrer un mot myst\u00e8re afin de remporter un ballotin de chocolat.<\/p>\n<p>Des panneaux affichaient un symbole qui, associ\u00e9 \u00e0 la grille de d\u00e9codage, permettait de d\u00e9chiffrer le mot myst\u00e8re qui donnera droit \u00e0 un ballotin de chocolat. Le point de d\u00e9part du jeu de piste, \u00e9tait donn\u00e9 depuis le kiosque \u00e0 musique.<\/p>\n<p>Une grande tombola \u00e9tait \u00e9galement organis\u00e9e afin de remporter de nombreux lots.<\/p>\n\n\t\t<style type=\"text\/css\">\n\t\t\t#gallery-1 {\n\t\t\t\tmargin: auto;\n\t\t\t}\n\t\t\t#gallery-1 .gallery-item {\n\t\t\t\tfloat: left;\n\t\t\t\tmargin-top: 10px;\n\t\t\t\ttext-align: center;\n\t\t\t\twidth: 33%;\n\t\t\t}\n\t\t\t#gallery-1 img {\n\t\t\t\tborder: 2px solid #cfcfcf;\n\t\t\t}\n\t\t\t#gallery-1 .gallery-caption {\n\t\t\t\tmargin-left: 0;\n\t\t\t}\n\t\t\t\/* see gallery_shortcode() in wp-includes\/media.php *\/\n\t\t<\/style>\n\t\t<div id='gallery-1' class='gallery galleryid-39754 gallery-columns-3 gallery-size-medium'><dl class='gallery-item'>\n\t\t\t<dt class='gallery-icon landscape'>\n\t\t\t\t<a href='https:\/\/vosgesinfo.fr\/app\/uploads\/sites\/3\/2024\/03\/a-la-recherche-du-mot-mystere-les-amis-de-marcel-epinal-4-scaled.jpg'><img decoding=\"async\" width=\"300\" height=\"225\" src=\"https:\/\/vosgesinfo.fr\/app\/uploads\/sites\/3\/2024\/03\/a-la-recherche-du-mot-mystere-les-amis-de-marcel-epinal-4-300x225.jpg\" class=\"attachment-medium size-medium\" alt=\"\" srcset=\"https:\/\/vosgesinfo.fr\/app\/uploads\/sites\/3\/2024\/03\/a-la-recherche-du-mot-mystere-les-amis-de-marcel-epinal-4-300x225.jpg 300w, https:\/\/vosgesinfo.fr\/app\/uploads\/sites\/3\/2024\/03\/a-la-recherche-du-mot-mystere-les-amis-de-marcel-epinal-4-1024x768.jpg 1024w, https:\/\/vosgesinfo.fr\/app\/uploads\/sites\/3\/2024\/03\/a-la-recherche-du-mot-mystere-les-amis-de-marcel-epinal-4-768x576.jpg 768w, https:\/\/vosgesinfo.fr\/app\/uploads\/sites\/3\/2024\/03\/a-la-recherche-du-mot-mystere-les-amis-de-marcel-epinal-4-1536x1152.jpg 1536w, https:\/\/vosgesinfo.fr\/app\/uploads\/sites\/3\/2024\/03\/a-la-recherche-du-mot-mystere-les-amis-de-marcel-epinal-4-2048x1536.jpg 2048w\" sizes=\"(max-width: 300px) 100vw, 300px\" \/><\/a>\n\t\t\t<\/dt><\/dl><dl class='gallery-item'>\n\t\t\t<dt class='gallery-icon landscape'>\n\t\t\t\t<a href='https:\/\/vosgesinfo.fr\/app\/uploads\/sites\/3\/2024\/03\/a-la-recherche-du-mot-mystere-les-amis-de-marcel-epinal-2-scaled.jpg'><img decoding=\"async\" width=\"300\" height=\"225\" src=\"https:\/\/vosgesinfo.fr\/app\/uploads\/sites\/3\/2024\/03\/a-la-recherche-du-mot-mystere-les-amis-de-marcel-epinal-2-300x225.jpg\" class=\"attachment-medium size-medium\" alt=\"\" srcset=\"https:\/\/vosgesinfo.fr\/app\/uploads\/sites\/3\/2024\/03\/a-la-recherche-du-mot-mystere-les-amis-de-marcel-epinal-2-300x225.jpg 300w, https:\/\/vosgesinfo.fr\/app\/uploads\/sites\/3\/2024\/03\/a-la-recherche-du-mot-mystere-les-amis-de-marcel-epinal-2-1024x768.jpg 1024w, https:\/\/vosgesinfo.fr\/app\/uploads\/sites\/3\/2024\/03\/a-la-recherche-du-mot-mystere-les-amis-de-marcel-epinal-2-768x576.jpg 768w, https:\/\/vosgesinfo.fr\/app\/uploads\/sites\/3\/2024\/03\/a-la-recherche-du-mot-mystere-les-amis-de-marcel-epinal-2-1536x1152.jpg 1536w, https:\/\/vosgesinfo.fr\/app\/uploads\/sites\/3\/2024\/03\/a-la-recherche-du-mot-mystere-les-amis-de-marcel-epinal-2-2048x1536.jpg 2048w\" sizes=\"(max-width: 300px) 100vw, 300px\" \/><\/a>\n\t\t\t<\/dt><\/dl><dl class='gallery-item'>\n\t\t\t<dt class='gallery-icon landscape'>\n\t\t\t\t<a href='https:\/\/vosgesinfo.fr\/app\/uploads\/sites\/3\/2024\/03\/a-la-recherche-du-mot-mystere-les-amis-de-marcel-epinal-3-scaled.jpg'><img decoding=\"async\" width=\"300\" height=\"225\" src=\"https:\/\/vosgesinfo.fr\/app\/uploads\/sites\/3\/2024\/03\/a-la-recherche-du-mot-mystere-les-amis-de-marcel-epinal-3-300x225.jpg\" class=\"attachment-medium size-medium\" alt=\"\" srcset=\"https:\/\/vosgesinfo.fr\/app\/uploads\/sites\/3\/2024\/03\/a-la-recherche-du-mot-mystere-les-amis-de-marcel-epinal-3-300x225.jpg 300w, https:\/\/vosgesinfo.fr\/app\/uploads\/sites\/3\/2024\/03\/a-la-recherche-du-mot-mystere-les-amis-de-marcel-epinal-3-1024x768.jpg 1024w, https:\/\/vosgesinfo.fr\/app\/uploads\/sites\/3\/2024\/03\/a-la-recherche-du-mot-mystere-les-amis-de-marcel-epinal-3-768x576.jpg 768w, https:\/\/vosgesinfo.fr\/app\/uploads\/sites\/3\/2024\/03\/a-la-recherche-du-mot-mystere-les-amis-de-marcel-epinal-3-1536x1152.jpg 1536w, https:\/\/vosgesinfo.fr\/app\/uploads\/sites\/3\/2024\/03\/a-la-recherche-du-mot-mystere-les-amis-de-marcel-epinal-3-2048x1536.jpg 2048w\" sizes=\"(max-width: 300px) 100vw, 300px\" \/><\/a>\n\t\t\t<\/dt><\/dl><br style=\"clear: both\" \/>\n\t\t<\/div>\n\n","protected":false},"excerpt":{"rendered":"<p>Pour P\u00e2ques, l\u2019association \u00ab\u00a0les amis de Marcel\u00a0\u00bb organisait ce samedi 30 mars, une animation pour les enfants \u00e0 \u00c9pinal. L&rsquo;\u00e9v\u00e8nement [&hellip;]<\/p>\n","protected":false},"author":52,"featured_media":39755,"comment_status":"open","ping_status":"open","sticky":false,"template":"","format":"standard","meta":{"footnotes":""},"categories":[22,20,24],"tags":[],"class_list":["post-39754","post","type-post","status-publish","format-standard","has-post-thumbnail","hentry","category-a-la-une","category-divertissement","category-epinal"],"acf":[],"yoast_head":"<!-- This site is optimized with the Yoast SEO plugin v22.5 - https:\/\/yoast.com\/wordpress\/plugins\/seo\/ -->\n<title>P\u00e2ques : \u00e0 la recherche du mot myst\u00e8re dans le parc du cours d\u2019\u00c9pinal - Epinal Info<\/title>\n<meta name=\"robots\" content=\"index, follow, max-snippet:-1, max-image-preview:large, max-video-preview:-1\" \/>\n<link rel=\"canonical\" href=\"https:\/\/vosgesinfo.fr\/epinalinfo\/2024\/03\/paques-a-la-recherche-du-mot-mystere-dans-le-parc-du-cours-depinal\/\" \/>\n<meta name=\"twitter:card\" content=\"summary_large_image\" \/>\n<meta name=\"twitter:title\" content=\"P\u00e2ques : \u00e0 la recherche du mot myst\u00e8re dans le parc du cours d\u2019\u00c9pinal - Epinal Info\" \/>\n<meta name=\"twitter:description\" content=\"Pour P\u00e2ques, l\u2019association \u00ab\u00a0les amis de Marcel\u00a0\u00bb organisait ce samedi 30 mars, une animation pour les enfants \u00e0 \u00c9pinal. L&rsquo;\u00e9v\u00e8nement [&hellip;]\" \/>\n<meta name=\"twitter:image\" content=\"https:\/\/vosgesinfo.fr\/app\/uploads\/sites\/3\/2024\/03\/a-la-recherche-du-mot-mystere-les-amis-de-marcel-epinal-1-scaled.jpg\" \/>\n<meta name=\"twitter:creator\" content=\"@VosgesInfo88\" \/>\n<meta name=\"twitter:site\" content=\"@VosgesInfo88\" \/>\n<meta name=\"twitter:label1\" content=\"\u00c9crit par\" \/>\n\t<meta name=\"twitter:data1\" content=\"C.K.\" \/>\n\t<meta name=\"twitter:label2\" content=\"Dur\u00e9e de lecture estim\u00e9e\" \/>\n\t<meta name=\"twitter:data2\" content=\"1 minute\" \/>\n<script type=\"application\/ld+json\" class=\"yoast-schema-graph\">{\"@context\":\"https:\/\/schema.org\",\"@graph\":[{\"@type\":\"Article\",\"@id\":\"https:\/\/vosgesinfo.fr\/epinalinfo\/2024\/03\/paques-a-la-recherche-du-mot-mystere-dans-le-parc-du-cours-depinal\/#article\",\"isPartOf\":{\"@id\":\"https:\/\/vosgesinfo.fr\/epinalinfo\/2024\/03\/paques-a-la-recherche-du-mot-mystere-dans-le-parc-du-cours-depinal\/\"},\"author\":{\"name\":\"C.K.\",\"@id\":\"https:\/\/vosgesinfo.fr\/epinalinfo\/#\/schema\/person\/6f9a650eeea99d969b6c4ab78fccbe81\"},\"headline\":\"P\u00e2ques : \u00e0 la recherche du mot myst\u00e8re dans le parc du cours d\u2019\u00c9pinal\",\"datePublished\":\"2024-03-30T14:30:35+00:00\",\"dateModified\":\"2024-03-30T14:30:35+00:00\",\"mainEntityOfPage\":{\"@id\":\"https:\/\/vosgesinfo.fr\/epinalinfo\/2024\/03\/paques-a-la-recherche-du-mot-mystere-dans-le-parc-du-cours-depinal\/\"},\"wordCount\":122,\"commentCount\":0,\"publisher\":{\"@id\":\"https:\/\/vosgesinfo.fr\/epinalinfo\/#organization\"},\"image\":{\"@id\":\"https:\/\/vosgesinfo.fr\/epinalinfo\/2024\/03\/paques-a-la-recherche-du-mot-mystere-dans-le-parc-du-cours-depinal\/#primaryimage\"},\"thumbnailUrl\":\"https:\/\/vosgesinfo.fr\/app\/uploads\/sites\/3\/2024\/03\/a-la-recherche-du-mot-mystere-les-amis-de-marcel-epinal-1-scaled.jpg\",\"articleSection\":[\"A la Une\",\"Divertissement\",\"Epinal\"],\"inLanguage\":\"fr-FR\",\"potentialAction\":[{\"@type\":\"CommentAction\",\"name\":\"Comment\",\"target\":[\"https:\/\/vosgesinfo.fr\/epinalinfo\/2024\/03\/paques-a-la-recherche-du-mot-mystere-dans-le-parc-du-cours-depinal\/#respond\"]}]},{\"@type\":\"WebPage\",\"@id\":\"https:\/\/vosgesinfo.fr\/epinalinfo\/2024\/03\/paques-a-la-recherche-du-mot-mystere-dans-le-parc-du-cours-depinal\/\",\"url\":\"https:\/\/vosgesinfo.fr\/epinalinfo\/2024\/03\/paques-a-la-recherche-du-mot-mystere-dans-le-parc-du-cours-depinal\/\",\"name\":\"P\u00e2ques : \u00e0 la recherche du mot myst\u00e8re dans le parc du cours d\u2019\u00c9pinal - Epinal Info\",\"isPartOf\":{\"@id\":\"https:\/\/vosgesinfo.fr\/epinalinfo\/#website\"},\"primaryImageOfPage\":{\"@id\":\"https:\/\/vosgesinfo.fr\/epinalinfo\/2024\/03\/paques-a-la-recherche-du-mot-mystere-dans-le-parc-du-cours-depinal\/#primaryimage\"},\"image\":{\"@id\":\"https:\/\/vosgesinfo.fr\/epinalinfo\/2024\/03\/paques-a-la-recherche-du-mot-mystere-dans-le-parc-du-cours-depinal\/#primaryimage\"},\"thumbnailUrl\":\"https:\/\/vosgesinfo.fr\/app\/uploads\/sites\/3\/2024\/03\/a-la-recherche-du-mot-mystere-les-amis-de-marcel-epinal-1-scaled.jpg\",\"datePublished\":\"2024-03-30T14:30:35+00:00\",\"dateModified\":\"2024-03-30T14:30:35+00:00\",\"breadcrumb\":{\"@id\":\"https:\/\/vosgesinfo.fr\/epinalinfo\/2024\/03\/paques-a-la-recherche-du-mot-mystere-dans-le-parc-du-cours-depinal\/#breadcrumb\"},\"inLanguage\":\"fr-FR\",\"potentialAction\":[{\"@type\":\"ReadAction\",\"target\":[\"https:\/\/vosgesinfo.fr\/epinalinfo\/2024\/03\/paques-a-la-recherche-du-mot-mystere-dans-le-parc-du-cours-depinal\/\"]}]},{\"@type\":\"ImageObject\",\"inLanguage\":\"fr-FR\",\"@id\":\"https:\/\/vosgesinfo.fr\/epinalinfo\/2024\/03\/paques-a-la-recherche-du-mot-mystere-dans-le-parc-du-cours-depinal\/#primaryimage\",\"url\":\"https:\/\/vosgesinfo.fr\/app\/uploads\/sites\/3\/2024\/03\/a-la-recherche-du-mot-mystere-les-amis-de-marcel-epinal-1-scaled.jpg\",\"contentUrl\":\"https:\/\/vosgesinfo.fr\/app\/uploads\/sites\/3\/2024\/03\/a-la-recherche-du-mot-mystere-les-amis-de-marcel-epinal-1-scaled.jpg\",\"width\":2560,\"height\":1920},{\"@type\":\"BreadcrumbList\",\"@id\":\"https:\/\/vosgesinfo.fr\/epinalinfo\/2024\/03\/paques-a-la-recherche-du-mot-mystere-dans-le-parc-du-cours-depinal\/#breadcrumb\",\"itemListElement\":[{\"@type\":\"ListItem\",\"position\":1,\"name\":\"Home\",\"item\":\"https:\/\/vosgesinfo.fr\/epinalinfo\/\"},{\"@type\":\"ListItem\",\"position\":2,\"name\":\"P\u00e2ques : \u00e0 la recherche du mot myst\u00e8re dans le parc du cours d\u2019\u00c9pinal\"}]},{\"@type\":\"WebSite\",\"@id\":\"https:\/\/vosgesinfo.fr\/epinalinfo\/#website\",\"url\":\"https:\/\/vosgesinfo.fr\/epinalinfo\/\",\"name\":\"Epinal Info\",\"description\":\"Toute l&#039;actualit\u00e9 d&#039;\u00c9pinal\",\"publisher\":{\"@id\":\"https:\/\/vosgesinfo.fr\/epinalinfo\/#organization\"},\"alternateName\":\"Toute l'actualit\u00e9 d'\u00c9pinal\",\"potentialAction\":[{\"@type\":\"SearchAction\",\"target\":{\"@type\":\"EntryPoint\",\"urlTemplate\":\"https:\/\/vosgesinfo.fr\/epinalinfo\/?s={search_term_string}\"},\"query-input\":\"required name=search_term_string\"}],\"inLanguage\":\"fr-FR\"},{\"@type\":\"Organization\",\"@id\":\"https:\/\/vosgesinfo.fr\/epinalinfo\/#organization\",\"name\":\"Epinal Info\",\"url\":\"https:\/\/vosgesinfo.fr\/epinalinfo\/\",\"logo\":{\"@type\":\"ImageObject\",\"inLanguage\":\"fr-FR\",\"@id\":\"https:\/\/vosgesinfo.fr\/epinalinfo\/#\/schema\/logo\/image\/\",\"url\":\"https:\/\/vosgesinfo.fr\/app\/uploads\/sites\/3\/2023\/08\/logo-epinalinfos.svg\",\"contentUrl\":\"https:\/\/vosgesinfo.fr\/app\/uploads\/sites\/3\/2023\/08\/logo-epinalinfos.svg\",\"width\":1,\"height\":1,\"caption\":\"Epinal Info\"},\"image\":{\"@id\":\"https:\/\/vosgesinfo.fr\/epinalinfo\/#\/schema\/logo\/image\/\"},\"sameAs\":[\"https:\/\/www.facebook.com\/Epinalinfos\",\"https:\/\/x.com\/VosgesInfo88\",\"https:\/\/www.youtube.com\/@vosgesinfo\"]},{\"@type\":\"Person\",\"@id\":\"https:\/\/vosgesinfo.fr\/epinalinfo\/#\/schema\/person\/6f9a650eeea99d969b6c4ab78fccbe81\",\"name\":\"C.K.\",\"image\":{\"@type\":\"ImageObject\",\"inLanguage\":\"fr-FR\",\"@id\":\"https:\/\/vosgesinfo.fr\/epinalinfo\/#\/schema\/person\/image\/\",\"url\":\"https:\/\/secure.gravatar.com\/avatar\/48e3fc7f8421ba8942be6b74a2b7f014ca39bc00dece156b7a8e098ae7dc87bf?s=96&d=mm&r=g\",\"contentUrl\":\"https:\/\/secure.gravatar.com\/avatar\/48e3fc7f8421ba8942be6b74a2b7f014ca39bc00dece156b7a8e098ae7dc87bf?s=96&d=mm&r=g\",\"caption\":\"C.K.\"},\"url\":\"https:\/\/vosgesinfo.fr\/epinalinfo\/author\/celia-k-n\/\"}]}<\/script>\n<!-- \/ Yoast SEO plugin. -->","yoast_head_json":{"title":"P\u00e2ques : \u00e0 la recherche du mot myst\u00e8re dans le parc du cours d\u2019\u00c9pinal - Epinal Info","robots":{"index":"index","follow":"follow","max-snippet":"max-snippet:-1","max-image-preview":"max-image-preview:large","max-video-preview":"max-video-preview:-1"},"canonical":"https:\/\/vosgesinfo.fr\/epinalinfo\/2024\/03\/paques-a-la-recherche-du-mot-mystere-dans-le-parc-du-cours-depinal\/","twitter_card":"summary_large_image","twitter_title":"P\u00e2ques : \u00e0 la recherche du mot myst\u00e8re dans le parc du cours d\u2019\u00c9pinal - Epinal Info","twitter_description":"Pour P\u00e2ques, l\u2019association \u00ab\u00a0les amis de Marcel\u00a0\u00bb organisait ce samedi 30 mars, une animation pour les enfants \u00e0 \u00c9pinal. L&rsquo;\u00e9v\u00e8nement [&hellip;]","twitter_image":"https:\/\/vosgesinfo.fr\/app\/uploads\/sites\/3\/2024\/03\/a-la-recherche-du-mot-mystere-les-amis-de-marcel-epinal-1-scaled.jpg","twitter_creator":"@VosgesInfo88","twitter_site":"@VosgesInfo88","twitter_misc":{"\u00c9crit par":"C.K.","Dur\u00e9e de lecture estim\u00e9e":"1 minute"},"schema":{"@context":"https:\/\/schema.org","@graph":[{"@type":"Article","@id":"https:\/\/vosgesinfo.fr\/epinalinfo\/2024\/03\/paques-a-la-recherche-du-mot-mystere-dans-le-parc-du-cours-depinal\/#article","isPartOf":{"@id":"https:\/\/vosgesinfo.fr\/epinalinfo\/2024\/03\/paques-a-la-recherche-du-mot-mystere-dans-le-parc-du-cours-depinal\/"},"author":{"name":"C.K.","@id":"https:\/\/vosgesinfo.fr\/epinalinfo\/#\/schema\/person\/6f9a650eeea99d969b6c4ab78fccbe81"},"headline":"P\u00e2ques : \u00e0 la recherche du mot myst\u00e8re dans le parc du cours d\u2019\u00c9pinal","datePublished":"2024-03-30T14:30:35+00:00","dateModified":"2024-03-30T14:30:35+00:00","mainEntityOfPage":{"@id":"https:\/\/vosgesinfo.fr\/epinalinfo\/2024\/03\/paques-a-la-recherche-du-mot-mystere-dans-le-parc-du-cours-depinal\/"},"wordCount":122,"commentCount":0,"publisher":{"@id":"https:\/\/vosgesinfo.fr\/epinalinfo\/#organization"},"image":{"@id":"https:\/\/vosgesinfo.fr\/epinalinfo\/2024\/03\/paques-a-la-recherche-du-mot-mystere-dans-le-parc-du-cours-depinal\/#primaryimage"},"thumbnailUrl":"https:\/\/vosgesinfo.fr\/app\/uploads\/sites\/3\/2024\/03\/a-la-recherche-du-mot-mystere-les-amis-de-marcel-epinal-1-scaled.jpg","articleSection":["A la Une","Divertissement","Epinal"],"inLanguage":"fr-FR","potentialAction":[{"@type":"CommentAction","name":"Comment","target":["https:\/\/vosgesinfo.fr\/epinalinfo\/2024\/03\/paques-a-la-recherche-du-mot-mystere-dans-le-parc-du-cours-depinal\/#respond"]}]},{"@type":"WebPage","@id":"https:\/\/vosgesinfo.fr\/epinalinfo\/2024\/03\/paques-a-la-recherche-du-mot-mystere-dans-le-parc-du-cours-depinal\/","url":"https:\/\/vosgesinfo.fr\/epinalinfo\/2024\/03\/paques-a-la-recherche-du-mot-mystere-dans-le-parc-du-cours-depinal\/","name":"P\u00e2ques : \u00e0 la recherche du mot myst\u00e8re dans le parc du cours d\u2019\u00c9pinal - Epinal Info","isPartOf":{"@id":"https:\/\/vosgesinfo.fr\/epinalinfo\/#website"},"primaryImageOfPage":{"@id":"https:\/\/vosgesinfo.fr\/epinalinfo\/2024\/03\/paques-a-la-recherche-du-mot-mystere-dans-le-parc-du-cours-depinal\/#primaryimage"},"image":{"@id":"https:\/\/vosgesinfo.fr\/epinalinfo\/2024\/03\/paques-a-la-recherche-du-mot-mystere-dans-le-parc-du-cours-depinal\/#primaryimage"},"thumbnailUrl":"https:\/\/vosgesinfo.fr\/app\/uploads\/sites\/3\/2024\/03\/a-la-recherche-du-mot-mystere-les-amis-de-marcel-epinal-1-scaled.jpg","datePublished":"2024-03-30T14:30:35+00:00","dateModified":"2024-03-30T14:30:35+00:00","breadcrumb":{"@id":"https:\/\/vosgesinfo.fr\/epinalinfo\/2024\/03\/paques-a-la-recherche-du-mot-mystere-dans-le-parc-du-cours-depinal\/#breadcrumb"},"inLanguage":"fr-FR","potentialAction":[{"@type":"ReadAction","target":["https:\/\/vosgesinfo.fr\/epinalinfo\/2024\/03\/paques-a-la-recherche-du-mot-mystere-dans-le-parc-du-cours-depinal\/"]}]},{"@type":"ImageObject","inLanguage":"fr-FR","@id":"https:\/\/vosgesinfo.fr\/epinalinfo\/2024\/03\/paques-a-la-recherche-du-mot-mystere-dans-le-parc-du-cours-depinal\/#primaryimage","url":"https:\/\/vosgesinfo.fr\/app\/uploads\/sites\/3\/2024\/03\/a-la-recherche-du-mot-mystere-les-amis-de-marcel-epinal-1-scaled.jpg","contentUrl":"https:\/\/vosgesinfo.fr\/app\/uploads\/sites\/3\/2024\/03\/a-la-recherche-du-mot-mystere-les-amis-de-marcel-epinal-1-scaled.jpg","width":2560,"height":1920},{"@type":"BreadcrumbList","@id":"https:\/\/vosgesinfo.fr\/epinalinfo\/2024\/03\/paques-a-la-recherche-du-mot-mystere-dans-le-parc-du-cours-depinal\/#breadcrumb","itemListElement":[{"@type":"ListItem","position":1,"name":"Home","item":"https:\/\/vosgesinfo.fr\/epinalinfo\/"},{"@type":"ListItem","position":2,"name":"P\u00e2ques : \u00e0 la recherche du mot myst\u00e8re dans le parc du cours d\u2019\u00c9pinal"}]},{"@type":"WebSite","@id":"https:\/\/vosgesinfo.fr\/epinalinfo\/#website","url":"https:\/\/vosgesinfo.fr\/epinalinfo\/","name":"Epinal Info","description":"Toute l&#039;actualit\u00e9 d&#039;\u00c9pinal","publisher":{"@id":"https:\/\/vosgesinfo.fr\/epinalinfo\/#organization"},"alternateName":"Toute l'actualit\u00e9 d'\u00c9pinal","potentialAction":[{"@type":"SearchAction","target":{"@type":"EntryPoint","urlTemplate":"https:\/\/vosgesinfo.fr\/epinalinfo\/?s={search_term_string}"},"query-input":"required name=search_term_string"}],"inLanguage":"fr-FR"},{"@type":"Organization","@id":"https:\/\/vosgesinfo.fr\/epinalinfo\/#organization","name":"Epinal Info","url":"https:\/\/vosgesinfo.fr\/epinalinfo\/","logo":{"@type":"ImageObject","inLanguage":"fr-FR","@id":"https:\/\/vosgesinfo.fr\/epinalinfo\/#\/schema\/logo\/image\/","url":"https:\/\/vosgesinfo.fr\/app\/uploads\/sites\/3\/2023\/08\/logo-epinalinfos.svg","contentUrl":"https:\/\/vosgesinfo.fr\/app\/uploads\/sites\/3\/2023\/08\/logo-epinalinfos.svg","width":1,"height":1,"caption":"Epinal Info"},"image":{"@id":"https:\/\/vosgesinfo.fr\/epinalinfo\/#\/schema\/logo\/image\/"},"sameAs":["https:\/\/www.facebook.com\/Epinalinfos","https:\/\/x.com\/VosgesInfo88","https:\/\/www.youtube.com\/@vosgesinfo"]},{"@type":"Person","@id":"https:\/\/vosgesinfo.fr\/epinalinfo\/#\/schema\/person\/6f9a650eeea99d969b6c4ab78fccbe81","name":"C.K.","image":{"@type":"ImageObject","inLanguage":"fr-FR","@id":"https:\/\/vosgesinfo.fr\/epinalinfo\/#\/schema\/person\/image\/","url":"https:\/\/secure.gravatar.com\/avatar\/48e3fc7f8421ba8942be6b74a2b7f014ca39bc00dece156b7a8e098ae7dc87bf?s=96&d=mm&r=g","contentUrl":"https:\/\/secure.gravatar.com\/avatar\/48e3fc7f8421ba8942be6b74a2b7f014ca39bc00dece156b7a8e098ae7dc87bf?s=96&d=mm&r=g","caption":"C.K."},"url":"https:\/\/vosgesinfo.fr\/epinalinfo\/author\/celia-k-n\/"}]}},"_links":{"self":[{"href":"https:\/\/vosgesinfo.fr\/epinalinfo\/wp-json\/wp\/v2\/posts\/39754","targetHints":{"allow":["GET"]}}],"collection":[{"href":"https:\/\/vosgesinfo.fr\/epinalinfo\/wp-json\/wp\/v2\/posts"}],"about":[{"href":"https:\/\/vosgesinfo.fr\/epinalinfo\/wp-json\/wp\/v2\/types\/post"}],"author":[{"embeddable":true,"href":"https:\/\/vosgesinfo.fr\/epinalinfo\/wp-json\/wp\/v2\/users\/52"}],"replies":[{"embeddable":true,"href":"https:\/\/vosgesinfo.fr\/epinalinfo\/wp-json\/wp\/v2\/comments?post=39754"}],"version-history":[{"count":1,"href":"https:\/\/vosgesinfo.fr\/epinalinfo\/wp-json\/wp\/v2\/posts\/39754\/revisions"}],"predecessor-version":[{"id":39759,"href":"https:\/\/vosgesinfo.fr\/epinalinfo\/wp-json\/wp\/v2\/posts\/39754\/revisions\/39759"}],"wp:featuredmedia":[{"embeddable":true,"href":"https:\/\/vosgesinfo.fr\/epinalinfo\/wp-json\/wp\/v2\/media\/39755"}],"wp:attachment":[{"href":"https:\/\/vosgesinfo.fr\/epinalinfo\/wp-json\/wp\/v2\/media?parent=39754"}],"wp:term":[{"taxonomy":"category","embeddable":true,"href":"https:\/\/vosgesinfo.fr\/epinalinfo\/wp-json\/wp\/v2\/categories?post=39754"},{"taxonomy":"post_tag","embeddable":true,"href":"https:\/\/vosgesinfo.fr\/epinalinfo\/wp-json\/wp\/v2\/tags?post=39754"}],"curies":[{"name":"wp","href":"https:\/\/api.w.org\/{rel}","templated":true}]}}