{"id":39920,"date":"2024-04-08T06:28:22","date_gmt":"2024-04-08T04:28:22","guid":{"rendered":"https:\/\/vosgesinfo.fr\/epinalinfo\/?p=39920"},"modified":"2024-04-05T09:53:59","modified_gmt":"2024-04-05T07:53:59","slug":"municipales-a-rambervillers-claude-bourdon-conseillere-departementale-conduira-la-liste-ensemble-autrement","status":"publish","type":"post","link":"https:\/\/vosgesinfo.fr\/epinalinfo\/2024\/04\/municipales-a-rambervillers-claude-bourdon-conseillere-departementale-conduira-la-liste-ensemble-autrement\/","title":{"rendered":"Municipales \u00e0 Rambervillers : Claude Bourdon, conseill\u00e8re d\u00e9partementale, conduira la liste \u00ab\u00a0Ensemble Autrement\u00a0\u00bb"},"content":{"rendered":"\n\t\t<style type=\"text\/css\">\n\t\t\t#gallery-1 {\n\t\t\t\tmargin: auto;\n\t\t\t}\n\t\t\t#gallery-1 .gallery-item {\n\t\t\t\tfloat: left;\n\t\t\t\tmargin-top: 10px;\n\t\t\t\ttext-align: center;\n\t\t\t\twidth: 33%;\n\t\t\t}\n\t\t\t#gallery-1 img {\n\t\t\t\tborder: 2px solid #cfcfcf;\n\t\t\t}\n\t\t\t#gallery-1 .gallery-caption {\n\t\t\t\tmargin-left: 0;\n\t\t\t}\n\t\t\t\/* see gallery_shortcode() in wp-includes\/media.php *\/\n\t\t<\/style>\n\t\t<div id='gallery-1' class='gallery galleryid-39920 gallery-columns-3 gallery-size-medium'><dl class='gallery-item'>\n\t\t\t<dt class='gallery-icon landscape'>\n\t\t\t\t<a href='https:\/\/vosgesinfo.fr\/app\/uploads\/sites\/3\/2024\/04\/photo-groupe-ensemble-autrement-scaled.jpg'><img decoding=\"async\" width=\"300\" height=\"200\" src=\"https:\/\/vosgesinfo.fr\/app\/uploads\/sites\/3\/2024\/04\/photo-groupe-ensemble-autrement-300x200.jpg\" class=\"attachment-medium size-medium\" alt=\"\" srcset=\"https:\/\/vosgesinfo.fr\/app\/uploads\/sites\/3\/2024\/04\/photo-groupe-ensemble-autrement-300x200.jpg 300w, https:\/\/vosgesinfo.fr\/app\/uploads\/sites\/3\/2024\/04\/photo-groupe-ensemble-autrement-1024x683.jpg 1024w, https:\/\/vosgesinfo.fr\/app\/uploads\/sites\/3\/2024\/04\/photo-groupe-ensemble-autrement-768x512.jpg 768w, https:\/\/vosgesinfo.fr\/app\/uploads\/sites\/3\/2024\/04\/photo-groupe-ensemble-autrement-1536x1024.jpg 1536w, https:\/\/vosgesinfo.fr\/app\/uploads\/sites\/3\/2024\/04\/photo-groupe-ensemble-autrement-2048x1365.jpg 2048w\" sizes=\"(max-width: 300px) 100vw, 300px\" \/><\/a>\n\t\t\t<\/dt><\/dl><dl class='gallery-item'>\n\t\t\t<dt class='gallery-icon landscape'>\n\t\t\t\t<a href='https:\/\/vosgesinfo.fr\/app\/uploads\/sites\/3\/2024\/04\/00-claude-bourdon-1-scaled.jpg'><img decoding=\"async\" width=\"300\" height=\"300\" src=\"https:\/\/vosgesinfo.fr\/app\/uploads\/sites\/3\/2024\/04\/00-claude-bourdon-1-300x300.jpg\" class=\"attachment-medium size-medium\" alt=\"\" srcset=\"https:\/\/vosgesinfo.fr\/app\/uploads\/sites\/3\/2024\/04\/00-claude-bourdon-1-300x300.jpg 300w, https:\/\/vosgesinfo.fr\/app\/uploads\/sites\/3\/2024\/04\/00-claude-bourdon-1-1024x1024.jpg 1024w, https:\/\/vosgesinfo.fr\/app\/uploads\/sites\/3\/2024\/04\/00-claude-bourdon-1-150x150.jpg 150w, https:\/\/vosgesinfo.fr\/app\/uploads\/sites\/3\/2024\/04\/00-claude-bourdon-1-768x768.jpg 768w, https:\/\/vosgesinfo.fr\/app\/uploads\/sites\/3\/2024\/04\/00-claude-bourdon-1-1536x1536.jpg 1536w, https:\/\/vosgesinfo.fr\/app\/uploads\/sites\/3\/2024\/04\/00-claude-bourdon-1-2048x2048.jpg 2048w\" sizes=\"(max-width: 300px) 100vw, 300px\" \/><\/a>\n\t\t\t<\/dt><\/dl>\n\t\t\t<br style='clear: both' \/>\n\t\t<\/div>\n\n<h2><span style=\"font-size: 18pt;\">Claude BOURDON, conseill\u00e8re d\u00e9partementale, conduira la liste \u201cEnsemble Autrement\u201d \u00e0 l\u2019occasion des \u00e9lections municipales de Rambervillers, les 21 et 28 avril 2024. <\/span><\/h2>\n<p>Le 21 et le 28 avril prochains, les Rambuvetais \u00e9liront un nouveau conseil municipal. La liste \u00ab\u00a0Ensemble Autrement\u00a0\u00bb, conduite par Claude BOURDON, conseill\u00e8re d\u00e9partementale, a d\u00e9pos\u00e9 officiellement sa candidature.<\/p>\n<p><strong><em>Communiqu\u00e9 :<\/em><\/strong><\/p>\n<p><em>\u00ab\u00a0Nous sommes heureux de vous informer que la liste \u00ab\u00a0Ensemble Autrement\u00a0\u00bb, conduite par Claude BOURDON, conseill\u00e8re d\u00e9partementale, a d\u00e9pos\u00e9 officiellement sa candidature.<\/em><\/p>\n<p><em>Claude BOURDON, Rambuvetaise de naissance et ancienne fonctionnaire territoriale, poss\u00e8de une connaissance approfondie des dossiers de notre ville. Forte de son exp\u00e9rience et de son r\u00e9seau, elle s&rsquo;engage \u00e0 mettre ses comp\u00e9tences au service de notre ville.<\/em><br \/>\n<em>\u00ab\u00a0Ensemble Autrement\u00a0\u00bb est une liste ouverte et non partisane, rassemblant des Rambuvetais de divers horizons, refl\u00e9tant ainsi la diversit\u00e9 de notre population.<\/em><br \/>\n<em>Nous croyons fermement qu&rsquo;il est temps d&rsquo;ouvrir une nouvelle page pour Rambervillers et son d\u00e9veloppement, en la rendant plus attractive, dynamique et s\u00e9curis\u00e9e.<\/em><br \/>\n<em>Bien que le mandat \u00e0 venir soit de courte dur\u00e9e, nous nous engageons \u00e0 fournir des r\u00e9sultats concrets de notre action au service de la jeunesse, des associations, des solidarit\u00e9s, de la culture, du patrimoine, des sports, de la qualit\u00e9 de vie et de la s\u00e9curit\u00e9.<\/em><br \/>\n<em>Nous sollicitons donc votre confiance lors de ces \u00e9lections afin d\u2019offrir un avenir meilleur pour Rambervillers.<\/em><br \/>\n<em>Voter et fa\u00eetes voter pour \u00ab\u00a0Ensemble Autrement\u00a0\u00bb les 21 et 28 avril !\u00a0\u00bb<\/em><\/p>\n","protected":false},"excerpt":{"rendered":"<p>Claude BOURDON, conseill\u00e8re d\u00e9partementale, conduira la liste \u201cEnsemble Autrement\u201d \u00e0 l\u2019occasion des \u00e9lections municipales de Rambervillers, les 21 et 28 [&hellip;]<\/p>\n","protected":false},"author":52,"featured_media":39921,"comment_status":"open","ping_status":"open","sticky":false,"template":"","format":"standard","meta":{"footnotes":""},"categories":[22,5],"tags":[],"class_list":["post-39920","post","type-post","status-publish","format-standard","has-post-thumbnail","hentry","category-a-la-une","category-vosges"],"acf":[],"yoast_head":"<!-- This site is optimized with the Yoast SEO plugin v22.5 - https:\/\/yoast.com\/wordpress\/plugins\/seo\/ -->\n<title>Municipales \u00e0 Rambervillers : Claude Bourdon, conseill\u00e8re d\u00e9partementale, conduira la liste &quot;Ensemble Autrement&quot; - Epinal Info<\/title>\n<meta name=\"robots\" content=\"index, follow, max-snippet:-1, max-image-preview:large, max-video-preview:-1\" \/>\n<link rel=\"canonical\" href=\"https:\/\/vosgesinfo.fr\/epinalinfo\/2024\/04\/municipales-a-rambervillers-claude-bourdon-conseillere-departementale-conduira-la-liste-ensemble-autrement\/\" \/>\n<meta name=\"twitter:card\" content=\"summary_large_image\" \/>\n<meta name=\"twitter:title\" content=\"Municipales \u00e0 Rambervillers : Claude Bourdon, conseill\u00e8re d\u00e9partementale, conduira la liste &quot;Ensemble Autrement&quot; - Epinal Info\" \/>\n<meta name=\"twitter:description\" content=\"Claude BOURDON, conseill\u00e8re d\u00e9partementale, conduira la liste \u201cEnsemble Autrement\u201d \u00e0 l\u2019occasion des \u00e9lections municipales de Rambervillers, les 21 et 28 [&hellip;]\" \/>\n<meta name=\"twitter:image\" content=\"https:\/\/vosgesinfo.fr\/app\/uploads\/sites\/3\/2024\/04\/photo-groupe-ensemble-autrement-scaled.jpg\" \/>\n<meta name=\"twitter:creator\" content=\"@VosgesInfo88\" \/>\n<meta name=\"twitter:site\" content=\"@VosgesInfo88\" \/>\n<meta name=\"twitter:label1\" content=\"\u00c9crit par\" \/>\n\t<meta name=\"twitter:data1\" content=\"C.K.\" \/>\n\t<meta name=\"twitter:label2\" content=\"Dur\u00e9e de lecture estim\u00e9e\" \/>\n\t<meta name=\"twitter:data2\" content=\"1 minute\" \/>\n<script type=\"application\/ld+json\" class=\"yoast-schema-graph\">{\"@context\":\"https:\/\/schema.org\",\"@graph\":[{\"@type\":\"Article\",\"@id\":\"https:\/\/vosgesinfo.fr\/epinalinfo\/2024\/04\/municipales-a-rambervillers-claude-bourdon-conseillere-departementale-conduira-la-liste-ensemble-autrement\/#article\",\"isPartOf\":{\"@id\":\"https:\/\/vosgesinfo.fr\/epinalinfo\/2024\/04\/municipales-a-rambervillers-claude-bourdon-conseillere-departementale-conduira-la-liste-ensemble-autrement\/\"},\"author\":{\"name\":\"C.K.\",\"@id\":\"https:\/\/vosgesinfo.fr\/epinalinfo\/#\/schema\/person\/6f9a650eeea99d969b6c4ab78fccbe81\"},\"headline\":\"Municipales \u00e0 Rambervillers : Claude Bourdon, conseill\u00e8re d\u00e9partementale, conduira la liste \u00ab\u00a0Ensemble Autrement\u00a0\u00bb\",\"datePublished\":\"2024-04-08T04:28:22+00:00\",\"dateModified\":\"2024-04-05T07:53:59+00:00\",\"mainEntityOfPage\":{\"@id\":\"https:\/\/vosgesinfo.fr\/epinalinfo\/2024\/04\/municipales-a-rambervillers-claude-bourdon-conseillere-departementale-conduira-la-liste-ensemble-autrement\/\"},\"wordCount\":264,\"commentCount\":0,\"publisher\":{\"@id\":\"https:\/\/vosgesinfo.fr\/epinalinfo\/#organization\"},\"image\":{\"@id\":\"https:\/\/vosgesinfo.fr\/epinalinfo\/2024\/04\/municipales-a-rambervillers-claude-bourdon-conseillere-departementale-conduira-la-liste-ensemble-autrement\/#primaryimage\"},\"thumbnailUrl\":\"https:\/\/vosgesinfo.fr\/app\/uploads\/sites\/3\/2024\/04\/photo-groupe-ensemble-autrement-scaled.jpg\",\"articleSection\":[\"A la Une\",\"Vosges\"],\"inLanguage\":\"fr-FR\",\"potentialAction\":[{\"@type\":\"CommentAction\",\"name\":\"Comment\",\"target\":[\"https:\/\/vosgesinfo.fr\/epinalinfo\/2024\/04\/municipales-a-rambervillers-claude-bourdon-conseillere-departementale-conduira-la-liste-ensemble-autrement\/#respond\"]}]},{\"@type\":\"WebPage\",\"@id\":\"https:\/\/vosgesinfo.fr\/epinalinfo\/2024\/04\/municipales-a-rambervillers-claude-bourdon-conseillere-departementale-conduira-la-liste-ensemble-autrement\/\",\"url\":\"https:\/\/vosgesinfo.fr\/epinalinfo\/2024\/04\/municipales-a-rambervillers-claude-bourdon-conseillere-departementale-conduira-la-liste-ensemble-autrement\/\",\"name\":\"Municipales \u00e0 Rambervillers : Claude Bourdon, conseill\u00e8re d\u00e9partementale, conduira la liste \\\"Ensemble Autrement\\\" - Epinal Info\",\"isPartOf\":{\"@id\":\"https:\/\/vosgesinfo.fr\/epinalinfo\/#website\"},\"primaryImageOfPage\":{\"@id\":\"https:\/\/vosgesinfo.fr\/epinalinfo\/2024\/04\/municipales-a-rambervillers-claude-bourdon-conseillere-departementale-conduira-la-liste-ensemble-autrement\/#primaryimage\"},\"image\":{\"@id\":\"https:\/\/vosgesinfo.fr\/epinalinfo\/2024\/04\/municipales-a-rambervillers-claude-bourdon-conseillere-departementale-conduira-la-liste-ensemble-autrement\/#primaryimage\"},\"thumbnailUrl\":\"https:\/\/vosgesinfo.fr\/app\/uploads\/sites\/3\/2024\/04\/photo-groupe-ensemble-autrement-scaled.jpg\",\"datePublished\":\"2024-04-08T04:28:22+00:00\",\"dateModified\":\"2024-04-05T07:53:59+00:00\",\"breadcrumb\":{\"@id\":\"https:\/\/vosgesinfo.fr\/epinalinfo\/2024\/04\/municipales-a-rambervillers-claude-bourdon-conseillere-departementale-conduira-la-liste-ensemble-autrement\/#breadcrumb\"},\"inLanguage\":\"fr-FR\",\"potentialAction\":[{\"@type\":\"ReadAction\",\"target\":[\"https:\/\/vosgesinfo.fr\/epinalinfo\/2024\/04\/municipales-a-rambervillers-claude-bourdon-conseillere-departementale-conduira-la-liste-ensemble-autrement\/\"]}]},{\"@type\":\"ImageObject\",\"inLanguage\":\"fr-FR\",\"@id\":\"https:\/\/vosgesinfo.fr\/epinalinfo\/2024\/04\/municipales-a-rambervillers-claude-bourdon-conseillere-departementale-conduira-la-liste-ensemble-autrement\/#primaryimage\",\"url\":\"https:\/\/vosgesinfo.fr\/app\/uploads\/sites\/3\/2024\/04\/photo-groupe-ensemble-autrement-scaled.jpg\",\"contentUrl\":\"https:\/\/vosgesinfo.fr\/app\/uploads\/sites\/3\/2024\/04\/photo-groupe-ensemble-autrement-scaled.jpg\",\"width\":2560,\"height\":1707},{\"@type\":\"BreadcrumbList\",\"@id\":\"https:\/\/vosgesinfo.fr\/epinalinfo\/2024\/04\/municipales-a-rambervillers-claude-bourdon-conseillere-departementale-conduira-la-liste-ensemble-autrement\/#breadcrumb\",\"itemListElement\":[{\"@type\":\"ListItem\",\"position\":1,\"name\":\"Home\",\"item\":\"https:\/\/vosgesinfo.fr\/epinalinfo\/\"},{\"@type\":\"ListItem\",\"position\":2,\"name\":\"Municipales \u00e0 Rambervillers : Claude Bourdon, conseill\u00e8re d\u00e9partementale, conduira la liste \u00ab\u00a0Ensemble Autrement\u00a0\u00bb\"}]},{\"@type\":\"WebSite\",\"@id\":\"https:\/\/vosgesinfo.fr\/epinalinfo\/#website\",\"url\":\"https:\/\/vosgesinfo.fr\/epinalinfo\/\",\"name\":\"Epinal Info\",\"description\":\"Toute l&#039;actualit\u00e9 d&#039;\u00c9pinal\",\"publisher\":{\"@id\":\"https:\/\/vosgesinfo.fr\/epinalinfo\/#organization\"},\"alternateName\":\"Toute l'actualit\u00e9 d'\u00c9pinal\",\"potentialAction\":[{\"@type\":\"SearchAction\",\"target\":{\"@type\":\"EntryPoint\",\"urlTemplate\":\"https:\/\/vosgesinfo.fr\/epinalinfo\/?s={search_term_string}\"},\"query-input\":\"required name=search_term_string\"}],\"inLanguage\":\"fr-FR\"},{\"@type\":\"Organization\",\"@id\":\"https:\/\/vosgesinfo.fr\/epinalinfo\/#organization\",\"name\":\"Epinal Info\",\"url\":\"https:\/\/vosgesinfo.fr\/epinalinfo\/\",\"logo\":{\"@type\":\"ImageObject\",\"inLanguage\":\"fr-FR\",\"@id\":\"https:\/\/vosgesinfo.fr\/epinalinfo\/#\/schema\/logo\/image\/\",\"url\":\"https:\/\/vosgesinfo.fr\/app\/uploads\/sites\/3\/2023\/08\/logo-epinalinfos.svg\",\"contentUrl\":\"https:\/\/vosgesinfo.fr\/app\/uploads\/sites\/3\/2023\/08\/logo-epinalinfos.svg\",\"width\":1,\"height\":1,\"caption\":\"Epinal Info\"},\"image\":{\"@id\":\"https:\/\/vosgesinfo.fr\/epinalinfo\/#\/schema\/logo\/image\/\"},\"sameAs\":[\"https:\/\/www.facebook.com\/Epinalinfos\",\"https:\/\/x.com\/VosgesInfo88\",\"https:\/\/www.youtube.com\/@vosgesinfo\"]},{\"@type\":\"Person\",\"@id\":\"https:\/\/vosgesinfo.fr\/epinalinfo\/#\/schema\/person\/6f9a650eeea99d969b6c4ab78fccbe81\",\"name\":\"C.K.\",\"image\":{\"@type\":\"ImageObject\",\"inLanguage\":\"fr-FR\",\"@id\":\"https:\/\/vosgesinfo.fr\/epinalinfo\/#\/schema\/person\/image\/\",\"url\":\"https:\/\/secure.gravatar.com\/avatar\/48e3fc7f8421ba8942be6b74a2b7f014ca39bc00dece156b7a8e098ae7dc87bf?s=96&d=mm&r=g\",\"contentUrl\":\"https:\/\/secure.gravatar.com\/avatar\/48e3fc7f8421ba8942be6b74a2b7f014ca39bc00dece156b7a8e098ae7dc87bf?s=96&d=mm&r=g\",\"caption\":\"C.K.\"},\"url\":\"https:\/\/vosgesinfo.fr\/epinalinfo\/author\/celia-k-n\/\"}]}<\/script>\n<!-- \/ Yoast SEO plugin. -->","yoast_head_json":{"title":"Municipales \u00e0 Rambervillers : Claude Bourdon, conseill\u00e8re d\u00e9partementale, conduira la liste \"Ensemble Autrement\" - Epinal Info","robots":{"index":"index","follow":"follow","max-snippet":"max-snippet:-1","max-image-preview":"max-image-preview:large","max-video-preview":"max-video-preview:-1"},"canonical":"https:\/\/vosgesinfo.fr\/epinalinfo\/2024\/04\/municipales-a-rambervillers-claude-bourdon-conseillere-departementale-conduira-la-liste-ensemble-autrement\/","twitter_card":"summary_large_image","twitter_title":"Municipales \u00e0 Rambervillers : Claude Bourdon, conseill\u00e8re d\u00e9partementale, conduira la liste \"Ensemble Autrement\" - Epinal Info","twitter_description":"Claude BOURDON, conseill\u00e8re d\u00e9partementale, conduira la liste \u201cEnsemble Autrement\u201d \u00e0 l\u2019occasion des \u00e9lections municipales de Rambervillers, les 21 et 28 [&hellip;]","twitter_image":"https:\/\/vosgesinfo.fr\/app\/uploads\/sites\/3\/2024\/04\/photo-groupe-ensemble-autrement-scaled.jpg","twitter_creator":"@VosgesInfo88","twitter_site":"@VosgesInfo88","twitter_misc":{"\u00c9crit par":"C.K.","Dur\u00e9e de lecture estim\u00e9e":"1 minute"},"schema":{"@context":"https:\/\/schema.org","@graph":[{"@type":"Article","@id":"https:\/\/vosgesinfo.fr\/epinalinfo\/2024\/04\/municipales-a-rambervillers-claude-bourdon-conseillere-departementale-conduira-la-liste-ensemble-autrement\/#article","isPartOf":{"@id":"https:\/\/vosgesinfo.fr\/epinalinfo\/2024\/04\/municipales-a-rambervillers-claude-bourdon-conseillere-departementale-conduira-la-liste-ensemble-autrement\/"},"author":{"name":"C.K.","@id":"https:\/\/vosgesinfo.fr\/epinalinfo\/#\/schema\/person\/6f9a650eeea99d969b6c4ab78fccbe81"},"headline":"Municipales \u00e0 Rambervillers : Claude Bourdon, conseill\u00e8re d\u00e9partementale, conduira la liste \u00ab\u00a0Ensemble Autrement\u00a0\u00bb","datePublished":"2024-04-08T04:28:22+00:00","dateModified":"2024-04-05T07:53:59+00:00","mainEntityOfPage":{"@id":"https:\/\/vosgesinfo.fr\/epinalinfo\/2024\/04\/municipales-a-rambervillers-claude-bourdon-conseillere-departementale-conduira-la-liste-ensemble-autrement\/"},"wordCount":264,"commentCount":0,"publisher":{"@id":"https:\/\/vosgesinfo.fr\/epinalinfo\/#organization"},"image":{"@id":"https:\/\/vosgesinfo.fr\/epinalinfo\/2024\/04\/municipales-a-rambervillers-claude-bourdon-conseillere-departementale-conduira-la-liste-ensemble-autrement\/#primaryimage"},"thumbnailUrl":"https:\/\/vosgesinfo.fr\/app\/uploads\/sites\/3\/2024\/04\/photo-groupe-ensemble-autrement-scaled.jpg","articleSection":["A la Une","Vosges"],"inLanguage":"fr-FR","potentialAction":[{"@type":"CommentAction","name":"Comment","target":["https:\/\/vosgesinfo.fr\/epinalinfo\/2024\/04\/municipales-a-rambervillers-claude-bourdon-conseillere-departementale-conduira-la-liste-ensemble-autrement\/#respond"]}]},{"@type":"WebPage","@id":"https:\/\/vosgesinfo.fr\/epinalinfo\/2024\/04\/municipales-a-rambervillers-claude-bourdon-conseillere-departementale-conduira-la-liste-ensemble-autrement\/","url":"https:\/\/vosgesinfo.fr\/epinalinfo\/2024\/04\/municipales-a-rambervillers-claude-bourdon-conseillere-departementale-conduira-la-liste-ensemble-autrement\/","name":"Municipales \u00e0 Rambervillers : Claude Bourdon, conseill\u00e8re d\u00e9partementale, conduira la liste \"Ensemble Autrement\" - Epinal Info","isPartOf":{"@id":"https:\/\/vosgesinfo.fr\/epinalinfo\/#website"},"primaryImageOfPage":{"@id":"https:\/\/vosgesinfo.fr\/epinalinfo\/2024\/04\/municipales-a-rambervillers-claude-bourdon-conseillere-departementale-conduira-la-liste-ensemble-autrement\/#primaryimage"},"image":{"@id":"https:\/\/vosgesinfo.fr\/epinalinfo\/2024\/04\/municipales-a-rambervillers-claude-bourdon-conseillere-departementale-conduira-la-liste-ensemble-autrement\/#primaryimage"},"thumbnailUrl":"https:\/\/vosgesinfo.fr\/app\/uploads\/sites\/3\/2024\/04\/photo-groupe-ensemble-autrement-scaled.jpg","datePublished":"2024-04-08T04:28:22+00:00","dateModified":"2024-04-05T07:53:59+00:00","breadcrumb":{"@id":"https:\/\/vosgesinfo.fr\/epinalinfo\/2024\/04\/municipales-a-rambervillers-claude-bourdon-conseillere-departementale-conduira-la-liste-ensemble-autrement\/#breadcrumb"},"inLanguage":"fr-FR","potentialAction":[{"@type":"ReadAction","target":["https:\/\/vosgesinfo.fr\/epinalinfo\/2024\/04\/municipales-a-rambervillers-claude-bourdon-conseillere-departementale-conduira-la-liste-ensemble-autrement\/"]}]},{"@type":"ImageObject","inLanguage":"fr-FR","@id":"https:\/\/vosgesinfo.fr\/epinalinfo\/2024\/04\/municipales-a-rambervillers-claude-bourdon-conseillere-departementale-conduira-la-liste-ensemble-autrement\/#primaryimage","url":"https:\/\/vosgesinfo.fr\/app\/uploads\/sites\/3\/2024\/04\/photo-groupe-ensemble-autrement-scaled.jpg","contentUrl":"https:\/\/vosgesinfo.fr\/app\/uploads\/sites\/3\/2024\/04\/photo-groupe-ensemble-autrement-scaled.jpg","width":2560,"height":1707},{"@type":"BreadcrumbList","@id":"https:\/\/vosgesinfo.fr\/epinalinfo\/2024\/04\/municipales-a-rambervillers-claude-bourdon-conseillere-departementale-conduira-la-liste-ensemble-autrement\/#breadcrumb","itemListElement":[{"@type":"ListItem","position":1,"name":"Home","item":"https:\/\/vosgesinfo.fr\/epinalinfo\/"},{"@type":"ListItem","position":2,"name":"Municipales \u00e0 Rambervillers : Claude Bourdon, conseill\u00e8re d\u00e9partementale, conduira la liste \u00ab\u00a0Ensemble Autrement\u00a0\u00bb"}]},{"@type":"WebSite","@id":"https:\/\/vosgesinfo.fr\/epinalinfo\/#website","url":"https:\/\/vosgesinfo.fr\/epinalinfo\/","name":"Epinal Info","description":"Toute l&#039;actualit\u00e9 d&#039;\u00c9pinal","publisher":{"@id":"https:\/\/vosgesinfo.fr\/epinalinfo\/#organization"},"alternateName":"Toute l'actualit\u00e9 d'\u00c9pinal","potentialAction":[{"@type":"SearchAction","target":{"@type":"EntryPoint","urlTemplate":"https:\/\/vosgesinfo.fr\/epinalinfo\/?s={search_term_string}"},"query-input":"required name=search_term_string"}],"inLanguage":"fr-FR"},{"@type":"Organization","@id":"https:\/\/vosgesinfo.fr\/epinalinfo\/#organization","name":"Epinal Info","url":"https:\/\/vosgesinfo.fr\/epinalinfo\/","logo":{"@type":"ImageObject","inLanguage":"fr-FR","@id":"https:\/\/vosgesinfo.fr\/epinalinfo\/#\/schema\/logo\/image\/","url":"https:\/\/vosgesinfo.fr\/app\/uploads\/sites\/3\/2023\/08\/logo-epinalinfos.svg","contentUrl":"https:\/\/vosgesinfo.fr\/app\/uploads\/sites\/3\/2023\/08\/logo-epinalinfos.svg","width":1,"height":1,"caption":"Epinal Info"},"image":{"@id":"https:\/\/vosgesinfo.fr\/epinalinfo\/#\/schema\/logo\/image\/"},"sameAs":["https:\/\/www.facebook.com\/Epinalinfos","https:\/\/x.com\/VosgesInfo88","https:\/\/www.youtube.com\/@vosgesinfo"]},{"@type":"Person","@id":"https:\/\/vosgesinfo.fr\/epinalinfo\/#\/schema\/person\/6f9a650eeea99d969b6c4ab78fccbe81","name":"C.K.","image":{"@type":"ImageObject","inLanguage":"fr-FR","@id":"https:\/\/vosgesinfo.fr\/epinalinfo\/#\/schema\/person\/image\/","url":"https:\/\/secure.gravatar.com\/avatar\/48e3fc7f8421ba8942be6b74a2b7f014ca39bc00dece156b7a8e098ae7dc87bf?s=96&d=mm&r=g","contentUrl":"https:\/\/secure.gravatar.com\/avatar\/48e3fc7f8421ba8942be6b74a2b7f014ca39bc00dece156b7a8e098ae7dc87bf?s=96&d=mm&r=g","caption":"C.K."},"url":"https:\/\/vosgesinfo.fr\/epinalinfo\/author\/celia-k-n\/"}]}},"_links":{"self":[{"href":"https:\/\/vosgesinfo.fr\/epinalinfo\/wp-json\/wp\/v2\/posts\/39920","targetHints":{"allow":["GET"]}}],"collection":[{"href":"https:\/\/vosgesinfo.fr\/epinalinfo\/wp-json\/wp\/v2\/posts"}],"about":[{"href":"https:\/\/vosgesinfo.fr\/epinalinfo\/wp-json\/wp\/v2\/types\/post"}],"author":[{"embeddable":true,"href":"https:\/\/vosgesinfo.fr\/epinalinfo\/wp-json\/wp\/v2\/users\/52"}],"replies":[{"embeddable":true,"href":"https:\/\/vosgesinfo.fr\/epinalinfo\/wp-json\/wp\/v2\/comments?post=39920"}],"version-history":[{"count":1,"href":"https:\/\/vosgesinfo.fr\/epinalinfo\/wp-json\/wp\/v2\/posts\/39920\/revisions"}],"predecessor-version":[{"id":39923,"href":"https:\/\/vosgesinfo.fr\/epinalinfo\/wp-json\/wp\/v2\/posts\/39920\/revisions\/39923"}],"wp:featuredmedia":[{"embeddable":true,"href":"https:\/\/vosgesinfo.fr\/epinalinfo\/wp-json\/wp\/v2\/media\/39921"}],"wp:attachment":[{"href":"https:\/\/vosgesinfo.fr\/epinalinfo\/wp-json\/wp\/v2\/media?parent=39920"}],"wp:term":[{"taxonomy":"category","embeddable":true,"href":"https:\/\/vosgesinfo.fr\/epinalinfo\/wp-json\/wp\/v2\/categories?post=39920"},{"taxonomy":"post_tag","embeddable":true,"href":"https:\/\/vosgesinfo.fr\/epinalinfo\/wp-json\/wp\/v2\/tags?post=39920"}],"curies":[{"name":"wp","href":"https:\/\/api.w.org\/{rel}","templated":true}]}}