{"id":39957,"date":"2024-04-05T15:13:26","date_gmt":"2024-04-05T13:13:26","guid":{"rendered":"https:\/\/vosgesinfo.fr\/epinalinfo\/?p=39957"},"modified":"2024-04-05T15:13:26","modified_gmt":"2024-04-05T13:13:26","slug":"plaintes-a-lhopital-de-remiremont-11-personnes-se-sont-constituees-parties-civiles","status":"publish","type":"post","link":"https:\/\/vosgesinfo.fr\/epinalinfo\/2024\/04\/plaintes-a-lhopital-de-remiremont-11-personnes-se-sont-constituees-parties-civiles\/","title":{"rendered":"Plaintes \u00e0 l&rsquo;h\u00f4pital de Remiremont : 11 personnes se sont constitu\u00e9es parties civiles"},"content":{"rendered":"<h2><img decoding=\"async\" class=\"aligncenter size-full wp-image-661\" src=\"https:\/\/vosgesinfo.fr\/app\/uploads\/sites\/3\/2023\/08\/conf-presse-procureur-de-la-republique-2.jpg\" alt=\"\" width=\"800\" height=\"450\" srcset=\"https:\/\/vosgesinfo.fr\/app\/uploads\/sites\/3\/2023\/08\/conf-presse-procureur-de-la-republique-2.jpg 800w, https:\/\/vosgesinfo.fr\/app\/uploads\/sites\/3\/2023\/08\/conf-presse-procureur-de-la-republique-2-300x169.jpg 300w, https:\/\/vosgesinfo.fr\/app\/uploads\/sites\/3\/2023\/08\/conf-presse-procureur-de-la-republique-2-768x432.jpg 768w\" sizes=\"(max-width: 800px) 100vw, 800px\" \/>Des morts consid\u00e9r\u00e9es suspectes et des plaintes qui s&rsquo;accumulent ! Accus\u00e9 de n\u00e9gligences, le centre hospitalier de Remiremont est dans la tourmente. Ce vendredi 5 avril 2024, le procureur de la R\u00e9publique, Fr\u00e9d\u00e9ric Nahon, a communiqu\u00e9 sur l&rsquo;affaire.<\/h2>\n<p>Plusieurs plaintes ont \u00e9t\u00e9 d\u00e9pos\u00e9es contre le Centre hospitalier de Remiremont. <em>\u00ab\u00a0Les trois magistrats instructeurs du tribunal judiciaire d\u2019Epinal ont tenu une r\u00e9union ce vendredi 5 avril avec l\u2019ensemble des plaignants, dans les neuf dossiers d\u2019information judiciaire ouverts contre X des chefs d\u2019homicides involontaires, de blessures involontaires faisant suite \u00e0 des hospitalisations au Centre hospitalier de Remiremont\u00a0\u00bb<\/em> explique le procureur de la R\u00e9publique, Fr\u00e9d\u00e9ric Nahon.<\/p>\n<p>La r\u00e9union tenue en pr\u00e9sence du procureur de la R\u00e9publique, du directeur d\u2019enqu\u00eate en charge des commissions rogatoires et de deux avocats a permis aux magistrats instructeurs d\u2019apporter des \u00e9l\u00e9ments d\u2019information sur l\u2019\u00e9tat d\u2019avancement des proc\u00e9dures et aux plaignants de se constituer partie civile, pour ceux qui ne l\u2019avaient pas encore fait. <em>\u00ab\u00a0Au cours de cette r\u00e9union, onze personnes se sont ainsi constitu\u00e9es parties civiles.\u00a0\u00bb<\/em> poursuit le procureur.<\/p>\n<h3>Des expertises m\u00e9dicales sont actuellement toujours en cours<\/h3>\n<p>De nombreuses investigations ont \u00e9t\u00e9 men\u00e9es depuis les ouvertures d\u2019information, notamment dans le cadre de commissions rogatoires confi\u00e9es \u00e0 la police judiciaire de Nancy. <em>\u00ab\u00a0Des expertises m\u00e9dicales sont actuellement toujours en cours.\u00a0\u00bb<\/em> conclu le procureur.<\/p>\n<p>&nbsp;<\/p>\n<p class=\"x_MsoNormal\">\n","protected":false},"excerpt":{"rendered":"<p>Des morts consid\u00e9r\u00e9es suspectes et des plaintes qui s&rsquo;accumulent ! Accus\u00e9 de n\u00e9gligences, le centre hospitalier de Remiremont est dans [&hellip;]<\/p>\n","protected":false},"author":52,"featured_media":661,"comment_status":"open","ping_status":"open","sticky":false,"template":"","format":"standard","meta":{"footnotes":""},"categories":[22,6,64,6055,14,5],"tags":[683,997,6176,85,75],"class_list":["post-39957","post","type-post","status-publish","format-standard","has-post-thumbnail","hentry","category-a-la-une","category-faits-divers","category-justice","category-remiremont","category-sante","category-vosges","tag-hopital","tag-justice","tag-plaintes-a-lhopital-de-remiremont","tag-sante","tag-vosges"],"acf":[],"yoast_head":"<!-- This site is optimized with the Yoast SEO plugin v22.5 - https:\/\/yoast.com\/wordpress\/plugins\/seo\/ -->\n<title>Plaintes \u00e0 l&#039;h\u00f4pital de Remiremont : 11 personnes se sont constitu\u00e9es parties civiles - Epinal Info<\/title>\n<meta name=\"robots\" content=\"index, follow, max-snippet:-1, max-image-preview:large, max-video-preview:-1\" \/>\n<link rel=\"canonical\" href=\"https:\/\/vosgesinfo.fr\/epinalinfo\/2024\/04\/plaintes-a-lhopital-de-remiremont-11-personnes-se-sont-constituees-parties-civiles\/\" \/>\n<meta name=\"twitter:card\" content=\"summary_large_image\" \/>\n<meta name=\"twitter:title\" content=\"Plaintes \u00e0 l&#039;h\u00f4pital de Remiremont : 11 personnes se sont constitu\u00e9es parties civiles - Epinal Info\" \/>\n<meta name=\"twitter:description\" content=\"Des morts consid\u00e9r\u00e9es suspectes et des plaintes qui s&rsquo;accumulent ! Accus\u00e9 de n\u00e9gligences, le centre hospitalier de Remiremont est dans [&hellip;]\" \/>\n<meta name=\"twitter:image\" content=\"https:\/\/vosgesinfo.fr\/app\/uploads\/sites\/3\/2023\/08\/conf-presse-procureur-de-la-republique-2.jpg\" \/>\n<meta name=\"twitter:creator\" content=\"@VosgesInfo88\" \/>\n<meta name=\"twitter:site\" content=\"@VosgesInfo88\" \/>\n<meta name=\"twitter:label1\" content=\"\u00c9crit par\" \/>\n\t<meta name=\"twitter:data1\" content=\"C.K.\" \/>\n\t<meta name=\"twitter:label2\" content=\"Dur\u00e9e de lecture estim\u00e9e\" \/>\n\t<meta name=\"twitter:data2\" content=\"1 minute\" \/>\n<script type=\"application\/ld+json\" class=\"yoast-schema-graph\">{\"@context\":\"https:\/\/schema.org\",\"@graph\":[{\"@type\":\"Article\",\"@id\":\"https:\/\/vosgesinfo.fr\/epinalinfo\/2024\/04\/plaintes-a-lhopital-de-remiremont-11-personnes-se-sont-constituees-parties-civiles\/#article\",\"isPartOf\":{\"@id\":\"https:\/\/vosgesinfo.fr\/epinalinfo\/2024\/04\/plaintes-a-lhopital-de-remiremont-11-personnes-se-sont-constituees-parties-civiles\/\"},\"author\":{\"name\":\"C.K.\",\"@id\":\"https:\/\/vosgesinfo.fr\/epinalinfo\/#\/schema\/person\/6f9a650eeea99d969b6c4ab78fccbe81\"},\"headline\":\"Plaintes \u00e0 l&rsquo;h\u00f4pital de Remiremont : 11 personnes se sont constitu\u00e9es parties civiles\",\"datePublished\":\"2024-04-05T13:13:26+00:00\",\"dateModified\":\"2024-04-05T13:13:26+00:00\",\"mainEntityOfPage\":{\"@id\":\"https:\/\/vosgesinfo.fr\/epinalinfo\/2024\/04\/plaintes-a-lhopital-de-remiremont-11-personnes-se-sont-constituees-parties-civiles\/\"},\"wordCount\":259,\"commentCount\":3,\"publisher\":{\"@id\":\"https:\/\/vosgesinfo.fr\/epinalinfo\/#organization\"},\"image\":{\"@id\":\"https:\/\/vosgesinfo.fr\/epinalinfo\/2024\/04\/plaintes-a-lhopital-de-remiremont-11-personnes-se-sont-constituees-parties-civiles\/#primaryimage\"},\"thumbnailUrl\":\"https:\/\/vosgesinfo.fr\/app\/uploads\/sites\/3\/2023\/08\/conf-presse-procureur-de-la-republique-2.jpg\",\"keywords\":[\"h\u00f4pital\",\"justice\",\"Plaintes \u00e0 l'h\u00f4pital de Remiremont\",\"sant\u00e9\",\"vosges\"],\"articleSection\":[\"A la Une\",\"Faits-divers\",\"Justice\",\"Remiremont\",\"Sant\u00e9\",\"Vosges\"],\"inLanguage\":\"fr-FR\",\"potentialAction\":[{\"@type\":\"CommentAction\",\"name\":\"Comment\",\"target\":[\"https:\/\/vosgesinfo.fr\/epinalinfo\/2024\/04\/plaintes-a-lhopital-de-remiremont-11-personnes-se-sont-constituees-parties-civiles\/#respond\"]}]},{\"@type\":\"WebPage\",\"@id\":\"https:\/\/vosgesinfo.fr\/epinalinfo\/2024\/04\/plaintes-a-lhopital-de-remiremont-11-personnes-se-sont-constituees-parties-civiles\/\",\"url\":\"https:\/\/vosgesinfo.fr\/epinalinfo\/2024\/04\/plaintes-a-lhopital-de-remiremont-11-personnes-se-sont-constituees-parties-civiles\/\",\"name\":\"Plaintes \u00e0 l'h\u00f4pital de Remiremont : 11 personnes se sont constitu\u00e9es parties civiles - Epinal Info\",\"isPartOf\":{\"@id\":\"https:\/\/vosgesinfo.fr\/epinalinfo\/#website\"},\"primaryImageOfPage\":{\"@id\":\"https:\/\/vosgesinfo.fr\/epinalinfo\/2024\/04\/plaintes-a-lhopital-de-remiremont-11-personnes-se-sont-constituees-parties-civiles\/#primaryimage\"},\"image\":{\"@id\":\"https:\/\/vosgesinfo.fr\/epinalinfo\/2024\/04\/plaintes-a-lhopital-de-remiremont-11-personnes-se-sont-constituees-parties-civiles\/#primaryimage\"},\"thumbnailUrl\":\"https:\/\/vosgesinfo.fr\/app\/uploads\/sites\/3\/2023\/08\/conf-presse-procureur-de-la-republique-2.jpg\",\"datePublished\":\"2024-04-05T13:13:26+00:00\",\"dateModified\":\"2024-04-05T13:13:26+00:00\",\"breadcrumb\":{\"@id\":\"https:\/\/vosgesinfo.fr\/epinalinfo\/2024\/04\/plaintes-a-lhopital-de-remiremont-11-personnes-se-sont-constituees-parties-civiles\/#breadcrumb\"},\"inLanguage\":\"fr-FR\",\"potentialAction\":[{\"@type\":\"ReadAction\",\"target\":[\"https:\/\/vosgesinfo.fr\/epinalinfo\/2024\/04\/plaintes-a-lhopital-de-remiremont-11-personnes-se-sont-constituees-parties-civiles\/\"]}]},{\"@type\":\"ImageObject\",\"inLanguage\":\"fr-FR\",\"@id\":\"https:\/\/vosgesinfo.fr\/epinalinfo\/2024\/04\/plaintes-a-lhopital-de-remiremont-11-personnes-se-sont-constituees-parties-civiles\/#primaryimage\",\"url\":\"https:\/\/vosgesinfo.fr\/app\/uploads\/sites\/3\/2023\/08\/conf-presse-procureur-de-la-republique-2.jpg\",\"contentUrl\":\"https:\/\/vosgesinfo.fr\/app\/uploads\/sites\/3\/2023\/08\/conf-presse-procureur-de-la-republique-2.jpg\",\"width\":800,\"height\":450,\"caption\":\"archive\"},{\"@type\":\"BreadcrumbList\",\"@id\":\"https:\/\/vosgesinfo.fr\/epinalinfo\/2024\/04\/plaintes-a-lhopital-de-remiremont-11-personnes-se-sont-constituees-parties-civiles\/#breadcrumb\",\"itemListElement\":[{\"@type\":\"ListItem\",\"position\":1,\"name\":\"Home\",\"item\":\"https:\/\/vosgesinfo.fr\/epinalinfo\/\"},{\"@type\":\"ListItem\",\"position\":2,\"name\":\"Plaintes \u00e0 l&rsquo;h\u00f4pital de Remiremont : 11 personnes se sont constitu\u00e9es parties civiles\"}]},{\"@type\":\"WebSite\",\"@id\":\"https:\/\/vosgesinfo.fr\/epinalinfo\/#website\",\"url\":\"https:\/\/vosgesinfo.fr\/epinalinfo\/\",\"name\":\"Epinal Info\",\"description\":\"Toute l&#039;actualit\u00e9 d&#039;\u00c9pinal\",\"publisher\":{\"@id\":\"https:\/\/vosgesinfo.fr\/epinalinfo\/#organization\"},\"alternateName\":\"Toute l'actualit\u00e9 d'\u00c9pinal\",\"potentialAction\":[{\"@type\":\"SearchAction\",\"target\":{\"@type\":\"EntryPoint\",\"urlTemplate\":\"https:\/\/vosgesinfo.fr\/epinalinfo\/?s={search_term_string}\"},\"query-input\":\"required name=search_term_string\"}],\"inLanguage\":\"fr-FR\"},{\"@type\":\"Organization\",\"@id\":\"https:\/\/vosgesinfo.fr\/epinalinfo\/#organization\",\"name\":\"Epinal Info\",\"url\":\"https:\/\/vosgesinfo.fr\/epinalinfo\/\",\"logo\":{\"@type\":\"ImageObject\",\"inLanguage\":\"fr-FR\",\"@id\":\"https:\/\/vosgesinfo.fr\/epinalinfo\/#\/schema\/logo\/image\/\",\"url\":\"https:\/\/vosgesinfo.fr\/app\/uploads\/sites\/3\/2023\/08\/logo-epinalinfos.svg\",\"contentUrl\":\"https:\/\/vosgesinfo.fr\/app\/uploads\/sites\/3\/2023\/08\/logo-epinalinfos.svg\",\"width\":1,\"height\":1,\"caption\":\"Epinal Info\"},\"image\":{\"@id\":\"https:\/\/vosgesinfo.fr\/epinalinfo\/#\/schema\/logo\/image\/\"},\"sameAs\":[\"https:\/\/www.facebook.com\/Epinalinfos\",\"https:\/\/x.com\/VosgesInfo88\",\"https:\/\/www.youtube.com\/@vosgesinfo\"]},{\"@type\":\"Person\",\"@id\":\"https:\/\/vosgesinfo.fr\/epinalinfo\/#\/schema\/person\/6f9a650eeea99d969b6c4ab78fccbe81\",\"name\":\"C.K.\",\"image\":{\"@type\":\"ImageObject\",\"inLanguage\":\"fr-FR\",\"@id\":\"https:\/\/vosgesinfo.fr\/epinalinfo\/#\/schema\/person\/image\/\",\"url\":\"https:\/\/secure.gravatar.com\/avatar\/48e3fc7f8421ba8942be6b74a2b7f014ca39bc00dece156b7a8e098ae7dc87bf?s=96&d=mm&r=g\",\"contentUrl\":\"https:\/\/secure.gravatar.com\/avatar\/48e3fc7f8421ba8942be6b74a2b7f014ca39bc00dece156b7a8e098ae7dc87bf?s=96&d=mm&r=g\",\"caption\":\"C.K.\"},\"url\":\"https:\/\/vosgesinfo.fr\/epinalinfo\/author\/celia-k-n\/\"}]}<\/script>\n<!-- \/ Yoast SEO plugin. -->","yoast_head_json":{"title":"Plaintes \u00e0 l'h\u00f4pital de Remiremont : 11 personnes se sont constitu\u00e9es parties civiles - Epinal Info","robots":{"index":"index","follow":"follow","max-snippet":"max-snippet:-1","max-image-preview":"max-image-preview:large","max-video-preview":"max-video-preview:-1"},"canonical":"https:\/\/vosgesinfo.fr\/epinalinfo\/2024\/04\/plaintes-a-lhopital-de-remiremont-11-personnes-se-sont-constituees-parties-civiles\/","twitter_card":"summary_large_image","twitter_title":"Plaintes \u00e0 l'h\u00f4pital de Remiremont : 11 personnes se sont constitu\u00e9es parties civiles - Epinal Info","twitter_description":"Des morts consid\u00e9r\u00e9es suspectes et des plaintes qui s&rsquo;accumulent ! Accus\u00e9 de n\u00e9gligences, le centre hospitalier de Remiremont est dans [&hellip;]","twitter_image":"https:\/\/vosgesinfo.fr\/app\/uploads\/sites\/3\/2023\/08\/conf-presse-procureur-de-la-republique-2.jpg","twitter_creator":"@VosgesInfo88","twitter_site":"@VosgesInfo88","twitter_misc":{"\u00c9crit par":"C.K.","Dur\u00e9e de lecture estim\u00e9e":"1 minute"},"schema":{"@context":"https:\/\/schema.org","@graph":[{"@type":"Article","@id":"https:\/\/vosgesinfo.fr\/epinalinfo\/2024\/04\/plaintes-a-lhopital-de-remiremont-11-personnes-se-sont-constituees-parties-civiles\/#article","isPartOf":{"@id":"https:\/\/vosgesinfo.fr\/epinalinfo\/2024\/04\/plaintes-a-lhopital-de-remiremont-11-personnes-se-sont-constituees-parties-civiles\/"},"author":{"name":"C.K.","@id":"https:\/\/vosgesinfo.fr\/epinalinfo\/#\/schema\/person\/6f9a650eeea99d969b6c4ab78fccbe81"},"headline":"Plaintes \u00e0 l&rsquo;h\u00f4pital de Remiremont : 11 personnes se sont constitu\u00e9es parties civiles","datePublished":"2024-04-05T13:13:26+00:00","dateModified":"2024-04-05T13:13:26+00:00","mainEntityOfPage":{"@id":"https:\/\/vosgesinfo.fr\/epinalinfo\/2024\/04\/plaintes-a-lhopital-de-remiremont-11-personnes-se-sont-constituees-parties-civiles\/"},"wordCount":259,"commentCount":3,"publisher":{"@id":"https:\/\/vosgesinfo.fr\/epinalinfo\/#organization"},"image":{"@id":"https:\/\/vosgesinfo.fr\/epinalinfo\/2024\/04\/plaintes-a-lhopital-de-remiremont-11-personnes-se-sont-constituees-parties-civiles\/#primaryimage"},"thumbnailUrl":"https:\/\/vosgesinfo.fr\/app\/uploads\/sites\/3\/2023\/08\/conf-presse-procureur-de-la-republique-2.jpg","keywords":["h\u00f4pital","justice","Plaintes \u00e0 l'h\u00f4pital de Remiremont","sant\u00e9","vosges"],"articleSection":["A la Une","Faits-divers","Justice","Remiremont","Sant\u00e9","Vosges"],"inLanguage":"fr-FR","potentialAction":[{"@type":"CommentAction","name":"Comment","target":["https:\/\/vosgesinfo.fr\/epinalinfo\/2024\/04\/plaintes-a-lhopital-de-remiremont-11-personnes-se-sont-constituees-parties-civiles\/#respond"]}]},{"@type":"WebPage","@id":"https:\/\/vosgesinfo.fr\/epinalinfo\/2024\/04\/plaintes-a-lhopital-de-remiremont-11-personnes-se-sont-constituees-parties-civiles\/","url":"https:\/\/vosgesinfo.fr\/epinalinfo\/2024\/04\/plaintes-a-lhopital-de-remiremont-11-personnes-se-sont-constituees-parties-civiles\/","name":"Plaintes \u00e0 l'h\u00f4pital de Remiremont : 11 personnes se sont constitu\u00e9es parties civiles - Epinal Info","isPartOf":{"@id":"https:\/\/vosgesinfo.fr\/epinalinfo\/#website"},"primaryImageOfPage":{"@id":"https:\/\/vosgesinfo.fr\/epinalinfo\/2024\/04\/plaintes-a-lhopital-de-remiremont-11-personnes-se-sont-constituees-parties-civiles\/#primaryimage"},"image":{"@id":"https:\/\/vosgesinfo.fr\/epinalinfo\/2024\/04\/plaintes-a-lhopital-de-remiremont-11-personnes-se-sont-constituees-parties-civiles\/#primaryimage"},"thumbnailUrl":"https:\/\/vosgesinfo.fr\/app\/uploads\/sites\/3\/2023\/08\/conf-presse-procureur-de-la-republique-2.jpg","datePublished":"2024-04-05T13:13:26+00:00","dateModified":"2024-04-05T13:13:26+00:00","breadcrumb":{"@id":"https:\/\/vosgesinfo.fr\/epinalinfo\/2024\/04\/plaintes-a-lhopital-de-remiremont-11-personnes-se-sont-constituees-parties-civiles\/#breadcrumb"},"inLanguage":"fr-FR","potentialAction":[{"@type":"ReadAction","target":["https:\/\/vosgesinfo.fr\/epinalinfo\/2024\/04\/plaintes-a-lhopital-de-remiremont-11-personnes-se-sont-constituees-parties-civiles\/"]}]},{"@type":"ImageObject","inLanguage":"fr-FR","@id":"https:\/\/vosgesinfo.fr\/epinalinfo\/2024\/04\/plaintes-a-lhopital-de-remiremont-11-personnes-se-sont-constituees-parties-civiles\/#primaryimage","url":"https:\/\/vosgesinfo.fr\/app\/uploads\/sites\/3\/2023\/08\/conf-presse-procureur-de-la-republique-2.jpg","contentUrl":"https:\/\/vosgesinfo.fr\/app\/uploads\/sites\/3\/2023\/08\/conf-presse-procureur-de-la-republique-2.jpg","width":800,"height":450,"caption":"archive"},{"@type":"BreadcrumbList","@id":"https:\/\/vosgesinfo.fr\/epinalinfo\/2024\/04\/plaintes-a-lhopital-de-remiremont-11-personnes-se-sont-constituees-parties-civiles\/#breadcrumb","itemListElement":[{"@type":"ListItem","position":1,"name":"Home","item":"https:\/\/vosgesinfo.fr\/epinalinfo\/"},{"@type":"ListItem","position":2,"name":"Plaintes \u00e0 l&rsquo;h\u00f4pital de Remiremont : 11 personnes se sont constitu\u00e9es parties civiles"}]},{"@type":"WebSite","@id":"https:\/\/vosgesinfo.fr\/epinalinfo\/#website","url":"https:\/\/vosgesinfo.fr\/epinalinfo\/","name":"Epinal Info","description":"Toute l&#039;actualit\u00e9 d&#039;\u00c9pinal","publisher":{"@id":"https:\/\/vosgesinfo.fr\/epinalinfo\/#organization"},"alternateName":"Toute l'actualit\u00e9 d'\u00c9pinal","potentialAction":[{"@type":"SearchAction","target":{"@type":"EntryPoint","urlTemplate":"https:\/\/vosgesinfo.fr\/epinalinfo\/?s={search_term_string}"},"query-input":"required name=search_term_string"}],"inLanguage":"fr-FR"},{"@type":"Organization","@id":"https:\/\/vosgesinfo.fr\/epinalinfo\/#organization","name":"Epinal Info","url":"https:\/\/vosgesinfo.fr\/epinalinfo\/","logo":{"@type":"ImageObject","inLanguage":"fr-FR","@id":"https:\/\/vosgesinfo.fr\/epinalinfo\/#\/schema\/logo\/image\/","url":"https:\/\/vosgesinfo.fr\/app\/uploads\/sites\/3\/2023\/08\/logo-epinalinfos.svg","contentUrl":"https:\/\/vosgesinfo.fr\/app\/uploads\/sites\/3\/2023\/08\/logo-epinalinfos.svg","width":1,"height":1,"caption":"Epinal Info"},"image":{"@id":"https:\/\/vosgesinfo.fr\/epinalinfo\/#\/schema\/logo\/image\/"},"sameAs":["https:\/\/www.facebook.com\/Epinalinfos","https:\/\/x.com\/VosgesInfo88","https:\/\/www.youtube.com\/@vosgesinfo"]},{"@type":"Person","@id":"https:\/\/vosgesinfo.fr\/epinalinfo\/#\/schema\/person\/6f9a650eeea99d969b6c4ab78fccbe81","name":"C.K.","image":{"@type":"ImageObject","inLanguage":"fr-FR","@id":"https:\/\/vosgesinfo.fr\/epinalinfo\/#\/schema\/person\/image\/","url":"https:\/\/secure.gravatar.com\/avatar\/48e3fc7f8421ba8942be6b74a2b7f014ca39bc00dece156b7a8e098ae7dc87bf?s=96&d=mm&r=g","contentUrl":"https:\/\/secure.gravatar.com\/avatar\/48e3fc7f8421ba8942be6b74a2b7f014ca39bc00dece156b7a8e098ae7dc87bf?s=96&d=mm&r=g","caption":"C.K."},"url":"https:\/\/vosgesinfo.fr\/epinalinfo\/author\/celia-k-n\/"}]}},"_links":{"self":[{"href":"https:\/\/vosgesinfo.fr\/epinalinfo\/wp-json\/wp\/v2\/posts\/39957","targetHints":{"allow":["GET"]}}],"collection":[{"href":"https:\/\/vosgesinfo.fr\/epinalinfo\/wp-json\/wp\/v2\/posts"}],"about":[{"href":"https:\/\/vosgesinfo.fr\/epinalinfo\/wp-json\/wp\/v2\/types\/post"}],"author":[{"embeddable":true,"href":"https:\/\/vosgesinfo.fr\/epinalinfo\/wp-json\/wp\/v2\/users\/52"}],"replies":[{"embeddable":true,"href":"https:\/\/vosgesinfo.fr\/epinalinfo\/wp-json\/wp\/v2\/comments?post=39957"}],"version-history":[{"count":1,"href":"https:\/\/vosgesinfo.fr\/epinalinfo\/wp-json\/wp\/v2\/posts\/39957\/revisions"}],"predecessor-version":[{"id":39958,"href":"https:\/\/vosgesinfo.fr\/epinalinfo\/wp-json\/wp\/v2\/posts\/39957\/revisions\/39958"}],"wp:featuredmedia":[{"embeddable":true,"href":"https:\/\/vosgesinfo.fr\/epinalinfo\/wp-json\/wp\/v2\/media\/661"}],"wp:attachment":[{"href":"https:\/\/vosgesinfo.fr\/epinalinfo\/wp-json\/wp\/v2\/media?parent=39957"}],"wp:term":[{"taxonomy":"category","embeddable":true,"href":"https:\/\/vosgesinfo.fr\/epinalinfo\/wp-json\/wp\/v2\/categories?post=39957"},{"taxonomy":"post_tag","embeddable":true,"href":"https:\/\/vosgesinfo.fr\/epinalinfo\/wp-json\/wp\/v2\/tags?post=39957"}],"curies":[{"name":"wp","href":"https:\/\/api.w.org\/{rel}","templated":true}]}}