{"id":39961,"date":"2024-04-05T16:15:44","date_gmt":"2024-04-05T14:15:44","guid":{"rendered":"https:\/\/vosgesinfo.fr\/epinalinfo\/?p=39961"},"modified":"2024-04-05T16:15:44","modified_gmt":"2024-04-05T14:15:44","slug":"dans-les-vosges-les-personnes-de-plus-de-65-ans-pourraient-etre-pres-de-116-000-en-2040","status":"publish","type":"post","link":"https:\/\/vosgesinfo.fr\/epinalinfo\/2024\/04\/dans-les-vosges-les-personnes-de-plus-de-65-ans-pourraient-etre-pres-de-116-000-en-2040\/","title":{"rendered":"Dans les Vosges, les personnes de plus de 65 ans pourraient \u00eatre pr\u00e8s de 116 000 en 2040"},"content":{"rendered":"<div id=\"attachment_39962\" style=\"width: 1034px\" class=\"wp-caption aligncenter\"><img decoding=\"async\" aria-describedby=\"caption-attachment-39962\" class=\"size-large wp-image-39962\" src=\"https:\/\/vosgesinfo.fr\/app\/uploads\/sites\/3\/2024\/04\/bienvieillir2-1024x576.jpg\" alt=\"\" width=\"1024\" height=\"576\" srcset=\"https:\/\/vosgesinfo.fr\/app\/uploads\/sites\/3\/2024\/04\/bienvieillir2-1024x576.jpg 1024w, https:\/\/vosgesinfo.fr\/app\/uploads\/sites\/3\/2024\/04\/bienvieillir2-300x169.jpg 300w, https:\/\/vosgesinfo.fr\/app\/uploads\/sites\/3\/2024\/04\/bienvieillir2-768x432.jpg 768w, https:\/\/vosgesinfo.fr\/app\/uploads\/sites\/3\/2024\/04\/bienvieillir2-1536x864.jpg 1536w, https:\/\/vosgesinfo.fr\/app\/uploads\/sites\/3\/2024\/04\/bienvieillir2.jpg 1600w\" sizes=\"(max-width: 1024px) 100vw, 1024px\" \/><p id=\"caption-attachment-39962\" class=\"wp-caption-text\">photo Vosges Mag<\/p><\/div>\n<h2><b>L\u2019op\u00e9ration des \u00ab Villes et\u00a0Villages du Bien Vieillir\u00a0\u00bb 2024 est lanc\u00e9e. Elle se d\u00e9roulera du 4 avril jusqu\u2019au 10 octobre sur l\u2019ensemble du D\u00e9partement des Vosges. L\u2019objectif de cette op\u00e9ration gratuite est<\/b> <b>de d\u00e9velopper les interventions en proximit\u00e9 pour lutter contre l\u2019isolement et notamment l\u2019isolement des personnes \u00e2g\u00e9es et de promouvoir le bien vieillir \u00e0 domicile\u00a0et hors domicile.<\/b><\/h2>\n<div id=\"attachment_39963\" style=\"width: 310px\" class=\"wp-caption alignleft\"><img decoding=\"async\" aria-describedby=\"caption-attachment-39963\" class=\"size-medium wp-image-39963\" src=\"https:\/\/vosgesinfo.fr\/app\/uploads\/sites\/3\/2024\/04\/bienvieillirvosges-300x169.jpg\" alt=\"\" width=\"300\" height=\"169\" srcset=\"https:\/\/vosgesinfo.fr\/app\/uploads\/sites\/3\/2024\/04\/bienvieillirvosges-300x169.jpg 300w, https:\/\/vosgesinfo.fr\/app\/uploads\/sites\/3\/2024\/04\/bienvieillirvosges-1024x576.jpg 1024w, https:\/\/vosgesinfo.fr\/app\/uploads\/sites\/3\/2024\/04\/bienvieillirvosges-768x432.jpg 768w, https:\/\/vosgesinfo.fr\/app\/uploads\/sites\/3\/2024\/04\/bienvieillirvosges-1536x864.jpg 1536w, https:\/\/vosgesinfo.fr\/app\/uploads\/sites\/3\/2024\/04\/bienvieillirvosges.jpg 1600w\" sizes=\"(max-width: 300px) 100vw, 300px\" \/><p id=\"caption-attachment-39963\" class=\"wp-caption-text\">photos Vosges Mag<\/p><\/div>\n<p>Ainsi dans les secteurs de Remiremont, La Bresse, Fraize, Epinal, Saint-Di\u00e9 des Vosges, et Monthureux- Sur- Sa\u00f4ne un bus am\u00e9nag\u00e9 se rendra dans les quartiers ou villages jouxtant le bourg Centre. Dans ce bus, chacun y trouvera une \u00e9coute des besoins et attentes des a\u00een\u00e9s, une information sur\u00a0les aides techniques \u00e0 domicile (conseils et possibilit\u00e9s de financement).<\/p>\n<p>De plus, un Forum sera organis\u00e9 sur le Bourg centre au sein duquel une cinquantaine de partenaires seront pr\u00e9sents afin de promouvoir et impulser des actions de pr\u00e9vention financ\u00e9es par la Conf\u00e9rence des Financeurs de la Pr\u00e9vention de la Perte d\u2019Autonomie (CFPPA) des Vosges.<\/p>\n<p>La population vosgienne est marqu\u00e9e par une importante proportion des personnes \u00e2g\u00e9es de 60 ans et plus. En 2019, cette tranche d\u2019\u00e2ge repr\u00e9sentait 31,1% de l\u2019ensemble des Vosgiens (26,5 % pour le Grand-Est et 26.2 % pour la France). La population \u00e2g\u00e9e de 80 ans et plus repr\u00e9sentait la m\u00eame ann\u00e9e 7,5 % de la population vosgienne, cette proportion est la plus \u00e9lev\u00e9e en comparaison avec celle du Grand-Est qui est de 6 %.<\/p>\n<p>Les g\u00e9n\u00e9rations n\u00e9es lors du baby-boom ont aujourd\u2019hui entre 65 et 79 ans et vont, progressivement, entrer dans le grand \u00e2ge. En 5 ans, cette classe d\u2019\u00e2ge est pass\u00e9e de 50 996 (13,6% de la population) \u00e0 59 768 personnes (16,3% de la population).<\/p>\n<p><b>Selon le sc\u00e9nario central de l\u2019INSEE, les personnes de 65 ans et plus pourraient \u00eatre pr\u00e8s de 116\u00a0000 en 2040,\u00a0repr\u00e9sentant alors\u00a030,7% de la population du d\u00e9partement<\/b>. Les personnes \u00e2g\u00e9es de 75 ans et plus repr\u00e9senteront 15,8 % de la population vosgienne en 2030 (contre 11,2% en 2018) et 22 % en 2050. En 2030, le nombre de personnes \u00e2g\u00e9es d\u00e9pendantes pourrait s\u2019\u00e9lever de 11\u00a0700 \u00e0 13\u00a0800.<\/p>\n<p><b>Aussi, la politique de l\u2019Autonomie est un d\u00e9fi majeur pour notre d\u00e9partement et c\u2019est un budget total de 111\u00a0750\u00a0000 \u20ac qui lui est consacr\u00e9 en 2024.<\/b><\/p>\n","protected":false},"excerpt":{"rendered":"<p>L\u2019op\u00e9ration des \u00ab Villes et\u00a0Villages du Bien Vieillir\u00a0\u00bb 2024 est lanc\u00e9e. Elle se d\u00e9roulera du 4 avril jusqu\u2019au 10 octobre [&hellip;]<\/p>\n","protected":false},"author":41,"featured_media":39962,"comment_status":"open","ping_status":"open","sticky":false,"template":"","format":"standard","meta":{"footnotes":""},"categories":[22,5],"tags":[],"class_list":["post-39961","post","type-post","status-publish","format-standard","has-post-thumbnail","hentry","category-a-la-une","category-vosges"],"acf":[],"yoast_head":"<!-- This site is optimized with the Yoast SEO plugin v22.5 - https:\/\/yoast.com\/wordpress\/plugins\/seo\/ -->\n<title>Dans les Vosges, les personnes de plus de 65 ans pourraient \u00eatre pr\u00e8s de 116 000 en 2040 - Epinal Info<\/title>\n<meta name=\"robots\" content=\"index, follow, max-snippet:-1, max-image-preview:large, max-video-preview:-1\" \/>\n<link rel=\"canonical\" href=\"https:\/\/vosgesinfo.fr\/epinalinfo\/2024\/04\/dans-les-vosges-les-personnes-de-plus-de-65-ans-pourraient-etre-pres-de-116-000-en-2040\/\" \/>\n<meta name=\"twitter:card\" content=\"summary_large_image\" \/>\n<meta name=\"twitter:title\" content=\"Dans les Vosges, les personnes de plus de 65 ans pourraient \u00eatre pr\u00e8s de 116 000 en 2040 - Epinal Info\" \/>\n<meta name=\"twitter:description\" content=\"L\u2019op\u00e9ration des \u00ab Villes et\u00a0Villages du Bien Vieillir\u00a0\u00bb 2024 est lanc\u00e9e. Elle se d\u00e9roulera du 4 avril jusqu\u2019au 10 octobre [&hellip;]\" \/>\n<meta name=\"twitter:image\" content=\"https:\/\/vosgesinfo.fr\/app\/uploads\/sites\/3\/2024\/04\/bienvieillir2.jpg\" \/>\n<meta name=\"twitter:creator\" content=\"@VosgesInfo88\" \/>\n<meta name=\"twitter:site\" content=\"@VosgesInfo88\" \/>\n<meta name=\"twitter:label1\" content=\"\u00c9crit par\" \/>\n\t<meta name=\"twitter:data1\" content=\"La r\u00e9daction\" \/>\n\t<meta name=\"twitter:label2\" content=\"Dur\u00e9e de lecture estim\u00e9e\" \/>\n\t<meta name=\"twitter:data2\" content=\"2 minutes\" \/>\n<script type=\"application\/ld+json\" class=\"yoast-schema-graph\">{\"@context\":\"https:\/\/schema.org\",\"@graph\":[{\"@type\":\"Article\",\"@id\":\"https:\/\/vosgesinfo.fr\/epinalinfo\/2024\/04\/dans-les-vosges-les-personnes-de-plus-de-65-ans-pourraient-etre-pres-de-116-000-en-2040\/#article\",\"isPartOf\":{\"@id\":\"https:\/\/vosgesinfo.fr\/epinalinfo\/2024\/04\/dans-les-vosges-les-personnes-de-plus-de-65-ans-pourraient-etre-pres-de-116-000-en-2040\/\"},\"author\":{\"name\":\"La r\u00e9daction\",\"@id\":\"https:\/\/vosgesinfo.fr\/epinalinfo\/#\/schema\/person\/44f5fff67d0ae31d2770e1f7555c711d\"},\"headline\":\"Dans les Vosges, les personnes de plus de 65 ans pourraient \u00eatre pr\u00e8s de 116 000 en 2040\",\"datePublished\":\"2024-04-05T14:15:44+00:00\",\"dateModified\":\"2024-04-05T14:15:44+00:00\",\"mainEntityOfPage\":{\"@id\":\"https:\/\/vosgesinfo.fr\/epinalinfo\/2024\/04\/dans-les-vosges-les-personnes-de-plus-de-65-ans-pourraient-etre-pres-de-116-000-en-2040\/\"},\"wordCount\":415,\"commentCount\":3,\"publisher\":{\"@id\":\"https:\/\/vosgesinfo.fr\/epinalinfo\/#organization\"},\"image\":{\"@id\":\"https:\/\/vosgesinfo.fr\/epinalinfo\/2024\/04\/dans-les-vosges-les-personnes-de-plus-de-65-ans-pourraient-etre-pres-de-116-000-en-2040\/#primaryimage\"},\"thumbnailUrl\":\"https:\/\/vosgesinfo.fr\/app\/uploads\/sites\/3\/2024\/04\/bienvieillir2.jpg\",\"articleSection\":[\"A la Une\",\"Vosges\"],\"inLanguage\":\"fr-FR\",\"potentialAction\":[{\"@type\":\"CommentAction\",\"name\":\"Comment\",\"target\":[\"https:\/\/vosgesinfo.fr\/epinalinfo\/2024\/04\/dans-les-vosges-les-personnes-de-plus-de-65-ans-pourraient-etre-pres-de-116-000-en-2040\/#respond\"]}]},{\"@type\":\"WebPage\",\"@id\":\"https:\/\/vosgesinfo.fr\/epinalinfo\/2024\/04\/dans-les-vosges-les-personnes-de-plus-de-65-ans-pourraient-etre-pres-de-116-000-en-2040\/\",\"url\":\"https:\/\/vosgesinfo.fr\/epinalinfo\/2024\/04\/dans-les-vosges-les-personnes-de-plus-de-65-ans-pourraient-etre-pres-de-116-000-en-2040\/\",\"name\":\"Dans les Vosges, les personnes de plus de 65 ans pourraient \u00eatre pr\u00e8s de 116 000 en 2040 - Epinal Info\",\"isPartOf\":{\"@id\":\"https:\/\/vosgesinfo.fr\/epinalinfo\/#website\"},\"primaryImageOfPage\":{\"@id\":\"https:\/\/vosgesinfo.fr\/epinalinfo\/2024\/04\/dans-les-vosges-les-personnes-de-plus-de-65-ans-pourraient-etre-pres-de-116-000-en-2040\/#primaryimage\"},\"image\":{\"@id\":\"https:\/\/vosgesinfo.fr\/epinalinfo\/2024\/04\/dans-les-vosges-les-personnes-de-plus-de-65-ans-pourraient-etre-pres-de-116-000-en-2040\/#primaryimage\"},\"thumbnailUrl\":\"https:\/\/vosgesinfo.fr\/app\/uploads\/sites\/3\/2024\/04\/bienvieillir2.jpg\",\"datePublished\":\"2024-04-05T14:15:44+00:00\",\"dateModified\":\"2024-04-05T14:15:44+00:00\",\"breadcrumb\":{\"@id\":\"https:\/\/vosgesinfo.fr\/epinalinfo\/2024\/04\/dans-les-vosges-les-personnes-de-plus-de-65-ans-pourraient-etre-pres-de-116-000-en-2040\/#breadcrumb\"},\"inLanguage\":\"fr-FR\",\"potentialAction\":[{\"@type\":\"ReadAction\",\"target\":[\"https:\/\/vosgesinfo.fr\/epinalinfo\/2024\/04\/dans-les-vosges-les-personnes-de-plus-de-65-ans-pourraient-etre-pres-de-116-000-en-2040\/\"]}]},{\"@type\":\"ImageObject\",\"inLanguage\":\"fr-FR\",\"@id\":\"https:\/\/vosgesinfo.fr\/epinalinfo\/2024\/04\/dans-les-vosges-les-personnes-de-plus-de-65-ans-pourraient-etre-pres-de-116-000-en-2040\/#primaryimage\",\"url\":\"https:\/\/vosgesinfo.fr\/app\/uploads\/sites\/3\/2024\/04\/bienvieillir2.jpg\",\"contentUrl\":\"https:\/\/vosgesinfo.fr\/app\/uploads\/sites\/3\/2024\/04\/bienvieillir2.jpg\",\"width\":1600,\"height\":900,\"caption\":\"photo Vosges Mag\"},{\"@type\":\"BreadcrumbList\",\"@id\":\"https:\/\/vosgesinfo.fr\/epinalinfo\/2024\/04\/dans-les-vosges-les-personnes-de-plus-de-65-ans-pourraient-etre-pres-de-116-000-en-2040\/#breadcrumb\",\"itemListElement\":[{\"@type\":\"ListItem\",\"position\":1,\"name\":\"Home\",\"item\":\"https:\/\/vosgesinfo.fr\/epinalinfo\/\"},{\"@type\":\"ListItem\",\"position\":2,\"name\":\"Dans les Vosges, les personnes de plus de 65 ans pourraient \u00eatre pr\u00e8s de 116 000 en 2040\"}]},{\"@type\":\"WebSite\",\"@id\":\"https:\/\/vosgesinfo.fr\/epinalinfo\/#website\",\"url\":\"https:\/\/vosgesinfo.fr\/epinalinfo\/\",\"name\":\"Epinal Info\",\"description\":\"Toute l&#039;actualit\u00e9 d&#039;\u00c9pinal\",\"publisher\":{\"@id\":\"https:\/\/vosgesinfo.fr\/epinalinfo\/#organization\"},\"alternateName\":\"Toute l'actualit\u00e9 d'\u00c9pinal\",\"potentialAction\":[{\"@type\":\"SearchAction\",\"target\":{\"@type\":\"EntryPoint\",\"urlTemplate\":\"https:\/\/vosgesinfo.fr\/epinalinfo\/?s={search_term_string}\"},\"query-input\":\"required name=search_term_string\"}],\"inLanguage\":\"fr-FR\"},{\"@type\":\"Organization\",\"@id\":\"https:\/\/vosgesinfo.fr\/epinalinfo\/#organization\",\"name\":\"Epinal Info\",\"url\":\"https:\/\/vosgesinfo.fr\/epinalinfo\/\",\"logo\":{\"@type\":\"ImageObject\",\"inLanguage\":\"fr-FR\",\"@id\":\"https:\/\/vosgesinfo.fr\/epinalinfo\/#\/schema\/logo\/image\/\",\"url\":\"https:\/\/vosgesinfo.fr\/app\/uploads\/sites\/3\/2023\/08\/logo-epinalinfos.svg\",\"contentUrl\":\"https:\/\/vosgesinfo.fr\/app\/uploads\/sites\/3\/2023\/08\/logo-epinalinfos.svg\",\"width\":1,\"height\":1,\"caption\":\"Epinal Info\"},\"image\":{\"@id\":\"https:\/\/vosgesinfo.fr\/epinalinfo\/#\/schema\/logo\/image\/\"},\"sameAs\":[\"https:\/\/www.facebook.com\/Epinalinfos\",\"https:\/\/x.com\/VosgesInfo88\",\"https:\/\/www.youtube.com\/@vosgesinfo\"]},{\"@type\":\"Person\",\"@id\":\"https:\/\/vosgesinfo.fr\/epinalinfo\/#\/schema\/person\/44f5fff67d0ae31d2770e1f7555c711d\",\"name\":\"La r\u00e9daction\",\"image\":{\"@type\":\"ImageObject\",\"inLanguage\":\"fr-FR\",\"@id\":\"https:\/\/vosgesinfo.fr\/epinalinfo\/#\/schema\/person\/image\/\",\"url\":\"https:\/\/secure.gravatar.com\/avatar\/16dedd2578b2ae59b9a3a38f046defecb4cf834aaec7bb1d03d9ba6b5e55a8d5?s=96&d=mm&r=g\",\"contentUrl\":\"https:\/\/secure.gravatar.com\/avatar\/16dedd2578b2ae59b9a3a38f046defecb4cf834aaec7bb1d03d9ba6b5e55a8d5?s=96&d=mm&r=g\",\"caption\":\"La r\u00e9daction\"},\"url\":\"https:\/\/vosgesinfo.fr\/epinalinfo\/author\/poupy\/\"}]}<\/script>\n<!-- \/ Yoast SEO plugin. -->","yoast_head_json":{"title":"Dans les Vosges, les personnes de plus de 65 ans pourraient \u00eatre pr\u00e8s de 116 000 en 2040 - Epinal Info","robots":{"index":"index","follow":"follow","max-snippet":"max-snippet:-1","max-image-preview":"max-image-preview:large","max-video-preview":"max-video-preview:-1"},"canonical":"https:\/\/vosgesinfo.fr\/epinalinfo\/2024\/04\/dans-les-vosges-les-personnes-de-plus-de-65-ans-pourraient-etre-pres-de-116-000-en-2040\/","twitter_card":"summary_large_image","twitter_title":"Dans les Vosges, les personnes de plus de 65 ans pourraient \u00eatre pr\u00e8s de 116 000 en 2040 - Epinal Info","twitter_description":"L\u2019op\u00e9ration des \u00ab Villes et\u00a0Villages du Bien Vieillir\u00a0\u00bb 2024 est lanc\u00e9e. Elle se d\u00e9roulera du 4 avril jusqu\u2019au 10 octobre [&hellip;]","twitter_image":"https:\/\/vosgesinfo.fr\/app\/uploads\/sites\/3\/2024\/04\/bienvieillir2.jpg","twitter_creator":"@VosgesInfo88","twitter_site":"@VosgesInfo88","twitter_misc":{"\u00c9crit par":"La r\u00e9daction","Dur\u00e9e de lecture estim\u00e9e":"2 minutes"},"schema":{"@context":"https:\/\/schema.org","@graph":[{"@type":"Article","@id":"https:\/\/vosgesinfo.fr\/epinalinfo\/2024\/04\/dans-les-vosges-les-personnes-de-plus-de-65-ans-pourraient-etre-pres-de-116-000-en-2040\/#article","isPartOf":{"@id":"https:\/\/vosgesinfo.fr\/epinalinfo\/2024\/04\/dans-les-vosges-les-personnes-de-plus-de-65-ans-pourraient-etre-pres-de-116-000-en-2040\/"},"author":{"name":"La r\u00e9daction","@id":"https:\/\/vosgesinfo.fr\/epinalinfo\/#\/schema\/person\/44f5fff67d0ae31d2770e1f7555c711d"},"headline":"Dans les Vosges, les personnes de plus de 65 ans pourraient \u00eatre pr\u00e8s de 116 000 en 2040","datePublished":"2024-04-05T14:15:44+00:00","dateModified":"2024-04-05T14:15:44+00:00","mainEntityOfPage":{"@id":"https:\/\/vosgesinfo.fr\/epinalinfo\/2024\/04\/dans-les-vosges-les-personnes-de-plus-de-65-ans-pourraient-etre-pres-de-116-000-en-2040\/"},"wordCount":415,"commentCount":3,"publisher":{"@id":"https:\/\/vosgesinfo.fr\/epinalinfo\/#organization"},"image":{"@id":"https:\/\/vosgesinfo.fr\/epinalinfo\/2024\/04\/dans-les-vosges-les-personnes-de-plus-de-65-ans-pourraient-etre-pres-de-116-000-en-2040\/#primaryimage"},"thumbnailUrl":"https:\/\/vosgesinfo.fr\/app\/uploads\/sites\/3\/2024\/04\/bienvieillir2.jpg","articleSection":["A la Une","Vosges"],"inLanguage":"fr-FR","potentialAction":[{"@type":"CommentAction","name":"Comment","target":["https:\/\/vosgesinfo.fr\/epinalinfo\/2024\/04\/dans-les-vosges-les-personnes-de-plus-de-65-ans-pourraient-etre-pres-de-116-000-en-2040\/#respond"]}]},{"@type":"WebPage","@id":"https:\/\/vosgesinfo.fr\/epinalinfo\/2024\/04\/dans-les-vosges-les-personnes-de-plus-de-65-ans-pourraient-etre-pres-de-116-000-en-2040\/","url":"https:\/\/vosgesinfo.fr\/epinalinfo\/2024\/04\/dans-les-vosges-les-personnes-de-plus-de-65-ans-pourraient-etre-pres-de-116-000-en-2040\/","name":"Dans les Vosges, les personnes de plus de 65 ans pourraient \u00eatre pr\u00e8s de 116 000 en 2040 - Epinal Info","isPartOf":{"@id":"https:\/\/vosgesinfo.fr\/epinalinfo\/#website"},"primaryImageOfPage":{"@id":"https:\/\/vosgesinfo.fr\/epinalinfo\/2024\/04\/dans-les-vosges-les-personnes-de-plus-de-65-ans-pourraient-etre-pres-de-116-000-en-2040\/#primaryimage"},"image":{"@id":"https:\/\/vosgesinfo.fr\/epinalinfo\/2024\/04\/dans-les-vosges-les-personnes-de-plus-de-65-ans-pourraient-etre-pres-de-116-000-en-2040\/#primaryimage"},"thumbnailUrl":"https:\/\/vosgesinfo.fr\/app\/uploads\/sites\/3\/2024\/04\/bienvieillir2.jpg","datePublished":"2024-04-05T14:15:44+00:00","dateModified":"2024-04-05T14:15:44+00:00","breadcrumb":{"@id":"https:\/\/vosgesinfo.fr\/epinalinfo\/2024\/04\/dans-les-vosges-les-personnes-de-plus-de-65-ans-pourraient-etre-pres-de-116-000-en-2040\/#breadcrumb"},"inLanguage":"fr-FR","potentialAction":[{"@type":"ReadAction","target":["https:\/\/vosgesinfo.fr\/epinalinfo\/2024\/04\/dans-les-vosges-les-personnes-de-plus-de-65-ans-pourraient-etre-pres-de-116-000-en-2040\/"]}]},{"@type":"ImageObject","inLanguage":"fr-FR","@id":"https:\/\/vosgesinfo.fr\/epinalinfo\/2024\/04\/dans-les-vosges-les-personnes-de-plus-de-65-ans-pourraient-etre-pres-de-116-000-en-2040\/#primaryimage","url":"https:\/\/vosgesinfo.fr\/app\/uploads\/sites\/3\/2024\/04\/bienvieillir2.jpg","contentUrl":"https:\/\/vosgesinfo.fr\/app\/uploads\/sites\/3\/2024\/04\/bienvieillir2.jpg","width":1600,"height":900,"caption":"photo Vosges Mag"},{"@type":"BreadcrumbList","@id":"https:\/\/vosgesinfo.fr\/epinalinfo\/2024\/04\/dans-les-vosges-les-personnes-de-plus-de-65-ans-pourraient-etre-pres-de-116-000-en-2040\/#breadcrumb","itemListElement":[{"@type":"ListItem","position":1,"name":"Home","item":"https:\/\/vosgesinfo.fr\/epinalinfo\/"},{"@type":"ListItem","position":2,"name":"Dans les Vosges, les personnes de plus de 65 ans pourraient \u00eatre pr\u00e8s de 116 000 en 2040"}]},{"@type":"WebSite","@id":"https:\/\/vosgesinfo.fr\/epinalinfo\/#website","url":"https:\/\/vosgesinfo.fr\/epinalinfo\/","name":"Epinal Info","description":"Toute l&#039;actualit\u00e9 d&#039;\u00c9pinal","publisher":{"@id":"https:\/\/vosgesinfo.fr\/epinalinfo\/#organization"},"alternateName":"Toute l'actualit\u00e9 d'\u00c9pinal","potentialAction":[{"@type":"SearchAction","target":{"@type":"EntryPoint","urlTemplate":"https:\/\/vosgesinfo.fr\/epinalinfo\/?s={search_term_string}"},"query-input":"required name=search_term_string"}],"inLanguage":"fr-FR"},{"@type":"Organization","@id":"https:\/\/vosgesinfo.fr\/epinalinfo\/#organization","name":"Epinal Info","url":"https:\/\/vosgesinfo.fr\/epinalinfo\/","logo":{"@type":"ImageObject","inLanguage":"fr-FR","@id":"https:\/\/vosgesinfo.fr\/epinalinfo\/#\/schema\/logo\/image\/","url":"https:\/\/vosgesinfo.fr\/app\/uploads\/sites\/3\/2023\/08\/logo-epinalinfos.svg","contentUrl":"https:\/\/vosgesinfo.fr\/app\/uploads\/sites\/3\/2023\/08\/logo-epinalinfos.svg","width":1,"height":1,"caption":"Epinal Info"},"image":{"@id":"https:\/\/vosgesinfo.fr\/epinalinfo\/#\/schema\/logo\/image\/"},"sameAs":["https:\/\/www.facebook.com\/Epinalinfos","https:\/\/x.com\/VosgesInfo88","https:\/\/www.youtube.com\/@vosgesinfo"]},{"@type":"Person","@id":"https:\/\/vosgesinfo.fr\/epinalinfo\/#\/schema\/person\/44f5fff67d0ae31d2770e1f7555c711d","name":"La r\u00e9daction","image":{"@type":"ImageObject","inLanguage":"fr-FR","@id":"https:\/\/vosgesinfo.fr\/epinalinfo\/#\/schema\/person\/image\/","url":"https:\/\/secure.gravatar.com\/avatar\/16dedd2578b2ae59b9a3a38f046defecb4cf834aaec7bb1d03d9ba6b5e55a8d5?s=96&d=mm&r=g","contentUrl":"https:\/\/secure.gravatar.com\/avatar\/16dedd2578b2ae59b9a3a38f046defecb4cf834aaec7bb1d03d9ba6b5e55a8d5?s=96&d=mm&r=g","caption":"La r\u00e9daction"},"url":"https:\/\/vosgesinfo.fr\/epinalinfo\/author\/poupy\/"}]}},"_links":{"self":[{"href":"https:\/\/vosgesinfo.fr\/epinalinfo\/wp-json\/wp\/v2\/posts\/39961","targetHints":{"allow":["GET"]}}],"collection":[{"href":"https:\/\/vosgesinfo.fr\/epinalinfo\/wp-json\/wp\/v2\/posts"}],"about":[{"href":"https:\/\/vosgesinfo.fr\/epinalinfo\/wp-json\/wp\/v2\/types\/post"}],"author":[{"embeddable":true,"href":"https:\/\/vosgesinfo.fr\/epinalinfo\/wp-json\/wp\/v2\/users\/41"}],"replies":[{"embeddable":true,"href":"https:\/\/vosgesinfo.fr\/epinalinfo\/wp-json\/wp\/v2\/comments?post=39961"}],"version-history":[{"count":1,"href":"https:\/\/vosgesinfo.fr\/epinalinfo\/wp-json\/wp\/v2\/posts\/39961\/revisions"}],"predecessor-version":[{"id":39964,"href":"https:\/\/vosgesinfo.fr\/epinalinfo\/wp-json\/wp\/v2\/posts\/39961\/revisions\/39964"}],"wp:featuredmedia":[{"embeddable":true,"href":"https:\/\/vosgesinfo.fr\/epinalinfo\/wp-json\/wp\/v2\/media\/39962"}],"wp:attachment":[{"href":"https:\/\/vosgesinfo.fr\/epinalinfo\/wp-json\/wp\/v2\/media?parent=39961"}],"wp:term":[{"taxonomy":"category","embeddable":true,"href":"https:\/\/vosgesinfo.fr\/epinalinfo\/wp-json\/wp\/v2\/categories?post=39961"},{"taxonomy":"post_tag","embeddable":true,"href":"https:\/\/vosgesinfo.fr\/epinalinfo\/wp-json\/wp\/v2\/tags?post=39961"}],"curies":[{"name":"wp","href":"https:\/\/api.w.org\/{rel}","templated":true}]}}