{"id":39967,"date":"2024-04-06T09:10:27","date_gmt":"2024-04-06T07:10:27","guid":{"rendered":"https:\/\/vosgesinfo.fr\/epinalinfo\/?p=39967"},"modified":"2024-04-06T09:10:27","modified_gmt":"2024-04-06T07:10:27","slug":"bourse-aux-jobs-dete-plus-de-1-500-emplois-saisonniers-proposes","status":"publish","type":"post","link":"https:\/\/vosgesinfo.fr\/epinalinfo\/2024\/04\/bourse-aux-jobs-dete-plus-de-1-500-emplois-saisonniers-proposes\/","title":{"rendered":"Bourse aux jobs d&rsquo;\u00e9t\u00e9 : plus de 1 500 emplois saisonniers propos\u00e9s"},"content":{"rendered":"<div id=\"attachment_32705\" style=\"width: 1034px\" class=\"wp-caption aligncenter\"><img decoding=\"async\" aria-describedby=\"caption-attachment-32705\" class=\"wp-image-32705 size-large\" src=\"https:\/\/vosgesinfo.fr\/app\/uploads\/sites\/3\/2018\/03\/bourse-aux-jobs-d-ete-7-1024x683.jpg\" alt=\"\" width=\"1024\" height=\"683\" srcset=\"https:\/\/vosgesinfo.fr\/app\/uploads\/sites\/3\/2018\/03\/bourse-aux-jobs-d-ete-7-1024x683.jpg 1024w, https:\/\/vosgesinfo.fr\/app\/uploads\/sites\/3\/2018\/03\/bourse-aux-jobs-d-ete-7-300x200.jpg 300w, https:\/\/vosgesinfo.fr\/app\/uploads\/sites\/3\/2018\/03\/bourse-aux-jobs-d-ete-7-768x512.jpg 768w, https:\/\/vosgesinfo.fr\/app\/uploads\/sites\/3\/2018\/03\/bourse-aux-jobs-d-ete-7.jpg 1500w\" sizes=\"(max-width: 1024px) 100vw, 1024px\" \/><p id=\"caption-attachment-32705\" class=\"wp-caption-text\">(photo d&rsquo;archive)<\/p><\/div>\n<h2>Plus de 1 500 emplois saisonniers sont propos\u00e9s lors de la prochaine bourse aux jobs d\u2019\u00e9t\u00e9. La 25\u00e8me \u00e9dition de la Bourse aux jobs d\u2019\u00e9t\u00e9 se tiendra le <span data-sheets-root=\"1\" data-sheets-value=\"{&quot;1&quot;:3,&quot;3&quot;:45406}\" data-sheets-userformat=\"{&quot;2&quot;:15359,&quot;3&quot;:{&quot;1&quot;:5,&quot;2&quot;:&quot;dddd d mmmm&quot;,&quot;3&quot;:1},&quot;4&quot;:{&quot;1&quot;:2,&quot;2&quot;:16777215},&quot;5&quot;:{&quot;1&quot;:[{&quot;1&quot;:2,&quot;2&quot;:0,&quot;5&quot;:{&quot;1&quot;:2,&quot;2&quot;:0}},{&quot;1&quot;:0,&quot;2&quot;:0,&quot;3&quot;:3},{&quot;1&quot;:1,&quot;2&quot;:0,&quot;4&quot;:1}]},&quot;6&quot;:{&quot;1&quot;:[{&quot;1&quot;:2,&quot;2&quot;:0,&quot;5&quot;:{&quot;1&quot;:2,&quot;2&quot;:0}},{&quot;1&quot;:0,&quot;2&quot;:0,&quot;3&quot;:3},{&quot;1&quot;:1,&quot;2&quot;:0,&quot;4&quot;:1}]},&quot;7&quot;:{&quot;1&quot;:[{&quot;1&quot;:2,&quot;2&quot;:0,&quot;5&quot;:{&quot;1&quot;:2,&quot;2&quot;:0}},{&quot;1&quot;:0,&quot;2&quot;:0,&quot;3&quot;:3},{&quot;1&quot;:1,&quot;2&quot;:0,&quot;4&quot;:1}]},&quot;8&quot;:{&quot;1&quot;:[{&quot;1&quot;:2,&quot;2&quot;:0,&quot;5&quot;:{&quot;1&quot;:2,&quot;2&quot;:0}},{&quot;1&quot;:0,&quot;2&quot;:0,&quot;3&quot;:3},{&quot;1&quot;:1,&quot;2&quot;:0,&quot;4&quot;:1}]},&quot;9&quot;:1,&quot;10&quot;:1,&quot;11&quot;:4,&quot;12&quot;:0,&quot;14&quot;:{&quot;1&quot;:2,&quot;2&quot;:0},&quot;15&quot;:&quot;Calibri, sans-serif&quot;,&quot;16&quot;:12}\">mercredi 24 avril 2024 <\/span>de 13h \u00e0 17h au Centre des Congr\u00e8s d\u2019\u00c9pinal, salles Tambour Major et Chat bott\u00e9.<\/h2>\n<p>Ce salon permet aux jeunes de plus de 17 ans \u00e0 la recherche d\u2019un emploi pour la p\u00e9riode estivale, d\u2019acc\u00e9der \u00e0 des centaines d\u2019offres dans tous les domaines : BTP, loisirs, sports, tourisme, industrie, animation, commerce, h\u00f4tellerie, sant\u00e9, service \u00e0 la personne, grande distribution, int\u00e9rim, restauration rapide, administration, secteur de l\u2019administration ainsi que les diff\u00e9rents corps d\u2019arm\u00e9e.<\/p>\n<p>Initi\u00e9e par la ville d\u2019\u00c9pinal avec France Travail, elle s\u2019adresse \u00e0 tous les jeunes \u00e0 la recherche d\u2019un emploi saisonnier.<\/p>\n<p>Cette ann\u00e9e, 100 stands regroupant les entreprises, partenaires et France Travail, seront pr\u00e9sents. Plus de 1 500 offres seront propos\u00e9es.<\/p>\n<h3>Ateliers CV et simulation d\u2019entretien d\u2019embauche avec le Bureau Information Jeunesse<\/h3>\n<p>Les candidats sont encourag\u00e9s \u00e0 venir rencontrer les entreprises et organismes publics lors de la bourse munis d\u2019un CV. En amont de la manifestation, le Bureau Information Jeunesse (BIJ) de la Ville d\u2019\u00c9pinal organise deux ateliers d\u2019aide \u00e0 la r\u00e9daction de CV et \u00e0 la conduite d\u2019entretien d\u2019embauche.<\/p>\n<p><img decoding=\"async\" class=\"aligncenter wp-image-39968 size-full\" src=\"https:\/\/vosgesinfo.fr\/app\/uploads\/sites\/3\/2024\/04\/bourse-job-ete-2024.png\" alt=\"\" width=\"617\" height=\"869\" srcset=\"https:\/\/vosgesinfo.fr\/app\/uploads\/sites\/3\/2024\/04\/bourse-job-ete-2024.png 617w, https:\/\/vosgesinfo.fr\/app\/uploads\/sites\/3\/2024\/04\/bourse-job-ete-2024-213x300.png 213w\" sizes=\"(max-width: 617px) 100vw, 617px\" \/><\/p>\n<p>&nbsp;<\/p>\n<p>&nbsp;<\/p>\n","protected":false},"excerpt":{"rendered":"<p>Plus de 1 500 emplois saisonniers sont propos\u00e9s lors de la prochaine bourse aux jobs d\u2019\u00e9t\u00e9. La 25\u00e8me \u00e9dition de [&hellip;]<\/p>\n","protected":false},"author":52,"featured_media":32705,"comment_status":"open","ping_status":"open","sticky":false,"template":"","format":"standard","meta":{"footnotes":""},"categories":[22,8,15,24],"tags":[2614,744,70,75],"class_list":["post-39967","post","type-post","status-publish","format-standard","has-post-thumbnail","hentry","category-a-la-une","category-economie","category-education","category-epinal","tag-bourse-aux-jobs-dete","tag-emploi","tag-epinal","tag-vosges"],"acf":[],"yoast_head":"<!-- This site is optimized with the Yoast SEO plugin v22.5 - https:\/\/yoast.com\/wordpress\/plugins\/seo\/ -->\n<title>Bourse aux jobs d&#039;\u00e9t\u00e9 : plus de 1 500 emplois saisonniers propos\u00e9s - Epinal Info<\/title>\n<meta name=\"robots\" content=\"index, follow, max-snippet:-1, max-image-preview:large, max-video-preview:-1\" \/>\n<link rel=\"canonical\" href=\"https:\/\/vosgesinfo.fr\/epinalinfo\/2024\/04\/bourse-aux-jobs-dete-plus-de-1-500-emplois-saisonniers-proposes\/\" \/>\n<meta name=\"twitter:card\" content=\"summary_large_image\" \/>\n<meta name=\"twitter:title\" content=\"Bourse aux jobs d&#039;\u00e9t\u00e9 : plus de 1 500 emplois saisonniers propos\u00e9s - Epinal Info\" \/>\n<meta name=\"twitter:description\" content=\"Plus de 1 500 emplois saisonniers sont propos\u00e9s lors de la prochaine bourse aux jobs d\u2019\u00e9t\u00e9. La 25\u00e8me \u00e9dition de [&hellip;]\" \/>\n<meta name=\"twitter:image\" content=\"https:\/\/vosgesinfo.fr\/app\/uploads\/sites\/3\/2018\/03\/bourse-aux-jobs-d-ete-7.jpg\" \/>\n<meta name=\"twitter:creator\" content=\"@VosgesInfo88\" \/>\n<meta name=\"twitter:site\" content=\"@VosgesInfo88\" \/>\n<meta name=\"twitter:label1\" content=\"\u00c9crit par\" \/>\n\t<meta name=\"twitter:data1\" content=\"C.K.\" \/>\n\t<meta name=\"twitter:label2\" content=\"Dur\u00e9e de lecture estim\u00e9e\" \/>\n\t<meta name=\"twitter:data2\" content=\"1 minute\" \/>\n<script type=\"application\/ld+json\" class=\"yoast-schema-graph\">{\"@context\":\"https:\/\/schema.org\",\"@graph\":[{\"@type\":\"Article\",\"@id\":\"https:\/\/vosgesinfo.fr\/epinalinfo\/2024\/04\/bourse-aux-jobs-dete-plus-de-1-500-emplois-saisonniers-proposes\/#article\",\"isPartOf\":{\"@id\":\"https:\/\/vosgesinfo.fr\/epinalinfo\/2024\/04\/bourse-aux-jobs-dete-plus-de-1-500-emplois-saisonniers-proposes\/\"},\"author\":{\"name\":\"C.K.\",\"@id\":\"https:\/\/vosgesinfo.fr\/epinalinfo\/#\/schema\/person\/6f9a650eeea99d969b6c4ab78fccbe81\"},\"headline\":\"Bourse aux jobs d&rsquo;\u00e9t\u00e9 : plus de 1 500 emplois saisonniers propos\u00e9s\",\"datePublished\":\"2024-04-06T07:10:27+00:00\",\"dateModified\":\"2024-04-06T07:10:27+00:00\",\"mainEntityOfPage\":{\"@id\":\"https:\/\/vosgesinfo.fr\/epinalinfo\/2024\/04\/bourse-aux-jobs-dete-plus-de-1-500-emplois-saisonniers-proposes\/\"},\"wordCount\":240,\"commentCount\":0,\"publisher\":{\"@id\":\"https:\/\/vosgesinfo.fr\/epinalinfo\/#organization\"},\"image\":{\"@id\":\"https:\/\/vosgesinfo.fr\/epinalinfo\/2024\/04\/bourse-aux-jobs-dete-plus-de-1-500-emplois-saisonniers-proposes\/#primaryimage\"},\"thumbnailUrl\":\"https:\/\/vosgesinfo.fr\/app\/uploads\/sites\/3\/2018\/03\/bourse-aux-jobs-d-ete-7.jpg\",\"keywords\":[\"Bourse aux jobs d'\u00e9t\u00e9\",\"Emploi\",\"Epinal\",\"vosges\"],\"articleSection\":[\"A la Une\",\"\u00c9conomie\",\"\u00c9ducation\",\"Epinal\"],\"inLanguage\":\"fr-FR\",\"potentialAction\":[{\"@type\":\"CommentAction\",\"name\":\"Comment\",\"target\":[\"https:\/\/vosgesinfo.fr\/epinalinfo\/2024\/04\/bourse-aux-jobs-dete-plus-de-1-500-emplois-saisonniers-proposes\/#respond\"]}]},{\"@type\":\"WebPage\",\"@id\":\"https:\/\/vosgesinfo.fr\/epinalinfo\/2024\/04\/bourse-aux-jobs-dete-plus-de-1-500-emplois-saisonniers-proposes\/\",\"url\":\"https:\/\/vosgesinfo.fr\/epinalinfo\/2024\/04\/bourse-aux-jobs-dete-plus-de-1-500-emplois-saisonniers-proposes\/\",\"name\":\"Bourse aux jobs d'\u00e9t\u00e9 : plus de 1 500 emplois saisonniers propos\u00e9s - Epinal Info\",\"isPartOf\":{\"@id\":\"https:\/\/vosgesinfo.fr\/epinalinfo\/#website\"},\"primaryImageOfPage\":{\"@id\":\"https:\/\/vosgesinfo.fr\/epinalinfo\/2024\/04\/bourse-aux-jobs-dete-plus-de-1-500-emplois-saisonniers-proposes\/#primaryimage\"},\"image\":{\"@id\":\"https:\/\/vosgesinfo.fr\/epinalinfo\/2024\/04\/bourse-aux-jobs-dete-plus-de-1-500-emplois-saisonniers-proposes\/#primaryimage\"},\"thumbnailUrl\":\"https:\/\/vosgesinfo.fr\/app\/uploads\/sites\/3\/2018\/03\/bourse-aux-jobs-d-ete-7.jpg\",\"datePublished\":\"2024-04-06T07:10:27+00:00\",\"dateModified\":\"2024-04-06T07:10:27+00:00\",\"breadcrumb\":{\"@id\":\"https:\/\/vosgesinfo.fr\/epinalinfo\/2024\/04\/bourse-aux-jobs-dete-plus-de-1-500-emplois-saisonniers-proposes\/#breadcrumb\"},\"inLanguage\":\"fr-FR\",\"potentialAction\":[{\"@type\":\"ReadAction\",\"target\":[\"https:\/\/vosgesinfo.fr\/epinalinfo\/2024\/04\/bourse-aux-jobs-dete-plus-de-1-500-emplois-saisonniers-proposes\/\"]}]},{\"@type\":\"ImageObject\",\"inLanguage\":\"fr-FR\",\"@id\":\"https:\/\/vosgesinfo.fr\/epinalinfo\/2024\/04\/bourse-aux-jobs-dete-plus-de-1-500-emplois-saisonniers-proposes\/#primaryimage\",\"url\":\"https:\/\/vosgesinfo.fr\/app\/uploads\/sites\/3\/2018\/03\/bourse-aux-jobs-d-ete-7.jpg\",\"contentUrl\":\"https:\/\/vosgesinfo.fr\/app\/uploads\/sites\/3\/2018\/03\/bourse-aux-jobs-d-ete-7.jpg\",\"width\":1500,\"height\":1000,\"caption\":\"(photo d'archive)\"},{\"@type\":\"BreadcrumbList\",\"@id\":\"https:\/\/vosgesinfo.fr\/epinalinfo\/2024\/04\/bourse-aux-jobs-dete-plus-de-1-500-emplois-saisonniers-proposes\/#breadcrumb\",\"itemListElement\":[{\"@type\":\"ListItem\",\"position\":1,\"name\":\"Home\",\"item\":\"https:\/\/vosgesinfo.fr\/epinalinfo\/\"},{\"@type\":\"ListItem\",\"position\":2,\"name\":\"Bourse aux jobs d&rsquo;\u00e9t\u00e9 : plus de 1 500 emplois saisonniers propos\u00e9s\"}]},{\"@type\":\"WebSite\",\"@id\":\"https:\/\/vosgesinfo.fr\/epinalinfo\/#website\",\"url\":\"https:\/\/vosgesinfo.fr\/epinalinfo\/\",\"name\":\"Epinal Info\",\"description\":\"Toute l&#039;actualit\u00e9 d&#039;\u00c9pinal\",\"publisher\":{\"@id\":\"https:\/\/vosgesinfo.fr\/epinalinfo\/#organization\"},\"alternateName\":\"Toute l'actualit\u00e9 d'\u00c9pinal\",\"potentialAction\":[{\"@type\":\"SearchAction\",\"target\":{\"@type\":\"EntryPoint\",\"urlTemplate\":\"https:\/\/vosgesinfo.fr\/epinalinfo\/?s={search_term_string}\"},\"query-input\":\"required name=search_term_string\"}],\"inLanguage\":\"fr-FR\"},{\"@type\":\"Organization\",\"@id\":\"https:\/\/vosgesinfo.fr\/epinalinfo\/#organization\",\"name\":\"Epinal Info\",\"url\":\"https:\/\/vosgesinfo.fr\/epinalinfo\/\",\"logo\":{\"@type\":\"ImageObject\",\"inLanguage\":\"fr-FR\",\"@id\":\"https:\/\/vosgesinfo.fr\/epinalinfo\/#\/schema\/logo\/image\/\",\"url\":\"https:\/\/vosgesinfo.fr\/app\/uploads\/sites\/3\/2023\/08\/logo-epinalinfos.svg\",\"contentUrl\":\"https:\/\/vosgesinfo.fr\/app\/uploads\/sites\/3\/2023\/08\/logo-epinalinfos.svg\",\"width\":1,\"height\":1,\"caption\":\"Epinal Info\"},\"image\":{\"@id\":\"https:\/\/vosgesinfo.fr\/epinalinfo\/#\/schema\/logo\/image\/\"},\"sameAs\":[\"https:\/\/www.facebook.com\/Epinalinfos\",\"https:\/\/x.com\/VosgesInfo88\",\"https:\/\/www.youtube.com\/@vosgesinfo\"]},{\"@type\":\"Person\",\"@id\":\"https:\/\/vosgesinfo.fr\/epinalinfo\/#\/schema\/person\/6f9a650eeea99d969b6c4ab78fccbe81\",\"name\":\"C.K.\",\"image\":{\"@type\":\"ImageObject\",\"inLanguage\":\"fr-FR\",\"@id\":\"https:\/\/vosgesinfo.fr\/epinalinfo\/#\/schema\/person\/image\/\",\"url\":\"https:\/\/secure.gravatar.com\/avatar\/48e3fc7f8421ba8942be6b74a2b7f014ca39bc00dece156b7a8e098ae7dc87bf?s=96&d=mm&r=g\",\"contentUrl\":\"https:\/\/secure.gravatar.com\/avatar\/48e3fc7f8421ba8942be6b74a2b7f014ca39bc00dece156b7a8e098ae7dc87bf?s=96&d=mm&r=g\",\"caption\":\"C.K.\"},\"url\":\"https:\/\/vosgesinfo.fr\/epinalinfo\/author\/celia-k-n\/\"}]}<\/script>\n<!-- \/ Yoast SEO plugin. -->","yoast_head_json":{"title":"Bourse aux jobs d'\u00e9t\u00e9 : plus de 1 500 emplois saisonniers propos\u00e9s - Epinal Info","robots":{"index":"index","follow":"follow","max-snippet":"max-snippet:-1","max-image-preview":"max-image-preview:large","max-video-preview":"max-video-preview:-1"},"canonical":"https:\/\/vosgesinfo.fr\/epinalinfo\/2024\/04\/bourse-aux-jobs-dete-plus-de-1-500-emplois-saisonniers-proposes\/","twitter_card":"summary_large_image","twitter_title":"Bourse aux jobs d'\u00e9t\u00e9 : plus de 1 500 emplois saisonniers propos\u00e9s - Epinal Info","twitter_description":"Plus de 1 500 emplois saisonniers sont propos\u00e9s lors de la prochaine bourse aux jobs d\u2019\u00e9t\u00e9. La 25\u00e8me \u00e9dition de [&hellip;]","twitter_image":"https:\/\/vosgesinfo.fr\/app\/uploads\/sites\/3\/2018\/03\/bourse-aux-jobs-d-ete-7.jpg","twitter_creator":"@VosgesInfo88","twitter_site":"@VosgesInfo88","twitter_misc":{"\u00c9crit par":"C.K.","Dur\u00e9e de lecture estim\u00e9e":"1 minute"},"schema":{"@context":"https:\/\/schema.org","@graph":[{"@type":"Article","@id":"https:\/\/vosgesinfo.fr\/epinalinfo\/2024\/04\/bourse-aux-jobs-dete-plus-de-1-500-emplois-saisonniers-proposes\/#article","isPartOf":{"@id":"https:\/\/vosgesinfo.fr\/epinalinfo\/2024\/04\/bourse-aux-jobs-dete-plus-de-1-500-emplois-saisonniers-proposes\/"},"author":{"name":"C.K.","@id":"https:\/\/vosgesinfo.fr\/epinalinfo\/#\/schema\/person\/6f9a650eeea99d969b6c4ab78fccbe81"},"headline":"Bourse aux jobs d&rsquo;\u00e9t\u00e9 : plus de 1 500 emplois saisonniers propos\u00e9s","datePublished":"2024-04-06T07:10:27+00:00","dateModified":"2024-04-06T07:10:27+00:00","mainEntityOfPage":{"@id":"https:\/\/vosgesinfo.fr\/epinalinfo\/2024\/04\/bourse-aux-jobs-dete-plus-de-1-500-emplois-saisonniers-proposes\/"},"wordCount":240,"commentCount":0,"publisher":{"@id":"https:\/\/vosgesinfo.fr\/epinalinfo\/#organization"},"image":{"@id":"https:\/\/vosgesinfo.fr\/epinalinfo\/2024\/04\/bourse-aux-jobs-dete-plus-de-1-500-emplois-saisonniers-proposes\/#primaryimage"},"thumbnailUrl":"https:\/\/vosgesinfo.fr\/app\/uploads\/sites\/3\/2018\/03\/bourse-aux-jobs-d-ete-7.jpg","keywords":["Bourse aux jobs d'\u00e9t\u00e9","Emploi","Epinal","vosges"],"articleSection":["A la Une","\u00c9conomie","\u00c9ducation","Epinal"],"inLanguage":"fr-FR","potentialAction":[{"@type":"CommentAction","name":"Comment","target":["https:\/\/vosgesinfo.fr\/epinalinfo\/2024\/04\/bourse-aux-jobs-dete-plus-de-1-500-emplois-saisonniers-proposes\/#respond"]}]},{"@type":"WebPage","@id":"https:\/\/vosgesinfo.fr\/epinalinfo\/2024\/04\/bourse-aux-jobs-dete-plus-de-1-500-emplois-saisonniers-proposes\/","url":"https:\/\/vosgesinfo.fr\/epinalinfo\/2024\/04\/bourse-aux-jobs-dete-plus-de-1-500-emplois-saisonniers-proposes\/","name":"Bourse aux jobs d'\u00e9t\u00e9 : plus de 1 500 emplois saisonniers propos\u00e9s - Epinal Info","isPartOf":{"@id":"https:\/\/vosgesinfo.fr\/epinalinfo\/#website"},"primaryImageOfPage":{"@id":"https:\/\/vosgesinfo.fr\/epinalinfo\/2024\/04\/bourse-aux-jobs-dete-plus-de-1-500-emplois-saisonniers-proposes\/#primaryimage"},"image":{"@id":"https:\/\/vosgesinfo.fr\/epinalinfo\/2024\/04\/bourse-aux-jobs-dete-plus-de-1-500-emplois-saisonniers-proposes\/#primaryimage"},"thumbnailUrl":"https:\/\/vosgesinfo.fr\/app\/uploads\/sites\/3\/2018\/03\/bourse-aux-jobs-d-ete-7.jpg","datePublished":"2024-04-06T07:10:27+00:00","dateModified":"2024-04-06T07:10:27+00:00","breadcrumb":{"@id":"https:\/\/vosgesinfo.fr\/epinalinfo\/2024\/04\/bourse-aux-jobs-dete-plus-de-1-500-emplois-saisonniers-proposes\/#breadcrumb"},"inLanguage":"fr-FR","potentialAction":[{"@type":"ReadAction","target":["https:\/\/vosgesinfo.fr\/epinalinfo\/2024\/04\/bourse-aux-jobs-dete-plus-de-1-500-emplois-saisonniers-proposes\/"]}]},{"@type":"ImageObject","inLanguage":"fr-FR","@id":"https:\/\/vosgesinfo.fr\/epinalinfo\/2024\/04\/bourse-aux-jobs-dete-plus-de-1-500-emplois-saisonniers-proposes\/#primaryimage","url":"https:\/\/vosgesinfo.fr\/app\/uploads\/sites\/3\/2018\/03\/bourse-aux-jobs-d-ete-7.jpg","contentUrl":"https:\/\/vosgesinfo.fr\/app\/uploads\/sites\/3\/2018\/03\/bourse-aux-jobs-d-ete-7.jpg","width":1500,"height":1000,"caption":"(photo d'archive)"},{"@type":"BreadcrumbList","@id":"https:\/\/vosgesinfo.fr\/epinalinfo\/2024\/04\/bourse-aux-jobs-dete-plus-de-1-500-emplois-saisonniers-proposes\/#breadcrumb","itemListElement":[{"@type":"ListItem","position":1,"name":"Home","item":"https:\/\/vosgesinfo.fr\/epinalinfo\/"},{"@type":"ListItem","position":2,"name":"Bourse aux jobs d&rsquo;\u00e9t\u00e9 : plus de 1 500 emplois saisonniers propos\u00e9s"}]},{"@type":"WebSite","@id":"https:\/\/vosgesinfo.fr\/epinalinfo\/#website","url":"https:\/\/vosgesinfo.fr\/epinalinfo\/","name":"Epinal Info","description":"Toute l&#039;actualit\u00e9 d&#039;\u00c9pinal","publisher":{"@id":"https:\/\/vosgesinfo.fr\/epinalinfo\/#organization"},"alternateName":"Toute l'actualit\u00e9 d'\u00c9pinal","potentialAction":[{"@type":"SearchAction","target":{"@type":"EntryPoint","urlTemplate":"https:\/\/vosgesinfo.fr\/epinalinfo\/?s={search_term_string}"},"query-input":"required name=search_term_string"}],"inLanguage":"fr-FR"},{"@type":"Organization","@id":"https:\/\/vosgesinfo.fr\/epinalinfo\/#organization","name":"Epinal Info","url":"https:\/\/vosgesinfo.fr\/epinalinfo\/","logo":{"@type":"ImageObject","inLanguage":"fr-FR","@id":"https:\/\/vosgesinfo.fr\/epinalinfo\/#\/schema\/logo\/image\/","url":"https:\/\/vosgesinfo.fr\/app\/uploads\/sites\/3\/2023\/08\/logo-epinalinfos.svg","contentUrl":"https:\/\/vosgesinfo.fr\/app\/uploads\/sites\/3\/2023\/08\/logo-epinalinfos.svg","width":1,"height":1,"caption":"Epinal Info"},"image":{"@id":"https:\/\/vosgesinfo.fr\/epinalinfo\/#\/schema\/logo\/image\/"},"sameAs":["https:\/\/www.facebook.com\/Epinalinfos","https:\/\/x.com\/VosgesInfo88","https:\/\/www.youtube.com\/@vosgesinfo"]},{"@type":"Person","@id":"https:\/\/vosgesinfo.fr\/epinalinfo\/#\/schema\/person\/6f9a650eeea99d969b6c4ab78fccbe81","name":"C.K.","image":{"@type":"ImageObject","inLanguage":"fr-FR","@id":"https:\/\/vosgesinfo.fr\/epinalinfo\/#\/schema\/person\/image\/","url":"https:\/\/secure.gravatar.com\/avatar\/48e3fc7f8421ba8942be6b74a2b7f014ca39bc00dece156b7a8e098ae7dc87bf?s=96&d=mm&r=g","contentUrl":"https:\/\/secure.gravatar.com\/avatar\/48e3fc7f8421ba8942be6b74a2b7f014ca39bc00dece156b7a8e098ae7dc87bf?s=96&d=mm&r=g","caption":"C.K."},"url":"https:\/\/vosgesinfo.fr\/epinalinfo\/author\/celia-k-n\/"}]}},"_links":{"self":[{"href":"https:\/\/vosgesinfo.fr\/epinalinfo\/wp-json\/wp\/v2\/posts\/39967","targetHints":{"allow":["GET"]}}],"collection":[{"href":"https:\/\/vosgesinfo.fr\/epinalinfo\/wp-json\/wp\/v2\/posts"}],"about":[{"href":"https:\/\/vosgesinfo.fr\/epinalinfo\/wp-json\/wp\/v2\/types\/post"}],"author":[{"embeddable":true,"href":"https:\/\/vosgesinfo.fr\/epinalinfo\/wp-json\/wp\/v2\/users\/52"}],"replies":[{"embeddable":true,"href":"https:\/\/vosgesinfo.fr\/epinalinfo\/wp-json\/wp\/v2\/comments?post=39967"}],"version-history":[{"count":1,"href":"https:\/\/vosgesinfo.fr\/epinalinfo\/wp-json\/wp\/v2\/posts\/39967\/revisions"}],"predecessor-version":[{"id":39969,"href":"https:\/\/vosgesinfo.fr\/epinalinfo\/wp-json\/wp\/v2\/posts\/39967\/revisions\/39969"}],"wp:featuredmedia":[{"embeddable":true,"href":"https:\/\/vosgesinfo.fr\/epinalinfo\/wp-json\/wp\/v2\/media\/32705"}],"wp:attachment":[{"href":"https:\/\/vosgesinfo.fr\/epinalinfo\/wp-json\/wp\/v2\/media?parent=39967"}],"wp:term":[{"taxonomy":"category","embeddable":true,"href":"https:\/\/vosgesinfo.fr\/epinalinfo\/wp-json\/wp\/v2\/categories?post=39967"},{"taxonomy":"post_tag","embeddable":true,"href":"https:\/\/vosgesinfo.fr\/epinalinfo\/wp-json\/wp\/v2\/tags?post=39967"}],"curies":[{"name":"wp","href":"https:\/\/api.w.org\/{rel}","templated":true}]}}