{"id":40895,"date":"2024-04-27T13:20:40","date_gmt":"2024-04-27T11:20:40","guid":{"rendered":"https:\/\/vosgesinfo.fr\/epinalinfo\/?p=40895"},"modified":"2024-04-27T13:20:40","modified_gmt":"2024-04-27T11:20:40","slug":"les-all-dances-ont-organise-une-competition-a-hadol","status":"publish","type":"post","link":"https:\/\/vosgesinfo.fr\/epinalinfo\/2024\/04\/les-all-dances-ont-organise-une-competition-a-hadol\/","title":{"rendered":"Les All Dances ont organis\u00e9 une comp\u00e9tition \u00e0 Hadol"},"content":{"rendered":"<p class=\"x_MsoNormal\"><img decoding=\"async\" class=\"aligncenter size-large wp-image-40896\" src=\"https:\/\/vosgesinfo.fr\/app\/uploads\/sites\/3\/2024\/04\/thumbnail-fdo-ok-1024x618.jpg\" alt=\"\" width=\"1024\" height=\"618\" srcset=\"https:\/\/vosgesinfo.fr\/app\/uploads\/sites\/3\/2024\/04\/thumbnail-fdo-ok-1024x618.jpg 1024w, https:\/\/vosgesinfo.fr\/app\/uploads\/sites\/3\/2024\/04\/thumbnail-fdo-ok-300x181.jpg 300w, https:\/\/vosgesinfo.fr\/app\/uploads\/sites\/3\/2024\/04\/thumbnail-fdo-ok-768x463.jpg 768w, https:\/\/vosgesinfo.fr\/app\/uploads\/sites\/3\/2024\/04\/thumbnail-fdo-ok-1536x926.jpg 1536w, https:\/\/vosgesinfo.fr\/app\/uploads\/sites\/3\/2024\/04\/thumbnail-fdo-ok.jpg 1920w\" sizes=\"(max-width: 1024px) 100vw, 1024px\" \/>Le samedi 13 avril, les All Dances ont organis\u00e9 la comp\u00e9tition \u00e0 HADOL (88) pour le s\u00e9lectif national de France Danse Organisation dans diff\u00e9rentes cat\u00e9gories telles que\u00a0: Hip Hop, Rock\u2019N Roll, Dance Show, Disco que ce soit en solo, duo ou en groupe , plus de 100 danseurs sont venu concourir de toutes la France .<\/p>\n<p class=\"x_MsoNormal\">Une quarantaine de comp\u00e9titeurs du club y ont pris part, des niveaux d\u00e9butants \u00e0 confirm\u00e9s. C\u2019est avec joie, stress, motivation et passion qu\u2019ils ont dans\u00e9 sur piste devant les juges de la comp\u00e9tition.<\/p>\n<p class=\"x_MsoNormal\">Au terme de cette belle journ\u00e9e, le club a obtenu de tr\u00e8s beaux r\u00e9sultats que voici\u00a0:<\/p>\n<p class=\"x_MsoNormal\"><b>Pour les cat\u00e9gories Adultes\u00a0: <\/b><\/p>\n<p class=\"x_MsoNormal\">&#8211; Solo Hip-Hop\u00a0:Ma\u00eblys 13<sup>\u00e8me <\/sup>,Kathleen 13<sup>\u00e8me<\/sup>,Yana 11<sup>\u00e8me<\/sup>,Mia 9<sup>\u00e8me <\/sup>,Lila 6<sup>\u00e8me <\/sup>,Cl\u00e9o 5<sup>\u00e8me <\/sup>,Th\u00e9odore 3<sup>\u00e8me <\/sup>,Louise 2<sup>\u00e8me<\/sup><\/p>\n<p class=\"x_MsoNormal\">&#8211; Solo Dance Show\u00a0: Th\u00e9odore 5<sup>\u00e8me<\/sup>, Louise 2<sup>\u00e8me<\/sup>, Jeanne 1 <sup>er<\/sup><\/p>\n<p class=\"x_MsoNormal\">&#8211; Solo Disco\u00a0: Jeanne 1<sup>\u00e8me<\/sup><\/p>\n<p class=\"x_MsoNormal\">&#8211; Duo Hip-Hop\u00a0:Mia et Emmy 12<sup>\u00e8mes<\/sup>,Romane et Ma\u00eblys 6<sup>\u00e8mes<\/sup>,Lila et Yana 3<sup>\u00e8mes <\/sup>,Louise et Jeanne 2<sup>\u00e8mes<\/sup>,Elsa et Th\u00e9odore 1<sup>\u00e8res<\/sup><\/p>\n<p class=\"x_MsoNormal\">&#8211; Duo Dance Show\u00a0: Jeanne et Louise 1<sup>ers<\/sup><\/p>\n<p class=\"x_MsoNormal\">&#8211; Duo Rock Pi\u00e9tin\u00e9\u00a0:Lydia et Sophie 5<sup>\u00e8mes<\/sup> ,Emma-Krystal et Kathleen 4<sup>\u00e8mes<\/sup>,Romane et Ma\u00eblys 3<sup>\u00e8mes<\/sup> ,Mia et J\u00e9r\u00e9my 2<sup>\u00e8mes<\/sup> ,Jeanne et Louise 1<sup>\u00e8res<\/sup><\/p>\n<p class=\"x_MsoNormal\">&#8211; Small Group Hip-Hop\u00a0Adultes : 1<sup>\u00e8re <\/sup>place<\/p>\n<p class=\"x_MsoNormal\"><b>Pour les cat\u00e9gories Juniors\u00a0:<\/b><\/p>\n<p class=\"x_MsoNormal\">&#8211; Solo Hip-Hop\u00a0:Ysoline 26<sup>\u00e8me<\/sup>,Charlotte 20<sup>\u00e8me<\/sup>, Zo\u00e9 15<sup>\u00e8me<\/sup>, Lili 14<sup>\u00e8me <\/sup>\u00a0,Lola 13<sup>\u00e8me<\/sup>, Emma-Krystal 12<sup>\u00e8me<\/sup>,Louise 8<sup>\u00e8me<\/sup>,K\u00e9lia 7<sup>\u00e8me<\/sup>, Giulia 5<sup>\u00e8me<\/sup>,No\u00e9mie 3<sup>\u00e8me<\/sup><\/p>\n<p class=\"x_MsoNormal\">&#8211; Solo Dance Show\u00a0:,Zo\u00e9 6<sup>\u00e8me <\/sup>,No\u00e9mie 3<sup>\u00e8me<\/sup><\/p>\n<p class=\"x_MsoNormal\">&#8211; Duo Hip-Hop\u00a0:Ysoline et Suzie 13<sup>\u00e8mes<\/sup>,Lola et H\u00e9lo\u00efse 11<sup>\u00e8mes<\/sup>,Giulia et Lili 5<sup>\u00e8mes<\/sup>,Charlotte et Louise 3<sup>\u00e8mes<\/sup>,K\u00e9lia et No\u00e9mie 2<sup>\u00e8mes<\/sup><\/p>\n<p class=\"x_MsoNormal\">&#8211; Duo Rock Pi\u00e9tin\u00e9\u00a0: Ysoline et Suzie 12<sup>\u00e8mes <\/sup>, Lola et H\u00e9lo\u00efse 7<sup>\u00e8mes<\/sup>, Zo\u00e9 et Benjamin 6<sup>\u00e8mes<\/sup>,Giulia et Lili 5<sup>\u00e8mes<\/sup> Charlotte et Louise 3<sup>\u00e8mes<\/sup>,K\u00e9lia et No\u00e9mie 2<sup>\u00e8mes<\/sup><\/p>\n<p class=\"x_MsoNormal\">&#8211; Duo Dance Show\u00a0: Zo\u00e9 et Louise 4<sup>eme<\/sup> , No\u00e9mie et Emma-Krystal 2<sup>eme <\/sup><\/p>\n<p class=\"x_MsoNormal\">&#8211; Small Group Hip-Hop Juniors : 1<sup>\u00e8re <\/sup>place<\/p>\n<p class=\"x_MsoNormal\"><b>Pour les cat\u00e9gories Enfants\u00a0:<\/b><\/p>\n<p class=\"x_MsoNormal\">&#8211; Solo Hip-Hop\u00a0:Marilou 15<sup>\u00e8me <\/sup>,Victoire 14<a name=\"x__Hlk165019516\"><\/a><sup>\u00e8me<\/sup>,Lindsay 13<sup>\u00e8me<\/sup>,In\u00e8s 12<sup>\u00e8me<\/sup>,Camille 10<sup>\u00e8me<\/sup>, Marilou 14<sup>\u00e8me<\/sup>, H\u00e9lio 9<sup>\u00e8me<\/sup>,Manon 7<sup>\u00e8me<\/sup>,Leane 7<sup>\u00e8me<\/sup>,El\u00e9a 3<sup>\u00e8me<\/sup><\/p>\n<p class=\"x_MsoNormal\">&#8211; Duo Hip-Hop\u00a0:Marilou et In\u00e8s 5<sup>\u00e8mes<\/sup>, Victoire et H\u00e9lio 4<sup>\u00e8mes<\/sup>, El\u00e9a et Lindsay 3<sup>\u00e8mes<\/sup> , Manon et Camille 3<sup>\u00e8mes<\/sup><\/p>\n<p class=\"x_MsoNormal\">&#8211; Duo Rock Pi\u00e9tin\u00e9\u00a0: ,El\u00e9a et Lindsay 2<sup>\u00e8mes<\/sup> ,Manon et Camille 1<sup>\u00e8res<\/sup><\/p>\n<p class=\"x_MsoNormal\">Sabrina Fade et Cl\u00e9mence Adam, leurs coachs, sont tr\u00e8s fi\u00e8res de tous les danseurs et les f\u00e9licitent pour leurs performances. Le prochain s\u00e9lectif pour cette f\u00e9d\u00e9ration aura lieu le 18 mai \u00e0 Max\u00e9ville.<\/p>\n","protected":false},"excerpt":{"rendered":"<p>Le samedi 13 avril, les All Dances ont organis\u00e9 la comp\u00e9tition \u00e0 HADOL (88) pour le s\u00e9lectif national de France [&hellip;]<\/p>\n","protected":false},"author":52,"featured_media":40896,"comment_status":"open","ping_status":"open","sticky":false,"template":"","format":"standard","meta":{"footnotes":""},"categories":[22,24],"tags":[968,1522,971,2877],"class_list":["post-40895","post","type-post","status-publish","format-standard","has-post-thumbnail","hentry","category-a-la-une","category-epinal","tag-all-dances","tag-competition","tag-hadol","tag-resultats"],"acf":[],"yoast_head":"<!-- This site is optimized with the Yoast SEO plugin v22.5 - https:\/\/yoast.com\/wordpress\/plugins\/seo\/ -->\n<title>Les All Dances ont organis\u00e9 une comp\u00e9tition \u00e0 Hadol - Epinal Info<\/title>\n<meta name=\"robots\" content=\"index, follow, max-snippet:-1, max-image-preview:large, max-video-preview:-1\" \/>\n<link rel=\"canonical\" href=\"https:\/\/vosgesinfo.fr\/epinalinfo\/2024\/04\/les-all-dances-ont-organise-une-competition-a-hadol\/\" \/>\n<meta name=\"twitter:card\" content=\"summary_large_image\" \/>\n<meta name=\"twitter:title\" content=\"Les All Dances ont organis\u00e9 une comp\u00e9tition \u00e0 Hadol - Epinal Info\" \/>\n<meta name=\"twitter:description\" content=\"Le samedi 13 avril, les All Dances ont organis\u00e9 la comp\u00e9tition \u00e0 HADOL (88) pour le s\u00e9lectif national de France [&hellip;]\" \/>\n<meta name=\"twitter:creator\" content=\"@VosgesInfo88\" \/>\n<meta name=\"twitter:site\" content=\"@VosgesInfo88\" \/>\n<meta name=\"twitter:label1\" content=\"\u00c9crit par\" \/>\n\t<meta name=\"twitter:data1\" content=\"C.K.\" \/>\n\t<meta name=\"twitter:label2\" content=\"Dur\u00e9e de lecture estim\u00e9e\" \/>\n\t<meta name=\"twitter:data2\" content=\"2 minutes\" \/>\n<script type=\"application\/ld+json\" class=\"yoast-schema-graph\">{\"@context\":\"https:\/\/schema.org\",\"@graph\":[{\"@type\":\"Article\",\"@id\":\"https:\/\/vosgesinfo.fr\/epinalinfo\/2024\/04\/les-all-dances-ont-organise-une-competition-a-hadol\/#article\",\"isPartOf\":{\"@id\":\"https:\/\/vosgesinfo.fr\/epinalinfo\/2024\/04\/les-all-dances-ont-organise-une-competition-a-hadol\/\"},\"author\":{\"name\":\"C.K.\",\"@id\":\"https:\/\/vosgesinfo.fr\/epinalinfo\/#\/schema\/person\/6f9a650eeea99d969b6c4ab78fccbe81\"},\"headline\":\"Les All Dances ont organis\u00e9 une comp\u00e9tition \u00e0 Hadol\",\"datePublished\":\"2024-04-27T11:20:40+00:00\",\"dateModified\":\"2024-04-27T11:20:40+00:00\",\"mainEntityOfPage\":{\"@id\":\"https:\/\/vosgesinfo.fr\/epinalinfo\/2024\/04\/les-all-dances-ont-organise-une-competition-a-hadol\/\"},\"wordCount\":457,\"commentCount\":0,\"publisher\":{\"@id\":\"https:\/\/vosgesinfo.fr\/epinalinfo\/#organization\"},\"image\":{\"@id\":\"https:\/\/vosgesinfo.fr\/epinalinfo\/2024\/04\/les-all-dances-ont-organise-une-competition-a-hadol\/#primaryimage\"},\"thumbnailUrl\":\"https:\/\/vosgesinfo.fr\/app\/uploads\/sites\/3\/2024\/04\/thumbnail-fdo-ok.jpg\",\"keywords\":[\"All Dances\",\"comp\u00e9tition\",\"Hadol\",\"r\u00e9sultats\"],\"articleSection\":[\"A la Une\",\"Epinal\"],\"inLanguage\":\"fr-FR\",\"potentialAction\":[{\"@type\":\"CommentAction\",\"name\":\"Comment\",\"target\":[\"https:\/\/vosgesinfo.fr\/epinalinfo\/2024\/04\/les-all-dances-ont-organise-une-competition-a-hadol\/#respond\"]}]},{\"@type\":\"WebPage\",\"@id\":\"https:\/\/vosgesinfo.fr\/epinalinfo\/2024\/04\/les-all-dances-ont-organise-une-competition-a-hadol\/\",\"url\":\"https:\/\/vosgesinfo.fr\/epinalinfo\/2024\/04\/les-all-dances-ont-organise-une-competition-a-hadol\/\",\"name\":\"Les All Dances ont organis\u00e9 une comp\u00e9tition \u00e0 Hadol - Epinal Info\",\"isPartOf\":{\"@id\":\"https:\/\/vosgesinfo.fr\/epinalinfo\/#website\"},\"primaryImageOfPage\":{\"@id\":\"https:\/\/vosgesinfo.fr\/epinalinfo\/2024\/04\/les-all-dances-ont-organise-une-competition-a-hadol\/#primaryimage\"},\"image\":{\"@id\":\"https:\/\/vosgesinfo.fr\/epinalinfo\/2024\/04\/les-all-dances-ont-organise-une-competition-a-hadol\/#primaryimage\"},\"thumbnailUrl\":\"https:\/\/vosgesinfo.fr\/app\/uploads\/sites\/3\/2024\/04\/thumbnail-fdo-ok.jpg\",\"datePublished\":\"2024-04-27T11:20:40+00:00\",\"dateModified\":\"2024-04-27T11:20:40+00:00\",\"breadcrumb\":{\"@id\":\"https:\/\/vosgesinfo.fr\/epinalinfo\/2024\/04\/les-all-dances-ont-organise-une-competition-a-hadol\/#breadcrumb\"},\"inLanguage\":\"fr-FR\",\"potentialAction\":[{\"@type\":\"ReadAction\",\"target\":[\"https:\/\/vosgesinfo.fr\/epinalinfo\/2024\/04\/les-all-dances-ont-organise-une-competition-a-hadol\/\"]}]},{\"@type\":\"ImageObject\",\"inLanguage\":\"fr-FR\",\"@id\":\"https:\/\/vosgesinfo.fr\/epinalinfo\/2024\/04\/les-all-dances-ont-organise-une-competition-a-hadol\/#primaryimage\",\"url\":\"https:\/\/vosgesinfo.fr\/app\/uploads\/sites\/3\/2024\/04\/thumbnail-fdo-ok.jpg\",\"contentUrl\":\"https:\/\/vosgesinfo.fr\/app\/uploads\/sites\/3\/2024\/04\/thumbnail-fdo-ok.jpg\",\"width\":1920,\"height\":1158},{\"@type\":\"BreadcrumbList\",\"@id\":\"https:\/\/vosgesinfo.fr\/epinalinfo\/2024\/04\/les-all-dances-ont-organise-une-competition-a-hadol\/#breadcrumb\",\"itemListElement\":[{\"@type\":\"ListItem\",\"position\":1,\"name\":\"Home\",\"item\":\"https:\/\/vosgesinfo.fr\/epinalinfo\/\"},{\"@type\":\"ListItem\",\"position\":2,\"name\":\"Les All Dances ont organis\u00e9 une comp\u00e9tition \u00e0 Hadol\"}]},{\"@type\":\"WebSite\",\"@id\":\"https:\/\/vosgesinfo.fr\/epinalinfo\/#website\",\"url\":\"https:\/\/vosgesinfo.fr\/epinalinfo\/\",\"name\":\"Epinal Info\",\"description\":\"Toute l&#039;actualit\u00e9 d&#039;\u00c9pinal\",\"publisher\":{\"@id\":\"https:\/\/vosgesinfo.fr\/epinalinfo\/#organization\"},\"alternateName\":\"Toute l'actualit\u00e9 d'\u00c9pinal\",\"potentialAction\":[{\"@type\":\"SearchAction\",\"target\":{\"@type\":\"EntryPoint\",\"urlTemplate\":\"https:\/\/vosgesinfo.fr\/epinalinfo\/?s={search_term_string}\"},\"query-input\":\"required name=search_term_string\"}],\"inLanguage\":\"fr-FR\"},{\"@type\":\"Organization\",\"@id\":\"https:\/\/vosgesinfo.fr\/epinalinfo\/#organization\",\"name\":\"Epinal Info\",\"url\":\"https:\/\/vosgesinfo.fr\/epinalinfo\/\",\"logo\":{\"@type\":\"ImageObject\",\"inLanguage\":\"fr-FR\",\"@id\":\"https:\/\/vosgesinfo.fr\/epinalinfo\/#\/schema\/logo\/image\/\",\"url\":\"https:\/\/vosgesinfo.fr\/app\/uploads\/sites\/3\/2023\/08\/logo-epinalinfos.svg\",\"contentUrl\":\"https:\/\/vosgesinfo.fr\/app\/uploads\/sites\/3\/2023\/08\/logo-epinalinfos.svg\",\"width\":1,\"height\":1,\"caption\":\"Epinal Info\"},\"image\":{\"@id\":\"https:\/\/vosgesinfo.fr\/epinalinfo\/#\/schema\/logo\/image\/\"},\"sameAs\":[\"https:\/\/www.facebook.com\/Epinalinfos\",\"https:\/\/x.com\/VosgesInfo88\",\"https:\/\/www.youtube.com\/@vosgesinfo\"]},{\"@type\":\"Person\",\"@id\":\"https:\/\/vosgesinfo.fr\/epinalinfo\/#\/schema\/person\/6f9a650eeea99d969b6c4ab78fccbe81\",\"name\":\"C.K.\",\"image\":{\"@type\":\"ImageObject\",\"inLanguage\":\"fr-FR\",\"@id\":\"https:\/\/vosgesinfo.fr\/epinalinfo\/#\/schema\/person\/image\/\",\"url\":\"https:\/\/secure.gravatar.com\/avatar\/48e3fc7f8421ba8942be6b74a2b7f014ca39bc00dece156b7a8e098ae7dc87bf?s=96&d=mm&r=g\",\"contentUrl\":\"https:\/\/secure.gravatar.com\/avatar\/48e3fc7f8421ba8942be6b74a2b7f014ca39bc00dece156b7a8e098ae7dc87bf?s=96&d=mm&r=g\",\"caption\":\"C.K.\"},\"url\":\"https:\/\/vosgesinfo.fr\/epinalinfo\/author\/celia-k-n\/\"}]}<\/script>\n<!-- \/ Yoast SEO plugin. -->","yoast_head_json":{"title":"Les All Dances ont organis\u00e9 une comp\u00e9tition \u00e0 Hadol - Epinal Info","robots":{"index":"index","follow":"follow","max-snippet":"max-snippet:-1","max-image-preview":"max-image-preview:large","max-video-preview":"max-video-preview:-1"},"canonical":"https:\/\/vosgesinfo.fr\/epinalinfo\/2024\/04\/les-all-dances-ont-organise-une-competition-a-hadol\/","twitter_card":"summary_large_image","twitter_title":"Les All Dances ont organis\u00e9 une comp\u00e9tition \u00e0 Hadol - Epinal Info","twitter_description":"Le samedi 13 avril, les All Dances ont organis\u00e9 la comp\u00e9tition \u00e0 HADOL (88) pour le s\u00e9lectif national de France [&hellip;]","twitter_creator":"@VosgesInfo88","twitter_site":"@VosgesInfo88","twitter_misc":{"\u00c9crit par":"C.K.","Dur\u00e9e de lecture estim\u00e9e":"2 minutes"},"schema":{"@context":"https:\/\/schema.org","@graph":[{"@type":"Article","@id":"https:\/\/vosgesinfo.fr\/epinalinfo\/2024\/04\/les-all-dances-ont-organise-une-competition-a-hadol\/#article","isPartOf":{"@id":"https:\/\/vosgesinfo.fr\/epinalinfo\/2024\/04\/les-all-dances-ont-organise-une-competition-a-hadol\/"},"author":{"name":"C.K.","@id":"https:\/\/vosgesinfo.fr\/epinalinfo\/#\/schema\/person\/6f9a650eeea99d969b6c4ab78fccbe81"},"headline":"Les All Dances ont organis\u00e9 une comp\u00e9tition \u00e0 Hadol","datePublished":"2024-04-27T11:20:40+00:00","dateModified":"2024-04-27T11:20:40+00:00","mainEntityOfPage":{"@id":"https:\/\/vosgesinfo.fr\/epinalinfo\/2024\/04\/les-all-dances-ont-organise-une-competition-a-hadol\/"},"wordCount":457,"commentCount":0,"publisher":{"@id":"https:\/\/vosgesinfo.fr\/epinalinfo\/#organization"},"image":{"@id":"https:\/\/vosgesinfo.fr\/epinalinfo\/2024\/04\/les-all-dances-ont-organise-une-competition-a-hadol\/#primaryimage"},"thumbnailUrl":"https:\/\/vosgesinfo.fr\/app\/uploads\/sites\/3\/2024\/04\/thumbnail-fdo-ok.jpg","keywords":["All Dances","comp\u00e9tition","Hadol","r\u00e9sultats"],"articleSection":["A la Une","Epinal"],"inLanguage":"fr-FR","potentialAction":[{"@type":"CommentAction","name":"Comment","target":["https:\/\/vosgesinfo.fr\/epinalinfo\/2024\/04\/les-all-dances-ont-organise-une-competition-a-hadol\/#respond"]}]},{"@type":"WebPage","@id":"https:\/\/vosgesinfo.fr\/epinalinfo\/2024\/04\/les-all-dances-ont-organise-une-competition-a-hadol\/","url":"https:\/\/vosgesinfo.fr\/epinalinfo\/2024\/04\/les-all-dances-ont-organise-une-competition-a-hadol\/","name":"Les All Dances ont organis\u00e9 une comp\u00e9tition \u00e0 Hadol - Epinal Info","isPartOf":{"@id":"https:\/\/vosgesinfo.fr\/epinalinfo\/#website"},"primaryImageOfPage":{"@id":"https:\/\/vosgesinfo.fr\/epinalinfo\/2024\/04\/les-all-dances-ont-organise-une-competition-a-hadol\/#primaryimage"},"image":{"@id":"https:\/\/vosgesinfo.fr\/epinalinfo\/2024\/04\/les-all-dances-ont-organise-une-competition-a-hadol\/#primaryimage"},"thumbnailUrl":"https:\/\/vosgesinfo.fr\/app\/uploads\/sites\/3\/2024\/04\/thumbnail-fdo-ok.jpg","datePublished":"2024-04-27T11:20:40+00:00","dateModified":"2024-04-27T11:20:40+00:00","breadcrumb":{"@id":"https:\/\/vosgesinfo.fr\/epinalinfo\/2024\/04\/les-all-dances-ont-organise-une-competition-a-hadol\/#breadcrumb"},"inLanguage":"fr-FR","potentialAction":[{"@type":"ReadAction","target":["https:\/\/vosgesinfo.fr\/epinalinfo\/2024\/04\/les-all-dances-ont-organise-une-competition-a-hadol\/"]}]},{"@type":"ImageObject","inLanguage":"fr-FR","@id":"https:\/\/vosgesinfo.fr\/epinalinfo\/2024\/04\/les-all-dances-ont-organise-une-competition-a-hadol\/#primaryimage","url":"https:\/\/vosgesinfo.fr\/app\/uploads\/sites\/3\/2024\/04\/thumbnail-fdo-ok.jpg","contentUrl":"https:\/\/vosgesinfo.fr\/app\/uploads\/sites\/3\/2024\/04\/thumbnail-fdo-ok.jpg","width":1920,"height":1158},{"@type":"BreadcrumbList","@id":"https:\/\/vosgesinfo.fr\/epinalinfo\/2024\/04\/les-all-dances-ont-organise-une-competition-a-hadol\/#breadcrumb","itemListElement":[{"@type":"ListItem","position":1,"name":"Home","item":"https:\/\/vosgesinfo.fr\/epinalinfo\/"},{"@type":"ListItem","position":2,"name":"Les All Dances ont organis\u00e9 une comp\u00e9tition \u00e0 Hadol"}]},{"@type":"WebSite","@id":"https:\/\/vosgesinfo.fr\/epinalinfo\/#website","url":"https:\/\/vosgesinfo.fr\/epinalinfo\/","name":"Epinal Info","description":"Toute l&#039;actualit\u00e9 d&#039;\u00c9pinal","publisher":{"@id":"https:\/\/vosgesinfo.fr\/epinalinfo\/#organization"},"alternateName":"Toute l'actualit\u00e9 d'\u00c9pinal","potentialAction":[{"@type":"SearchAction","target":{"@type":"EntryPoint","urlTemplate":"https:\/\/vosgesinfo.fr\/epinalinfo\/?s={search_term_string}"},"query-input":"required name=search_term_string"}],"inLanguage":"fr-FR"},{"@type":"Organization","@id":"https:\/\/vosgesinfo.fr\/epinalinfo\/#organization","name":"Epinal Info","url":"https:\/\/vosgesinfo.fr\/epinalinfo\/","logo":{"@type":"ImageObject","inLanguage":"fr-FR","@id":"https:\/\/vosgesinfo.fr\/epinalinfo\/#\/schema\/logo\/image\/","url":"https:\/\/vosgesinfo.fr\/app\/uploads\/sites\/3\/2023\/08\/logo-epinalinfos.svg","contentUrl":"https:\/\/vosgesinfo.fr\/app\/uploads\/sites\/3\/2023\/08\/logo-epinalinfos.svg","width":1,"height":1,"caption":"Epinal Info"},"image":{"@id":"https:\/\/vosgesinfo.fr\/epinalinfo\/#\/schema\/logo\/image\/"},"sameAs":["https:\/\/www.facebook.com\/Epinalinfos","https:\/\/x.com\/VosgesInfo88","https:\/\/www.youtube.com\/@vosgesinfo"]},{"@type":"Person","@id":"https:\/\/vosgesinfo.fr\/epinalinfo\/#\/schema\/person\/6f9a650eeea99d969b6c4ab78fccbe81","name":"C.K.","image":{"@type":"ImageObject","inLanguage":"fr-FR","@id":"https:\/\/vosgesinfo.fr\/epinalinfo\/#\/schema\/person\/image\/","url":"https:\/\/secure.gravatar.com\/avatar\/48e3fc7f8421ba8942be6b74a2b7f014ca39bc00dece156b7a8e098ae7dc87bf?s=96&d=mm&r=g","contentUrl":"https:\/\/secure.gravatar.com\/avatar\/48e3fc7f8421ba8942be6b74a2b7f014ca39bc00dece156b7a8e098ae7dc87bf?s=96&d=mm&r=g","caption":"C.K."},"url":"https:\/\/vosgesinfo.fr\/epinalinfo\/author\/celia-k-n\/"}]}},"_links":{"self":[{"href":"https:\/\/vosgesinfo.fr\/epinalinfo\/wp-json\/wp\/v2\/posts\/40895","targetHints":{"allow":["GET"]}}],"collection":[{"href":"https:\/\/vosgesinfo.fr\/epinalinfo\/wp-json\/wp\/v2\/posts"}],"about":[{"href":"https:\/\/vosgesinfo.fr\/epinalinfo\/wp-json\/wp\/v2\/types\/post"}],"author":[{"embeddable":true,"href":"https:\/\/vosgesinfo.fr\/epinalinfo\/wp-json\/wp\/v2\/users\/52"}],"replies":[{"embeddable":true,"href":"https:\/\/vosgesinfo.fr\/epinalinfo\/wp-json\/wp\/v2\/comments?post=40895"}],"version-history":[{"count":1,"href":"https:\/\/vosgesinfo.fr\/epinalinfo\/wp-json\/wp\/v2\/posts\/40895\/revisions"}],"predecessor-version":[{"id":40897,"href":"https:\/\/vosgesinfo.fr\/epinalinfo\/wp-json\/wp\/v2\/posts\/40895\/revisions\/40897"}],"wp:featuredmedia":[{"embeddable":true,"href":"https:\/\/vosgesinfo.fr\/epinalinfo\/wp-json\/wp\/v2\/media\/40896"}],"wp:attachment":[{"href":"https:\/\/vosgesinfo.fr\/epinalinfo\/wp-json\/wp\/v2\/media?parent=40895"}],"wp:term":[{"taxonomy":"category","embeddable":true,"href":"https:\/\/vosgesinfo.fr\/epinalinfo\/wp-json\/wp\/v2\/categories?post=40895"},{"taxonomy":"post_tag","embeddable":true,"href":"https:\/\/vosgesinfo.fr\/epinalinfo\/wp-json\/wp\/v2\/tags?post=40895"}],"curies":[{"name":"wp","href":"https:\/\/api.w.org\/{rel}","templated":true}]}}