{"id":42059,"date":"2024-06-04T07:25:03","date_gmt":"2024-06-04T05:25:03","guid":{"rendered":"https:\/\/vosgesinfo.fr\/epinalinfo\/?p=42059"},"modified":"2024-06-04T11:25:53","modified_gmt":"2024-06-04T09:25:53","slug":"handicaps-en-fete-edition-2024","status":"publish","type":"post","link":"https:\/\/vosgesinfo.fr\/epinalinfo\/2024\/06\/handicaps-en-fete-edition-2024\/","title":{"rendered":"Handicaps en F\u00eate : \u00e9dition 2024"},"content":{"rendered":"<h2 class=\"x_elementToProof\"><img decoding=\"async\" class=\"aligncenter size-large wp-image-42060\" src=\"https:\/\/vosgesinfo.fr\/app\/uploads\/sites\/3\/2024\/06\/thumbnail-affiche-handicaps-en-fete-2024-724x1024.png\" alt=\"\" width=\"724\" height=\"1024\" srcset=\"https:\/\/vosgesinfo.fr\/app\/uploads\/sites\/3\/2024\/06\/thumbnail-affiche-handicaps-en-fete-2024-724x1024.png 724w, https:\/\/vosgesinfo.fr\/app\/uploads\/sites\/3\/2024\/06\/thumbnail-affiche-handicaps-en-fete-2024-212x300.png 212w, https:\/\/vosgesinfo.fr\/app\/uploads\/sites\/3\/2024\/06\/thumbnail-affiche-handicaps-en-fete-2024-768x1086.png 768w, https:\/\/vosgesinfo.fr\/app\/uploads\/sites\/3\/2024\/06\/thumbnail-affiche-handicaps-en-fete-2024-1086x1536.png 1086w, https:\/\/vosgesinfo.fr\/app\/uploads\/sites\/3\/2024\/06\/thumbnail-affiche-handicaps-en-fete-2024-1448x2048.png 1448w, https:\/\/vosgesinfo.fr\/app\/uploads\/sites\/3\/2024\/06\/thumbnail-affiche-handicaps-en-fete-2024.png 1920w\" sizes=\"(max-width: 724px) 100vw, 724px\" \/>Samedi 15 juin, de 15h \u00e0 20h \u00e0 l\u2019\u00e9cole de Gohypr\u00e9, la ville organisera la 2\u00e8me \u00e9dition du festival \u201cHandicaps en f\u00eate\u201d : un \u00e9v\u00e9nement festif et convivial 100% gratuit avec de nombreux partenaires associatifs dans le domaine du handicap ! L\u2019objectif : faciliter la rencontre entre les personnes en situation de handicap et le public et faire \u00e9voluer le regard port\u00e9 sur les handicaps.<\/h2>\n<div><\/div>\n<div>Au programme de cette journ\u00e9e, plusieurs animations et ateliers port\u00e9s par des associations Thaonnaises et du secteur : animation \u201c1 mot-1 signe\u201d, quizz sur la trisomie, atelier de mise en situation \u201cDans la peau d\u2019un Dys\u201d, animation tovertafel\/table magique, atelier m\u00e9diation animale, pr\u00e9sentation de v\u00e9los adapt\u00e9s, d\u00e9couverte du chien guide, atelier maquillage\u2026<\/div>\n<div>\u00c0 partir de 18h30, ne manquez pas l\u2019ap\u00e9ro-concert anim\u00e9 par l\u2019artiste C\u00e9cile Alidor !\u00a0Une borne \u00e0 selfie sera pr\u00e9sente sur place pour repartir avec votre plus belle photo souvenir !<\/div>\n<div>Et pour les plus gourmands, des stands de cr\u00eapes, gaufres, barbe \u00e0 papa et pop-corn seront disponibles \u00e0 la restauration !<\/div>\n<div>Entr\u00e9e gratuite, ouvert tous publics.<\/div>\n","protected":false},"excerpt":{"rendered":"<p>Samedi 15 juin, de 15h \u00e0 20h \u00e0 l\u2019\u00e9cole de Gohypr\u00e9, la ville organisera la 2\u00e8me \u00e9dition du festival \u201cHandicaps [&hellip;]<\/p>\n","protected":false},"author":52,"featured_media":42060,"comment_status":"open","ping_status":"open","sticky":false,"template":"","format":"standard","meta":{"footnotes":""},"categories":[22,192,93],"tags":[],"class_list":["post-42059","post","type-post","status-publish","format-standard","has-post-thumbnail","hentry","category-a-la-une","category-solidarite","category-thaon-les-vosges"],"acf":[],"yoast_head":"<!-- This site is optimized with the Yoast SEO plugin v22.5 - https:\/\/yoast.com\/wordpress\/plugins\/seo\/ -->\n<title>Handicaps en F\u00eate : \u00e9dition 2024 - Epinal Info<\/title>\n<meta name=\"robots\" content=\"index, follow, max-snippet:-1, max-image-preview:large, max-video-preview:-1\" \/>\n<link rel=\"canonical\" href=\"https:\/\/vosgesinfo.fr\/epinalinfo\/2024\/06\/handicaps-en-fete-edition-2024\/\" \/>\n<meta name=\"twitter:card\" content=\"summary_large_image\" \/>\n<meta name=\"twitter:title\" content=\"Handicaps en F\u00eate : \u00e9dition 2024 - Epinal Info\" \/>\n<meta name=\"twitter:description\" content=\"Samedi 15 juin, de 15h \u00e0 20h \u00e0 l\u2019\u00e9cole de Gohypr\u00e9, la ville organisera la 2\u00e8me \u00e9dition du festival \u201cHandicaps [&hellip;]\" \/>\n<meta name=\"twitter:image\" content=\"https:\/\/vosgesinfo.fr\/app\/uploads\/sites\/3\/2024\/06\/thumbnail-affiche-handicaps-en-fete-2024.png\" \/>\n<meta name=\"twitter:creator\" content=\"@VosgesInfo88\" \/>\n<meta name=\"twitter:site\" content=\"@VosgesInfo88\" \/>\n<meta name=\"twitter:label1\" content=\"\u00c9crit par\" \/>\n\t<meta name=\"twitter:data1\" content=\"C.K.\" \/>\n\t<meta name=\"twitter:label2\" content=\"Dur\u00e9e de lecture estim\u00e9e\" \/>\n\t<meta name=\"twitter:data2\" content=\"2 minutes\" \/>\n<script type=\"application\/ld+json\" class=\"yoast-schema-graph\">{\"@context\":\"https:\/\/schema.org\",\"@graph\":[{\"@type\":\"Article\",\"@id\":\"https:\/\/vosgesinfo.fr\/epinalinfo\/2024\/06\/handicaps-en-fete-edition-2024\/#article\",\"isPartOf\":{\"@id\":\"https:\/\/vosgesinfo.fr\/epinalinfo\/2024\/06\/handicaps-en-fete-edition-2024\/\"},\"author\":{\"name\":\"C.K.\",\"@id\":\"https:\/\/vosgesinfo.fr\/epinalinfo\/#\/schema\/person\/6f9a650eeea99d969b6c4ab78fccbe81\"},\"headline\":\"Handicaps en F\u00eate : \u00e9dition 2024\",\"datePublished\":\"2024-06-04T05:25:03+00:00\",\"dateModified\":\"2024-06-04T09:25:53+00:00\",\"mainEntityOfPage\":{\"@id\":\"https:\/\/vosgesinfo.fr\/epinalinfo\/2024\/06\/handicaps-en-fete-edition-2024\/\"},\"wordCount\":183,\"commentCount\":0,\"publisher\":{\"@id\":\"https:\/\/vosgesinfo.fr\/epinalinfo\/#organization\"},\"image\":{\"@id\":\"https:\/\/vosgesinfo.fr\/epinalinfo\/2024\/06\/handicaps-en-fete-edition-2024\/#primaryimage\"},\"thumbnailUrl\":\"https:\/\/vosgesinfo.fr\/app\/uploads\/sites\/3\/2024\/06\/thumbnail-affiche-handicaps-en-fete-2024.png\",\"articleSection\":[\"A la Une\",\"Solidarit\u00e9\",\"Thaon-les-Vosges\"],\"inLanguage\":\"fr-FR\",\"potentialAction\":[{\"@type\":\"CommentAction\",\"name\":\"Comment\",\"target\":[\"https:\/\/vosgesinfo.fr\/epinalinfo\/2024\/06\/handicaps-en-fete-edition-2024\/#respond\"]}]},{\"@type\":\"WebPage\",\"@id\":\"https:\/\/vosgesinfo.fr\/epinalinfo\/2024\/06\/handicaps-en-fete-edition-2024\/\",\"url\":\"https:\/\/vosgesinfo.fr\/epinalinfo\/2024\/06\/handicaps-en-fete-edition-2024\/\",\"name\":\"Handicaps en F\u00eate : \u00e9dition 2024 - Epinal Info\",\"isPartOf\":{\"@id\":\"https:\/\/vosgesinfo.fr\/epinalinfo\/#website\"},\"primaryImageOfPage\":{\"@id\":\"https:\/\/vosgesinfo.fr\/epinalinfo\/2024\/06\/handicaps-en-fete-edition-2024\/#primaryimage\"},\"image\":{\"@id\":\"https:\/\/vosgesinfo.fr\/epinalinfo\/2024\/06\/handicaps-en-fete-edition-2024\/#primaryimage\"},\"thumbnailUrl\":\"https:\/\/vosgesinfo.fr\/app\/uploads\/sites\/3\/2024\/06\/thumbnail-affiche-handicaps-en-fete-2024.png\",\"datePublished\":\"2024-06-04T05:25:03+00:00\",\"dateModified\":\"2024-06-04T09:25:53+00:00\",\"breadcrumb\":{\"@id\":\"https:\/\/vosgesinfo.fr\/epinalinfo\/2024\/06\/handicaps-en-fete-edition-2024\/#breadcrumb\"},\"inLanguage\":\"fr-FR\",\"potentialAction\":[{\"@type\":\"ReadAction\",\"target\":[\"https:\/\/vosgesinfo.fr\/epinalinfo\/2024\/06\/handicaps-en-fete-edition-2024\/\"]}]},{\"@type\":\"ImageObject\",\"inLanguage\":\"fr-FR\",\"@id\":\"https:\/\/vosgesinfo.fr\/epinalinfo\/2024\/06\/handicaps-en-fete-edition-2024\/#primaryimage\",\"url\":\"https:\/\/vosgesinfo.fr\/app\/uploads\/sites\/3\/2024\/06\/thumbnail-affiche-handicaps-en-fete-2024.png\",\"contentUrl\":\"https:\/\/vosgesinfo.fr\/app\/uploads\/sites\/3\/2024\/06\/thumbnail-affiche-handicaps-en-fete-2024.png\",\"width\":1920,\"height\":2715},{\"@type\":\"BreadcrumbList\",\"@id\":\"https:\/\/vosgesinfo.fr\/epinalinfo\/2024\/06\/handicaps-en-fete-edition-2024\/#breadcrumb\",\"itemListElement\":[{\"@type\":\"ListItem\",\"position\":1,\"name\":\"Home\",\"item\":\"https:\/\/vosgesinfo.fr\/epinalinfo\/\"},{\"@type\":\"ListItem\",\"position\":2,\"name\":\"Handicaps en F\u00eate : \u00e9dition 2024\"}]},{\"@type\":\"WebSite\",\"@id\":\"https:\/\/vosgesinfo.fr\/epinalinfo\/#website\",\"url\":\"https:\/\/vosgesinfo.fr\/epinalinfo\/\",\"name\":\"Epinal Info\",\"description\":\"Toute l&#039;actualit\u00e9 d&#039;\u00c9pinal\",\"publisher\":{\"@id\":\"https:\/\/vosgesinfo.fr\/epinalinfo\/#organization\"},\"alternateName\":\"Toute l'actualit\u00e9 d'\u00c9pinal\",\"potentialAction\":[{\"@type\":\"SearchAction\",\"target\":{\"@type\":\"EntryPoint\",\"urlTemplate\":\"https:\/\/vosgesinfo.fr\/epinalinfo\/?s={search_term_string}\"},\"query-input\":\"required name=search_term_string\"}],\"inLanguage\":\"fr-FR\"},{\"@type\":\"Organization\",\"@id\":\"https:\/\/vosgesinfo.fr\/epinalinfo\/#organization\",\"name\":\"Epinal Info\",\"url\":\"https:\/\/vosgesinfo.fr\/epinalinfo\/\",\"logo\":{\"@type\":\"ImageObject\",\"inLanguage\":\"fr-FR\",\"@id\":\"https:\/\/vosgesinfo.fr\/epinalinfo\/#\/schema\/logo\/image\/\",\"url\":\"https:\/\/vosgesinfo.fr\/app\/uploads\/sites\/3\/2023\/08\/logo-epinalinfos.svg\",\"contentUrl\":\"https:\/\/vosgesinfo.fr\/app\/uploads\/sites\/3\/2023\/08\/logo-epinalinfos.svg\",\"width\":1,\"height\":1,\"caption\":\"Epinal Info\"},\"image\":{\"@id\":\"https:\/\/vosgesinfo.fr\/epinalinfo\/#\/schema\/logo\/image\/\"},\"sameAs\":[\"https:\/\/www.facebook.com\/Epinalinfos\",\"https:\/\/x.com\/VosgesInfo88\",\"https:\/\/www.youtube.com\/@vosgesinfo\"]},{\"@type\":\"Person\",\"@id\":\"https:\/\/vosgesinfo.fr\/epinalinfo\/#\/schema\/person\/6f9a650eeea99d969b6c4ab78fccbe81\",\"name\":\"C.K.\",\"image\":{\"@type\":\"ImageObject\",\"inLanguage\":\"fr-FR\",\"@id\":\"https:\/\/vosgesinfo.fr\/epinalinfo\/#\/schema\/person\/image\/\",\"url\":\"https:\/\/secure.gravatar.com\/avatar\/48e3fc7f8421ba8942be6b74a2b7f014ca39bc00dece156b7a8e098ae7dc87bf?s=96&d=mm&r=g\",\"contentUrl\":\"https:\/\/secure.gravatar.com\/avatar\/48e3fc7f8421ba8942be6b74a2b7f014ca39bc00dece156b7a8e098ae7dc87bf?s=96&d=mm&r=g\",\"caption\":\"C.K.\"},\"url\":\"https:\/\/vosgesinfo.fr\/epinalinfo\/author\/celia-k-n\/\"}]}<\/script>\n<!-- \/ Yoast SEO plugin. -->","yoast_head_json":{"title":"Handicaps en F\u00eate : \u00e9dition 2024 - Epinal Info","robots":{"index":"index","follow":"follow","max-snippet":"max-snippet:-1","max-image-preview":"max-image-preview:large","max-video-preview":"max-video-preview:-1"},"canonical":"https:\/\/vosgesinfo.fr\/epinalinfo\/2024\/06\/handicaps-en-fete-edition-2024\/","twitter_card":"summary_large_image","twitter_title":"Handicaps en F\u00eate : \u00e9dition 2024 - Epinal Info","twitter_description":"Samedi 15 juin, de 15h \u00e0 20h \u00e0 l\u2019\u00e9cole de Gohypr\u00e9, la ville organisera la 2\u00e8me \u00e9dition du festival \u201cHandicaps [&hellip;]","twitter_image":"https:\/\/vosgesinfo.fr\/app\/uploads\/sites\/3\/2024\/06\/thumbnail-affiche-handicaps-en-fete-2024.png","twitter_creator":"@VosgesInfo88","twitter_site":"@VosgesInfo88","twitter_misc":{"\u00c9crit par":"C.K.","Dur\u00e9e de lecture estim\u00e9e":"2 minutes"},"schema":{"@context":"https:\/\/schema.org","@graph":[{"@type":"Article","@id":"https:\/\/vosgesinfo.fr\/epinalinfo\/2024\/06\/handicaps-en-fete-edition-2024\/#article","isPartOf":{"@id":"https:\/\/vosgesinfo.fr\/epinalinfo\/2024\/06\/handicaps-en-fete-edition-2024\/"},"author":{"name":"C.K.","@id":"https:\/\/vosgesinfo.fr\/epinalinfo\/#\/schema\/person\/6f9a650eeea99d969b6c4ab78fccbe81"},"headline":"Handicaps en F\u00eate : \u00e9dition 2024","datePublished":"2024-06-04T05:25:03+00:00","dateModified":"2024-06-04T09:25:53+00:00","mainEntityOfPage":{"@id":"https:\/\/vosgesinfo.fr\/epinalinfo\/2024\/06\/handicaps-en-fete-edition-2024\/"},"wordCount":183,"commentCount":0,"publisher":{"@id":"https:\/\/vosgesinfo.fr\/epinalinfo\/#organization"},"image":{"@id":"https:\/\/vosgesinfo.fr\/epinalinfo\/2024\/06\/handicaps-en-fete-edition-2024\/#primaryimage"},"thumbnailUrl":"https:\/\/vosgesinfo.fr\/app\/uploads\/sites\/3\/2024\/06\/thumbnail-affiche-handicaps-en-fete-2024.png","articleSection":["A la Une","Solidarit\u00e9","Thaon-les-Vosges"],"inLanguage":"fr-FR","potentialAction":[{"@type":"CommentAction","name":"Comment","target":["https:\/\/vosgesinfo.fr\/epinalinfo\/2024\/06\/handicaps-en-fete-edition-2024\/#respond"]}]},{"@type":"WebPage","@id":"https:\/\/vosgesinfo.fr\/epinalinfo\/2024\/06\/handicaps-en-fete-edition-2024\/","url":"https:\/\/vosgesinfo.fr\/epinalinfo\/2024\/06\/handicaps-en-fete-edition-2024\/","name":"Handicaps en F\u00eate : \u00e9dition 2024 - Epinal Info","isPartOf":{"@id":"https:\/\/vosgesinfo.fr\/epinalinfo\/#website"},"primaryImageOfPage":{"@id":"https:\/\/vosgesinfo.fr\/epinalinfo\/2024\/06\/handicaps-en-fete-edition-2024\/#primaryimage"},"image":{"@id":"https:\/\/vosgesinfo.fr\/epinalinfo\/2024\/06\/handicaps-en-fete-edition-2024\/#primaryimage"},"thumbnailUrl":"https:\/\/vosgesinfo.fr\/app\/uploads\/sites\/3\/2024\/06\/thumbnail-affiche-handicaps-en-fete-2024.png","datePublished":"2024-06-04T05:25:03+00:00","dateModified":"2024-06-04T09:25:53+00:00","breadcrumb":{"@id":"https:\/\/vosgesinfo.fr\/epinalinfo\/2024\/06\/handicaps-en-fete-edition-2024\/#breadcrumb"},"inLanguage":"fr-FR","potentialAction":[{"@type":"ReadAction","target":["https:\/\/vosgesinfo.fr\/epinalinfo\/2024\/06\/handicaps-en-fete-edition-2024\/"]}]},{"@type":"ImageObject","inLanguage":"fr-FR","@id":"https:\/\/vosgesinfo.fr\/epinalinfo\/2024\/06\/handicaps-en-fete-edition-2024\/#primaryimage","url":"https:\/\/vosgesinfo.fr\/app\/uploads\/sites\/3\/2024\/06\/thumbnail-affiche-handicaps-en-fete-2024.png","contentUrl":"https:\/\/vosgesinfo.fr\/app\/uploads\/sites\/3\/2024\/06\/thumbnail-affiche-handicaps-en-fete-2024.png","width":1920,"height":2715},{"@type":"BreadcrumbList","@id":"https:\/\/vosgesinfo.fr\/epinalinfo\/2024\/06\/handicaps-en-fete-edition-2024\/#breadcrumb","itemListElement":[{"@type":"ListItem","position":1,"name":"Home","item":"https:\/\/vosgesinfo.fr\/epinalinfo\/"},{"@type":"ListItem","position":2,"name":"Handicaps en F\u00eate : \u00e9dition 2024"}]},{"@type":"WebSite","@id":"https:\/\/vosgesinfo.fr\/epinalinfo\/#website","url":"https:\/\/vosgesinfo.fr\/epinalinfo\/","name":"Epinal Info","description":"Toute l&#039;actualit\u00e9 d&#039;\u00c9pinal","publisher":{"@id":"https:\/\/vosgesinfo.fr\/epinalinfo\/#organization"},"alternateName":"Toute l'actualit\u00e9 d'\u00c9pinal","potentialAction":[{"@type":"SearchAction","target":{"@type":"EntryPoint","urlTemplate":"https:\/\/vosgesinfo.fr\/epinalinfo\/?s={search_term_string}"},"query-input":"required name=search_term_string"}],"inLanguage":"fr-FR"},{"@type":"Organization","@id":"https:\/\/vosgesinfo.fr\/epinalinfo\/#organization","name":"Epinal Info","url":"https:\/\/vosgesinfo.fr\/epinalinfo\/","logo":{"@type":"ImageObject","inLanguage":"fr-FR","@id":"https:\/\/vosgesinfo.fr\/epinalinfo\/#\/schema\/logo\/image\/","url":"https:\/\/vosgesinfo.fr\/app\/uploads\/sites\/3\/2023\/08\/logo-epinalinfos.svg","contentUrl":"https:\/\/vosgesinfo.fr\/app\/uploads\/sites\/3\/2023\/08\/logo-epinalinfos.svg","width":1,"height":1,"caption":"Epinal Info"},"image":{"@id":"https:\/\/vosgesinfo.fr\/epinalinfo\/#\/schema\/logo\/image\/"},"sameAs":["https:\/\/www.facebook.com\/Epinalinfos","https:\/\/x.com\/VosgesInfo88","https:\/\/www.youtube.com\/@vosgesinfo"]},{"@type":"Person","@id":"https:\/\/vosgesinfo.fr\/epinalinfo\/#\/schema\/person\/6f9a650eeea99d969b6c4ab78fccbe81","name":"C.K.","image":{"@type":"ImageObject","inLanguage":"fr-FR","@id":"https:\/\/vosgesinfo.fr\/epinalinfo\/#\/schema\/person\/image\/","url":"https:\/\/secure.gravatar.com\/avatar\/48e3fc7f8421ba8942be6b74a2b7f014ca39bc00dece156b7a8e098ae7dc87bf?s=96&d=mm&r=g","contentUrl":"https:\/\/secure.gravatar.com\/avatar\/48e3fc7f8421ba8942be6b74a2b7f014ca39bc00dece156b7a8e098ae7dc87bf?s=96&d=mm&r=g","caption":"C.K."},"url":"https:\/\/vosgesinfo.fr\/epinalinfo\/author\/celia-k-n\/"}]}},"_links":{"self":[{"href":"https:\/\/vosgesinfo.fr\/epinalinfo\/wp-json\/wp\/v2\/posts\/42059","targetHints":{"allow":["GET"]}}],"collection":[{"href":"https:\/\/vosgesinfo.fr\/epinalinfo\/wp-json\/wp\/v2\/posts"}],"about":[{"href":"https:\/\/vosgesinfo.fr\/epinalinfo\/wp-json\/wp\/v2\/types\/post"}],"author":[{"embeddable":true,"href":"https:\/\/vosgesinfo.fr\/epinalinfo\/wp-json\/wp\/v2\/users\/52"}],"replies":[{"embeddable":true,"href":"https:\/\/vosgesinfo.fr\/epinalinfo\/wp-json\/wp\/v2\/comments?post=42059"}],"version-history":[{"count":1,"href":"https:\/\/vosgesinfo.fr\/epinalinfo\/wp-json\/wp\/v2\/posts\/42059\/revisions"}],"predecessor-version":[{"id":42061,"href":"https:\/\/vosgesinfo.fr\/epinalinfo\/wp-json\/wp\/v2\/posts\/42059\/revisions\/42061"}],"wp:featuredmedia":[{"embeddable":true,"href":"https:\/\/vosgesinfo.fr\/epinalinfo\/wp-json\/wp\/v2\/media\/42060"}],"wp:attachment":[{"href":"https:\/\/vosgesinfo.fr\/epinalinfo\/wp-json\/wp\/v2\/media?parent=42059"}],"wp:term":[{"taxonomy":"category","embeddable":true,"href":"https:\/\/vosgesinfo.fr\/epinalinfo\/wp-json\/wp\/v2\/categories?post=42059"},{"taxonomy":"post_tag","embeddable":true,"href":"https:\/\/vosgesinfo.fr\/epinalinfo\/wp-json\/wp\/v2\/tags?post=42059"}],"curies":[{"name":"wp","href":"https:\/\/api.w.org\/{rel}","templated":true}]}}