{"id":42470,"date":"2024-06-14T15:32:31","date_gmt":"2024-06-14T13:32:31","guid":{"rendered":"https:\/\/vosgesinfo.fr\/epinalinfo\/?p=42470"},"modified":"2024-06-14T15:32:31","modified_gmt":"2024-06-14T13:32:31","slug":"des-classes-reseaux-electriques-pour-la-transition-energetique-au-lycee-pierre-mendes-france-depinal","status":"publish","type":"post","link":"https:\/\/vosgesinfo.fr\/epinalinfo\/2024\/06\/des-classes-reseaux-electriques-pour-la-transition-energetique-au-lycee-pierre-mendes-france-depinal\/","title":{"rendered":"Des classes \u00ab\u00a0r\u00e9seaux \u00e9lectriques pour la transition \u00e9nerg\u00e9tique\u00a0\u00bb au lyc\u00e9e Pierre Mend\u00e8s France d\u2019\u00c9pinal"},"content":{"rendered":"<h2><img decoding=\"async\" class=\"aligncenter size-large wp-image-42471\" src=\"https:\/\/vosgesinfo.fr\/app\/uploads\/sites\/3\/2024\/06\/p1070373-1024x768.jpg\" alt=\"\" width=\"1024\" height=\"768\" srcset=\"https:\/\/vosgesinfo.fr\/app\/uploads\/sites\/3\/2024\/06\/p1070373-1024x768.jpg 1024w, https:\/\/vosgesinfo.fr\/app\/uploads\/sites\/3\/2024\/06\/p1070373-300x225.jpg 300w, https:\/\/vosgesinfo.fr\/app\/uploads\/sites\/3\/2024\/06\/p1070373-768x576.jpg 768w, https:\/\/vosgesinfo.fr\/app\/uploads\/sites\/3\/2024\/06\/p1070373-1536x1152.jpg 1536w, https:\/\/vosgesinfo.fr\/app\/uploads\/sites\/3\/2024\/06\/p1070373-2048x1536.jpg 2048w\" sizes=\"(max-width: 1024px) 100vw, 1024px\" \/>Ce vendredi 14 juin avait lieu la signature de la convention entre ENEDIS, Boiron et le lyc\u00e9e Pierre Mend\u00e8s France dans le cadre de classes \u00ab r\u00e9seaux \u00e9lectriques pour la transition \u00e9nerg\u00e9tique \u00bb au lyc\u00e9e Pierre Mend\u00e8s France d\u2019Epinal.<\/h2>\n<p>Dans le cadre du programme d\u2019action \u00ab Les \u00c9coles des r\u00e9seaux pour la transition \u00e9nerg\u00e9tique \u00bb lanc\u00e9 en 2023, les classes \u00ab r\u00e9seaux \u00e9lectriques \u00bb du lyc\u00e9e Pierre Mend\u00e8s France d\u2019Epinal ont \u00e9t\u00e9 mises en place et une convention a \u00e9t\u00e9 sign\u00e9e entre ENEDIS, Boiron et le lyc\u00e9e Pierre Mend\u00e8s Franc, ce vendredi 14 juin.<\/p>\n<p>Le partenariat a \u00e9t\u00e9 conclu entre Fr\u00e9d\u00e9ric Bizot, proviseur du lyc\u00e9e, Andr\u00e9 Desir\u00e9e, Directeur territorial Enedis dans les Vosges, et Emmanuel Sontot, chef de l\u2019entreprise Boiron.<\/p>\n<p><em>\u00ab\u00a0Il est tr\u00e8s important de montrer aux jeunes que, derri\u00e8re les formations, ils peuvent se projeter vers une voie\u00a0 professionnel avec de r\u00e9elles perspectives\u00a0\u00bb<\/em> explique le proviseur du lyc\u00e9e. Au lyc\u00e9e Pierre Mend\u00e8s France, le bac professionnel m\u00e9tier de l&rsquo;\u00e9lectricit\u00e9 accueille 45 \u00e9l\u00e8ves chaque ann\u00e9e, sur 3 ans. D\u00e8s la rentr\u00e9e prochaine une nouvelle formation sera propos\u00e9e : un BTS \u00e9lectrotechnique.<\/p>\n<h3>50 lyc\u00e9es en partenariat avec Enedis en France<\/h3>\n<p>Le programme vise \u00e0 r\u00e9pondre et \u00e0 anticiper les besoins en recrutement et comp\u00e9tences sp\u00e9cifiques de la fili\u00e8re des r\u00e9seaux \u00e9lectriques, dans un contexte de forte croissance de ses activit\u00e9s port\u00e9es par la d\u00e9carbonation et l\u2019\u00e9lectrification des usages.<\/p>\n<p>Depuis la rentr\u00e9e de septembre 2023, 50 lyc\u00e9es font partie de ces programmes en France, dont 10 dans le Grand Est. <i>C<\/i>e partenariat est le 2<sup>\u00e8me<\/sup> dans les Vosges, apr\u00e8s celui conclu avec le lyc\u00e9e Georges Baumont de Saint-Di\u00e9-des-Vosges.<\/p>\n<p>Les classes \u00ab r\u00e9seaux \u00e9lectriques \u00bb concernent tous les lyc\u00e9es ayant une classe de Bac Pro m\u00e9tiers<br \/>\nde l&rsquo;\u00e9lectricit\u00e9 et de ses environnements connect\u00e9s (MELEC).<\/p>\n\n\t\t<style type=\"text\/css\">\n\t\t\t#gallery-1 {\n\t\t\t\tmargin: auto;\n\t\t\t}\n\t\t\t#gallery-1 .gallery-item {\n\t\t\t\tfloat: left;\n\t\t\t\tmargin-top: 10px;\n\t\t\t\ttext-align: center;\n\t\t\t\twidth: 33%;\n\t\t\t}\n\t\t\t#gallery-1 img {\n\t\t\t\tborder: 2px solid #cfcfcf;\n\t\t\t}\n\t\t\t#gallery-1 .gallery-caption {\n\t\t\t\tmargin-left: 0;\n\t\t\t}\n\t\t\t\/* see gallery_shortcode() in wp-includes\/media.php *\/\n\t\t<\/style>\n\t\t<div id='gallery-1' class='gallery galleryid-42470 gallery-columns-3 gallery-size-large'><dl class='gallery-item'>\n\t\t\t<dt class='gallery-icon landscape'>\n\t\t\t\t<a href='https:\/\/vosgesinfo.fr\/app\/uploads\/sites\/3\/2024\/06\/p1070377-scaled.jpg'><img decoding=\"async\" width=\"1024\" height=\"768\" src=\"https:\/\/vosgesinfo.fr\/app\/uploads\/sites\/3\/2024\/06\/p1070377-1024x768.jpg\" class=\"attachment-large size-large\" alt=\"\" srcset=\"https:\/\/vosgesinfo.fr\/app\/uploads\/sites\/3\/2024\/06\/p1070377-1024x768.jpg 1024w, https:\/\/vosgesinfo.fr\/app\/uploads\/sites\/3\/2024\/06\/p1070377-300x225.jpg 300w, https:\/\/vosgesinfo.fr\/app\/uploads\/sites\/3\/2024\/06\/p1070377-768x576.jpg 768w, https:\/\/vosgesinfo.fr\/app\/uploads\/sites\/3\/2024\/06\/p1070377-1536x1152.jpg 1536w, https:\/\/vosgesinfo.fr\/app\/uploads\/sites\/3\/2024\/06\/p1070377-2048x1536.jpg 2048w\" sizes=\"(max-width: 1024px) 100vw, 1024px\" \/><\/a>\n\t\t\t<\/dt><\/dl><dl class='gallery-item'>\n\t\t\t<dt class='gallery-icon landscape'>\n\t\t\t\t<a href='https:\/\/vosgesinfo.fr\/app\/uploads\/sites\/3\/2024\/06\/p1070379-scaled.jpg'><img decoding=\"async\" width=\"1024\" height=\"768\" src=\"https:\/\/vosgesinfo.fr\/app\/uploads\/sites\/3\/2024\/06\/p1070379-1024x768.jpg\" class=\"attachment-large size-large\" alt=\"\" srcset=\"https:\/\/vosgesinfo.fr\/app\/uploads\/sites\/3\/2024\/06\/p1070379-1024x768.jpg 1024w, https:\/\/vosgesinfo.fr\/app\/uploads\/sites\/3\/2024\/06\/p1070379-300x225.jpg 300w, https:\/\/vosgesinfo.fr\/app\/uploads\/sites\/3\/2024\/06\/p1070379-768x576.jpg 768w, https:\/\/vosgesinfo.fr\/app\/uploads\/sites\/3\/2024\/06\/p1070379-1536x1152.jpg 1536w, https:\/\/vosgesinfo.fr\/app\/uploads\/sites\/3\/2024\/06\/p1070379-2048x1536.jpg 2048w\" sizes=\"(max-width: 1024px) 100vw, 1024px\" \/><\/a>\n\t\t\t<\/dt><\/dl><dl class='gallery-item'>\n\t\t\t<dt class='gallery-icon landscape'>\n\t\t\t\t<a href='https:\/\/vosgesinfo.fr\/app\/uploads\/sites\/3\/2024\/06\/p1070369-scaled.jpg'><img decoding=\"async\" width=\"1024\" height=\"768\" src=\"https:\/\/vosgesinfo.fr\/app\/uploads\/sites\/3\/2024\/06\/p1070369-1024x768.jpg\" class=\"attachment-large size-large\" alt=\"\" srcset=\"https:\/\/vosgesinfo.fr\/app\/uploads\/sites\/3\/2024\/06\/p1070369-1024x768.jpg 1024w, https:\/\/vosgesinfo.fr\/app\/uploads\/sites\/3\/2024\/06\/p1070369-300x225.jpg 300w, https:\/\/vosgesinfo.fr\/app\/uploads\/sites\/3\/2024\/06\/p1070369-768x576.jpg 768w, https:\/\/vosgesinfo.fr\/app\/uploads\/sites\/3\/2024\/06\/p1070369-1536x1152.jpg 1536w, https:\/\/vosgesinfo.fr\/app\/uploads\/sites\/3\/2024\/06\/p1070369-2048x1536.jpg 2048w\" sizes=\"(max-width: 1024px) 100vw, 1024px\" \/><\/a>\n\t\t\t<\/dt><\/dl><br style=\"clear: both\" \/><dl class='gallery-item'>\n\t\t\t<dt class='gallery-icon landscape'>\n\t\t\t\t<a href='https:\/\/vosgesinfo.fr\/app\/uploads\/sites\/3\/2024\/06\/p1070375-scaled.jpg'><img decoding=\"async\" width=\"1024\" height=\"768\" src=\"https:\/\/vosgesinfo.fr\/app\/uploads\/sites\/3\/2024\/06\/p1070375-1024x768.jpg\" class=\"attachment-large size-large\" alt=\"\" srcset=\"https:\/\/vosgesinfo.fr\/app\/uploads\/sites\/3\/2024\/06\/p1070375-1024x768.jpg 1024w, https:\/\/vosgesinfo.fr\/app\/uploads\/sites\/3\/2024\/06\/p1070375-300x225.jpg 300w, https:\/\/vosgesinfo.fr\/app\/uploads\/sites\/3\/2024\/06\/p1070375-768x576.jpg 768w, https:\/\/vosgesinfo.fr\/app\/uploads\/sites\/3\/2024\/06\/p1070375-1536x1152.jpg 1536w, https:\/\/vosgesinfo.fr\/app\/uploads\/sites\/3\/2024\/06\/p1070375-2048x1536.jpg 2048w\" sizes=\"(max-width: 1024px) 100vw, 1024px\" \/><\/a>\n\t\t\t<\/dt><\/dl>\n\t\t\t<br style='clear: both' \/>\n\t\t<\/div>\n\n","protected":false},"excerpt":{"rendered":"<p>Ce vendredi 14 juin avait lieu la signature de la convention entre ENEDIS, Boiron et le lyc\u00e9e Pierre Mend\u00e8s France [&hellip;]<\/p>\n","protected":false},"author":52,"featured_media":42471,"comment_status":"open","ping_status":"open","sticky":false,"template":"","format":"standard","meta":{"footnotes":""},"categories":[22,15,24],"tags":[555,6408],"class_list":["post-42470","post","type-post","status-publish","format-standard","has-post-thumbnail","hentry","category-a-la-une","category-education","category-epinal","tag-lycee-pierre-mendes-france-depinal","tag-reseaux-electriques-pour-la-transition-energetique"],"acf":[],"yoast_head":"<!-- This site is optimized with the Yoast SEO plugin v22.5 - https:\/\/yoast.com\/wordpress\/plugins\/seo\/ -->\n<title>Des classes &quot;r\u00e9seaux \u00e9lectriques pour la transition \u00e9nerg\u00e9tique&quot; au lyc\u00e9e Pierre Mend\u00e8s France d\u2019\u00c9pinal - Epinal Info<\/title>\n<meta name=\"robots\" content=\"index, follow, max-snippet:-1, max-image-preview:large, max-video-preview:-1\" \/>\n<link rel=\"canonical\" href=\"https:\/\/vosgesinfo.fr\/epinalinfo\/2024\/06\/des-classes-reseaux-electriques-pour-la-transition-energetique-au-lycee-pierre-mendes-france-depinal\/\" \/>\n<meta name=\"twitter:card\" content=\"summary_large_image\" \/>\n<meta name=\"twitter:title\" content=\"Des classes &quot;r\u00e9seaux \u00e9lectriques pour la transition \u00e9nerg\u00e9tique&quot; au lyc\u00e9e Pierre Mend\u00e8s France d\u2019\u00c9pinal - Epinal Info\" \/>\n<meta name=\"twitter:description\" content=\"Ce vendredi 14 juin avait lieu la signature de la convention entre ENEDIS, Boiron et le lyc\u00e9e Pierre Mend\u00e8s France [&hellip;]\" \/>\n<meta name=\"twitter:image\" content=\"https:\/\/vosgesinfo.fr\/app\/uploads\/sites\/3\/2024\/06\/p1070377-1024x768.jpg\" \/>\n<meta name=\"twitter:creator\" content=\"@VosgesInfo88\" \/>\n<meta name=\"twitter:site\" content=\"@VosgesInfo88\" \/>\n<meta name=\"twitter:label1\" content=\"\u00c9crit par\" \/>\n\t<meta name=\"twitter:data1\" content=\"C.K.\" \/>\n\t<meta name=\"twitter:label2\" content=\"Dur\u00e9e de lecture estim\u00e9e\" \/>\n\t<meta name=\"twitter:data2\" content=\"2 minutes\" \/>\n<script type=\"application\/ld+json\" class=\"yoast-schema-graph\">{\"@context\":\"https:\/\/schema.org\",\"@graph\":[{\"@type\":\"Article\",\"@id\":\"https:\/\/vosgesinfo.fr\/epinalinfo\/2024\/06\/des-classes-reseaux-electriques-pour-la-transition-energetique-au-lycee-pierre-mendes-france-depinal\/#article\",\"isPartOf\":{\"@id\":\"https:\/\/vosgesinfo.fr\/epinalinfo\/2024\/06\/des-classes-reseaux-electriques-pour-la-transition-energetique-au-lycee-pierre-mendes-france-depinal\/\"},\"author\":{\"name\":\"C.K.\",\"@id\":\"https:\/\/vosgesinfo.fr\/epinalinfo\/#\/schema\/person\/6f9a650eeea99d969b6c4ab78fccbe81\"},\"headline\":\"Des classes \u00ab\u00a0r\u00e9seaux \u00e9lectriques pour la transition \u00e9nerg\u00e9tique\u00a0\u00bb au lyc\u00e9e Pierre Mend\u00e8s France d\u2019\u00c9pinal\",\"datePublished\":\"2024-06-14T13:32:31+00:00\",\"dateModified\":\"2024-06-14T13:32:31+00:00\",\"mainEntityOfPage\":{\"@id\":\"https:\/\/vosgesinfo.fr\/epinalinfo\/2024\/06\/des-classes-reseaux-electriques-pour-la-transition-energetique-au-lycee-pierre-mendes-france-depinal\/\"},\"wordCount\":351,\"commentCount\":0,\"publisher\":{\"@id\":\"https:\/\/vosgesinfo.fr\/epinalinfo\/#organization\"},\"image\":{\"@id\":\"https:\/\/vosgesinfo.fr\/epinalinfo\/2024\/06\/des-classes-reseaux-electriques-pour-la-transition-energetique-au-lycee-pierre-mendes-france-depinal\/#primaryimage\"},\"thumbnailUrl\":\"https:\/\/vosgesinfo.fr\/app\/uploads\/sites\/3\/2024\/06\/p1070373-scaled.jpg\",\"keywords\":[\"Lyc\u00e9e Pierre Mend\u00e8s France d\u2019Epinal\",\"r\u00e9seaux \u00e9lectriques pour la transition \u00e9nerg\u00e9tique\"],\"articleSection\":[\"A la Une\",\"\u00c9ducation\",\"Epinal\"],\"inLanguage\":\"fr-FR\",\"potentialAction\":[{\"@type\":\"CommentAction\",\"name\":\"Comment\",\"target\":[\"https:\/\/vosgesinfo.fr\/epinalinfo\/2024\/06\/des-classes-reseaux-electriques-pour-la-transition-energetique-au-lycee-pierre-mendes-france-depinal\/#respond\"]}]},{\"@type\":\"WebPage\",\"@id\":\"https:\/\/vosgesinfo.fr\/epinalinfo\/2024\/06\/des-classes-reseaux-electriques-pour-la-transition-energetique-au-lycee-pierre-mendes-france-depinal\/\",\"url\":\"https:\/\/vosgesinfo.fr\/epinalinfo\/2024\/06\/des-classes-reseaux-electriques-pour-la-transition-energetique-au-lycee-pierre-mendes-france-depinal\/\",\"name\":\"Des classes \\\"r\u00e9seaux \u00e9lectriques pour la transition \u00e9nerg\u00e9tique\\\" au lyc\u00e9e Pierre Mend\u00e8s France d\u2019\u00c9pinal - Epinal Info\",\"isPartOf\":{\"@id\":\"https:\/\/vosgesinfo.fr\/epinalinfo\/#website\"},\"primaryImageOfPage\":{\"@id\":\"https:\/\/vosgesinfo.fr\/epinalinfo\/2024\/06\/des-classes-reseaux-electriques-pour-la-transition-energetique-au-lycee-pierre-mendes-france-depinal\/#primaryimage\"},\"image\":{\"@id\":\"https:\/\/vosgesinfo.fr\/epinalinfo\/2024\/06\/des-classes-reseaux-electriques-pour-la-transition-energetique-au-lycee-pierre-mendes-france-depinal\/#primaryimage\"},\"thumbnailUrl\":\"https:\/\/vosgesinfo.fr\/app\/uploads\/sites\/3\/2024\/06\/p1070373-scaled.jpg\",\"datePublished\":\"2024-06-14T13:32:31+00:00\",\"dateModified\":\"2024-06-14T13:32:31+00:00\",\"breadcrumb\":{\"@id\":\"https:\/\/vosgesinfo.fr\/epinalinfo\/2024\/06\/des-classes-reseaux-electriques-pour-la-transition-energetique-au-lycee-pierre-mendes-france-depinal\/#breadcrumb\"},\"inLanguage\":\"fr-FR\",\"potentialAction\":[{\"@type\":\"ReadAction\",\"target\":[\"https:\/\/vosgesinfo.fr\/epinalinfo\/2024\/06\/des-classes-reseaux-electriques-pour-la-transition-energetique-au-lycee-pierre-mendes-france-depinal\/\"]}]},{\"@type\":\"ImageObject\",\"inLanguage\":\"fr-FR\",\"@id\":\"https:\/\/vosgesinfo.fr\/epinalinfo\/2024\/06\/des-classes-reseaux-electriques-pour-la-transition-energetique-au-lycee-pierre-mendes-france-depinal\/#primaryimage\",\"url\":\"https:\/\/vosgesinfo.fr\/app\/uploads\/sites\/3\/2024\/06\/p1070373-scaled.jpg\",\"contentUrl\":\"https:\/\/vosgesinfo.fr\/app\/uploads\/sites\/3\/2024\/06\/p1070373-scaled.jpg\",\"width\":2560,\"height\":1920},{\"@type\":\"BreadcrumbList\",\"@id\":\"https:\/\/vosgesinfo.fr\/epinalinfo\/2024\/06\/des-classes-reseaux-electriques-pour-la-transition-energetique-au-lycee-pierre-mendes-france-depinal\/#breadcrumb\",\"itemListElement\":[{\"@type\":\"ListItem\",\"position\":1,\"name\":\"Home\",\"item\":\"https:\/\/vosgesinfo.fr\/epinalinfo\/\"},{\"@type\":\"ListItem\",\"position\":2,\"name\":\"Des classes \u00ab\u00a0r\u00e9seaux \u00e9lectriques pour la transition \u00e9nerg\u00e9tique\u00a0\u00bb au lyc\u00e9e Pierre Mend\u00e8s France d\u2019\u00c9pinal\"}]},{\"@type\":\"WebSite\",\"@id\":\"https:\/\/vosgesinfo.fr\/epinalinfo\/#website\",\"url\":\"https:\/\/vosgesinfo.fr\/epinalinfo\/\",\"name\":\"Epinal Info\",\"description\":\"Toute l&#039;actualit\u00e9 d&#039;\u00c9pinal\",\"publisher\":{\"@id\":\"https:\/\/vosgesinfo.fr\/epinalinfo\/#organization\"},\"alternateName\":\"Toute l'actualit\u00e9 d'\u00c9pinal\",\"potentialAction\":[{\"@type\":\"SearchAction\",\"target\":{\"@type\":\"EntryPoint\",\"urlTemplate\":\"https:\/\/vosgesinfo.fr\/epinalinfo\/?s={search_term_string}\"},\"query-input\":\"required name=search_term_string\"}],\"inLanguage\":\"fr-FR\"},{\"@type\":\"Organization\",\"@id\":\"https:\/\/vosgesinfo.fr\/epinalinfo\/#organization\",\"name\":\"Epinal Info\",\"url\":\"https:\/\/vosgesinfo.fr\/epinalinfo\/\",\"logo\":{\"@type\":\"ImageObject\",\"inLanguage\":\"fr-FR\",\"@id\":\"https:\/\/vosgesinfo.fr\/epinalinfo\/#\/schema\/logo\/image\/\",\"url\":\"https:\/\/vosgesinfo.fr\/app\/uploads\/sites\/3\/2023\/08\/logo-epinalinfos.svg\",\"contentUrl\":\"https:\/\/vosgesinfo.fr\/app\/uploads\/sites\/3\/2023\/08\/logo-epinalinfos.svg\",\"width\":1,\"height\":1,\"caption\":\"Epinal Info\"},\"image\":{\"@id\":\"https:\/\/vosgesinfo.fr\/epinalinfo\/#\/schema\/logo\/image\/\"},\"sameAs\":[\"https:\/\/www.facebook.com\/Epinalinfos\",\"https:\/\/x.com\/VosgesInfo88\",\"https:\/\/www.youtube.com\/@vosgesinfo\"]},{\"@type\":\"Person\",\"@id\":\"https:\/\/vosgesinfo.fr\/epinalinfo\/#\/schema\/person\/6f9a650eeea99d969b6c4ab78fccbe81\",\"name\":\"C.K.\",\"image\":{\"@type\":\"ImageObject\",\"inLanguage\":\"fr-FR\",\"@id\":\"https:\/\/vosgesinfo.fr\/epinalinfo\/#\/schema\/person\/image\/\",\"url\":\"https:\/\/secure.gravatar.com\/avatar\/48e3fc7f8421ba8942be6b74a2b7f014ca39bc00dece156b7a8e098ae7dc87bf?s=96&d=mm&r=g\",\"contentUrl\":\"https:\/\/secure.gravatar.com\/avatar\/48e3fc7f8421ba8942be6b74a2b7f014ca39bc00dece156b7a8e098ae7dc87bf?s=96&d=mm&r=g\",\"caption\":\"C.K.\"},\"url\":\"https:\/\/vosgesinfo.fr\/epinalinfo\/author\/celia-k-n\/\"}]}<\/script>\n<!-- \/ Yoast SEO plugin. -->","yoast_head_json":{"title":"Des classes \"r\u00e9seaux \u00e9lectriques pour la transition \u00e9nerg\u00e9tique\" au lyc\u00e9e Pierre Mend\u00e8s France d\u2019\u00c9pinal - Epinal Info","robots":{"index":"index","follow":"follow","max-snippet":"max-snippet:-1","max-image-preview":"max-image-preview:large","max-video-preview":"max-video-preview:-1"},"canonical":"https:\/\/vosgesinfo.fr\/epinalinfo\/2024\/06\/des-classes-reseaux-electriques-pour-la-transition-energetique-au-lycee-pierre-mendes-france-depinal\/","twitter_card":"summary_large_image","twitter_title":"Des classes \"r\u00e9seaux \u00e9lectriques pour la transition \u00e9nerg\u00e9tique\" au lyc\u00e9e Pierre Mend\u00e8s France d\u2019\u00c9pinal - Epinal Info","twitter_description":"Ce vendredi 14 juin avait lieu la signature de la convention entre ENEDIS, Boiron et le lyc\u00e9e Pierre Mend\u00e8s France [&hellip;]","twitter_image":"https:\/\/vosgesinfo.fr\/app\/uploads\/sites\/3\/2024\/06\/p1070377-1024x768.jpg","twitter_creator":"@VosgesInfo88","twitter_site":"@VosgesInfo88","twitter_misc":{"\u00c9crit par":"C.K.","Dur\u00e9e de lecture estim\u00e9e":"2 minutes"},"schema":{"@context":"https:\/\/schema.org","@graph":[{"@type":"Article","@id":"https:\/\/vosgesinfo.fr\/epinalinfo\/2024\/06\/des-classes-reseaux-electriques-pour-la-transition-energetique-au-lycee-pierre-mendes-france-depinal\/#article","isPartOf":{"@id":"https:\/\/vosgesinfo.fr\/epinalinfo\/2024\/06\/des-classes-reseaux-electriques-pour-la-transition-energetique-au-lycee-pierre-mendes-france-depinal\/"},"author":{"name":"C.K.","@id":"https:\/\/vosgesinfo.fr\/epinalinfo\/#\/schema\/person\/6f9a650eeea99d969b6c4ab78fccbe81"},"headline":"Des classes \u00ab\u00a0r\u00e9seaux \u00e9lectriques pour la transition \u00e9nerg\u00e9tique\u00a0\u00bb au lyc\u00e9e Pierre Mend\u00e8s France d\u2019\u00c9pinal","datePublished":"2024-06-14T13:32:31+00:00","dateModified":"2024-06-14T13:32:31+00:00","mainEntityOfPage":{"@id":"https:\/\/vosgesinfo.fr\/epinalinfo\/2024\/06\/des-classes-reseaux-electriques-pour-la-transition-energetique-au-lycee-pierre-mendes-france-depinal\/"},"wordCount":351,"commentCount":0,"publisher":{"@id":"https:\/\/vosgesinfo.fr\/epinalinfo\/#organization"},"image":{"@id":"https:\/\/vosgesinfo.fr\/epinalinfo\/2024\/06\/des-classes-reseaux-electriques-pour-la-transition-energetique-au-lycee-pierre-mendes-france-depinal\/#primaryimage"},"thumbnailUrl":"https:\/\/vosgesinfo.fr\/app\/uploads\/sites\/3\/2024\/06\/p1070373-scaled.jpg","keywords":["Lyc\u00e9e Pierre Mend\u00e8s France d\u2019Epinal","r\u00e9seaux \u00e9lectriques pour la transition \u00e9nerg\u00e9tique"],"articleSection":["A la Une","\u00c9ducation","Epinal"],"inLanguage":"fr-FR","potentialAction":[{"@type":"CommentAction","name":"Comment","target":["https:\/\/vosgesinfo.fr\/epinalinfo\/2024\/06\/des-classes-reseaux-electriques-pour-la-transition-energetique-au-lycee-pierre-mendes-france-depinal\/#respond"]}]},{"@type":"WebPage","@id":"https:\/\/vosgesinfo.fr\/epinalinfo\/2024\/06\/des-classes-reseaux-electriques-pour-la-transition-energetique-au-lycee-pierre-mendes-france-depinal\/","url":"https:\/\/vosgesinfo.fr\/epinalinfo\/2024\/06\/des-classes-reseaux-electriques-pour-la-transition-energetique-au-lycee-pierre-mendes-france-depinal\/","name":"Des classes \"r\u00e9seaux \u00e9lectriques pour la transition \u00e9nerg\u00e9tique\" au lyc\u00e9e Pierre Mend\u00e8s France d\u2019\u00c9pinal - Epinal Info","isPartOf":{"@id":"https:\/\/vosgesinfo.fr\/epinalinfo\/#website"},"primaryImageOfPage":{"@id":"https:\/\/vosgesinfo.fr\/epinalinfo\/2024\/06\/des-classes-reseaux-electriques-pour-la-transition-energetique-au-lycee-pierre-mendes-france-depinal\/#primaryimage"},"image":{"@id":"https:\/\/vosgesinfo.fr\/epinalinfo\/2024\/06\/des-classes-reseaux-electriques-pour-la-transition-energetique-au-lycee-pierre-mendes-france-depinal\/#primaryimage"},"thumbnailUrl":"https:\/\/vosgesinfo.fr\/app\/uploads\/sites\/3\/2024\/06\/p1070373-scaled.jpg","datePublished":"2024-06-14T13:32:31+00:00","dateModified":"2024-06-14T13:32:31+00:00","breadcrumb":{"@id":"https:\/\/vosgesinfo.fr\/epinalinfo\/2024\/06\/des-classes-reseaux-electriques-pour-la-transition-energetique-au-lycee-pierre-mendes-france-depinal\/#breadcrumb"},"inLanguage":"fr-FR","potentialAction":[{"@type":"ReadAction","target":["https:\/\/vosgesinfo.fr\/epinalinfo\/2024\/06\/des-classes-reseaux-electriques-pour-la-transition-energetique-au-lycee-pierre-mendes-france-depinal\/"]}]},{"@type":"ImageObject","inLanguage":"fr-FR","@id":"https:\/\/vosgesinfo.fr\/epinalinfo\/2024\/06\/des-classes-reseaux-electriques-pour-la-transition-energetique-au-lycee-pierre-mendes-france-depinal\/#primaryimage","url":"https:\/\/vosgesinfo.fr\/app\/uploads\/sites\/3\/2024\/06\/p1070373-scaled.jpg","contentUrl":"https:\/\/vosgesinfo.fr\/app\/uploads\/sites\/3\/2024\/06\/p1070373-scaled.jpg","width":2560,"height":1920},{"@type":"BreadcrumbList","@id":"https:\/\/vosgesinfo.fr\/epinalinfo\/2024\/06\/des-classes-reseaux-electriques-pour-la-transition-energetique-au-lycee-pierre-mendes-france-depinal\/#breadcrumb","itemListElement":[{"@type":"ListItem","position":1,"name":"Home","item":"https:\/\/vosgesinfo.fr\/epinalinfo\/"},{"@type":"ListItem","position":2,"name":"Des classes \u00ab\u00a0r\u00e9seaux \u00e9lectriques pour la transition \u00e9nerg\u00e9tique\u00a0\u00bb au lyc\u00e9e Pierre Mend\u00e8s France d\u2019\u00c9pinal"}]},{"@type":"WebSite","@id":"https:\/\/vosgesinfo.fr\/epinalinfo\/#website","url":"https:\/\/vosgesinfo.fr\/epinalinfo\/","name":"Epinal Info","description":"Toute l&#039;actualit\u00e9 d&#039;\u00c9pinal","publisher":{"@id":"https:\/\/vosgesinfo.fr\/epinalinfo\/#organization"},"alternateName":"Toute l'actualit\u00e9 d'\u00c9pinal","potentialAction":[{"@type":"SearchAction","target":{"@type":"EntryPoint","urlTemplate":"https:\/\/vosgesinfo.fr\/epinalinfo\/?s={search_term_string}"},"query-input":"required name=search_term_string"}],"inLanguage":"fr-FR"},{"@type":"Organization","@id":"https:\/\/vosgesinfo.fr\/epinalinfo\/#organization","name":"Epinal Info","url":"https:\/\/vosgesinfo.fr\/epinalinfo\/","logo":{"@type":"ImageObject","inLanguage":"fr-FR","@id":"https:\/\/vosgesinfo.fr\/epinalinfo\/#\/schema\/logo\/image\/","url":"https:\/\/vosgesinfo.fr\/app\/uploads\/sites\/3\/2023\/08\/logo-epinalinfos.svg","contentUrl":"https:\/\/vosgesinfo.fr\/app\/uploads\/sites\/3\/2023\/08\/logo-epinalinfos.svg","width":1,"height":1,"caption":"Epinal Info"},"image":{"@id":"https:\/\/vosgesinfo.fr\/epinalinfo\/#\/schema\/logo\/image\/"},"sameAs":["https:\/\/www.facebook.com\/Epinalinfos","https:\/\/x.com\/VosgesInfo88","https:\/\/www.youtube.com\/@vosgesinfo"]},{"@type":"Person","@id":"https:\/\/vosgesinfo.fr\/epinalinfo\/#\/schema\/person\/6f9a650eeea99d969b6c4ab78fccbe81","name":"C.K.","image":{"@type":"ImageObject","inLanguage":"fr-FR","@id":"https:\/\/vosgesinfo.fr\/epinalinfo\/#\/schema\/person\/image\/","url":"https:\/\/secure.gravatar.com\/avatar\/48e3fc7f8421ba8942be6b74a2b7f014ca39bc00dece156b7a8e098ae7dc87bf?s=96&d=mm&r=g","contentUrl":"https:\/\/secure.gravatar.com\/avatar\/48e3fc7f8421ba8942be6b74a2b7f014ca39bc00dece156b7a8e098ae7dc87bf?s=96&d=mm&r=g","caption":"C.K."},"url":"https:\/\/vosgesinfo.fr\/epinalinfo\/author\/celia-k-n\/"}]}},"_links":{"self":[{"href":"https:\/\/vosgesinfo.fr\/epinalinfo\/wp-json\/wp\/v2\/posts\/42470","targetHints":{"allow":["GET"]}}],"collection":[{"href":"https:\/\/vosgesinfo.fr\/epinalinfo\/wp-json\/wp\/v2\/posts"}],"about":[{"href":"https:\/\/vosgesinfo.fr\/epinalinfo\/wp-json\/wp\/v2\/types\/post"}],"author":[{"embeddable":true,"href":"https:\/\/vosgesinfo.fr\/epinalinfo\/wp-json\/wp\/v2\/users\/52"}],"replies":[{"embeddable":true,"href":"https:\/\/vosgesinfo.fr\/epinalinfo\/wp-json\/wp\/v2\/comments?post=42470"}],"version-history":[{"count":1,"href":"https:\/\/vosgesinfo.fr\/epinalinfo\/wp-json\/wp\/v2\/posts\/42470\/revisions"}],"predecessor-version":[{"id":42476,"href":"https:\/\/vosgesinfo.fr\/epinalinfo\/wp-json\/wp\/v2\/posts\/42470\/revisions\/42476"}],"wp:featuredmedia":[{"embeddable":true,"href":"https:\/\/vosgesinfo.fr\/epinalinfo\/wp-json\/wp\/v2\/media\/42471"}],"wp:attachment":[{"href":"https:\/\/vosgesinfo.fr\/epinalinfo\/wp-json\/wp\/v2\/media?parent=42470"}],"wp:term":[{"taxonomy":"category","embeddable":true,"href":"https:\/\/vosgesinfo.fr\/epinalinfo\/wp-json\/wp\/v2\/categories?post=42470"},{"taxonomy":"post_tag","embeddable":true,"href":"https:\/\/vosgesinfo.fr\/epinalinfo\/wp-json\/wp\/v2\/tags?post=42470"}],"curies":[{"name":"wp","href":"https:\/\/api.w.org\/{rel}","templated":true}]}}