{"id":42575,"date":"2024-06-17T11:52:15","date_gmt":"2024-06-17T09:52:15","guid":{"rendered":"https:\/\/vosgesinfo.fr\/epinalinfo\/?p=42575"},"modified":"2024-06-17T11:52:15","modified_gmt":"2024-06-17T09:52:15","slug":"nomination-de-christelle-ratignier-carbonneil-en-tant-que-directrice-generale-de-lars-grand-est","status":"publish","type":"post","link":"https:\/\/vosgesinfo.fr\/epinalinfo\/2024\/06\/nomination-de-christelle-ratignier-carbonneil-en-tant-que-directrice-generale-de-lars-grand-est\/","title":{"rendered":"Nomination de Christelle Ratignier-Carbonneil en tant que Directrice G\u00e9n\u00e9rale de l\u2019ARS Grand Est"},"content":{"rendered":"<h2><img decoding=\"async\" class=\"aligncenter size-full wp-image-42576\" src=\"https:\/\/vosgesinfo.fr\/app\/uploads\/sites\/3\/2024\/06\/sans-titre-2.jpg\" alt=\"\" width=\"336\" height=\"423\" srcset=\"https:\/\/vosgesinfo.fr\/app\/uploads\/sites\/3\/2024\/06\/sans-titre-2.jpg 336w, https:\/\/vosgesinfo.fr\/app\/uploads\/sites\/3\/2024\/06\/sans-titre-2-238x300.jpg 238w\" sizes=\"(max-width: 336px) 100vw, 336px\" \/>Christelle Ratignier-Carbonneil est nomm\u00e9e Directrice G\u00e9n\u00e9rale de l\u2019Agence R\u00e9gionale de Sant\u00e9 Grand Est \u00e0 compter du 15 juin 2024.<\/h2>\n<p>Christelle Ratignier-Carbonneil est titulaire d\u2019un doctorat en immuno-h\u00e9matologie et chercheure de formation. Directrice G\u00e9n\u00e9rale de l\u2019Agence nationale de s\u00e9curit\u00e9 du m\u00e9dicament et des produits de sant\u00e9 (ANSM) depuis d\u00e9cembre 2020, apr\u00e8s avoir \u00e9t\u00e9 Directrice g\u00e9n\u00e9rale adjointe en charge des op\u00e9rations \u00e0 partir de d\u00e9cembre 2016, elle a d\u00e9but\u00e9 sa carri\u00e8re dans cette institution en 2002, o\u00f9 elle a exerc\u00e9 diverses fonctions en lien avec l\u2019\u00e9valuation clinique et th\u00e9rapeutique des m\u00e9dicaments, notamment dans le domaine des m\u00e9dicaments biologiques, des m\u00e9dicaments orphelins, des m\u00e9dicaments de pneumologie-ORL et de l\u2019autom\u00e9dication.<\/p>\n<p>En 2010, elle a rejoint le cabinet du ministre du travail, de l&#8217;emploi et de la sant\u00e9 en tant que conseill\u00e8re pour les produits et les industries de sant\u00e9. Elle y a jou\u00e9 un r\u00f4le central dans la cr\u00e9ation du fonds d&rsquo;indemnisation des victimes de Mediator et dans la r\u00e9daction de la loi relative au renforcement de la s\u00e9curit\u00e9 sanitaire du m\u00e9dicament et des produits de sant\u00e9.<\/p>\n<p>En 2012, Mme Ratignier-Carbonneil a poursuivi son parcours professionnel \u00e0 la CNAM, o\u00f9 elle a occup\u00e9 les fonctions de directrice adjointe et dirig\u00e9 le d\u00e9partement des produits de sant\u00e9. \u00c0 ce poste, elle \u00e9tait en charge<br \/>\ndes activit\u00e9s relatives aux m\u00e9dicaments, aux dispositifs m\u00e9dicaux et aux actes de biologie, ainsi que des relations conventionnelles avec les pharmaciens d&rsquo;officine, les professionnels des dispositifs m\u00e9dicaux et les biologistes m\u00e9dicaux lib\u00e9raux.<\/p>\n<p>Son mandat \u00e0 la t\u00eate de l&rsquo;ANSM s\u2019est inscrit dans une strat\u00e9gie appuy\u00e9e d\u2019ouverture aux parties prenantes<br \/>\net de mobilisation de l\u2019ensemble de l\u2019\u00e9cosyst\u00e8me pour r\u00e9pondre aux besoins des patients, notamment dans<br \/>\nle cadre des d\u00e9fis pos\u00e9s par la crise du Covid-19 et les difficult\u00e9s r\u00e9currentes d&rsquo;approvisionnement en m\u00e9dicaments et dispositifs m\u00e9dicaux. Mme Ratignier-Carbonneil a su faire preuve de leadership et d&rsquo;engagement pour am\u00e9liorer la coordination entre les diff\u00e9rents acteurs du monde des produits de sant\u00e9 et apporter en continu une information juste, fiable et adapt\u00e9e aux diff\u00e9rents publics.<\/p>\n","protected":false},"excerpt":{"rendered":"<p>Christelle Ratignier-Carbonneil est nomm\u00e9e Directrice G\u00e9n\u00e9rale de l\u2019Agence R\u00e9gionale de Sant\u00e9 Grand Est \u00e0 compter du 15 juin 2024. Christelle [&hellip;]<\/p>\n","protected":false},"author":52,"featured_media":42576,"comment_status":"open","ping_status":"open","sticky":false,"template":"","format":"standard","meta":{"footnotes":""},"categories":[22,14,5],"tags":[],"class_list":["post-42575","post","type-post","status-publish","format-standard","has-post-thumbnail","hentry","category-a-la-une","category-sante","category-vosges"],"acf":[],"yoast_head":"<!-- This site is optimized with the Yoast SEO plugin v22.5 - https:\/\/yoast.com\/wordpress\/plugins\/seo\/ -->\n<title>Nomination de Christelle Ratignier-Carbonneil en tant que Directrice G\u00e9n\u00e9rale de l\u2019ARS Grand Est - Epinal Info<\/title>\n<meta name=\"robots\" content=\"index, follow, max-snippet:-1, max-image-preview:large, max-video-preview:-1\" \/>\n<link rel=\"canonical\" href=\"https:\/\/vosgesinfo.fr\/epinalinfo\/?p=42575\" \/>\n<meta name=\"twitter:card\" content=\"summary_large_image\" \/>\n<meta name=\"twitter:title\" content=\"Nomination de Christelle Ratignier-Carbonneil en tant que Directrice G\u00e9n\u00e9rale de l\u2019ARS Grand Est - Epinal Info\" \/>\n<meta name=\"twitter:description\" content=\"Christelle Ratignier-Carbonneil est nomm\u00e9e Directrice G\u00e9n\u00e9rale de l\u2019Agence R\u00e9gionale de Sant\u00e9 Grand Est \u00e0 compter du 15 juin 2024. Christelle [&hellip;]\" \/>\n<meta name=\"twitter:creator\" content=\"@VosgesInfo88\" \/>\n<meta name=\"twitter:site\" content=\"@VosgesInfo88\" \/>\n<meta name=\"twitter:label1\" content=\"\u00c9crit par\" \/>\n\t<meta name=\"twitter:data1\" content=\"C.K.\" \/>\n\t<meta name=\"twitter:label2\" content=\"Dur\u00e9e de lecture estim\u00e9e\" \/>\n\t<meta name=\"twitter:data2\" content=\"2 minutes\" \/>\n<script type=\"application\/ld+json\" class=\"yoast-schema-graph\">{\"@context\":\"https:\/\/schema.org\",\"@graph\":[{\"@type\":\"Article\",\"@id\":\"https:\/\/vosgesinfo.fr\/epinalinfo\/?p=42575#article\",\"isPartOf\":{\"@id\":\"https:\/\/vosgesinfo.fr\/epinalinfo\/?p=42575\"},\"author\":{\"name\":\"C.K.\",\"@id\":\"https:\/\/vosgesinfo.fr\/epinalinfo\/#\/schema\/person\/6f9a650eeea99d969b6c4ab78fccbe81\"},\"headline\":\"Nomination de Christelle Ratignier-Carbonneil en tant que Directrice G\u00e9n\u00e9rale de l\u2019ARS Grand Est\",\"datePublished\":\"2024-06-17T09:52:15+00:00\",\"dateModified\":\"2024-06-17T09:52:15+00:00\",\"mainEntityOfPage\":{\"@id\":\"https:\/\/vosgesinfo.fr\/epinalinfo\/?p=42575\"},\"wordCount\":400,\"commentCount\":1,\"publisher\":{\"@id\":\"https:\/\/vosgesinfo.fr\/epinalinfo\/#organization\"},\"image\":{\"@id\":\"https:\/\/vosgesinfo.fr\/epinalinfo\/?p=42575#primaryimage\"},\"thumbnailUrl\":\"https:\/\/vosgesinfo.fr\/app\/uploads\/sites\/3\/2024\/06\/sans-titre-2.jpg\",\"articleSection\":[\"A la Une\",\"Sant\u00e9\",\"Vosges\"],\"inLanguage\":\"fr-FR\",\"potentialAction\":[{\"@type\":\"CommentAction\",\"name\":\"Comment\",\"target\":[\"https:\/\/vosgesinfo.fr\/epinalinfo\/?p=42575#respond\"]}]},{\"@type\":\"WebPage\",\"@id\":\"https:\/\/vosgesinfo.fr\/epinalinfo\/?p=42575\",\"url\":\"https:\/\/vosgesinfo.fr\/epinalinfo\/?p=42575\",\"name\":\"Nomination de Christelle Ratignier-Carbonneil en tant que Directrice G\u00e9n\u00e9rale de l\u2019ARS Grand Est - Epinal Info\",\"isPartOf\":{\"@id\":\"https:\/\/vosgesinfo.fr\/epinalinfo\/#website\"},\"primaryImageOfPage\":{\"@id\":\"https:\/\/vosgesinfo.fr\/epinalinfo\/?p=42575#primaryimage\"},\"image\":{\"@id\":\"https:\/\/vosgesinfo.fr\/epinalinfo\/?p=42575#primaryimage\"},\"thumbnailUrl\":\"https:\/\/vosgesinfo.fr\/app\/uploads\/sites\/3\/2024\/06\/sans-titre-2.jpg\",\"datePublished\":\"2024-06-17T09:52:15+00:00\",\"dateModified\":\"2024-06-17T09:52:15+00:00\",\"breadcrumb\":{\"@id\":\"https:\/\/vosgesinfo.fr\/epinalinfo\/?p=42575#breadcrumb\"},\"inLanguage\":\"fr-FR\",\"potentialAction\":[{\"@type\":\"ReadAction\",\"target\":[\"https:\/\/vosgesinfo.fr\/epinalinfo\/?p=42575\"]}]},{\"@type\":\"ImageObject\",\"inLanguage\":\"fr-FR\",\"@id\":\"https:\/\/vosgesinfo.fr\/epinalinfo\/?p=42575#primaryimage\",\"url\":\"https:\/\/vosgesinfo.fr\/app\/uploads\/sites\/3\/2024\/06\/sans-titre-2.jpg\",\"contentUrl\":\"https:\/\/vosgesinfo.fr\/app\/uploads\/sites\/3\/2024\/06\/sans-titre-2.jpg\",\"width\":336,\"height\":423},{\"@type\":\"BreadcrumbList\",\"@id\":\"https:\/\/vosgesinfo.fr\/epinalinfo\/?p=42575#breadcrumb\",\"itemListElement\":[{\"@type\":\"ListItem\",\"position\":1,\"name\":\"Home\",\"item\":\"https:\/\/vosgesinfo.fr\/epinalinfo\/\"},{\"@type\":\"ListItem\",\"position\":2,\"name\":\"Nomination de Christelle Ratignier-Carbonneil en tant que Directrice G\u00e9n\u00e9rale de l\u2019ARS Grand Est\"}]},{\"@type\":\"WebSite\",\"@id\":\"https:\/\/vosgesinfo.fr\/epinalinfo\/#website\",\"url\":\"https:\/\/vosgesinfo.fr\/epinalinfo\/\",\"name\":\"Epinal Info\",\"description\":\"Toute l&#039;actualit\u00e9 d&#039;\u00c9pinal\",\"publisher\":{\"@id\":\"https:\/\/vosgesinfo.fr\/epinalinfo\/#organization\"},\"alternateName\":\"Toute l'actualit\u00e9 d'\u00c9pinal\",\"potentialAction\":[{\"@type\":\"SearchAction\",\"target\":{\"@type\":\"EntryPoint\",\"urlTemplate\":\"https:\/\/vosgesinfo.fr\/epinalinfo\/?s={search_term_string}\"},\"query-input\":\"required name=search_term_string\"}],\"inLanguage\":\"fr-FR\"},{\"@type\":\"Organization\",\"@id\":\"https:\/\/vosgesinfo.fr\/epinalinfo\/#organization\",\"name\":\"Epinal Info\",\"url\":\"https:\/\/vosgesinfo.fr\/epinalinfo\/\",\"logo\":{\"@type\":\"ImageObject\",\"inLanguage\":\"fr-FR\",\"@id\":\"https:\/\/vosgesinfo.fr\/epinalinfo\/#\/schema\/logo\/image\/\",\"url\":\"https:\/\/vosgesinfo.fr\/app\/uploads\/sites\/3\/2023\/08\/logo-epinalinfos.svg\",\"contentUrl\":\"https:\/\/vosgesinfo.fr\/app\/uploads\/sites\/3\/2023\/08\/logo-epinalinfos.svg\",\"width\":1,\"height\":1,\"caption\":\"Epinal Info\"},\"image\":{\"@id\":\"https:\/\/vosgesinfo.fr\/epinalinfo\/#\/schema\/logo\/image\/\"},\"sameAs\":[\"https:\/\/www.facebook.com\/Epinalinfos\",\"https:\/\/x.com\/VosgesInfo88\",\"https:\/\/www.youtube.com\/@vosgesinfo\"]},{\"@type\":\"Person\",\"@id\":\"https:\/\/vosgesinfo.fr\/epinalinfo\/#\/schema\/person\/6f9a650eeea99d969b6c4ab78fccbe81\",\"name\":\"C.K.\",\"image\":{\"@type\":\"ImageObject\",\"inLanguage\":\"fr-FR\",\"@id\":\"https:\/\/vosgesinfo.fr\/epinalinfo\/#\/schema\/person\/image\/\",\"url\":\"https:\/\/secure.gravatar.com\/avatar\/48e3fc7f8421ba8942be6b74a2b7f014ca39bc00dece156b7a8e098ae7dc87bf?s=96&d=mm&r=g\",\"contentUrl\":\"https:\/\/secure.gravatar.com\/avatar\/48e3fc7f8421ba8942be6b74a2b7f014ca39bc00dece156b7a8e098ae7dc87bf?s=96&d=mm&r=g\",\"caption\":\"C.K.\"},\"url\":\"https:\/\/vosgesinfo.fr\/epinalinfo\/author\/celia-k-n\/\"}]}<\/script>\n<!-- \/ Yoast SEO plugin. -->","yoast_head_json":{"title":"Nomination de Christelle Ratignier-Carbonneil en tant que Directrice G\u00e9n\u00e9rale de l\u2019ARS Grand Est - Epinal Info","robots":{"index":"index","follow":"follow","max-snippet":"max-snippet:-1","max-image-preview":"max-image-preview:large","max-video-preview":"max-video-preview:-1"},"canonical":"https:\/\/vosgesinfo.fr\/epinalinfo\/?p=42575","twitter_card":"summary_large_image","twitter_title":"Nomination de Christelle Ratignier-Carbonneil en tant que Directrice G\u00e9n\u00e9rale de l\u2019ARS Grand Est - Epinal Info","twitter_description":"Christelle Ratignier-Carbonneil est nomm\u00e9e Directrice G\u00e9n\u00e9rale de l\u2019Agence R\u00e9gionale de Sant\u00e9 Grand Est \u00e0 compter du 15 juin 2024. Christelle [&hellip;]","twitter_creator":"@VosgesInfo88","twitter_site":"@VosgesInfo88","twitter_misc":{"\u00c9crit par":"C.K.","Dur\u00e9e de lecture estim\u00e9e":"2 minutes"},"schema":{"@context":"https:\/\/schema.org","@graph":[{"@type":"Article","@id":"https:\/\/vosgesinfo.fr\/epinalinfo\/?p=42575#article","isPartOf":{"@id":"https:\/\/vosgesinfo.fr\/epinalinfo\/?p=42575"},"author":{"name":"C.K.","@id":"https:\/\/vosgesinfo.fr\/epinalinfo\/#\/schema\/person\/6f9a650eeea99d969b6c4ab78fccbe81"},"headline":"Nomination de Christelle Ratignier-Carbonneil en tant que Directrice G\u00e9n\u00e9rale de l\u2019ARS Grand Est","datePublished":"2024-06-17T09:52:15+00:00","dateModified":"2024-06-17T09:52:15+00:00","mainEntityOfPage":{"@id":"https:\/\/vosgesinfo.fr\/epinalinfo\/?p=42575"},"wordCount":400,"commentCount":1,"publisher":{"@id":"https:\/\/vosgesinfo.fr\/epinalinfo\/#organization"},"image":{"@id":"https:\/\/vosgesinfo.fr\/epinalinfo\/?p=42575#primaryimage"},"thumbnailUrl":"https:\/\/vosgesinfo.fr\/app\/uploads\/sites\/3\/2024\/06\/sans-titre-2.jpg","articleSection":["A la Une","Sant\u00e9","Vosges"],"inLanguage":"fr-FR","potentialAction":[{"@type":"CommentAction","name":"Comment","target":["https:\/\/vosgesinfo.fr\/epinalinfo\/?p=42575#respond"]}]},{"@type":"WebPage","@id":"https:\/\/vosgesinfo.fr\/epinalinfo\/?p=42575","url":"https:\/\/vosgesinfo.fr\/epinalinfo\/?p=42575","name":"Nomination de Christelle Ratignier-Carbonneil en tant que Directrice G\u00e9n\u00e9rale de l\u2019ARS Grand Est - Epinal Info","isPartOf":{"@id":"https:\/\/vosgesinfo.fr\/epinalinfo\/#website"},"primaryImageOfPage":{"@id":"https:\/\/vosgesinfo.fr\/epinalinfo\/?p=42575#primaryimage"},"image":{"@id":"https:\/\/vosgesinfo.fr\/epinalinfo\/?p=42575#primaryimage"},"thumbnailUrl":"https:\/\/vosgesinfo.fr\/app\/uploads\/sites\/3\/2024\/06\/sans-titre-2.jpg","datePublished":"2024-06-17T09:52:15+00:00","dateModified":"2024-06-17T09:52:15+00:00","breadcrumb":{"@id":"https:\/\/vosgesinfo.fr\/epinalinfo\/?p=42575#breadcrumb"},"inLanguage":"fr-FR","potentialAction":[{"@type":"ReadAction","target":["https:\/\/vosgesinfo.fr\/epinalinfo\/?p=42575"]}]},{"@type":"ImageObject","inLanguage":"fr-FR","@id":"https:\/\/vosgesinfo.fr\/epinalinfo\/?p=42575#primaryimage","url":"https:\/\/vosgesinfo.fr\/app\/uploads\/sites\/3\/2024\/06\/sans-titre-2.jpg","contentUrl":"https:\/\/vosgesinfo.fr\/app\/uploads\/sites\/3\/2024\/06\/sans-titre-2.jpg","width":336,"height":423},{"@type":"BreadcrumbList","@id":"https:\/\/vosgesinfo.fr\/epinalinfo\/?p=42575#breadcrumb","itemListElement":[{"@type":"ListItem","position":1,"name":"Home","item":"https:\/\/vosgesinfo.fr\/epinalinfo\/"},{"@type":"ListItem","position":2,"name":"Nomination de Christelle Ratignier-Carbonneil en tant que Directrice G\u00e9n\u00e9rale de l\u2019ARS Grand Est"}]},{"@type":"WebSite","@id":"https:\/\/vosgesinfo.fr\/epinalinfo\/#website","url":"https:\/\/vosgesinfo.fr\/epinalinfo\/","name":"Epinal Info","description":"Toute l&#039;actualit\u00e9 d&#039;\u00c9pinal","publisher":{"@id":"https:\/\/vosgesinfo.fr\/epinalinfo\/#organization"},"alternateName":"Toute l'actualit\u00e9 d'\u00c9pinal","potentialAction":[{"@type":"SearchAction","target":{"@type":"EntryPoint","urlTemplate":"https:\/\/vosgesinfo.fr\/epinalinfo\/?s={search_term_string}"},"query-input":"required name=search_term_string"}],"inLanguage":"fr-FR"},{"@type":"Organization","@id":"https:\/\/vosgesinfo.fr\/epinalinfo\/#organization","name":"Epinal Info","url":"https:\/\/vosgesinfo.fr\/epinalinfo\/","logo":{"@type":"ImageObject","inLanguage":"fr-FR","@id":"https:\/\/vosgesinfo.fr\/epinalinfo\/#\/schema\/logo\/image\/","url":"https:\/\/vosgesinfo.fr\/app\/uploads\/sites\/3\/2023\/08\/logo-epinalinfos.svg","contentUrl":"https:\/\/vosgesinfo.fr\/app\/uploads\/sites\/3\/2023\/08\/logo-epinalinfos.svg","width":1,"height":1,"caption":"Epinal Info"},"image":{"@id":"https:\/\/vosgesinfo.fr\/epinalinfo\/#\/schema\/logo\/image\/"},"sameAs":["https:\/\/www.facebook.com\/Epinalinfos","https:\/\/x.com\/VosgesInfo88","https:\/\/www.youtube.com\/@vosgesinfo"]},{"@type":"Person","@id":"https:\/\/vosgesinfo.fr\/epinalinfo\/#\/schema\/person\/6f9a650eeea99d969b6c4ab78fccbe81","name":"C.K.","image":{"@type":"ImageObject","inLanguage":"fr-FR","@id":"https:\/\/vosgesinfo.fr\/epinalinfo\/#\/schema\/person\/image\/","url":"https:\/\/secure.gravatar.com\/avatar\/48e3fc7f8421ba8942be6b74a2b7f014ca39bc00dece156b7a8e098ae7dc87bf?s=96&d=mm&r=g","contentUrl":"https:\/\/secure.gravatar.com\/avatar\/48e3fc7f8421ba8942be6b74a2b7f014ca39bc00dece156b7a8e098ae7dc87bf?s=96&d=mm&r=g","caption":"C.K."},"url":"https:\/\/vosgesinfo.fr\/epinalinfo\/author\/celia-k-n\/"}]}},"_links":{"self":[{"href":"https:\/\/vosgesinfo.fr\/epinalinfo\/wp-json\/wp\/v2\/posts\/42575","targetHints":{"allow":["GET"]}}],"collection":[{"href":"https:\/\/vosgesinfo.fr\/epinalinfo\/wp-json\/wp\/v2\/posts"}],"about":[{"href":"https:\/\/vosgesinfo.fr\/epinalinfo\/wp-json\/wp\/v2\/types\/post"}],"author":[{"embeddable":true,"href":"https:\/\/vosgesinfo.fr\/epinalinfo\/wp-json\/wp\/v2\/users\/52"}],"replies":[{"embeddable":true,"href":"https:\/\/vosgesinfo.fr\/epinalinfo\/wp-json\/wp\/v2\/comments?post=42575"}],"version-history":[{"count":2,"href":"https:\/\/vosgesinfo.fr\/epinalinfo\/wp-json\/wp\/v2\/posts\/42575\/revisions"}],"predecessor-version":[{"id":42578,"href":"https:\/\/vosgesinfo.fr\/epinalinfo\/wp-json\/wp\/v2\/posts\/42575\/revisions\/42578"}],"wp:featuredmedia":[{"embeddable":true,"href":"https:\/\/vosgesinfo.fr\/epinalinfo\/wp-json\/wp\/v2\/media\/42576"}],"wp:attachment":[{"href":"https:\/\/vosgesinfo.fr\/epinalinfo\/wp-json\/wp\/v2\/media?parent=42575"}],"wp:term":[{"taxonomy":"category","embeddable":true,"href":"https:\/\/vosgesinfo.fr\/epinalinfo\/wp-json\/wp\/v2\/categories?post=42575"},{"taxonomy":"post_tag","embeddable":true,"href":"https:\/\/vosgesinfo.fr\/epinalinfo\/wp-json\/wp\/v2\/tags?post=42575"}],"curies":[{"name":"wp","href":"https:\/\/api.w.org\/{rel}","templated":true}]}}