{"id":42672,"date":"2024-06-19T11:27:26","date_gmt":"2024-06-19T09:27:26","guid":{"rendered":"https:\/\/vosgesinfo.fr\/epinalinfo\/?p=42672"},"modified":"2024-06-19T11:31:35","modified_gmt":"2024-06-19T09:31:35","slug":"epinal-commemoration-du-84e-anniversaire-de-lappel-du-general-de-gaulle","status":"publish","type":"post","link":"https:\/\/vosgesinfo.fr\/epinalinfo\/2024\/06\/epinal-commemoration-du-84e-anniversaire-de-lappel-du-general-de-gaulle\/","title":{"rendered":"Epinal : comm\u00e9moration du 84e anniversaire de l\u2019appel du G\u00e9n\u00e9ral de Gaulle"},"content":{"rendered":"<div id=\"attachment_42673\" style=\"width: 1034px\" class=\"wp-caption aligncenter\"><img decoding=\"async\" aria-describedby=\"caption-attachment-42673\" class=\"size-large wp-image-42673\" src=\"https:\/\/vosgesinfo.fr\/app\/uploads\/sites\/3\/2024\/06\/ceremonie-appel-du-18-juin-1940-place-foch-epinal4-1024x577.jpg\" alt=\"\" width=\"1024\" height=\"577\" srcset=\"https:\/\/vosgesinfo.fr\/app\/uploads\/sites\/3\/2024\/06\/ceremonie-appel-du-18-juin-1940-place-foch-epinal4-1024x577.jpg 1024w, https:\/\/vosgesinfo.fr\/app\/uploads\/sites\/3\/2024\/06\/ceremonie-appel-du-18-juin-1940-place-foch-epinal4-300x169.jpg 300w, https:\/\/vosgesinfo.fr\/app\/uploads\/sites\/3\/2024\/06\/ceremonie-appel-du-18-juin-1940-place-foch-epinal4-768x432.jpg 768w, https:\/\/vosgesinfo.fr\/app\/uploads\/sites\/3\/2024\/06\/ceremonie-appel-du-18-juin-1940-place-foch-epinal4-1536x865.jpg 1536w, https:\/\/vosgesinfo.fr\/app\/uploads\/sites\/3\/2024\/06\/ceremonie-appel-du-18-juin-1940-place-foch-epinal4.jpg 2048w\" sizes=\"(max-width: 1024px) 100vw, 1024px\" \/><p id=\"caption-attachment-42673\" class=\"wp-caption-text\">photos pr\u00e9fecture des Vosges<\/p><\/div>\n<p><em>\u00ab La Flamme de la r\u00e9sistance fran\u00e7aise ne doit pas s\u2019\u00e9teindre et ne s\u2019\u00e9teindra pas. Demain, comme aujourd\u2019hui, je parlerai \u00e0 la radio de Londres \u00bb<\/em>, le G\u00e9n\u00e9ral de Gaulle a prononc\u00e9 ces mots depuis la BBC \u00e0 Londres, le 18 juin 1940.<\/p>\n<p>Ce mardi 18 juin, une comm\u00e9moration s&rsquo;est tenue place Foch, \u00e0 Epinal. <span class=\"x193iq5w xeuugli x13faqbe x1vvkbs x1xmvt09 x1lliihq x1s928wv xhkezso x1gmr53x x1cpjm7i x1fgarty x1943h6x xudqn12 x3x7a5m x6prxxf xvq8zen xo1l8bm xzsf02u x1yc453h\" dir=\"auto\">Lecture a \u00e9t\u00e9 donn\u00e9e du message officiel de Patricia Miralles, secr\u00e9taire d\u2019\u00c9tat aupr\u00e8s du ministre des Arm\u00e9es, charg\u00e9e des Anciens combattants et de la M\u00e9moire et du texte de l\u2019appel du 18 juin.<\/span><\/p>\n\n\t\t<style type=\"text\/css\">\n\t\t\t#gallery-1 {\n\t\t\t\tmargin: auto;\n\t\t\t}\n\t\t\t#gallery-1 .gallery-item {\n\t\t\t\tfloat: left;\n\t\t\t\tmargin-top: 10px;\n\t\t\t\ttext-align: center;\n\t\t\t\twidth: 33%;\n\t\t\t}\n\t\t\t#gallery-1 img {\n\t\t\t\tborder: 2px solid #cfcfcf;\n\t\t\t}\n\t\t\t#gallery-1 .gallery-caption {\n\t\t\t\tmargin-left: 0;\n\t\t\t}\n\t\t\t\/* see gallery_shortcode() in wp-includes\/media.php *\/\n\t\t<\/style>\n\t\t<div id='gallery-1' class='gallery galleryid-42672 gallery-columns-3 gallery-size-large'><dl class='gallery-item'>\n\t\t\t<dt class='gallery-icon landscape'>\n\t\t\t\t<a href='https:\/\/vosgesinfo.fr\/app\/uploads\/sites\/3\/2024\/06\/ceremonie-appel-du-18-juin-1940-place-foch-epinal8.jpg'><img decoding=\"async\" width=\"1024\" height=\"577\" src=\"https:\/\/vosgesinfo.fr\/app\/uploads\/sites\/3\/2024\/06\/ceremonie-appel-du-18-juin-1940-place-foch-epinal8-1024x577.jpg\" class=\"attachment-large size-large\" alt=\"\" srcset=\"https:\/\/vosgesinfo.fr\/app\/uploads\/sites\/3\/2024\/06\/ceremonie-appel-du-18-juin-1940-place-foch-epinal8-1024x577.jpg 1024w, https:\/\/vosgesinfo.fr\/app\/uploads\/sites\/3\/2024\/06\/ceremonie-appel-du-18-juin-1940-place-foch-epinal8-300x169.jpg 300w, https:\/\/vosgesinfo.fr\/app\/uploads\/sites\/3\/2024\/06\/ceremonie-appel-du-18-juin-1940-place-foch-epinal8-768x432.jpg 768w, https:\/\/vosgesinfo.fr\/app\/uploads\/sites\/3\/2024\/06\/ceremonie-appel-du-18-juin-1940-place-foch-epinal8-1536x865.jpg 1536w, https:\/\/vosgesinfo.fr\/app\/uploads\/sites\/3\/2024\/06\/ceremonie-appel-du-18-juin-1940-place-foch-epinal8.jpg 2048w\" sizes=\"(max-width: 1024px) 100vw, 1024px\" \/><\/a>\n\t\t\t<\/dt><\/dl><dl class='gallery-item'>\n\t\t\t<dt class='gallery-icon landscape'>\n\t\t\t\t<a href='https:\/\/vosgesinfo.fr\/app\/uploads\/sites\/3\/2024\/06\/ceremonie-appel-du-18-juin-1940-place-foch-epinal.jpg'><img decoding=\"async\" width=\"1024\" height=\"577\" src=\"https:\/\/vosgesinfo.fr\/app\/uploads\/sites\/3\/2024\/06\/ceremonie-appel-du-18-juin-1940-place-foch-epinal-1024x577.jpg\" class=\"attachment-large size-large\" alt=\"\" srcset=\"https:\/\/vosgesinfo.fr\/app\/uploads\/sites\/3\/2024\/06\/ceremonie-appel-du-18-juin-1940-place-foch-epinal-1024x577.jpg 1024w, https:\/\/vosgesinfo.fr\/app\/uploads\/sites\/3\/2024\/06\/ceremonie-appel-du-18-juin-1940-place-foch-epinal-300x169.jpg 300w, https:\/\/vosgesinfo.fr\/app\/uploads\/sites\/3\/2024\/06\/ceremonie-appel-du-18-juin-1940-place-foch-epinal-768x432.jpg 768w, https:\/\/vosgesinfo.fr\/app\/uploads\/sites\/3\/2024\/06\/ceremonie-appel-du-18-juin-1940-place-foch-epinal-1536x865.jpg 1536w, https:\/\/vosgesinfo.fr\/app\/uploads\/sites\/3\/2024\/06\/ceremonie-appel-du-18-juin-1940-place-foch-epinal.jpg 2048w\" sizes=\"(max-width: 1024px) 100vw, 1024px\" \/><\/a>\n\t\t\t<\/dt><\/dl><dl class='gallery-item'>\n\t\t\t<dt class='gallery-icon landscape'>\n\t\t\t\t<a href='https:\/\/vosgesinfo.fr\/app\/uploads\/sites\/3\/2024\/06\/ceremonie-appel-du-18-juin-1940-place-foch-epinal2.jpg'><img decoding=\"async\" width=\"1024\" height=\"577\" src=\"https:\/\/vosgesinfo.fr\/app\/uploads\/sites\/3\/2024\/06\/ceremonie-appel-du-18-juin-1940-place-foch-epinal2-1024x577.jpg\" class=\"attachment-large size-large\" alt=\"\" srcset=\"https:\/\/vosgesinfo.fr\/app\/uploads\/sites\/3\/2024\/06\/ceremonie-appel-du-18-juin-1940-place-foch-epinal2-1024x577.jpg 1024w, https:\/\/vosgesinfo.fr\/app\/uploads\/sites\/3\/2024\/06\/ceremonie-appel-du-18-juin-1940-place-foch-epinal2-300x169.jpg 300w, https:\/\/vosgesinfo.fr\/app\/uploads\/sites\/3\/2024\/06\/ceremonie-appel-du-18-juin-1940-place-foch-epinal2-768x432.jpg 768w, https:\/\/vosgesinfo.fr\/app\/uploads\/sites\/3\/2024\/06\/ceremonie-appel-du-18-juin-1940-place-foch-epinal2-1536x865.jpg 1536w, https:\/\/vosgesinfo.fr\/app\/uploads\/sites\/3\/2024\/06\/ceremonie-appel-du-18-juin-1940-place-foch-epinal2.jpg 2048w\" sizes=\"(max-width: 1024px) 100vw, 1024px\" \/><\/a>\n\t\t\t<\/dt><\/dl><br style=\"clear: both\" \/><dl class='gallery-item'>\n\t\t\t<dt class='gallery-icon landscape'>\n\t\t\t\t<a href='https:\/\/vosgesinfo.fr\/app\/uploads\/sites\/3\/2024\/06\/ceremonie-appel-du-18-juin-1940-place-foch-epinal3.jpg'><img decoding=\"async\" width=\"1024\" height=\"577\" src=\"https:\/\/vosgesinfo.fr\/app\/uploads\/sites\/3\/2024\/06\/ceremonie-appel-du-18-juin-1940-place-foch-epinal3-1024x577.jpg\" class=\"attachment-large size-large\" alt=\"\" srcset=\"https:\/\/vosgesinfo.fr\/app\/uploads\/sites\/3\/2024\/06\/ceremonie-appel-du-18-juin-1940-place-foch-epinal3-1024x577.jpg 1024w, https:\/\/vosgesinfo.fr\/app\/uploads\/sites\/3\/2024\/06\/ceremonie-appel-du-18-juin-1940-place-foch-epinal3-300x169.jpg 300w, https:\/\/vosgesinfo.fr\/app\/uploads\/sites\/3\/2024\/06\/ceremonie-appel-du-18-juin-1940-place-foch-epinal3-768x433.jpg 768w, https:\/\/vosgesinfo.fr\/app\/uploads\/sites\/3\/2024\/06\/ceremonie-appel-du-18-juin-1940-place-foch-epinal3-1536x866.jpg 1536w, https:\/\/vosgesinfo.fr\/app\/uploads\/sites\/3\/2024\/06\/ceremonie-appel-du-18-juin-1940-place-foch-epinal3.jpg 2048w\" sizes=\"(max-width: 1024px) 100vw, 1024px\" \/><\/a>\n\t\t\t<\/dt><\/dl><dl class='gallery-item'>\n\t\t\t<dt class='gallery-icon landscape'>\n\t\t\t\t<a href='https:\/\/vosgesinfo.fr\/app\/uploads\/sites\/3\/2024\/06\/ceremonie-appel-du-18-juin-1940-place-foch-epinal4-1.jpg'><img decoding=\"async\" width=\"1024\" height=\"577\" src=\"https:\/\/vosgesinfo.fr\/app\/uploads\/sites\/3\/2024\/06\/ceremonie-appel-du-18-juin-1940-place-foch-epinal4-1-1024x577.jpg\" class=\"attachment-large size-large\" alt=\"\" srcset=\"https:\/\/vosgesinfo.fr\/app\/uploads\/sites\/3\/2024\/06\/ceremonie-appel-du-18-juin-1940-place-foch-epinal4-1-1024x577.jpg 1024w, https:\/\/vosgesinfo.fr\/app\/uploads\/sites\/3\/2024\/06\/ceremonie-appel-du-18-juin-1940-place-foch-epinal4-1-300x169.jpg 300w, https:\/\/vosgesinfo.fr\/app\/uploads\/sites\/3\/2024\/06\/ceremonie-appel-du-18-juin-1940-place-foch-epinal4-1-768x432.jpg 768w, https:\/\/vosgesinfo.fr\/app\/uploads\/sites\/3\/2024\/06\/ceremonie-appel-du-18-juin-1940-place-foch-epinal4-1-1536x865.jpg 1536w, https:\/\/vosgesinfo.fr\/app\/uploads\/sites\/3\/2024\/06\/ceremonie-appel-du-18-juin-1940-place-foch-epinal4-1.jpg 2048w\" sizes=\"(max-width: 1024px) 100vw, 1024px\" \/><\/a>\n\t\t\t<\/dt><\/dl><dl class='gallery-item'>\n\t\t\t<dt class='gallery-icon portrait'>\n\t\t\t\t<a href='https:\/\/vosgesinfo.fr\/app\/uploads\/sites\/3\/2024\/06\/ceremonie-appel-du-18-juin-1940-place-foch-epinal5.jpg'><img decoding=\"async\" width=\"819\" height=\"1024\" src=\"https:\/\/vosgesinfo.fr\/app\/uploads\/sites\/3\/2024\/06\/ceremonie-appel-du-18-juin-1940-place-foch-epinal5-819x1024.jpg\" class=\"attachment-large size-large\" alt=\"\" srcset=\"https:\/\/vosgesinfo.fr\/app\/uploads\/sites\/3\/2024\/06\/ceremonie-appel-du-18-juin-1940-place-foch-epinal5-819x1024.jpg 819w, https:\/\/vosgesinfo.fr\/app\/uploads\/sites\/3\/2024\/06\/ceremonie-appel-du-18-juin-1940-place-foch-epinal5-240x300.jpg 240w, https:\/\/vosgesinfo.fr\/app\/uploads\/sites\/3\/2024\/06\/ceremonie-appel-du-18-juin-1940-place-foch-epinal5-768x960.jpg 768w, https:\/\/vosgesinfo.fr\/app\/uploads\/sites\/3\/2024\/06\/ceremonie-appel-du-18-juin-1940-place-foch-epinal5.jpg 1153w\" sizes=\"(max-width: 819px) 100vw, 819px\" \/><\/a>\n\t\t\t<\/dt><\/dl><br style=\"clear: both\" \/><dl class='gallery-item'>\n\t\t\t<dt class='gallery-icon portrait'>\n\t\t\t\t<a href='https:\/\/vosgesinfo.fr\/app\/uploads\/sites\/3\/2024\/06\/ceremonie-appel-du-18-juin-1940-place-foch-epinal6.jpg'><img decoding=\"async\" width=\"819\" height=\"1024\" src=\"https:\/\/vosgesinfo.fr\/app\/uploads\/sites\/3\/2024\/06\/ceremonie-appel-du-18-juin-1940-place-foch-epinal6-819x1024.jpg\" class=\"attachment-large size-large\" alt=\"\" srcset=\"https:\/\/vosgesinfo.fr\/app\/uploads\/sites\/3\/2024\/06\/ceremonie-appel-du-18-juin-1940-place-foch-epinal6-819x1024.jpg 819w, https:\/\/vosgesinfo.fr\/app\/uploads\/sites\/3\/2024\/06\/ceremonie-appel-du-18-juin-1940-place-foch-epinal6-240x300.jpg 240w, https:\/\/vosgesinfo.fr\/app\/uploads\/sites\/3\/2024\/06\/ceremonie-appel-du-18-juin-1940-place-foch-epinal6-768x960.jpg 768w, https:\/\/vosgesinfo.fr\/app\/uploads\/sites\/3\/2024\/06\/ceremonie-appel-du-18-juin-1940-place-foch-epinal6.jpg 1153w\" sizes=\"(max-width: 819px) 100vw, 819px\" \/><\/a>\n\t\t\t<\/dt><\/dl><dl class='gallery-item'>\n\t\t\t<dt class='gallery-icon landscape'>\n\t\t\t\t<a href='https:\/\/vosgesinfo.fr\/app\/uploads\/sites\/3\/2024\/06\/ceremonie-appel-du-18-juin-1940-place-foch-epinal7.jpg'><img decoding=\"async\" width=\"1024\" height=\"577\" src=\"https:\/\/vosgesinfo.fr\/app\/uploads\/sites\/3\/2024\/06\/ceremonie-appel-du-18-juin-1940-place-foch-epinal7-1024x577.jpg\" class=\"attachment-large size-large\" alt=\"\" srcset=\"https:\/\/vosgesinfo.fr\/app\/uploads\/sites\/3\/2024\/06\/ceremonie-appel-du-18-juin-1940-place-foch-epinal7-1024x577.jpg 1024w, https:\/\/vosgesinfo.fr\/app\/uploads\/sites\/3\/2024\/06\/ceremonie-appel-du-18-juin-1940-place-foch-epinal7-300x169.jpg 300w, https:\/\/vosgesinfo.fr\/app\/uploads\/sites\/3\/2024\/06\/ceremonie-appel-du-18-juin-1940-place-foch-epinal7-768x432.jpg 768w, https:\/\/vosgesinfo.fr\/app\/uploads\/sites\/3\/2024\/06\/ceremonie-appel-du-18-juin-1940-place-foch-epinal7-1536x865.jpg 1536w, https:\/\/vosgesinfo.fr\/app\/uploads\/sites\/3\/2024\/06\/ceremonie-appel-du-18-juin-1940-place-foch-epinal7.jpg 2048w\" sizes=\"(max-width: 1024px) 100vw, 1024px\" \/><\/a>\n\t\t\t<\/dt><\/dl>\n\t\t\t<br style='clear: both' \/>\n\t\t<\/div>\n\n","protected":false},"excerpt":{"rendered":"<p>\u00ab La Flamme de la r\u00e9sistance fran\u00e7aise ne doit pas s\u2019\u00e9teindre et ne s\u2019\u00e9teindra pas. Demain, comme aujourd\u2019hui, je parlerai [&hellip;]<\/p>\n","protected":false},"author":52,"featured_media":42673,"comment_status":"open","ping_status":"open","sticky":false,"template":"","format":"standard","meta":{"footnotes":""},"categories":[22,24],"tags":[6420,3635,6419,569,3931,5715,70,75],"class_list":["post-42672","post","type-post","status-publish","format-standard","has-post-thumbnail","hentry","category-a-la-une","category-epinal","tag-18-juin","tag-appel-du-18-juin","tag-appel-du-general-de-gaulle","tag-ceremonie","tag-commemoration","tag-devoir-de-memoire","tag-epinal","tag-vosges"],"acf":[],"yoast_head":"<!-- This site is optimized with the Yoast SEO plugin v22.5 - https:\/\/yoast.com\/wordpress\/plugins\/seo\/ -->\n<title>Epinal : comm\u00e9moration du 84e anniversaire de l\u2019appel du G\u00e9n\u00e9ral de Gaulle - Epinal Info<\/title>\n<meta name=\"robots\" content=\"index, follow, max-snippet:-1, max-image-preview:large, max-video-preview:-1\" \/>\n<link rel=\"canonical\" href=\"https:\/\/vosgesinfo.fr\/epinalinfo\/2024\/06\/epinal-commemoration-du-84e-anniversaire-de-lappel-du-general-de-gaulle\/\" \/>\n<meta name=\"twitter:card\" content=\"summary_large_image\" \/>\n<meta name=\"twitter:title\" content=\"Epinal : comm\u00e9moration du 84e anniversaire de l\u2019appel du G\u00e9n\u00e9ral de Gaulle - Epinal Info\" \/>\n<meta name=\"twitter:description\" content=\"\u00ab La Flamme de la r\u00e9sistance fran\u00e7aise ne doit pas s\u2019\u00e9teindre et ne s\u2019\u00e9teindra pas. Demain, comme aujourd\u2019hui, je parlerai [&hellip;]\" \/>\n<meta name=\"twitter:image\" content=\"https:\/\/vosgesinfo.fr\/app\/uploads\/sites\/3\/2024\/06\/ceremonie-appel-du-18-juin-1940-place-foch-epinal4.jpg\" \/>\n<meta name=\"twitter:creator\" content=\"@VosgesInfo88\" \/>\n<meta name=\"twitter:site\" content=\"@VosgesInfo88\" \/>\n<meta name=\"twitter:label1\" content=\"\u00c9crit par\" \/>\n\t<meta name=\"twitter:data1\" content=\"C.K.\" \/>\n\t<meta name=\"twitter:label2\" content=\"Dur\u00e9e de lecture estim\u00e9e\" \/>\n\t<meta name=\"twitter:data2\" content=\"1 minute\" \/>\n<script type=\"application\/ld+json\" class=\"yoast-schema-graph\">{\"@context\":\"https:\/\/schema.org\",\"@graph\":[{\"@type\":\"Article\",\"@id\":\"https:\/\/vosgesinfo.fr\/epinalinfo\/2024\/06\/epinal-commemoration-du-84e-anniversaire-de-lappel-du-general-de-gaulle\/#article\",\"isPartOf\":{\"@id\":\"https:\/\/vosgesinfo.fr\/epinalinfo\/2024\/06\/epinal-commemoration-du-84e-anniversaire-de-lappel-du-general-de-gaulle\/\"},\"author\":{\"name\":\"C.K.\",\"@id\":\"https:\/\/vosgesinfo.fr\/epinalinfo\/#\/schema\/person\/6f9a650eeea99d969b6c4ab78fccbe81\"},\"headline\":\"Epinal : comm\u00e9moration du 84e anniversaire de l\u2019appel du G\u00e9n\u00e9ral de Gaulle\",\"datePublished\":\"2024-06-19T09:27:26+00:00\",\"dateModified\":\"2024-06-19T09:31:35+00:00\",\"mainEntityOfPage\":{\"@id\":\"https:\/\/vosgesinfo.fr\/epinalinfo\/2024\/06\/epinal-commemoration-du-84e-anniversaire-de-lappel-du-general-de-gaulle\/\"},\"wordCount\":129,\"commentCount\":1,\"publisher\":{\"@id\":\"https:\/\/vosgesinfo.fr\/epinalinfo\/#organization\"},\"image\":{\"@id\":\"https:\/\/vosgesinfo.fr\/epinalinfo\/2024\/06\/epinal-commemoration-du-84e-anniversaire-de-lappel-du-general-de-gaulle\/#primaryimage\"},\"thumbnailUrl\":\"https:\/\/vosgesinfo.fr\/app\/uploads\/sites\/3\/2024\/06\/ceremonie-appel-du-18-juin-1940-place-foch-epinal4.jpg\",\"keywords\":[\"18 juin\",\"appel du 18 juin\",\"appel du G\u00e9n\u00e9ral de Gaulle\",\"c\u00e9r\u00e9monie\",\"comm\u00e9moration\",\"Devoir de m\u00e9moire\",\"Epinal\",\"vosges\"],\"articleSection\":[\"A la Une\",\"Epinal\"],\"inLanguage\":\"fr-FR\",\"potentialAction\":[{\"@type\":\"CommentAction\",\"name\":\"Comment\",\"target\":[\"https:\/\/vosgesinfo.fr\/epinalinfo\/2024\/06\/epinal-commemoration-du-84e-anniversaire-de-lappel-du-general-de-gaulle\/#respond\"]}]},{\"@type\":\"WebPage\",\"@id\":\"https:\/\/vosgesinfo.fr\/epinalinfo\/2024\/06\/epinal-commemoration-du-84e-anniversaire-de-lappel-du-general-de-gaulle\/\",\"url\":\"https:\/\/vosgesinfo.fr\/epinalinfo\/2024\/06\/epinal-commemoration-du-84e-anniversaire-de-lappel-du-general-de-gaulle\/\",\"name\":\"Epinal : comm\u00e9moration du 84e anniversaire de l\u2019appel du G\u00e9n\u00e9ral de Gaulle - Epinal Info\",\"isPartOf\":{\"@id\":\"https:\/\/vosgesinfo.fr\/epinalinfo\/#website\"},\"primaryImageOfPage\":{\"@id\":\"https:\/\/vosgesinfo.fr\/epinalinfo\/2024\/06\/epinal-commemoration-du-84e-anniversaire-de-lappel-du-general-de-gaulle\/#primaryimage\"},\"image\":{\"@id\":\"https:\/\/vosgesinfo.fr\/epinalinfo\/2024\/06\/epinal-commemoration-du-84e-anniversaire-de-lappel-du-general-de-gaulle\/#primaryimage\"},\"thumbnailUrl\":\"https:\/\/vosgesinfo.fr\/app\/uploads\/sites\/3\/2024\/06\/ceremonie-appel-du-18-juin-1940-place-foch-epinal4.jpg\",\"datePublished\":\"2024-06-19T09:27:26+00:00\",\"dateModified\":\"2024-06-19T09:31:35+00:00\",\"breadcrumb\":{\"@id\":\"https:\/\/vosgesinfo.fr\/epinalinfo\/2024\/06\/epinal-commemoration-du-84e-anniversaire-de-lappel-du-general-de-gaulle\/#breadcrumb\"},\"inLanguage\":\"fr-FR\",\"potentialAction\":[{\"@type\":\"ReadAction\",\"target\":[\"https:\/\/vosgesinfo.fr\/epinalinfo\/2024\/06\/epinal-commemoration-du-84e-anniversaire-de-lappel-du-general-de-gaulle\/\"]}]},{\"@type\":\"ImageObject\",\"inLanguage\":\"fr-FR\",\"@id\":\"https:\/\/vosgesinfo.fr\/epinalinfo\/2024\/06\/epinal-commemoration-du-84e-anniversaire-de-lappel-du-general-de-gaulle\/#primaryimage\",\"url\":\"https:\/\/vosgesinfo.fr\/app\/uploads\/sites\/3\/2024\/06\/ceremonie-appel-du-18-juin-1940-place-foch-epinal4.jpg\",\"contentUrl\":\"https:\/\/vosgesinfo.fr\/app\/uploads\/sites\/3\/2024\/06\/ceremonie-appel-du-18-juin-1940-place-foch-epinal4.jpg\",\"width\":2048,\"height\":1153,\"caption\":\"photos pr\u00e9fecture des Vosges\"},{\"@type\":\"BreadcrumbList\",\"@id\":\"https:\/\/vosgesinfo.fr\/epinalinfo\/2024\/06\/epinal-commemoration-du-84e-anniversaire-de-lappel-du-general-de-gaulle\/#breadcrumb\",\"itemListElement\":[{\"@type\":\"ListItem\",\"position\":1,\"name\":\"Home\",\"item\":\"https:\/\/vosgesinfo.fr\/epinalinfo\/\"},{\"@type\":\"ListItem\",\"position\":2,\"name\":\"Epinal : comm\u00e9moration du 84e anniversaire de l\u2019appel du G\u00e9n\u00e9ral de Gaulle\"}]},{\"@type\":\"WebSite\",\"@id\":\"https:\/\/vosgesinfo.fr\/epinalinfo\/#website\",\"url\":\"https:\/\/vosgesinfo.fr\/epinalinfo\/\",\"name\":\"Epinal Info\",\"description\":\"Toute l&#039;actualit\u00e9 d&#039;\u00c9pinal\",\"publisher\":{\"@id\":\"https:\/\/vosgesinfo.fr\/epinalinfo\/#organization\"},\"alternateName\":\"Toute l'actualit\u00e9 d'\u00c9pinal\",\"potentialAction\":[{\"@type\":\"SearchAction\",\"target\":{\"@type\":\"EntryPoint\",\"urlTemplate\":\"https:\/\/vosgesinfo.fr\/epinalinfo\/?s={search_term_string}\"},\"query-input\":\"required name=search_term_string\"}],\"inLanguage\":\"fr-FR\"},{\"@type\":\"Organization\",\"@id\":\"https:\/\/vosgesinfo.fr\/epinalinfo\/#organization\",\"name\":\"Epinal Info\",\"url\":\"https:\/\/vosgesinfo.fr\/epinalinfo\/\",\"logo\":{\"@type\":\"ImageObject\",\"inLanguage\":\"fr-FR\",\"@id\":\"https:\/\/vosgesinfo.fr\/epinalinfo\/#\/schema\/logo\/image\/\",\"url\":\"https:\/\/vosgesinfo.fr\/app\/uploads\/sites\/3\/2023\/08\/logo-epinalinfos.svg\",\"contentUrl\":\"https:\/\/vosgesinfo.fr\/app\/uploads\/sites\/3\/2023\/08\/logo-epinalinfos.svg\",\"width\":1,\"height\":1,\"caption\":\"Epinal Info\"},\"image\":{\"@id\":\"https:\/\/vosgesinfo.fr\/epinalinfo\/#\/schema\/logo\/image\/\"},\"sameAs\":[\"https:\/\/www.facebook.com\/Epinalinfos\",\"https:\/\/x.com\/VosgesInfo88\",\"https:\/\/www.youtube.com\/@vosgesinfo\"]},{\"@type\":\"Person\",\"@id\":\"https:\/\/vosgesinfo.fr\/epinalinfo\/#\/schema\/person\/6f9a650eeea99d969b6c4ab78fccbe81\",\"name\":\"C.K.\",\"image\":{\"@type\":\"ImageObject\",\"inLanguage\":\"fr-FR\",\"@id\":\"https:\/\/vosgesinfo.fr\/epinalinfo\/#\/schema\/person\/image\/\",\"url\":\"https:\/\/secure.gravatar.com\/avatar\/48e3fc7f8421ba8942be6b74a2b7f014ca39bc00dece156b7a8e098ae7dc87bf?s=96&d=mm&r=g\",\"contentUrl\":\"https:\/\/secure.gravatar.com\/avatar\/48e3fc7f8421ba8942be6b74a2b7f014ca39bc00dece156b7a8e098ae7dc87bf?s=96&d=mm&r=g\",\"caption\":\"C.K.\"},\"url\":\"https:\/\/vosgesinfo.fr\/epinalinfo\/author\/celia-k-n\/\"}]}<\/script>\n<!-- \/ Yoast SEO plugin. -->","yoast_head_json":{"title":"Epinal : comm\u00e9moration du 84e anniversaire de l\u2019appel du G\u00e9n\u00e9ral de Gaulle - Epinal Info","robots":{"index":"index","follow":"follow","max-snippet":"max-snippet:-1","max-image-preview":"max-image-preview:large","max-video-preview":"max-video-preview:-1"},"canonical":"https:\/\/vosgesinfo.fr\/epinalinfo\/2024\/06\/epinal-commemoration-du-84e-anniversaire-de-lappel-du-general-de-gaulle\/","twitter_card":"summary_large_image","twitter_title":"Epinal : comm\u00e9moration du 84e anniversaire de l\u2019appel du G\u00e9n\u00e9ral de Gaulle - Epinal Info","twitter_description":"\u00ab La Flamme de la r\u00e9sistance fran\u00e7aise ne doit pas s\u2019\u00e9teindre et ne s\u2019\u00e9teindra pas. Demain, comme aujourd\u2019hui, je parlerai [&hellip;]","twitter_image":"https:\/\/vosgesinfo.fr\/app\/uploads\/sites\/3\/2024\/06\/ceremonie-appel-du-18-juin-1940-place-foch-epinal4.jpg","twitter_creator":"@VosgesInfo88","twitter_site":"@VosgesInfo88","twitter_misc":{"\u00c9crit par":"C.K.","Dur\u00e9e de lecture estim\u00e9e":"1 minute"},"schema":{"@context":"https:\/\/schema.org","@graph":[{"@type":"Article","@id":"https:\/\/vosgesinfo.fr\/epinalinfo\/2024\/06\/epinal-commemoration-du-84e-anniversaire-de-lappel-du-general-de-gaulle\/#article","isPartOf":{"@id":"https:\/\/vosgesinfo.fr\/epinalinfo\/2024\/06\/epinal-commemoration-du-84e-anniversaire-de-lappel-du-general-de-gaulle\/"},"author":{"name":"C.K.","@id":"https:\/\/vosgesinfo.fr\/epinalinfo\/#\/schema\/person\/6f9a650eeea99d969b6c4ab78fccbe81"},"headline":"Epinal : comm\u00e9moration du 84e anniversaire de l\u2019appel du G\u00e9n\u00e9ral de Gaulle","datePublished":"2024-06-19T09:27:26+00:00","dateModified":"2024-06-19T09:31:35+00:00","mainEntityOfPage":{"@id":"https:\/\/vosgesinfo.fr\/epinalinfo\/2024\/06\/epinal-commemoration-du-84e-anniversaire-de-lappel-du-general-de-gaulle\/"},"wordCount":129,"commentCount":1,"publisher":{"@id":"https:\/\/vosgesinfo.fr\/epinalinfo\/#organization"},"image":{"@id":"https:\/\/vosgesinfo.fr\/epinalinfo\/2024\/06\/epinal-commemoration-du-84e-anniversaire-de-lappel-du-general-de-gaulle\/#primaryimage"},"thumbnailUrl":"https:\/\/vosgesinfo.fr\/app\/uploads\/sites\/3\/2024\/06\/ceremonie-appel-du-18-juin-1940-place-foch-epinal4.jpg","keywords":["18 juin","appel du 18 juin","appel du G\u00e9n\u00e9ral de Gaulle","c\u00e9r\u00e9monie","comm\u00e9moration","Devoir de m\u00e9moire","Epinal","vosges"],"articleSection":["A la Une","Epinal"],"inLanguage":"fr-FR","potentialAction":[{"@type":"CommentAction","name":"Comment","target":["https:\/\/vosgesinfo.fr\/epinalinfo\/2024\/06\/epinal-commemoration-du-84e-anniversaire-de-lappel-du-general-de-gaulle\/#respond"]}]},{"@type":"WebPage","@id":"https:\/\/vosgesinfo.fr\/epinalinfo\/2024\/06\/epinal-commemoration-du-84e-anniversaire-de-lappel-du-general-de-gaulle\/","url":"https:\/\/vosgesinfo.fr\/epinalinfo\/2024\/06\/epinal-commemoration-du-84e-anniversaire-de-lappel-du-general-de-gaulle\/","name":"Epinal : comm\u00e9moration du 84e anniversaire de l\u2019appel du G\u00e9n\u00e9ral de Gaulle - Epinal Info","isPartOf":{"@id":"https:\/\/vosgesinfo.fr\/epinalinfo\/#website"},"primaryImageOfPage":{"@id":"https:\/\/vosgesinfo.fr\/epinalinfo\/2024\/06\/epinal-commemoration-du-84e-anniversaire-de-lappel-du-general-de-gaulle\/#primaryimage"},"image":{"@id":"https:\/\/vosgesinfo.fr\/epinalinfo\/2024\/06\/epinal-commemoration-du-84e-anniversaire-de-lappel-du-general-de-gaulle\/#primaryimage"},"thumbnailUrl":"https:\/\/vosgesinfo.fr\/app\/uploads\/sites\/3\/2024\/06\/ceremonie-appel-du-18-juin-1940-place-foch-epinal4.jpg","datePublished":"2024-06-19T09:27:26+00:00","dateModified":"2024-06-19T09:31:35+00:00","breadcrumb":{"@id":"https:\/\/vosgesinfo.fr\/epinalinfo\/2024\/06\/epinal-commemoration-du-84e-anniversaire-de-lappel-du-general-de-gaulle\/#breadcrumb"},"inLanguage":"fr-FR","potentialAction":[{"@type":"ReadAction","target":["https:\/\/vosgesinfo.fr\/epinalinfo\/2024\/06\/epinal-commemoration-du-84e-anniversaire-de-lappel-du-general-de-gaulle\/"]}]},{"@type":"ImageObject","inLanguage":"fr-FR","@id":"https:\/\/vosgesinfo.fr\/epinalinfo\/2024\/06\/epinal-commemoration-du-84e-anniversaire-de-lappel-du-general-de-gaulle\/#primaryimage","url":"https:\/\/vosgesinfo.fr\/app\/uploads\/sites\/3\/2024\/06\/ceremonie-appel-du-18-juin-1940-place-foch-epinal4.jpg","contentUrl":"https:\/\/vosgesinfo.fr\/app\/uploads\/sites\/3\/2024\/06\/ceremonie-appel-du-18-juin-1940-place-foch-epinal4.jpg","width":2048,"height":1153,"caption":"photos pr\u00e9fecture des Vosges"},{"@type":"BreadcrumbList","@id":"https:\/\/vosgesinfo.fr\/epinalinfo\/2024\/06\/epinal-commemoration-du-84e-anniversaire-de-lappel-du-general-de-gaulle\/#breadcrumb","itemListElement":[{"@type":"ListItem","position":1,"name":"Home","item":"https:\/\/vosgesinfo.fr\/epinalinfo\/"},{"@type":"ListItem","position":2,"name":"Epinal : comm\u00e9moration du 84e anniversaire de l\u2019appel du G\u00e9n\u00e9ral de Gaulle"}]},{"@type":"WebSite","@id":"https:\/\/vosgesinfo.fr\/epinalinfo\/#website","url":"https:\/\/vosgesinfo.fr\/epinalinfo\/","name":"Epinal Info","description":"Toute l&#039;actualit\u00e9 d&#039;\u00c9pinal","publisher":{"@id":"https:\/\/vosgesinfo.fr\/epinalinfo\/#organization"},"alternateName":"Toute l'actualit\u00e9 d'\u00c9pinal","potentialAction":[{"@type":"SearchAction","target":{"@type":"EntryPoint","urlTemplate":"https:\/\/vosgesinfo.fr\/epinalinfo\/?s={search_term_string}"},"query-input":"required name=search_term_string"}],"inLanguage":"fr-FR"},{"@type":"Organization","@id":"https:\/\/vosgesinfo.fr\/epinalinfo\/#organization","name":"Epinal Info","url":"https:\/\/vosgesinfo.fr\/epinalinfo\/","logo":{"@type":"ImageObject","inLanguage":"fr-FR","@id":"https:\/\/vosgesinfo.fr\/epinalinfo\/#\/schema\/logo\/image\/","url":"https:\/\/vosgesinfo.fr\/app\/uploads\/sites\/3\/2023\/08\/logo-epinalinfos.svg","contentUrl":"https:\/\/vosgesinfo.fr\/app\/uploads\/sites\/3\/2023\/08\/logo-epinalinfos.svg","width":1,"height":1,"caption":"Epinal Info"},"image":{"@id":"https:\/\/vosgesinfo.fr\/epinalinfo\/#\/schema\/logo\/image\/"},"sameAs":["https:\/\/www.facebook.com\/Epinalinfos","https:\/\/x.com\/VosgesInfo88","https:\/\/www.youtube.com\/@vosgesinfo"]},{"@type":"Person","@id":"https:\/\/vosgesinfo.fr\/epinalinfo\/#\/schema\/person\/6f9a650eeea99d969b6c4ab78fccbe81","name":"C.K.","image":{"@type":"ImageObject","inLanguage":"fr-FR","@id":"https:\/\/vosgesinfo.fr\/epinalinfo\/#\/schema\/person\/image\/","url":"https:\/\/secure.gravatar.com\/avatar\/48e3fc7f8421ba8942be6b74a2b7f014ca39bc00dece156b7a8e098ae7dc87bf?s=96&d=mm&r=g","contentUrl":"https:\/\/secure.gravatar.com\/avatar\/48e3fc7f8421ba8942be6b74a2b7f014ca39bc00dece156b7a8e098ae7dc87bf?s=96&d=mm&r=g","caption":"C.K."},"url":"https:\/\/vosgesinfo.fr\/epinalinfo\/author\/celia-k-n\/"}]}},"_links":{"self":[{"href":"https:\/\/vosgesinfo.fr\/epinalinfo\/wp-json\/wp\/v2\/posts\/42672","targetHints":{"allow":["GET"]}}],"collection":[{"href":"https:\/\/vosgesinfo.fr\/epinalinfo\/wp-json\/wp\/v2\/posts"}],"about":[{"href":"https:\/\/vosgesinfo.fr\/epinalinfo\/wp-json\/wp\/v2\/types\/post"}],"author":[{"embeddable":true,"href":"https:\/\/vosgesinfo.fr\/epinalinfo\/wp-json\/wp\/v2\/users\/52"}],"replies":[{"embeddable":true,"href":"https:\/\/vosgesinfo.fr\/epinalinfo\/wp-json\/wp\/v2\/comments?post=42672"}],"version-history":[{"count":1,"href":"https:\/\/vosgesinfo.fr\/epinalinfo\/wp-json\/wp\/v2\/posts\/42672\/revisions"}],"predecessor-version":[{"id":42682,"href":"https:\/\/vosgesinfo.fr\/epinalinfo\/wp-json\/wp\/v2\/posts\/42672\/revisions\/42682"}],"wp:featuredmedia":[{"embeddable":true,"href":"https:\/\/vosgesinfo.fr\/epinalinfo\/wp-json\/wp\/v2\/media\/42673"}],"wp:attachment":[{"href":"https:\/\/vosgesinfo.fr\/epinalinfo\/wp-json\/wp\/v2\/media?parent=42672"}],"wp:term":[{"taxonomy":"category","embeddable":true,"href":"https:\/\/vosgesinfo.fr\/epinalinfo\/wp-json\/wp\/v2\/categories?post=42672"},{"taxonomy":"post_tag","embeddable":true,"href":"https:\/\/vosgesinfo.fr\/epinalinfo\/wp-json\/wp\/v2\/tags?post=42672"}],"curies":[{"name":"wp","href":"https:\/\/api.w.org\/{rel}","templated":true}]}}