{"id":42758,"date":"2024-06-21T09:57:17","date_gmt":"2024-06-21T07:57:17","guid":{"rendered":"https:\/\/vosgesinfo.fr\/epinalinfo\/?p=42758"},"modified":"2024-06-21T10:00:05","modified_gmt":"2024-06-21T08:00:05","slug":"bruyeres-la-boulangerie-les-moulins-de-barbara-dans-lemission-la-meilleure-boulangerie-de-france-sur-m6","status":"publish","type":"post","link":"https:\/\/vosgesinfo.fr\/epinalinfo\/2024\/06\/bruyeres-la-boulangerie-les-moulins-de-barbara-dans-lemission-la-meilleure-boulangerie-de-france-sur-m6\/","title":{"rendered":"Bruy\u00e8res &#8211; La boulangerie \u00ab\u00a0Les Moulins de Barbara\u00a0\u00bb dans l&rsquo;\u00e9mission La meilleure boulangerie de France sur M6"},"content":{"rendered":"<h2><img decoding=\"async\" class=\"aligncenter size-large wp-image-41016\" src=\"https:\/\/vosgesinfo.fr\/app\/uploads\/sites\/3\/2024\/05\/la-meilleure-boulangerie-m6-bruyeres-vosges-1024x768.jpg\" alt=\"\" width=\"1024\" height=\"768\" srcset=\"https:\/\/vosgesinfo.fr\/app\/uploads\/sites\/3\/2024\/05\/la-meilleure-boulangerie-m6-bruyeres-vosges-1024x768.jpg 1024w, https:\/\/vosgesinfo.fr\/app\/uploads\/sites\/3\/2024\/05\/la-meilleure-boulangerie-m6-bruyeres-vosges-300x225.jpg 300w, https:\/\/vosgesinfo.fr\/app\/uploads\/sites\/3\/2024\/05\/la-meilleure-boulangerie-m6-bruyeres-vosges-768x576.jpg 768w, https:\/\/vosgesinfo.fr\/app\/uploads\/sites\/3\/2024\/05\/la-meilleure-boulangerie-m6-bruyeres-vosges-1536x1152.jpg 1536w, https:\/\/vosgesinfo.fr\/app\/uploads\/sites\/3\/2024\/05\/la-meilleure-boulangerie-m6-bruyeres-vosges.jpg 1600w\" sizes=\"(max-width: 1024px) 100vw, 1024px\" \/>La boulangerie \u00ab\u00a0Les Moulins de Barbara\u00a0\u00bb situ\u00e9e \u00e0 Bruy\u00e8res participe \u00e0 l&rsquo;\u00e9mission La meilleure boulangerie, diffus\u00e9e sur M6. Ce jeudi soir, l&rsquo;\u00e9mission \u00e9tait diffus\u00e9e sur M6. Le jury a appr\u00e9ci\u00e9 sa p\u00e2tisserie f\u00e9tiche : \u00ab\u00a0le n\u0153ud pap&rsquo; cookie\u00a0\u00bb<\/h2>\n<p>Hier, l&rsquo;\u00e9mission enregistr\u00e9e le 3 mai dernier, \u00e9tait diffus\u00e9e sur M6. Les \u00e9quipes ont du convaincre le jury : No\u00ebmie Honiat et Bruno Cormerais. Ils sillonnent chaque ann\u00e9e les r\u00e9gions de France \u00e0 la recherche de La meilleure boulangerie de France.<\/p>\n<p>K\u00e9vin Girot, artisan boulanger et Chrissy Maire qui accueille les clients, ont donc du montrer leurs talents. Chrissy Maire a pr\u00e9sent\u00e9 la boulangerie ainsi que son \u00e9tal de viennoiseries et les pains. Le jury a salu\u00e9 la qualit\u00e9 des croissants. Ils obtiennent la note de 7,5 sur 10. Le jury a appr\u00e9ci\u00e9 l&#8217;emplacement. K\u00e9vin Girot a pr\u00e9sent\u00e9 la confection de sa p\u00e2tisserie f\u00e9tiche, le \u00ab\u00a0Noeud pap'\u00a0\u00bb avec un coeur \u00e0 la p\u00e2te de cookie.<\/p>\n<p>Face aux deux autres rivaux, la boulangerie de Bruy\u00e8res a remport\u00e9 la meilleure note de 9 sur 10 sur cette \u00e9preuve. Ce vendredi soir, seront diffus\u00e9s les \u00e9preuves \u00ab\u00a0pain f\u00e9tiche\u00a0\u00bb et \u00ab\u00a0le d\u00e9fi du jury\u00a0\u00bb.<\/p>\n<p><strong>Replay ici : <a href=\"https:\/\/www.6play.fr\/la-meilleure-boulangerie-de-france-p_2944\/j4-grand-est-2-c_13078982\">https:\/\/www.6play.fr\/la-meilleure-boulangerie-de-france-p_2944\/j4-grand-est-2-c_13078982<\/a><\/strong><\/p>\n","protected":false},"excerpt":{"rendered":"<p>La boulangerie \u00ab\u00a0Les Moulins de Barbara\u00a0\u00bb situ\u00e9e \u00e0 Bruy\u00e8res participe \u00e0 l&rsquo;\u00e9mission La meilleure boulangerie, diffus\u00e9e sur M6. Ce jeudi [&hellip;]<\/p>\n","protected":false},"author":52,"featured_media":41016,"comment_status":"open","ping_status":"open","sticky":false,"template":"","format":"standard","meta":{"footnotes":""},"categories":[22,60,20,5],"tags":[1768,109,61,1144,6433,1460,1024,75],"class_list":["post-42758","post","type-post","status-publish","format-standard","has-post-thumbnail","hentry","category-a-la-une","category-bruyeres","category-divertissement","category-vosges","tag-la-meilleure-boulangerie-de-france","tag-boulangerie","tag-bruyeres","tag-emission","tag-les-moulins-de-barbara","tag-m6","tag-television","tag-vosges"],"acf":[],"yoast_head":"<!-- This site is optimized with the Yoast SEO plugin v22.5 - https:\/\/yoast.com\/wordpress\/plugins\/seo\/ -->\n<title>Bruy\u00e8res - La boulangerie &quot;Les Moulins de Barbara&quot; dans l&#039;\u00e9mission La meilleure boulangerie de France sur M6 - Epinal Info<\/title>\n<meta name=\"robots\" content=\"index, follow, max-snippet:-1, max-image-preview:large, max-video-preview:-1\" \/>\n<link rel=\"canonical\" href=\"https:\/\/vosgesinfo.fr\/epinalinfo\/2024\/06\/bruyeres-la-boulangerie-les-moulins-de-barbara-dans-lemission-la-meilleure-boulangerie-de-france-sur-m6\/\" \/>\n<meta name=\"twitter:card\" content=\"summary_large_image\" \/>\n<meta name=\"twitter:title\" content=\"Bruy\u00e8res - La boulangerie &quot;Les Moulins de Barbara&quot; dans l&#039;\u00e9mission La meilleure boulangerie de France sur M6 - Epinal Info\" \/>\n<meta name=\"twitter:description\" content=\"La boulangerie \u00ab\u00a0Les Moulins de Barbara\u00a0\u00bb situ\u00e9e \u00e0 Bruy\u00e8res participe \u00e0 l&rsquo;\u00e9mission La meilleure boulangerie, diffus\u00e9e sur M6. Ce jeudi [&hellip;]\" \/>\n<meta name=\"twitter:image\" content=\"https:\/\/vosgesinfo.fr\/app\/uploads\/sites\/3\/2024\/05\/la-meilleure-boulangerie-m6-bruyeres-vosges.jpg\" \/>\n<meta name=\"twitter:creator\" content=\"@VosgesInfo88\" \/>\n<meta name=\"twitter:site\" content=\"@VosgesInfo88\" \/>\n<meta name=\"twitter:label1\" content=\"\u00c9crit par\" \/>\n\t<meta name=\"twitter:data1\" content=\"C.K.\" \/>\n\t<meta name=\"twitter:label2\" content=\"Dur\u00e9e de lecture estim\u00e9e\" \/>\n\t<meta name=\"twitter:data2\" content=\"2 minutes\" \/>\n<script type=\"application\/ld+json\" class=\"yoast-schema-graph\">{\"@context\":\"https:\/\/schema.org\",\"@graph\":[{\"@type\":\"Article\",\"@id\":\"https:\/\/vosgesinfo.fr\/epinalinfo\/2024\/06\/bruyeres-la-boulangerie-les-moulins-de-barbara-dans-lemission-la-meilleure-boulangerie-de-france-sur-m6\/#article\",\"isPartOf\":{\"@id\":\"https:\/\/vosgesinfo.fr\/epinalinfo\/2024\/06\/bruyeres-la-boulangerie-les-moulins-de-barbara-dans-lemission-la-meilleure-boulangerie-de-france-sur-m6\/\"},\"author\":{\"name\":\"C.K.\",\"@id\":\"https:\/\/vosgesinfo.fr\/epinalinfo\/#\/schema\/person\/6f9a650eeea99d969b6c4ab78fccbe81\"},\"headline\":\"Bruy\u00e8res &#8211; La boulangerie \u00ab\u00a0Les Moulins de Barbara\u00a0\u00bb dans l&rsquo;\u00e9mission La meilleure boulangerie de France sur M6\",\"datePublished\":\"2024-06-21T07:57:17+00:00\",\"dateModified\":\"2024-06-21T08:00:05+00:00\",\"mainEntityOfPage\":{\"@id\":\"https:\/\/vosgesinfo.fr\/epinalinfo\/2024\/06\/bruyeres-la-boulangerie-les-moulins-de-barbara-dans-lemission-la-meilleure-boulangerie-de-france-sur-m6\/\"},\"wordCount\":235,\"commentCount\":0,\"publisher\":{\"@id\":\"https:\/\/vosgesinfo.fr\/epinalinfo\/#organization\"},\"image\":{\"@id\":\"https:\/\/vosgesinfo.fr\/epinalinfo\/2024\/06\/bruyeres-la-boulangerie-les-moulins-de-barbara-dans-lemission-la-meilleure-boulangerie-de-france-sur-m6\/#primaryimage\"},\"thumbnailUrl\":\"https:\/\/vosgesinfo.fr\/app\/uploads\/sites\/3\/2024\/05\/la-meilleure-boulangerie-m6-bruyeres-vosges.jpg\",\"keywords\":[\"\\\"La Meilleure boulangerie de France\\\"\",\"boulangerie\",\"Bruy\u00e8res\",\"\u00e9mission\",\"Les Moulins de Barbara\",\"M6\",\"t\u00e9l\u00e9vision\",\"vosges\"],\"articleSection\":[\"A la Une\",\"Bruy\u00e8res\",\"Divertissement\",\"Vosges\"],\"inLanguage\":\"fr-FR\",\"potentialAction\":[{\"@type\":\"CommentAction\",\"name\":\"Comment\",\"target\":[\"https:\/\/vosgesinfo.fr\/epinalinfo\/2024\/06\/bruyeres-la-boulangerie-les-moulins-de-barbara-dans-lemission-la-meilleure-boulangerie-de-france-sur-m6\/#respond\"]}]},{\"@type\":\"WebPage\",\"@id\":\"https:\/\/vosgesinfo.fr\/epinalinfo\/2024\/06\/bruyeres-la-boulangerie-les-moulins-de-barbara-dans-lemission-la-meilleure-boulangerie-de-france-sur-m6\/\",\"url\":\"https:\/\/vosgesinfo.fr\/epinalinfo\/2024\/06\/bruyeres-la-boulangerie-les-moulins-de-barbara-dans-lemission-la-meilleure-boulangerie-de-france-sur-m6\/\",\"name\":\"Bruy\u00e8res - La boulangerie \\\"Les Moulins de Barbara\\\" dans l'\u00e9mission La meilleure boulangerie de France sur M6 - Epinal Info\",\"isPartOf\":{\"@id\":\"https:\/\/vosgesinfo.fr\/epinalinfo\/#website\"},\"primaryImageOfPage\":{\"@id\":\"https:\/\/vosgesinfo.fr\/epinalinfo\/2024\/06\/bruyeres-la-boulangerie-les-moulins-de-barbara-dans-lemission-la-meilleure-boulangerie-de-france-sur-m6\/#primaryimage\"},\"image\":{\"@id\":\"https:\/\/vosgesinfo.fr\/epinalinfo\/2024\/06\/bruyeres-la-boulangerie-les-moulins-de-barbara-dans-lemission-la-meilleure-boulangerie-de-france-sur-m6\/#primaryimage\"},\"thumbnailUrl\":\"https:\/\/vosgesinfo.fr\/app\/uploads\/sites\/3\/2024\/05\/la-meilleure-boulangerie-m6-bruyeres-vosges.jpg\",\"datePublished\":\"2024-06-21T07:57:17+00:00\",\"dateModified\":\"2024-06-21T08:00:05+00:00\",\"breadcrumb\":{\"@id\":\"https:\/\/vosgesinfo.fr\/epinalinfo\/2024\/06\/bruyeres-la-boulangerie-les-moulins-de-barbara-dans-lemission-la-meilleure-boulangerie-de-france-sur-m6\/#breadcrumb\"},\"inLanguage\":\"fr-FR\",\"potentialAction\":[{\"@type\":\"ReadAction\",\"target\":[\"https:\/\/vosgesinfo.fr\/epinalinfo\/2024\/06\/bruyeres-la-boulangerie-les-moulins-de-barbara-dans-lemission-la-meilleure-boulangerie-de-france-sur-m6\/\"]}]},{\"@type\":\"ImageObject\",\"inLanguage\":\"fr-FR\",\"@id\":\"https:\/\/vosgesinfo.fr\/epinalinfo\/2024\/06\/bruyeres-la-boulangerie-les-moulins-de-barbara-dans-lemission-la-meilleure-boulangerie-de-france-sur-m6\/#primaryimage\",\"url\":\"https:\/\/vosgesinfo.fr\/app\/uploads\/sites\/3\/2024\/05\/la-meilleure-boulangerie-m6-bruyeres-vosges.jpg\",\"contentUrl\":\"https:\/\/vosgesinfo.fr\/app\/uploads\/sites\/3\/2024\/05\/la-meilleure-boulangerie-m6-bruyeres-vosges.jpg\",\"width\":1600,\"height\":1200},{\"@type\":\"BreadcrumbList\",\"@id\":\"https:\/\/vosgesinfo.fr\/epinalinfo\/2024\/06\/bruyeres-la-boulangerie-les-moulins-de-barbara-dans-lemission-la-meilleure-boulangerie-de-france-sur-m6\/#breadcrumb\",\"itemListElement\":[{\"@type\":\"ListItem\",\"position\":1,\"name\":\"Home\",\"item\":\"https:\/\/vosgesinfo.fr\/epinalinfo\/\"},{\"@type\":\"ListItem\",\"position\":2,\"name\":\"Bruy\u00e8res &#8211; La boulangerie \u00ab\u00a0Les Moulins de Barbara\u00a0\u00bb dans l&rsquo;\u00e9mission La meilleure boulangerie de France sur M6\"}]},{\"@type\":\"WebSite\",\"@id\":\"https:\/\/vosgesinfo.fr\/epinalinfo\/#website\",\"url\":\"https:\/\/vosgesinfo.fr\/epinalinfo\/\",\"name\":\"Epinal Info\",\"description\":\"Toute l&#039;actualit\u00e9 d&#039;\u00c9pinal\",\"publisher\":{\"@id\":\"https:\/\/vosgesinfo.fr\/epinalinfo\/#organization\"},\"alternateName\":\"Toute l'actualit\u00e9 d'\u00c9pinal\",\"potentialAction\":[{\"@type\":\"SearchAction\",\"target\":{\"@type\":\"EntryPoint\",\"urlTemplate\":\"https:\/\/vosgesinfo.fr\/epinalinfo\/?s={search_term_string}\"},\"query-input\":\"required name=search_term_string\"}],\"inLanguage\":\"fr-FR\"},{\"@type\":\"Organization\",\"@id\":\"https:\/\/vosgesinfo.fr\/epinalinfo\/#organization\",\"name\":\"Epinal Info\",\"url\":\"https:\/\/vosgesinfo.fr\/epinalinfo\/\",\"logo\":{\"@type\":\"ImageObject\",\"inLanguage\":\"fr-FR\",\"@id\":\"https:\/\/vosgesinfo.fr\/epinalinfo\/#\/schema\/logo\/image\/\",\"url\":\"https:\/\/vosgesinfo.fr\/app\/uploads\/sites\/3\/2023\/08\/logo-epinalinfos.svg\",\"contentUrl\":\"https:\/\/vosgesinfo.fr\/app\/uploads\/sites\/3\/2023\/08\/logo-epinalinfos.svg\",\"width\":1,\"height\":1,\"caption\":\"Epinal Info\"},\"image\":{\"@id\":\"https:\/\/vosgesinfo.fr\/epinalinfo\/#\/schema\/logo\/image\/\"},\"sameAs\":[\"https:\/\/www.facebook.com\/Epinalinfos\",\"https:\/\/x.com\/VosgesInfo88\",\"https:\/\/www.youtube.com\/@vosgesinfo\"]},{\"@type\":\"Person\",\"@id\":\"https:\/\/vosgesinfo.fr\/epinalinfo\/#\/schema\/person\/6f9a650eeea99d969b6c4ab78fccbe81\",\"name\":\"C.K.\",\"image\":{\"@type\":\"ImageObject\",\"inLanguage\":\"fr-FR\",\"@id\":\"https:\/\/vosgesinfo.fr\/epinalinfo\/#\/schema\/person\/image\/\",\"url\":\"https:\/\/secure.gravatar.com\/avatar\/48e3fc7f8421ba8942be6b74a2b7f014ca39bc00dece156b7a8e098ae7dc87bf?s=96&d=mm&r=g\",\"contentUrl\":\"https:\/\/secure.gravatar.com\/avatar\/48e3fc7f8421ba8942be6b74a2b7f014ca39bc00dece156b7a8e098ae7dc87bf?s=96&d=mm&r=g\",\"caption\":\"C.K.\"},\"url\":\"https:\/\/vosgesinfo.fr\/epinalinfo\/author\/celia-k-n\/\"}]}<\/script>\n<!-- \/ Yoast SEO plugin. -->","yoast_head_json":{"title":"Bruy\u00e8res - La boulangerie \"Les Moulins de Barbara\" dans l'\u00e9mission La meilleure boulangerie de France sur M6 - Epinal Info","robots":{"index":"index","follow":"follow","max-snippet":"max-snippet:-1","max-image-preview":"max-image-preview:large","max-video-preview":"max-video-preview:-1"},"canonical":"https:\/\/vosgesinfo.fr\/epinalinfo\/2024\/06\/bruyeres-la-boulangerie-les-moulins-de-barbara-dans-lemission-la-meilleure-boulangerie-de-france-sur-m6\/","twitter_card":"summary_large_image","twitter_title":"Bruy\u00e8res - La boulangerie \"Les Moulins de Barbara\" dans l'\u00e9mission La meilleure boulangerie de France sur M6 - Epinal Info","twitter_description":"La boulangerie \u00ab\u00a0Les Moulins de Barbara\u00a0\u00bb situ\u00e9e \u00e0 Bruy\u00e8res participe \u00e0 l&rsquo;\u00e9mission La meilleure boulangerie, diffus\u00e9e sur M6. Ce jeudi [&hellip;]","twitter_image":"https:\/\/vosgesinfo.fr\/app\/uploads\/sites\/3\/2024\/05\/la-meilleure-boulangerie-m6-bruyeres-vosges.jpg","twitter_creator":"@VosgesInfo88","twitter_site":"@VosgesInfo88","twitter_misc":{"\u00c9crit par":"C.K.","Dur\u00e9e de lecture estim\u00e9e":"2 minutes"},"schema":{"@context":"https:\/\/schema.org","@graph":[{"@type":"Article","@id":"https:\/\/vosgesinfo.fr\/epinalinfo\/2024\/06\/bruyeres-la-boulangerie-les-moulins-de-barbara-dans-lemission-la-meilleure-boulangerie-de-france-sur-m6\/#article","isPartOf":{"@id":"https:\/\/vosgesinfo.fr\/epinalinfo\/2024\/06\/bruyeres-la-boulangerie-les-moulins-de-barbara-dans-lemission-la-meilleure-boulangerie-de-france-sur-m6\/"},"author":{"name":"C.K.","@id":"https:\/\/vosgesinfo.fr\/epinalinfo\/#\/schema\/person\/6f9a650eeea99d969b6c4ab78fccbe81"},"headline":"Bruy\u00e8res &#8211; La boulangerie \u00ab\u00a0Les Moulins de Barbara\u00a0\u00bb dans l&rsquo;\u00e9mission La meilleure boulangerie de France sur M6","datePublished":"2024-06-21T07:57:17+00:00","dateModified":"2024-06-21T08:00:05+00:00","mainEntityOfPage":{"@id":"https:\/\/vosgesinfo.fr\/epinalinfo\/2024\/06\/bruyeres-la-boulangerie-les-moulins-de-barbara-dans-lemission-la-meilleure-boulangerie-de-france-sur-m6\/"},"wordCount":235,"commentCount":0,"publisher":{"@id":"https:\/\/vosgesinfo.fr\/epinalinfo\/#organization"},"image":{"@id":"https:\/\/vosgesinfo.fr\/epinalinfo\/2024\/06\/bruyeres-la-boulangerie-les-moulins-de-barbara-dans-lemission-la-meilleure-boulangerie-de-france-sur-m6\/#primaryimage"},"thumbnailUrl":"https:\/\/vosgesinfo.fr\/app\/uploads\/sites\/3\/2024\/05\/la-meilleure-boulangerie-m6-bruyeres-vosges.jpg","keywords":["\"La Meilleure boulangerie de France\"","boulangerie","Bruy\u00e8res","\u00e9mission","Les Moulins de Barbara","M6","t\u00e9l\u00e9vision","vosges"],"articleSection":["A la Une","Bruy\u00e8res","Divertissement","Vosges"],"inLanguage":"fr-FR","potentialAction":[{"@type":"CommentAction","name":"Comment","target":["https:\/\/vosgesinfo.fr\/epinalinfo\/2024\/06\/bruyeres-la-boulangerie-les-moulins-de-barbara-dans-lemission-la-meilleure-boulangerie-de-france-sur-m6\/#respond"]}]},{"@type":"WebPage","@id":"https:\/\/vosgesinfo.fr\/epinalinfo\/2024\/06\/bruyeres-la-boulangerie-les-moulins-de-barbara-dans-lemission-la-meilleure-boulangerie-de-france-sur-m6\/","url":"https:\/\/vosgesinfo.fr\/epinalinfo\/2024\/06\/bruyeres-la-boulangerie-les-moulins-de-barbara-dans-lemission-la-meilleure-boulangerie-de-france-sur-m6\/","name":"Bruy\u00e8res - La boulangerie \"Les Moulins de Barbara\" dans l'\u00e9mission La meilleure boulangerie de France sur M6 - Epinal Info","isPartOf":{"@id":"https:\/\/vosgesinfo.fr\/epinalinfo\/#website"},"primaryImageOfPage":{"@id":"https:\/\/vosgesinfo.fr\/epinalinfo\/2024\/06\/bruyeres-la-boulangerie-les-moulins-de-barbara-dans-lemission-la-meilleure-boulangerie-de-france-sur-m6\/#primaryimage"},"image":{"@id":"https:\/\/vosgesinfo.fr\/epinalinfo\/2024\/06\/bruyeres-la-boulangerie-les-moulins-de-barbara-dans-lemission-la-meilleure-boulangerie-de-france-sur-m6\/#primaryimage"},"thumbnailUrl":"https:\/\/vosgesinfo.fr\/app\/uploads\/sites\/3\/2024\/05\/la-meilleure-boulangerie-m6-bruyeres-vosges.jpg","datePublished":"2024-06-21T07:57:17+00:00","dateModified":"2024-06-21T08:00:05+00:00","breadcrumb":{"@id":"https:\/\/vosgesinfo.fr\/epinalinfo\/2024\/06\/bruyeres-la-boulangerie-les-moulins-de-barbara-dans-lemission-la-meilleure-boulangerie-de-france-sur-m6\/#breadcrumb"},"inLanguage":"fr-FR","potentialAction":[{"@type":"ReadAction","target":["https:\/\/vosgesinfo.fr\/epinalinfo\/2024\/06\/bruyeres-la-boulangerie-les-moulins-de-barbara-dans-lemission-la-meilleure-boulangerie-de-france-sur-m6\/"]}]},{"@type":"ImageObject","inLanguage":"fr-FR","@id":"https:\/\/vosgesinfo.fr\/epinalinfo\/2024\/06\/bruyeres-la-boulangerie-les-moulins-de-barbara-dans-lemission-la-meilleure-boulangerie-de-france-sur-m6\/#primaryimage","url":"https:\/\/vosgesinfo.fr\/app\/uploads\/sites\/3\/2024\/05\/la-meilleure-boulangerie-m6-bruyeres-vosges.jpg","contentUrl":"https:\/\/vosgesinfo.fr\/app\/uploads\/sites\/3\/2024\/05\/la-meilleure-boulangerie-m6-bruyeres-vosges.jpg","width":1600,"height":1200},{"@type":"BreadcrumbList","@id":"https:\/\/vosgesinfo.fr\/epinalinfo\/2024\/06\/bruyeres-la-boulangerie-les-moulins-de-barbara-dans-lemission-la-meilleure-boulangerie-de-france-sur-m6\/#breadcrumb","itemListElement":[{"@type":"ListItem","position":1,"name":"Home","item":"https:\/\/vosgesinfo.fr\/epinalinfo\/"},{"@type":"ListItem","position":2,"name":"Bruy\u00e8res &#8211; La boulangerie \u00ab\u00a0Les Moulins de Barbara\u00a0\u00bb dans l&rsquo;\u00e9mission La meilleure boulangerie de France sur M6"}]},{"@type":"WebSite","@id":"https:\/\/vosgesinfo.fr\/epinalinfo\/#website","url":"https:\/\/vosgesinfo.fr\/epinalinfo\/","name":"Epinal Info","description":"Toute l&#039;actualit\u00e9 d&#039;\u00c9pinal","publisher":{"@id":"https:\/\/vosgesinfo.fr\/epinalinfo\/#organization"},"alternateName":"Toute l'actualit\u00e9 d'\u00c9pinal","potentialAction":[{"@type":"SearchAction","target":{"@type":"EntryPoint","urlTemplate":"https:\/\/vosgesinfo.fr\/epinalinfo\/?s={search_term_string}"},"query-input":"required name=search_term_string"}],"inLanguage":"fr-FR"},{"@type":"Organization","@id":"https:\/\/vosgesinfo.fr\/epinalinfo\/#organization","name":"Epinal Info","url":"https:\/\/vosgesinfo.fr\/epinalinfo\/","logo":{"@type":"ImageObject","inLanguage":"fr-FR","@id":"https:\/\/vosgesinfo.fr\/epinalinfo\/#\/schema\/logo\/image\/","url":"https:\/\/vosgesinfo.fr\/app\/uploads\/sites\/3\/2023\/08\/logo-epinalinfos.svg","contentUrl":"https:\/\/vosgesinfo.fr\/app\/uploads\/sites\/3\/2023\/08\/logo-epinalinfos.svg","width":1,"height":1,"caption":"Epinal Info"},"image":{"@id":"https:\/\/vosgesinfo.fr\/epinalinfo\/#\/schema\/logo\/image\/"},"sameAs":["https:\/\/www.facebook.com\/Epinalinfos","https:\/\/x.com\/VosgesInfo88","https:\/\/www.youtube.com\/@vosgesinfo"]},{"@type":"Person","@id":"https:\/\/vosgesinfo.fr\/epinalinfo\/#\/schema\/person\/6f9a650eeea99d969b6c4ab78fccbe81","name":"C.K.","image":{"@type":"ImageObject","inLanguage":"fr-FR","@id":"https:\/\/vosgesinfo.fr\/epinalinfo\/#\/schema\/person\/image\/","url":"https:\/\/secure.gravatar.com\/avatar\/48e3fc7f8421ba8942be6b74a2b7f014ca39bc00dece156b7a8e098ae7dc87bf?s=96&d=mm&r=g","contentUrl":"https:\/\/secure.gravatar.com\/avatar\/48e3fc7f8421ba8942be6b74a2b7f014ca39bc00dece156b7a8e098ae7dc87bf?s=96&d=mm&r=g","caption":"C.K."},"url":"https:\/\/vosgesinfo.fr\/epinalinfo\/author\/celia-k-n\/"}]}},"_links":{"self":[{"href":"https:\/\/vosgesinfo.fr\/epinalinfo\/wp-json\/wp\/v2\/posts\/42758","targetHints":{"allow":["GET"]}}],"collection":[{"href":"https:\/\/vosgesinfo.fr\/epinalinfo\/wp-json\/wp\/v2\/posts"}],"about":[{"href":"https:\/\/vosgesinfo.fr\/epinalinfo\/wp-json\/wp\/v2\/types\/post"}],"author":[{"embeddable":true,"href":"https:\/\/vosgesinfo.fr\/epinalinfo\/wp-json\/wp\/v2\/users\/52"}],"replies":[{"embeddable":true,"href":"https:\/\/vosgesinfo.fr\/epinalinfo\/wp-json\/wp\/v2\/comments?post=42758"}],"version-history":[{"count":2,"href":"https:\/\/vosgesinfo.fr\/epinalinfo\/wp-json\/wp\/v2\/posts\/42758\/revisions"}],"predecessor-version":[{"id":42760,"href":"https:\/\/vosgesinfo.fr\/epinalinfo\/wp-json\/wp\/v2\/posts\/42758\/revisions\/42760"}],"wp:featuredmedia":[{"embeddable":true,"href":"https:\/\/vosgesinfo.fr\/epinalinfo\/wp-json\/wp\/v2\/media\/41016"}],"wp:attachment":[{"href":"https:\/\/vosgesinfo.fr\/epinalinfo\/wp-json\/wp\/v2\/media?parent=42758"}],"wp:term":[{"taxonomy":"category","embeddable":true,"href":"https:\/\/vosgesinfo.fr\/epinalinfo\/wp-json\/wp\/v2\/categories?post=42758"},{"taxonomy":"post_tag","embeddable":true,"href":"https:\/\/vosgesinfo.fr\/epinalinfo\/wp-json\/wp\/v2\/tags?post=42758"}],"curies":[{"name":"wp","href":"https:\/\/api.w.org\/{rel}","templated":true}]}}