{"id":42977,"date":"2024-06-26T16:49:01","date_gmt":"2024-06-26T14:49:01","guid":{"rendered":"https:\/\/vosgesinfo.fr\/epinalinfo\/?p=42977"},"modified":"2024-06-26T16:49:01","modified_gmt":"2024-06-26T14:49:01","slug":"ce-vosgien-vole-des-voitures-et-conduit-sans-permis","status":"publish","type":"post","link":"https:\/\/vosgesinfo.fr\/epinalinfo\/2024\/06\/ce-vosgien-vole-des-voitures-et-conduit-sans-permis\/","title":{"rendered":"Ce Vosgien vole des voitures et conduit sans permis"},"content":{"rendered":"<h2><img decoding=\"async\" class=\"aligncenter size-full wp-image-42978\" src=\"https:\/\/vosgesinfo.fr\/app\/uploads\/sites\/3\/2024\/06\/voleur-voiture.jpg\" alt=\"\" width=\"960\" height=\"640\" srcset=\"https:\/\/vosgesinfo.fr\/app\/uploads\/sites\/3\/2024\/06\/voleur-voiture.jpg 960w, https:\/\/vosgesinfo.fr\/app\/uploads\/sites\/3\/2024\/06\/voleur-voiture-300x200.jpg 300w, https:\/\/vosgesinfo.fr\/app\/uploads\/sites\/3\/2024\/06\/voleur-voiture-768x512.jpg 768w\" sizes=\"(max-width: 960px) 100vw, 960px\" \/>Un jeune homme originaire de Saint-Di\u00e9-des-Vosges a \u00e9t\u00e9 arr\u00eat\u00e9 lundi 24 juin \u00e0 Epinal suite \u00e0 un vol de voiture. Il ne poss\u00e9dait pas le permis de conduire. Le v\u00e9hicule a \u00e9t\u00e9 retrouv\u00e9 rue Saint-Michel, \u00e0 Epinal.<\/h2>\n<p>Un jeune homme de 24 ans a \u00e9t\u00e9 interpell\u00e9 lundi 24 juin \u00e0 22h par les policiers de la Brigade anti-criminalit\u00e9 d&rsquo;Epinal (BAC). Originaire de Saint-Di\u00e9-des-Vosges, le jeune homme est accus\u00e9 d&rsquo;avoir vol\u00e9 un v\u00e9hicule \u00e9lectrique avec des si\u00e8ges enfants \u00e0 l&rsquo;int\u00e9rieur. Le v\u00e9hicule vol\u00e9 a \u00e9t\u00e9 retrouv\u00e9 rue Saint-Michel, \u00e0 Epinal. Les policiers ont r\u00e9ussi \u00e0 retrouver l&rsquo;individu gr\u00e2ce \u00e0 un signalement. Les policiers ont alors proc\u00e9d\u00e9 \u00e0 une surveillance de l&rsquo;individu.<\/p>\n<p>Le jeune voleur a \u00e9t\u00e9 plac\u00e9 en garde \u00e0 vue par les policiers spinaliens. Entendu, il reconna\u00eet les faits. Le jeune homme est d\u00e9j\u00e0 bien connu des services de police de Saint-Di\u00e9-des-Vosges pour des faits similaires. Il avait d\u00e9j\u00e0 vol\u00e9 un v\u00e9hicule le 4 avril dernier. De plus, il conduisait sans permis de conduire.<\/p>\n<p>L&rsquo;homme \u00e9cope d&rsquo;une comparution sur reconnaissance pr\u00e9alable de culpabilit\u00e9 (CRPC) et d&rsquo;une comparution par un officier de police judiciaire (COPJ) pour le 23 octobre 2024.<\/p>\n","protected":false},"excerpt":{"rendered":"<p>Un jeune homme originaire de Saint-Di\u00e9-des-Vosges a \u00e9t\u00e9 arr\u00eat\u00e9 lundi 24 juin \u00e0 Epinal suite \u00e0 un vol de voiture. [&hellip;]<\/p>\n","protected":false},"author":52,"featured_media":42978,"comment_status":"open","ping_status":"open","sticky":false,"template":"","format":"standard","meta":{"footnotes":""},"categories":[22,24,6,5],"tags":[70,6452,1343,1622,6451,75],"class_list":["post-42977","post","type-post","status-publish","format-standard","has-post-thumbnail","hentry","category-a-la-une","category-epinal","category-faits-divers","category-vosges","tag-epinal","tag-police-depinal","tag-saint-die-des-vosges","tag-sans-permis-de-conduire","tag-vol-de-voiture","tag-vosges"],"acf":[],"yoast_head":"<!-- This site is optimized with the Yoast SEO plugin v22.5 - https:\/\/yoast.com\/wordpress\/plugins\/seo\/ -->\n<title>Ce Vosgien vole des voitures et conduit sans permis - Epinal Info<\/title>\n<meta name=\"robots\" content=\"index, follow, max-snippet:-1, max-image-preview:large, max-video-preview:-1\" \/>\n<link rel=\"canonical\" href=\"https:\/\/vosgesinfo.fr\/epinalinfo\/2024\/06\/ce-vosgien-vole-des-voitures-et-conduit-sans-permis\/\" \/>\n<meta name=\"twitter:card\" content=\"summary_large_image\" \/>\n<meta name=\"twitter:title\" content=\"Ce Vosgien vole des voitures et conduit sans permis - Epinal Info\" \/>\n<meta name=\"twitter:description\" content=\"Un jeune homme originaire de Saint-Di\u00e9-des-Vosges a \u00e9t\u00e9 arr\u00eat\u00e9 lundi 24 juin \u00e0 Epinal suite \u00e0 un vol de voiture. [&hellip;]\" \/>\n<meta name=\"twitter:image\" content=\"https:\/\/vosgesinfo.fr\/app\/uploads\/sites\/3\/2024\/06\/voleur-voiture.jpg\" \/>\n<meta name=\"twitter:creator\" content=\"@VosgesInfo88\" \/>\n<meta name=\"twitter:site\" content=\"@VosgesInfo88\" \/>\n<meta name=\"twitter:label1\" content=\"\u00c9crit par\" \/>\n\t<meta name=\"twitter:data1\" content=\"C.K.\" \/>\n\t<meta name=\"twitter:label2\" content=\"Dur\u00e9e de lecture estim\u00e9e\" \/>\n\t<meta name=\"twitter:data2\" content=\"1 minute\" \/>\n<script type=\"application\/ld+json\" class=\"yoast-schema-graph\">{\"@context\":\"https:\/\/schema.org\",\"@graph\":[{\"@type\":\"Article\",\"@id\":\"https:\/\/vosgesinfo.fr\/epinalinfo\/2024\/06\/ce-vosgien-vole-des-voitures-et-conduit-sans-permis\/#article\",\"isPartOf\":{\"@id\":\"https:\/\/vosgesinfo.fr\/epinalinfo\/2024\/06\/ce-vosgien-vole-des-voitures-et-conduit-sans-permis\/\"},\"author\":{\"name\":\"C.K.\",\"@id\":\"https:\/\/vosgesinfo.fr\/epinalinfo\/#\/schema\/person\/6f9a650eeea99d969b6c4ab78fccbe81\"},\"headline\":\"Ce Vosgien vole des voitures et conduit sans permis\",\"datePublished\":\"2024-06-26T14:49:01+00:00\",\"dateModified\":\"2024-06-26T14:49:01+00:00\",\"mainEntityOfPage\":{\"@id\":\"https:\/\/vosgesinfo.fr\/epinalinfo\/2024\/06\/ce-vosgien-vole-des-voitures-et-conduit-sans-permis\/\"},\"wordCount\":208,\"commentCount\":2,\"publisher\":{\"@id\":\"https:\/\/vosgesinfo.fr\/epinalinfo\/#organization\"},\"image\":{\"@id\":\"https:\/\/vosgesinfo.fr\/epinalinfo\/2024\/06\/ce-vosgien-vole-des-voitures-et-conduit-sans-permis\/#primaryimage\"},\"thumbnailUrl\":\"https:\/\/vosgesinfo.fr\/app\/uploads\/sites\/3\/2024\/06\/voleur-voiture.jpg\",\"keywords\":[\"Epinal\",\"police d'Epinal\",\"Saint-Di\u00e9-des-Vosges\",\"sans permis de conduire\",\"vol de voiture\",\"vosges\"],\"articleSection\":[\"A la Une\",\"Epinal\",\"Faits-divers\",\"Vosges\"],\"inLanguage\":\"fr-FR\",\"potentialAction\":[{\"@type\":\"CommentAction\",\"name\":\"Comment\",\"target\":[\"https:\/\/vosgesinfo.fr\/epinalinfo\/2024\/06\/ce-vosgien-vole-des-voitures-et-conduit-sans-permis\/#respond\"]}]},{\"@type\":\"WebPage\",\"@id\":\"https:\/\/vosgesinfo.fr\/epinalinfo\/2024\/06\/ce-vosgien-vole-des-voitures-et-conduit-sans-permis\/\",\"url\":\"https:\/\/vosgesinfo.fr\/epinalinfo\/2024\/06\/ce-vosgien-vole-des-voitures-et-conduit-sans-permis\/\",\"name\":\"Ce Vosgien vole des voitures et conduit sans permis - Epinal Info\",\"isPartOf\":{\"@id\":\"https:\/\/vosgesinfo.fr\/epinalinfo\/#website\"},\"primaryImageOfPage\":{\"@id\":\"https:\/\/vosgesinfo.fr\/epinalinfo\/2024\/06\/ce-vosgien-vole-des-voitures-et-conduit-sans-permis\/#primaryimage\"},\"image\":{\"@id\":\"https:\/\/vosgesinfo.fr\/epinalinfo\/2024\/06\/ce-vosgien-vole-des-voitures-et-conduit-sans-permis\/#primaryimage\"},\"thumbnailUrl\":\"https:\/\/vosgesinfo.fr\/app\/uploads\/sites\/3\/2024\/06\/voleur-voiture.jpg\",\"datePublished\":\"2024-06-26T14:49:01+00:00\",\"dateModified\":\"2024-06-26T14:49:01+00:00\",\"breadcrumb\":{\"@id\":\"https:\/\/vosgesinfo.fr\/epinalinfo\/2024\/06\/ce-vosgien-vole-des-voitures-et-conduit-sans-permis\/#breadcrumb\"},\"inLanguage\":\"fr-FR\",\"potentialAction\":[{\"@type\":\"ReadAction\",\"target\":[\"https:\/\/vosgesinfo.fr\/epinalinfo\/2024\/06\/ce-vosgien-vole-des-voitures-et-conduit-sans-permis\/\"]}]},{\"@type\":\"ImageObject\",\"inLanguage\":\"fr-FR\",\"@id\":\"https:\/\/vosgesinfo.fr\/epinalinfo\/2024\/06\/ce-vosgien-vole-des-voitures-et-conduit-sans-permis\/#primaryimage\",\"url\":\"https:\/\/vosgesinfo.fr\/app\/uploads\/sites\/3\/2024\/06\/voleur-voiture.jpg\",\"contentUrl\":\"https:\/\/vosgesinfo.fr\/app\/uploads\/sites\/3\/2024\/06\/voleur-voiture.jpg\",\"width\":960,\"height\":640},{\"@type\":\"BreadcrumbList\",\"@id\":\"https:\/\/vosgesinfo.fr\/epinalinfo\/2024\/06\/ce-vosgien-vole-des-voitures-et-conduit-sans-permis\/#breadcrumb\",\"itemListElement\":[{\"@type\":\"ListItem\",\"position\":1,\"name\":\"Home\",\"item\":\"https:\/\/vosgesinfo.fr\/epinalinfo\/\"},{\"@type\":\"ListItem\",\"position\":2,\"name\":\"Ce Vosgien vole des voitures et conduit sans permis\"}]},{\"@type\":\"WebSite\",\"@id\":\"https:\/\/vosgesinfo.fr\/epinalinfo\/#website\",\"url\":\"https:\/\/vosgesinfo.fr\/epinalinfo\/\",\"name\":\"Epinal Info\",\"description\":\"Toute l&#039;actualit\u00e9 d&#039;\u00c9pinal\",\"publisher\":{\"@id\":\"https:\/\/vosgesinfo.fr\/epinalinfo\/#organization\"},\"alternateName\":\"Toute l'actualit\u00e9 d'\u00c9pinal\",\"potentialAction\":[{\"@type\":\"SearchAction\",\"target\":{\"@type\":\"EntryPoint\",\"urlTemplate\":\"https:\/\/vosgesinfo.fr\/epinalinfo\/?s={search_term_string}\"},\"query-input\":\"required name=search_term_string\"}],\"inLanguage\":\"fr-FR\"},{\"@type\":\"Organization\",\"@id\":\"https:\/\/vosgesinfo.fr\/epinalinfo\/#organization\",\"name\":\"Epinal Info\",\"url\":\"https:\/\/vosgesinfo.fr\/epinalinfo\/\",\"logo\":{\"@type\":\"ImageObject\",\"inLanguage\":\"fr-FR\",\"@id\":\"https:\/\/vosgesinfo.fr\/epinalinfo\/#\/schema\/logo\/image\/\",\"url\":\"https:\/\/vosgesinfo.fr\/app\/uploads\/sites\/3\/2023\/08\/logo-epinalinfos.svg\",\"contentUrl\":\"https:\/\/vosgesinfo.fr\/app\/uploads\/sites\/3\/2023\/08\/logo-epinalinfos.svg\",\"width\":1,\"height\":1,\"caption\":\"Epinal Info\"},\"image\":{\"@id\":\"https:\/\/vosgesinfo.fr\/epinalinfo\/#\/schema\/logo\/image\/\"},\"sameAs\":[\"https:\/\/www.facebook.com\/Epinalinfos\",\"https:\/\/x.com\/VosgesInfo88\",\"https:\/\/www.youtube.com\/@vosgesinfo\"]},{\"@type\":\"Person\",\"@id\":\"https:\/\/vosgesinfo.fr\/epinalinfo\/#\/schema\/person\/6f9a650eeea99d969b6c4ab78fccbe81\",\"name\":\"C.K.\",\"image\":{\"@type\":\"ImageObject\",\"inLanguage\":\"fr-FR\",\"@id\":\"https:\/\/vosgesinfo.fr\/epinalinfo\/#\/schema\/person\/image\/\",\"url\":\"https:\/\/secure.gravatar.com\/avatar\/48e3fc7f8421ba8942be6b74a2b7f014ca39bc00dece156b7a8e098ae7dc87bf?s=96&d=mm&r=g\",\"contentUrl\":\"https:\/\/secure.gravatar.com\/avatar\/48e3fc7f8421ba8942be6b74a2b7f014ca39bc00dece156b7a8e098ae7dc87bf?s=96&d=mm&r=g\",\"caption\":\"C.K.\"},\"url\":\"https:\/\/vosgesinfo.fr\/epinalinfo\/author\/celia-k-n\/\"}]}<\/script>\n<!-- \/ Yoast SEO plugin. -->","yoast_head_json":{"title":"Ce Vosgien vole des voitures et conduit sans permis - Epinal Info","robots":{"index":"index","follow":"follow","max-snippet":"max-snippet:-1","max-image-preview":"max-image-preview:large","max-video-preview":"max-video-preview:-1"},"canonical":"https:\/\/vosgesinfo.fr\/epinalinfo\/2024\/06\/ce-vosgien-vole-des-voitures-et-conduit-sans-permis\/","twitter_card":"summary_large_image","twitter_title":"Ce Vosgien vole des voitures et conduit sans permis - Epinal Info","twitter_description":"Un jeune homme originaire de Saint-Di\u00e9-des-Vosges a \u00e9t\u00e9 arr\u00eat\u00e9 lundi 24 juin \u00e0 Epinal suite \u00e0 un vol de voiture. [&hellip;]","twitter_image":"https:\/\/vosgesinfo.fr\/app\/uploads\/sites\/3\/2024\/06\/voleur-voiture.jpg","twitter_creator":"@VosgesInfo88","twitter_site":"@VosgesInfo88","twitter_misc":{"\u00c9crit par":"C.K.","Dur\u00e9e de lecture estim\u00e9e":"1 minute"},"schema":{"@context":"https:\/\/schema.org","@graph":[{"@type":"Article","@id":"https:\/\/vosgesinfo.fr\/epinalinfo\/2024\/06\/ce-vosgien-vole-des-voitures-et-conduit-sans-permis\/#article","isPartOf":{"@id":"https:\/\/vosgesinfo.fr\/epinalinfo\/2024\/06\/ce-vosgien-vole-des-voitures-et-conduit-sans-permis\/"},"author":{"name":"C.K.","@id":"https:\/\/vosgesinfo.fr\/epinalinfo\/#\/schema\/person\/6f9a650eeea99d969b6c4ab78fccbe81"},"headline":"Ce Vosgien vole des voitures et conduit sans permis","datePublished":"2024-06-26T14:49:01+00:00","dateModified":"2024-06-26T14:49:01+00:00","mainEntityOfPage":{"@id":"https:\/\/vosgesinfo.fr\/epinalinfo\/2024\/06\/ce-vosgien-vole-des-voitures-et-conduit-sans-permis\/"},"wordCount":208,"commentCount":2,"publisher":{"@id":"https:\/\/vosgesinfo.fr\/epinalinfo\/#organization"},"image":{"@id":"https:\/\/vosgesinfo.fr\/epinalinfo\/2024\/06\/ce-vosgien-vole-des-voitures-et-conduit-sans-permis\/#primaryimage"},"thumbnailUrl":"https:\/\/vosgesinfo.fr\/app\/uploads\/sites\/3\/2024\/06\/voleur-voiture.jpg","keywords":["Epinal","police d'Epinal","Saint-Di\u00e9-des-Vosges","sans permis de conduire","vol de voiture","vosges"],"articleSection":["A la Une","Epinal","Faits-divers","Vosges"],"inLanguage":"fr-FR","potentialAction":[{"@type":"CommentAction","name":"Comment","target":["https:\/\/vosgesinfo.fr\/epinalinfo\/2024\/06\/ce-vosgien-vole-des-voitures-et-conduit-sans-permis\/#respond"]}]},{"@type":"WebPage","@id":"https:\/\/vosgesinfo.fr\/epinalinfo\/2024\/06\/ce-vosgien-vole-des-voitures-et-conduit-sans-permis\/","url":"https:\/\/vosgesinfo.fr\/epinalinfo\/2024\/06\/ce-vosgien-vole-des-voitures-et-conduit-sans-permis\/","name":"Ce Vosgien vole des voitures et conduit sans permis - Epinal Info","isPartOf":{"@id":"https:\/\/vosgesinfo.fr\/epinalinfo\/#website"},"primaryImageOfPage":{"@id":"https:\/\/vosgesinfo.fr\/epinalinfo\/2024\/06\/ce-vosgien-vole-des-voitures-et-conduit-sans-permis\/#primaryimage"},"image":{"@id":"https:\/\/vosgesinfo.fr\/epinalinfo\/2024\/06\/ce-vosgien-vole-des-voitures-et-conduit-sans-permis\/#primaryimage"},"thumbnailUrl":"https:\/\/vosgesinfo.fr\/app\/uploads\/sites\/3\/2024\/06\/voleur-voiture.jpg","datePublished":"2024-06-26T14:49:01+00:00","dateModified":"2024-06-26T14:49:01+00:00","breadcrumb":{"@id":"https:\/\/vosgesinfo.fr\/epinalinfo\/2024\/06\/ce-vosgien-vole-des-voitures-et-conduit-sans-permis\/#breadcrumb"},"inLanguage":"fr-FR","potentialAction":[{"@type":"ReadAction","target":["https:\/\/vosgesinfo.fr\/epinalinfo\/2024\/06\/ce-vosgien-vole-des-voitures-et-conduit-sans-permis\/"]}]},{"@type":"ImageObject","inLanguage":"fr-FR","@id":"https:\/\/vosgesinfo.fr\/epinalinfo\/2024\/06\/ce-vosgien-vole-des-voitures-et-conduit-sans-permis\/#primaryimage","url":"https:\/\/vosgesinfo.fr\/app\/uploads\/sites\/3\/2024\/06\/voleur-voiture.jpg","contentUrl":"https:\/\/vosgesinfo.fr\/app\/uploads\/sites\/3\/2024\/06\/voleur-voiture.jpg","width":960,"height":640},{"@type":"BreadcrumbList","@id":"https:\/\/vosgesinfo.fr\/epinalinfo\/2024\/06\/ce-vosgien-vole-des-voitures-et-conduit-sans-permis\/#breadcrumb","itemListElement":[{"@type":"ListItem","position":1,"name":"Home","item":"https:\/\/vosgesinfo.fr\/epinalinfo\/"},{"@type":"ListItem","position":2,"name":"Ce Vosgien vole des voitures et conduit sans permis"}]},{"@type":"WebSite","@id":"https:\/\/vosgesinfo.fr\/epinalinfo\/#website","url":"https:\/\/vosgesinfo.fr\/epinalinfo\/","name":"Epinal Info","description":"Toute l&#039;actualit\u00e9 d&#039;\u00c9pinal","publisher":{"@id":"https:\/\/vosgesinfo.fr\/epinalinfo\/#organization"},"alternateName":"Toute l'actualit\u00e9 d'\u00c9pinal","potentialAction":[{"@type":"SearchAction","target":{"@type":"EntryPoint","urlTemplate":"https:\/\/vosgesinfo.fr\/epinalinfo\/?s={search_term_string}"},"query-input":"required name=search_term_string"}],"inLanguage":"fr-FR"},{"@type":"Organization","@id":"https:\/\/vosgesinfo.fr\/epinalinfo\/#organization","name":"Epinal Info","url":"https:\/\/vosgesinfo.fr\/epinalinfo\/","logo":{"@type":"ImageObject","inLanguage":"fr-FR","@id":"https:\/\/vosgesinfo.fr\/epinalinfo\/#\/schema\/logo\/image\/","url":"https:\/\/vosgesinfo.fr\/app\/uploads\/sites\/3\/2023\/08\/logo-epinalinfos.svg","contentUrl":"https:\/\/vosgesinfo.fr\/app\/uploads\/sites\/3\/2023\/08\/logo-epinalinfos.svg","width":1,"height":1,"caption":"Epinal Info"},"image":{"@id":"https:\/\/vosgesinfo.fr\/epinalinfo\/#\/schema\/logo\/image\/"},"sameAs":["https:\/\/www.facebook.com\/Epinalinfos","https:\/\/x.com\/VosgesInfo88","https:\/\/www.youtube.com\/@vosgesinfo"]},{"@type":"Person","@id":"https:\/\/vosgesinfo.fr\/epinalinfo\/#\/schema\/person\/6f9a650eeea99d969b6c4ab78fccbe81","name":"C.K.","image":{"@type":"ImageObject","inLanguage":"fr-FR","@id":"https:\/\/vosgesinfo.fr\/epinalinfo\/#\/schema\/person\/image\/","url":"https:\/\/secure.gravatar.com\/avatar\/48e3fc7f8421ba8942be6b74a2b7f014ca39bc00dece156b7a8e098ae7dc87bf?s=96&d=mm&r=g","contentUrl":"https:\/\/secure.gravatar.com\/avatar\/48e3fc7f8421ba8942be6b74a2b7f014ca39bc00dece156b7a8e098ae7dc87bf?s=96&d=mm&r=g","caption":"C.K."},"url":"https:\/\/vosgesinfo.fr\/epinalinfo\/author\/celia-k-n\/"}]}},"_links":{"self":[{"href":"https:\/\/vosgesinfo.fr\/epinalinfo\/wp-json\/wp\/v2\/posts\/42977","targetHints":{"allow":["GET"]}}],"collection":[{"href":"https:\/\/vosgesinfo.fr\/epinalinfo\/wp-json\/wp\/v2\/posts"}],"about":[{"href":"https:\/\/vosgesinfo.fr\/epinalinfo\/wp-json\/wp\/v2\/types\/post"}],"author":[{"embeddable":true,"href":"https:\/\/vosgesinfo.fr\/epinalinfo\/wp-json\/wp\/v2\/users\/52"}],"replies":[{"embeddable":true,"href":"https:\/\/vosgesinfo.fr\/epinalinfo\/wp-json\/wp\/v2\/comments?post=42977"}],"version-history":[{"count":1,"href":"https:\/\/vosgesinfo.fr\/epinalinfo\/wp-json\/wp\/v2\/posts\/42977\/revisions"}],"predecessor-version":[{"id":42979,"href":"https:\/\/vosgesinfo.fr\/epinalinfo\/wp-json\/wp\/v2\/posts\/42977\/revisions\/42979"}],"wp:featuredmedia":[{"embeddable":true,"href":"https:\/\/vosgesinfo.fr\/epinalinfo\/wp-json\/wp\/v2\/media\/42978"}],"wp:attachment":[{"href":"https:\/\/vosgesinfo.fr\/epinalinfo\/wp-json\/wp\/v2\/media?parent=42977"}],"wp:term":[{"taxonomy":"category","embeddable":true,"href":"https:\/\/vosgesinfo.fr\/epinalinfo\/wp-json\/wp\/v2\/categories?post=42977"},{"taxonomy":"post_tag","embeddable":true,"href":"https:\/\/vosgesinfo.fr\/epinalinfo\/wp-json\/wp\/v2\/tags?post=42977"}],"curies":[{"name":"wp","href":"https:\/\/api.w.org\/{rel}","templated":true}]}}