{"id":43012,"date":"2024-06-27T13:14:49","date_gmt":"2024-06-27T11:14:49","guid":{"rendered":"https:\/\/vosgesinfo.fr\/epinalinfo\/?p=43012"},"modified":"2024-06-27T13:57:51","modified_gmt":"2024-06-27T11:57:51","slug":"des-eleves-vosgiens-pris-de-legers-malaises-pas-dintoxication","status":"publish","type":"post","link":"https:\/\/vosgesinfo.fr\/epinalinfo\/2024\/06\/des-eleves-vosgiens-pris-de-legers-malaises-pas-dintoxication\/","title":{"rendered":"Des \u00e9l\u00e8ves vosgiens pris de l\u00e9gers malaises : pas d&rsquo;intoxication"},"content":{"rendered":"<p><img decoding=\"async\" class=\"aligncenter size-full wp-image-435\" src=\"https:\/\/vosgesinfo.fr\/app\/uploads\/sites\/3\/2023\/02\/pompiers-800x533-1.jpg\" alt=\"\" width=\"800\" height=\"533\" srcset=\"https:\/\/vosgesinfo.fr\/app\/uploads\/sites\/3\/2023\/02\/pompiers-800x533-1.jpg 800w, https:\/\/vosgesinfo.fr\/app\/uploads\/sites\/3\/2023\/02\/pompiers-800x533-1-300x200.jpg 300w, https:\/\/vosgesinfo.fr\/app\/uploads\/sites\/3\/2023\/02\/pompiers-800x533-1-768x512.jpg 768w\" sizes=\"(max-width: 800px) 100vw, 800px\" \/>Point de situation<\/p>\n<p>Ce jeudi 27 juin \u00e0 9h55, une dizaine d\u2019\u00e9l\u00e8ves de l\u2019\u00e9cole primaire des Jeunes Ch\u00eanes de Rehaincourt ont \u00e9t\u00e9 pris de l\u00e9gers malaises.<\/p>\n<p>Les consultations op\u00e9r\u00e9es par les m\u00e9decins sur les \u00e9l\u00e8ves ont lev\u00e9 toute suspicion d\u2019intoxication. Compte tenu des \u00e9ventements, les parents qui le souhaitent peuvent venir chercher leurs enfants. L\u2019\u00e9cole reste ouverte.<\/p>\n<p>La RD6 reste bloqu\u00e9e en provenance de Moriville. Merci d\u2019\u00e9viter le secteur.<\/p>\n<p>La pr\u00e9f\u00e8te tient \u00e0 saluer l\u2019engagement des personnels des forces de l\u2019ordre et des services de secours mobilis\u00e9s pour assurer la s\u00e9curit\u00e9 de tous.<\/p>\n","protected":false},"excerpt":{"rendered":"<p>Point de situation Ce jeudi 27 juin \u00e0 9h55, une dizaine d\u2019\u00e9l\u00e8ves de l\u2019\u00e9cole primaire des Jeunes Ch\u00eanes de Rehaincourt [&hellip;]<\/p>\n","protected":false},"author":52,"featured_media":433,"comment_status":"open","ping_status":"open","sticky":false,"template":"","format":"standard","meta":{"footnotes":""},"categories":[22,6,5],"tags":[],"class_list":["post-43012","post","type-post","status-publish","format-standard","has-post-thumbnail","hentry","category-a-la-une","category-faits-divers","category-vosges"],"acf":[],"yoast_head":"<!-- This site is optimized with the Yoast SEO plugin v22.5 - https:\/\/yoast.com\/wordpress\/plugins\/seo\/ -->\n<title>Des \u00e9l\u00e8ves vosgiens pris de l\u00e9gers malaises : pas d&#039;intoxication - Epinal Info<\/title>\n<meta name=\"robots\" content=\"index, follow, max-snippet:-1, max-image-preview:large, max-video-preview:-1\" \/>\n<link rel=\"canonical\" href=\"https:\/\/vosgesinfo.fr\/epinalinfo\/2024\/06\/des-eleves-vosgiens-pris-de-legers-malaises-pas-dintoxication\/\" \/>\n<meta name=\"twitter:card\" content=\"summary_large_image\" \/>\n<meta name=\"twitter:title\" content=\"Des \u00e9l\u00e8ves vosgiens pris de l\u00e9gers malaises : pas d&#039;intoxication - Epinal Info\" \/>\n<meta name=\"twitter:description\" content=\"Point de situation Ce jeudi 27 juin \u00e0 9h55, une dizaine d\u2019\u00e9l\u00e8ves de l\u2019\u00e9cole primaire des Jeunes Ch\u00eanes de Rehaincourt [&hellip;]\" \/>\n<meta name=\"twitter:image\" content=\"https:\/\/vosgesinfo.fr\/app\/uploads\/sites\/3\/2023\/02\/pompiers-800x533-800x533-1.jpg\" \/>\n<meta name=\"twitter:creator\" content=\"@VosgesInfo88\" \/>\n<meta name=\"twitter:site\" content=\"@VosgesInfo88\" \/>\n<meta name=\"twitter:label1\" content=\"\u00c9crit par\" \/>\n\t<meta name=\"twitter:data1\" content=\"C.K.\" \/>\n\t<meta name=\"twitter:label2\" content=\"Dur\u00e9e de lecture estim\u00e9e\" \/>\n\t<meta name=\"twitter:data2\" content=\"1 minute\" \/>\n<script type=\"application\/ld+json\" class=\"yoast-schema-graph\">{\"@context\":\"https:\/\/schema.org\",\"@graph\":[{\"@type\":\"Article\",\"@id\":\"https:\/\/vosgesinfo.fr\/epinalinfo\/2024\/06\/des-eleves-vosgiens-pris-de-legers-malaises-pas-dintoxication\/#article\",\"isPartOf\":{\"@id\":\"https:\/\/vosgesinfo.fr\/epinalinfo\/2024\/06\/des-eleves-vosgiens-pris-de-legers-malaises-pas-dintoxication\/\"},\"author\":{\"name\":\"C.K.\",\"@id\":\"https:\/\/vosgesinfo.fr\/epinalinfo\/#\/schema\/person\/6f9a650eeea99d969b6c4ab78fccbe81\"},\"headline\":\"Des \u00e9l\u00e8ves vosgiens pris de l\u00e9gers malaises : pas d&rsquo;intoxication\",\"datePublished\":\"2024-06-27T11:14:49+00:00\",\"dateModified\":\"2024-06-27T11:57:51+00:00\",\"mainEntityOfPage\":{\"@id\":\"https:\/\/vosgesinfo.fr\/epinalinfo\/2024\/06\/des-eleves-vosgiens-pris-de-legers-malaises-pas-dintoxication\/\"},\"wordCount\":121,\"commentCount\":0,\"publisher\":{\"@id\":\"https:\/\/vosgesinfo.fr\/epinalinfo\/#organization\"},\"image\":{\"@id\":\"https:\/\/vosgesinfo.fr\/epinalinfo\/2024\/06\/des-eleves-vosgiens-pris-de-legers-malaises-pas-dintoxication\/#primaryimage\"},\"thumbnailUrl\":\"https:\/\/vosgesinfo.fr\/app\/uploads\/sites\/3\/2023\/02\/pompiers-800x533-800x533-1.jpg\",\"articleSection\":[\"A la Une\",\"Faits-divers\",\"Vosges\"],\"inLanguage\":\"fr-FR\",\"potentialAction\":[{\"@type\":\"CommentAction\",\"name\":\"Comment\",\"target\":[\"https:\/\/vosgesinfo.fr\/epinalinfo\/2024\/06\/des-eleves-vosgiens-pris-de-legers-malaises-pas-dintoxication\/#respond\"]}]},{\"@type\":\"WebPage\",\"@id\":\"https:\/\/vosgesinfo.fr\/epinalinfo\/2024\/06\/des-eleves-vosgiens-pris-de-legers-malaises-pas-dintoxication\/\",\"url\":\"https:\/\/vosgesinfo.fr\/epinalinfo\/2024\/06\/des-eleves-vosgiens-pris-de-legers-malaises-pas-dintoxication\/\",\"name\":\"Des \u00e9l\u00e8ves vosgiens pris de l\u00e9gers malaises : pas d'intoxication - Epinal Info\",\"isPartOf\":{\"@id\":\"https:\/\/vosgesinfo.fr\/epinalinfo\/#website\"},\"primaryImageOfPage\":{\"@id\":\"https:\/\/vosgesinfo.fr\/epinalinfo\/2024\/06\/des-eleves-vosgiens-pris-de-legers-malaises-pas-dintoxication\/#primaryimage\"},\"image\":{\"@id\":\"https:\/\/vosgesinfo.fr\/epinalinfo\/2024\/06\/des-eleves-vosgiens-pris-de-legers-malaises-pas-dintoxication\/#primaryimage\"},\"thumbnailUrl\":\"https:\/\/vosgesinfo.fr\/app\/uploads\/sites\/3\/2023\/02\/pompiers-800x533-800x533-1.jpg\",\"datePublished\":\"2024-06-27T11:14:49+00:00\",\"dateModified\":\"2024-06-27T11:57:51+00:00\",\"breadcrumb\":{\"@id\":\"https:\/\/vosgesinfo.fr\/epinalinfo\/2024\/06\/des-eleves-vosgiens-pris-de-legers-malaises-pas-dintoxication\/#breadcrumb\"},\"inLanguage\":\"fr-FR\",\"potentialAction\":[{\"@type\":\"ReadAction\",\"target\":[\"https:\/\/vosgesinfo.fr\/epinalinfo\/2024\/06\/des-eleves-vosgiens-pris-de-legers-malaises-pas-dintoxication\/\"]}]},{\"@type\":\"ImageObject\",\"inLanguage\":\"fr-FR\",\"@id\":\"https:\/\/vosgesinfo.fr\/epinalinfo\/2024\/06\/des-eleves-vosgiens-pris-de-legers-malaises-pas-dintoxication\/#primaryimage\",\"url\":\"https:\/\/vosgesinfo.fr\/app\/uploads\/sites\/3\/2023\/02\/pompiers-800x533-800x533-1.jpg\",\"contentUrl\":\"https:\/\/vosgesinfo.fr\/app\/uploads\/sites\/3\/2023\/02\/pompiers-800x533-800x533-1.jpg\",\"width\":800,\"height\":533},{\"@type\":\"BreadcrumbList\",\"@id\":\"https:\/\/vosgesinfo.fr\/epinalinfo\/2024\/06\/des-eleves-vosgiens-pris-de-legers-malaises-pas-dintoxication\/#breadcrumb\",\"itemListElement\":[{\"@type\":\"ListItem\",\"position\":1,\"name\":\"Home\",\"item\":\"https:\/\/vosgesinfo.fr\/epinalinfo\/\"},{\"@type\":\"ListItem\",\"position\":2,\"name\":\"Des \u00e9l\u00e8ves vosgiens pris de l\u00e9gers malaises : pas d&rsquo;intoxication\"}]},{\"@type\":\"WebSite\",\"@id\":\"https:\/\/vosgesinfo.fr\/epinalinfo\/#website\",\"url\":\"https:\/\/vosgesinfo.fr\/epinalinfo\/\",\"name\":\"Epinal Info\",\"description\":\"Toute l&#039;actualit\u00e9 d&#039;\u00c9pinal\",\"publisher\":{\"@id\":\"https:\/\/vosgesinfo.fr\/epinalinfo\/#organization\"},\"alternateName\":\"Toute l'actualit\u00e9 d'\u00c9pinal\",\"potentialAction\":[{\"@type\":\"SearchAction\",\"target\":{\"@type\":\"EntryPoint\",\"urlTemplate\":\"https:\/\/vosgesinfo.fr\/epinalinfo\/?s={search_term_string}\"},\"query-input\":\"required name=search_term_string\"}],\"inLanguage\":\"fr-FR\"},{\"@type\":\"Organization\",\"@id\":\"https:\/\/vosgesinfo.fr\/epinalinfo\/#organization\",\"name\":\"Epinal Info\",\"url\":\"https:\/\/vosgesinfo.fr\/epinalinfo\/\",\"logo\":{\"@type\":\"ImageObject\",\"inLanguage\":\"fr-FR\",\"@id\":\"https:\/\/vosgesinfo.fr\/epinalinfo\/#\/schema\/logo\/image\/\",\"url\":\"https:\/\/vosgesinfo.fr\/app\/uploads\/sites\/3\/2023\/08\/logo-epinalinfos.svg\",\"contentUrl\":\"https:\/\/vosgesinfo.fr\/app\/uploads\/sites\/3\/2023\/08\/logo-epinalinfos.svg\",\"width\":1,\"height\":1,\"caption\":\"Epinal Info\"},\"image\":{\"@id\":\"https:\/\/vosgesinfo.fr\/epinalinfo\/#\/schema\/logo\/image\/\"},\"sameAs\":[\"https:\/\/www.facebook.com\/Epinalinfos\",\"https:\/\/x.com\/VosgesInfo88\",\"https:\/\/www.youtube.com\/@vosgesinfo\"]},{\"@type\":\"Person\",\"@id\":\"https:\/\/vosgesinfo.fr\/epinalinfo\/#\/schema\/person\/6f9a650eeea99d969b6c4ab78fccbe81\",\"name\":\"C.K.\",\"image\":{\"@type\":\"ImageObject\",\"inLanguage\":\"fr-FR\",\"@id\":\"https:\/\/vosgesinfo.fr\/epinalinfo\/#\/schema\/person\/image\/\",\"url\":\"https:\/\/secure.gravatar.com\/avatar\/48e3fc7f8421ba8942be6b74a2b7f014ca39bc00dece156b7a8e098ae7dc87bf?s=96&d=mm&r=g\",\"contentUrl\":\"https:\/\/secure.gravatar.com\/avatar\/48e3fc7f8421ba8942be6b74a2b7f014ca39bc00dece156b7a8e098ae7dc87bf?s=96&d=mm&r=g\",\"caption\":\"C.K.\"},\"url\":\"https:\/\/vosgesinfo.fr\/epinalinfo\/author\/celia-k-n\/\"}]}<\/script>\n<!-- \/ Yoast SEO plugin. -->","yoast_head_json":{"title":"Des \u00e9l\u00e8ves vosgiens pris de l\u00e9gers malaises : pas d'intoxication - Epinal Info","robots":{"index":"index","follow":"follow","max-snippet":"max-snippet:-1","max-image-preview":"max-image-preview:large","max-video-preview":"max-video-preview:-1"},"canonical":"https:\/\/vosgesinfo.fr\/epinalinfo\/2024\/06\/des-eleves-vosgiens-pris-de-legers-malaises-pas-dintoxication\/","twitter_card":"summary_large_image","twitter_title":"Des \u00e9l\u00e8ves vosgiens pris de l\u00e9gers malaises : pas d'intoxication - Epinal Info","twitter_description":"Point de situation Ce jeudi 27 juin \u00e0 9h55, une dizaine d\u2019\u00e9l\u00e8ves de l\u2019\u00e9cole primaire des Jeunes Ch\u00eanes de Rehaincourt [&hellip;]","twitter_image":"https:\/\/vosgesinfo.fr\/app\/uploads\/sites\/3\/2023\/02\/pompiers-800x533-800x533-1.jpg","twitter_creator":"@VosgesInfo88","twitter_site":"@VosgesInfo88","twitter_misc":{"\u00c9crit par":"C.K.","Dur\u00e9e de lecture estim\u00e9e":"1 minute"},"schema":{"@context":"https:\/\/schema.org","@graph":[{"@type":"Article","@id":"https:\/\/vosgesinfo.fr\/epinalinfo\/2024\/06\/des-eleves-vosgiens-pris-de-legers-malaises-pas-dintoxication\/#article","isPartOf":{"@id":"https:\/\/vosgesinfo.fr\/epinalinfo\/2024\/06\/des-eleves-vosgiens-pris-de-legers-malaises-pas-dintoxication\/"},"author":{"name":"C.K.","@id":"https:\/\/vosgesinfo.fr\/epinalinfo\/#\/schema\/person\/6f9a650eeea99d969b6c4ab78fccbe81"},"headline":"Des \u00e9l\u00e8ves vosgiens pris de l\u00e9gers malaises : pas d&rsquo;intoxication","datePublished":"2024-06-27T11:14:49+00:00","dateModified":"2024-06-27T11:57:51+00:00","mainEntityOfPage":{"@id":"https:\/\/vosgesinfo.fr\/epinalinfo\/2024\/06\/des-eleves-vosgiens-pris-de-legers-malaises-pas-dintoxication\/"},"wordCount":121,"commentCount":0,"publisher":{"@id":"https:\/\/vosgesinfo.fr\/epinalinfo\/#organization"},"image":{"@id":"https:\/\/vosgesinfo.fr\/epinalinfo\/2024\/06\/des-eleves-vosgiens-pris-de-legers-malaises-pas-dintoxication\/#primaryimage"},"thumbnailUrl":"https:\/\/vosgesinfo.fr\/app\/uploads\/sites\/3\/2023\/02\/pompiers-800x533-800x533-1.jpg","articleSection":["A la Une","Faits-divers","Vosges"],"inLanguage":"fr-FR","potentialAction":[{"@type":"CommentAction","name":"Comment","target":["https:\/\/vosgesinfo.fr\/epinalinfo\/2024\/06\/des-eleves-vosgiens-pris-de-legers-malaises-pas-dintoxication\/#respond"]}]},{"@type":"WebPage","@id":"https:\/\/vosgesinfo.fr\/epinalinfo\/2024\/06\/des-eleves-vosgiens-pris-de-legers-malaises-pas-dintoxication\/","url":"https:\/\/vosgesinfo.fr\/epinalinfo\/2024\/06\/des-eleves-vosgiens-pris-de-legers-malaises-pas-dintoxication\/","name":"Des \u00e9l\u00e8ves vosgiens pris de l\u00e9gers malaises : pas d'intoxication - Epinal Info","isPartOf":{"@id":"https:\/\/vosgesinfo.fr\/epinalinfo\/#website"},"primaryImageOfPage":{"@id":"https:\/\/vosgesinfo.fr\/epinalinfo\/2024\/06\/des-eleves-vosgiens-pris-de-legers-malaises-pas-dintoxication\/#primaryimage"},"image":{"@id":"https:\/\/vosgesinfo.fr\/epinalinfo\/2024\/06\/des-eleves-vosgiens-pris-de-legers-malaises-pas-dintoxication\/#primaryimage"},"thumbnailUrl":"https:\/\/vosgesinfo.fr\/app\/uploads\/sites\/3\/2023\/02\/pompiers-800x533-800x533-1.jpg","datePublished":"2024-06-27T11:14:49+00:00","dateModified":"2024-06-27T11:57:51+00:00","breadcrumb":{"@id":"https:\/\/vosgesinfo.fr\/epinalinfo\/2024\/06\/des-eleves-vosgiens-pris-de-legers-malaises-pas-dintoxication\/#breadcrumb"},"inLanguage":"fr-FR","potentialAction":[{"@type":"ReadAction","target":["https:\/\/vosgesinfo.fr\/epinalinfo\/2024\/06\/des-eleves-vosgiens-pris-de-legers-malaises-pas-dintoxication\/"]}]},{"@type":"ImageObject","inLanguage":"fr-FR","@id":"https:\/\/vosgesinfo.fr\/epinalinfo\/2024\/06\/des-eleves-vosgiens-pris-de-legers-malaises-pas-dintoxication\/#primaryimage","url":"https:\/\/vosgesinfo.fr\/app\/uploads\/sites\/3\/2023\/02\/pompiers-800x533-800x533-1.jpg","contentUrl":"https:\/\/vosgesinfo.fr\/app\/uploads\/sites\/3\/2023\/02\/pompiers-800x533-800x533-1.jpg","width":800,"height":533},{"@type":"BreadcrumbList","@id":"https:\/\/vosgesinfo.fr\/epinalinfo\/2024\/06\/des-eleves-vosgiens-pris-de-legers-malaises-pas-dintoxication\/#breadcrumb","itemListElement":[{"@type":"ListItem","position":1,"name":"Home","item":"https:\/\/vosgesinfo.fr\/epinalinfo\/"},{"@type":"ListItem","position":2,"name":"Des \u00e9l\u00e8ves vosgiens pris de l\u00e9gers malaises : pas d&rsquo;intoxication"}]},{"@type":"WebSite","@id":"https:\/\/vosgesinfo.fr\/epinalinfo\/#website","url":"https:\/\/vosgesinfo.fr\/epinalinfo\/","name":"Epinal Info","description":"Toute l&#039;actualit\u00e9 d&#039;\u00c9pinal","publisher":{"@id":"https:\/\/vosgesinfo.fr\/epinalinfo\/#organization"},"alternateName":"Toute l'actualit\u00e9 d'\u00c9pinal","potentialAction":[{"@type":"SearchAction","target":{"@type":"EntryPoint","urlTemplate":"https:\/\/vosgesinfo.fr\/epinalinfo\/?s={search_term_string}"},"query-input":"required name=search_term_string"}],"inLanguage":"fr-FR"},{"@type":"Organization","@id":"https:\/\/vosgesinfo.fr\/epinalinfo\/#organization","name":"Epinal Info","url":"https:\/\/vosgesinfo.fr\/epinalinfo\/","logo":{"@type":"ImageObject","inLanguage":"fr-FR","@id":"https:\/\/vosgesinfo.fr\/epinalinfo\/#\/schema\/logo\/image\/","url":"https:\/\/vosgesinfo.fr\/app\/uploads\/sites\/3\/2023\/08\/logo-epinalinfos.svg","contentUrl":"https:\/\/vosgesinfo.fr\/app\/uploads\/sites\/3\/2023\/08\/logo-epinalinfos.svg","width":1,"height":1,"caption":"Epinal Info"},"image":{"@id":"https:\/\/vosgesinfo.fr\/epinalinfo\/#\/schema\/logo\/image\/"},"sameAs":["https:\/\/www.facebook.com\/Epinalinfos","https:\/\/x.com\/VosgesInfo88","https:\/\/www.youtube.com\/@vosgesinfo"]},{"@type":"Person","@id":"https:\/\/vosgesinfo.fr\/epinalinfo\/#\/schema\/person\/6f9a650eeea99d969b6c4ab78fccbe81","name":"C.K.","image":{"@type":"ImageObject","inLanguage":"fr-FR","@id":"https:\/\/vosgesinfo.fr\/epinalinfo\/#\/schema\/person\/image\/","url":"https:\/\/secure.gravatar.com\/avatar\/48e3fc7f8421ba8942be6b74a2b7f014ca39bc00dece156b7a8e098ae7dc87bf?s=96&d=mm&r=g","contentUrl":"https:\/\/secure.gravatar.com\/avatar\/48e3fc7f8421ba8942be6b74a2b7f014ca39bc00dece156b7a8e098ae7dc87bf?s=96&d=mm&r=g","caption":"C.K."},"url":"https:\/\/vosgesinfo.fr\/epinalinfo\/author\/celia-k-n\/"}]}},"_links":{"self":[{"href":"https:\/\/vosgesinfo.fr\/epinalinfo\/wp-json\/wp\/v2\/posts\/43012","targetHints":{"allow":["GET"]}}],"collection":[{"href":"https:\/\/vosgesinfo.fr\/epinalinfo\/wp-json\/wp\/v2\/posts"}],"about":[{"href":"https:\/\/vosgesinfo.fr\/epinalinfo\/wp-json\/wp\/v2\/types\/post"}],"author":[{"embeddable":true,"href":"https:\/\/vosgesinfo.fr\/epinalinfo\/wp-json\/wp\/v2\/users\/52"}],"replies":[{"embeddable":true,"href":"https:\/\/vosgesinfo.fr\/epinalinfo\/wp-json\/wp\/v2\/comments?post=43012"}],"version-history":[{"count":2,"href":"https:\/\/vosgesinfo.fr\/epinalinfo\/wp-json\/wp\/v2\/posts\/43012\/revisions"}],"predecessor-version":[{"id":43017,"href":"https:\/\/vosgesinfo.fr\/epinalinfo\/wp-json\/wp\/v2\/posts\/43012\/revisions\/43017"}],"wp:featuredmedia":[{"embeddable":true,"href":"https:\/\/vosgesinfo.fr\/epinalinfo\/wp-json\/wp\/v2\/media\/433"}],"wp:attachment":[{"href":"https:\/\/vosgesinfo.fr\/epinalinfo\/wp-json\/wp\/v2\/media?parent=43012"}],"wp:term":[{"taxonomy":"category","embeddable":true,"href":"https:\/\/vosgesinfo.fr\/epinalinfo\/wp-json\/wp\/v2\/categories?post=43012"},{"taxonomy":"post_tag","embeddable":true,"href":"https:\/\/vosgesinfo.fr\/epinalinfo\/wp-json\/wp\/v2\/tags?post=43012"}],"curies":[{"name":"wp","href":"https:\/\/api.w.org\/{rel}","templated":true}]}}