{"id":43145,"date":"2024-07-01T14:03:53","date_gmt":"2024-07-01T12:03:53","guid":{"rendered":"https:\/\/vosgesinfo.fr\/epinalinfo\/?p=43145"},"modified":"2024-07-01T14:03:53","modified_gmt":"2024-07-01T12:03:53","slug":"le-5e-camp-estival-des-jeunes-sapeurs-pompiers-des-vosges-a-epinal-et-uxegney","status":"publish","type":"post","link":"https:\/\/vosgesinfo.fr\/epinalinfo\/2024\/07\/le-5e-camp-estival-des-jeunes-sapeurs-pompiers-des-vosges-a-epinal-et-uxegney\/","title":{"rendered":"Le 5\u00e8 camp estival des jeunes sapeurs-pompiers des Vosges \u00e0 Epinal et Uxegney"},"content":{"rendered":"<div id=\"attachment_43146\" style=\"width: 1034px\" class=\"wp-caption aligncenter\"><img decoding=\"async\" aria-describedby=\"caption-attachment-43146\" class=\"size-large wp-image-43146\" src=\"https:\/\/vosgesinfo.fr\/app\/uploads\/sites\/3\/2024\/07\/jeunes-sapeurs-pompiers-vosges7-1024x682.jpg\" alt=\"\" width=\"1024\" height=\"682\" srcset=\"https:\/\/vosgesinfo.fr\/app\/uploads\/sites\/3\/2024\/07\/jeunes-sapeurs-pompiers-vosges7-1024x682.jpg 1024w, https:\/\/vosgesinfo.fr\/app\/uploads\/sites\/3\/2024\/07\/jeunes-sapeurs-pompiers-vosges7-300x200.jpg 300w, https:\/\/vosgesinfo.fr\/app\/uploads\/sites\/3\/2024\/07\/jeunes-sapeurs-pompiers-vosges7-768x511.jpg 768w, https:\/\/vosgesinfo.fr\/app\/uploads\/sites\/3\/2024\/07\/jeunes-sapeurs-pompiers-vosges7.jpg 1440w\" sizes=\"(max-width: 1024px) 100vw, 1024px\" \/><p id=\"caption-attachment-43146\" class=\"wp-caption-text\">photos Sdis88<\/p><\/div>\n<h2>Pour la cinqui\u00e8me fois, les jeunes sapeurs-pompiers volontaires des Vosges sont r\u00e9unis en camp estival \u00e0 \u00c9pinal et Uxegney.<\/h2>\n<p>Le 5\u00e8 camp des jeunes sapeurs-pompiers des Vosges a r\u00e9uni cette ann\u00e9e 94 Jeunes Sapeurs Pompiers des Vosges (JSP) et une dizaine de jeunes du Service National Universel (SNU).<\/p>\n<p>Pendant 4 jours et 3 nuits ils ont int\u00e9gr\u00e9 un camp de formation sur le site de la plateforme technique d&rsquo;Uxegeny. Ils ont pass\u00e9 la semaine derni\u00e8re leur brevet\u00a0 national de JSP (BNJSP) et sont d\u00e9sormais op\u00e9rationnels apr\u00e8s 3 ans de formation. Un examen qui comprend des \u00e9preuves sportives, pratiques et th\u00e9oriques.<\/p>\n<p>Ils peuvent maintenant \u00eatre sapeurs-pompiers volontaires, avant peut \u00eatre pour certains de devenir sapeurs-pompiers professionnels.<\/p>\n\n\t\t<style type=\"text\/css\">\n\t\t\t#gallery-1 {\n\t\t\t\tmargin: auto;\n\t\t\t}\n\t\t\t#gallery-1 .gallery-item {\n\t\t\t\tfloat: left;\n\t\t\t\tmargin-top: 10px;\n\t\t\t\ttext-align: center;\n\t\t\t\twidth: 33%;\n\t\t\t}\n\t\t\t#gallery-1 img {\n\t\t\t\tborder: 2px solid #cfcfcf;\n\t\t\t}\n\t\t\t#gallery-1 .gallery-caption {\n\t\t\t\tmargin-left: 0;\n\t\t\t}\n\t\t\t\/* see gallery_shortcode() in wp-includes\/media.php *\/\n\t\t<\/style>\n\t\t<div id='gallery-1' class='gallery galleryid-43145 gallery-columns-3 gallery-size-large'><dl class='gallery-item'>\n\t\t\t<dt class='gallery-icon landscape'>\n\t\t\t\t<a href='https:\/\/vosgesinfo.fr\/app\/uploads\/sites\/3\/2024\/07\/jeunes-sapeurs-pompiers-vosges.jpg'><img decoding=\"async\" width=\"1024\" height=\"683\" src=\"https:\/\/vosgesinfo.fr\/app\/uploads\/sites\/3\/2024\/07\/jeunes-sapeurs-pompiers-vosges-1024x683.jpg\" class=\"attachment-large size-large\" alt=\"\" srcset=\"https:\/\/vosgesinfo.fr\/app\/uploads\/sites\/3\/2024\/07\/jeunes-sapeurs-pompiers-vosges-1024x683.jpg 1024w, https:\/\/vosgesinfo.fr\/app\/uploads\/sites\/3\/2024\/07\/jeunes-sapeurs-pompiers-vosges-300x200.jpg 300w, https:\/\/vosgesinfo.fr\/app\/uploads\/sites\/3\/2024\/07\/jeunes-sapeurs-pompiers-vosges-768x512.jpg 768w, https:\/\/vosgesinfo.fr\/app\/uploads\/sites\/3\/2024\/07\/jeunes-sapeurs-pompiers-vosges.jpg 1440w\" sizes=\"(max-width: 1024px) 100vw, 1024px\" \/><\/a>\n\t\t\t<\/dt><\/dl><dl class='gallery-item'>\n\t\t\t<dt class='gallery-icon landscape'>\n\t\t\t\t<a href='https:\/\/vosgesinfo.fr\/app\/uploads\/sites\/3\/2024\/07\/jeunes-sapeurs-pompiers-vosges2.jpg'><img decoding=\"async\" width=\"1024\" height=\"683\" src=\"https:\/\/vosgesinfo.fr\/app\/uploads\/sites\/3\/2024\/07\/jeunes-sapeurs-pompiers-vosges2-1024x683.jpg\" class=\"attachment-large size-large\" alt=\"\" srcset=\"https:\/\/vosgesinfo.fr\/app\/uploads\/sites\/3\/2024\/07\/jeunes-sapeurs-pompiers-vosges2-1024x683.jpg 1024w, https:\/\/vosgesinfo.fr\/app\/uploads\/sites\/3\/2024\/07\/jeunes-sapeurs-pompiers-vosges2-300x200.jpg 300w, https:\/\/vosgesinfo.fr\/app\/uploads\/sites\/3\/2024\/07\/jeunes-sapeurs-pompiers-vosges2-768x512.jpg 768w, https:\/\/vosgesinfo.fr\/app\/uploads\/sites\/3\/2024\/07\/jeunes-sapeurs-pompiers-vosges2.jpg 1440w\" sizes=\"(max-width: 1024px) 100vw, 1024px\" \/><\/a>\n\t\t\t<\/dt><\/dl><dl class='gallery-item'>\n\t\t\t<dt class='gallery-icon landscape'>\n\t\t\t\t<a href='https:\/\/vosgesinfo.fr\/app\/uploads\/sites\/3\/2024\/07\/jeunes-sapeurs-pompiers-vosges3.jpg'><img decoding=\"async\" width=\"1024\" height=\"683\" src=\"https:\/\/vosgesinfo.fr\/app\/uploads\/sites\/3\/2024\/07\/jeunes-sapeurs-pompiers-vosges3-1024x683.jpg\" class=\"attachment-large size-large\" alt=\"\" srcset=\"https:\/\/vosgesinfo.fr\/app\/uploads\/sites\/3\/2024\/07\/jeunes-sapeurs-pompiers-vosges3-1024x683.jpg 1024w, https:\/\/vosgesinfo.fr\/app\/uploads\/sites\/3\/2024\/07\/jeunes-sapeurs-pompiers-vosges3-300x200.jpg 300w, https:\/\/vosgesinfo.fr\/app\/uploads\/sites\/3\/2024\/07\/jeunes-sapeurs-pompiers-vosges3-768x512.jpg 768w, https:\/\/vosgesinfo.fr\/app\/uploads\/sites\/3\/2024\/07\/jeunes-sapeurs-pompiers-vosges3.jpg 1440w\" sizes=\"(max-width: 1024px) 100vw, 1024px\" \/><\/a>\n\t\t\t<\/dt><\/dl><br style=\"clear: both\" \/><dl class='gallery-item'>\n\t\t\t<dt class='gallery-icon landscape'>\n\t\t\t\t<a href='https:\/\/vosgesinfo.fr\/app\/uploads\/sites\/3\/2024\/07\/jeunes-sapeurs-pompiers-vosges4.jpg'><img decoding=\"async\" width=\"1024\" height=\"683\" src=\"https:\/\/vosgesinfo.fr\/app\/uploads\/sites\/3\/2024\/07\/jeunes-sapeurs-pompiers-vosges4-1024x683.jpg\" class=\"attachment-large size-large\" alt=\"\" srcset=\"https:\/\/vosgesinfo.fr\/app\/uploads\/sites\/3\/2024\/07\/jeunes-sapeurs-pompiers-vosges4-1024x683.jpg 1024w, https:\/\/vosgesinfo.fr\/app\/uploads\/sites\/3\/2024\/07\/jeunes-sapeurs-pompiers-vosges4-300x200.jpg 300w, https:\/\/vosgesinfo.fr\/app\/uploads\/sites\/3\/2024\/07\/jeunes-sapeurs-pompiers-vosges4-768x512.jpg 768w, https:\/\/vosgesinfo.fr\/app\/uploads\/sites\/3\/2024\/07\/jeunes-sapeurs-pompiers-vosges4.jpg 1440w\" sizes=\"(max-width: 1024px) 100vw, 1024px\" \/><\/a>\n\t\t\t<\/dt><\/dl><dl class='gallery-item'>\n\t\t\t<dt class='gallery-icon landscape'>\n\t\t\t\t<a href='https:\/\/vosgesinfo.fr\/app\/uploads\/sites\/3\/2024\/07\/jeunes-sapeurs-pompiers-vosges6.jpg'><img decoding=\"async\" width=\"1024\" height=\"683\" src=\"https:\/\/vosgesinfo.fr\/app\/uploads\/sites\/3\/2024\/07\/jeunes-sapeurs-pompiers-vosges6-1024x683.jpg\" class=\"attachment-large size-large\" alt=\"\" srcset=\"https:\/\/vosgesinfo.fr\/app\/uploads\/sites\/3\/2024\/07\/jeunes-sapeurs-pompiers-vosges6-1024x683.jpg 1024w, https:\/\/vosgesinfo.fr\/app\/uploads\/sites\/3\/2024\/07\/jeunes-sapeurs-pompiers-vosges6-300x200.jpg 300w, https:\/\/vosgesinfo.fr\/app\/uploads\/sites\/3\/2024\/07\/jeunes-sapeurs-pompiers-vosges6-768x512.jpg 768w, https:\/\/vosgesinfo.fr\/app\/uploads\/sites\/3\/2024\/07\/jeunes-sapeurs-pompiers-vosges6.jpg 1440w\" sizes=\"(max-width: 1024px) 100vw, 1024px\" \/><\/a>\n\t\t\t<\/dt><\/dl><dl class='gallery-item'>\n\t\t\t<dt class='gallery-icon landscape'>\n\t\t\t\t<a href='https:\/\/vosgesinfo.fr\/app\/uploads\/sites\/3\/2024\/07\/jeunes-sapeurs-pompiers-vosges8.jpg'><img decoding=\"async\" width=\"1024\" height=\"683\" src=\"https:\/\/vosgesinfo.fr\/app\/uploads\/sites\/3\/2024\/07\/jeunes-sapeurs-pompiers-vosges8-1024x683.jpg\" class=\"attachment-large size-large\" alt=\"\" srcset=\"https:\/\/vosgesinfo.fr\/app\/uploads\/sites\/3\/2024\/07\/jeunes-sapeurs-pompiers-vosges8-1024x683.jpg 1024w, https:\/\/vosgesinfo.fr\/app\/uploads\/sites\/3\/2024\/07\/jeunes-sapeurs-pompiers-vosges8-300x200.jpg 300w, https:\/\/vosgesinfo.fr\/app\/uploads\/sites\/3\/2024\/07\/jeunes-sapeurs-pompiers-vosges8-768x512.jpg 768w, https:\/\/vosgesinfo.fr\/app\/uploads\/sites\/3\/2024\/07\/jeunes-sapeurs-pompiers-vosges8.jpg 1440w\" sizes=\"(max-width: 1024px) 100vw, 1024px\" \/><\/a>\n\t\t\t<\/dt><\/dl><br style=\"clear: both\" \/><dl class='gallery-item'>\n\t\t\t<dt class='gallery-icon landscape'>\n\t\t\t\t<a href='https:\/\/vosgesinfo.fr\/app\/uploads\/sites\/3\/2024\/07\/jeunes-sapeurs-pompiers-vosges9.jpg'><img decoding=\"async\" width=\"1024\" height=\"683\" src=\"https:\/\/vosgesinfo.fr\/app\/uploads\/sites\/3\/2024\/07\/jeunes-sapeurs-pompiers-vosges9-1024x683.jpg\" class=\"attachment-large size-large\" alt=\"\" srcset=\"https:\/\/vosgesinfo.fr\/app\/uploads\/sites\/3\/2024\/07\/jeunes-sapeurs-pompiers-vosges9-1024x683.jpg 1024w, https:\/\/vosgesinfo.fr\/app\/uploads\/sites\/3\/2024\/07\/jeunes-sapeurs-pompiers-vosges9-300x200.jpg 300w, https:\/\/vosgesinfo.fr\/app\/uploads\/sites\/3\/2024\/07\/jeunes-sapeurs-pompiers-vosges9-768x512.jpg 768w, https:\/\/vosgesinfo.fr\/app\/uploads\/sites\/3\/2024\/07\/jeunes-sapeurs-pompiers-vosges9-1536x1025.jpg 1536w, https:\/\/vosgesinfo.fr\/app\/uploads\/sites\/3\/2024\/07\/jeunes-sapeurs-pompiers-vosges9.jpg 2048w\" sizes=\"(max-width: 1024px) 100vw, 1024px\" \/><\/a>\n\t\t\t<\/dt><\/dl>\n\t\t\t<br style='clear: both' \/>\n\t\t<\/div>\n\n","protected":false},"excerpt":{"rendered":"<p>Pour la cinqui\u00e8me fois, les jeunes sapeurs-pompiers volontaires des Vosges sont r\u00e9unis en camp estival \u00e0 \u00c9pinal et Uxegney. Le [&hellip;]<\/p>\n","protected":false},"author":52,"featured_media":43146,"comment_status":"open","ping_status":"open","sticky":false,"template":"","format":"standard","meta":{"footnotes":""},"categories":[22,24,92,5],"tags":[6476,70,6475,509,5783,211,75],"class_list":["post-43145","post","type-post","status-publish","format-standard","has-post-thumbnail","hentry","category-a-la-une","category-epinal","category-securite","category-vosges","tag-brevet-national-jsp","tag-epinal","tag-jsp","tag-sapeurs-pompiers","tag-sdis88","tag-uxegney","tag-vosges"],"acf":[],"yoast_head":"<!-- This site is optimized with the Yoast SEO plugin v22.5 - https:\/\/yoast.com\/wordpress\/plugins\/seo\/ -->\n<title>Le 5\u00e8 camp estival des jeunes sapeurs-pompiers des Vosges \u00e0 Epinal et Uxegney - Epinal Info<\/title>\n<meta name=\"robots\" content=\"index, follow, max-snippet:-1, max-image-preview:large, max-video-preview:-1\" \/>\n<link rel=\"canonical\" href=\"https:\/\/vosgesinfo.fr\/epinalinfo\/2024\/07\/le-5e-camp-estival-des-jeunes-sapeurs-pompiers-des-vosges-a-epinal-et-uxegney\/\" \/>\n<meta name=\"twitter:card\" content=\"summary_large_image\" \/>\n<meta name=\"twitter:title\" content=\"Le 5\u00e8 camp estival des jeunes sapeurs-pompiers des Vosges \u00e0 Epinal et Uxegney - Epinal Info\" \/>\n<meta name=\"twitter:description\" content=\"Pour la cinqui\u00e8me fois, les jeunes sapeurs-pompiers volontaires des Vosges sont r\u00e9unis en camp estival \u00e0 \u00c9pinal et Uxegney. Le [&hellip;]\" \/>\n<meta name=\"twitter:image\" content=\"https:\/\/vosgesinfo.fr\/app\/uploads\/sites\/3\/2024\/07\/jeunes-sapeurs-pompiers-vosges7-1024x682.jpg\" \/>\n<meta name=\"twitter:creator\" content=\"@VosgesInfo88\" \/>\n<meta name=\"twitter:site\" content=\"@VosgesInfo88\" \/>\n<meta name=\"twitter:label1\" content=\"\u00c9crit par\" \/>\n\t<meta name=\"twitter:data1\" content=\"C.K.\" \/>\n\t<meta name=\"twitter:label2\" content=\"Dur\u00e9e de lecture estim\u00e9e\" \/>\n\t<meta name=\"twitter:data2\" content=\"1 minute\" \/>\n<script type=\"application\/ld+json\" class=\"yoast-schema-graph\">{\"@context\":\"https:\/\/schema.org\",\"@graph\":[{\"@type\":\"Article\",\"@id\":\"https:\/\/vosgesinfo.fr\/epinalinfo\/2024\/07\/le-5e-camp-estival-des-jeunes-sapeurs-pompiers-des-vosges-a-epinal-et-uxegney\/#article\",\"isPartOf\":{\"@id\":\"https:\/\/vosgesinfo.fr\/epinalinfo\/2024\/07\/le-5e-camp-estival-des-jeunes-sapeurs-pompiers-des-vosges-a-epinal-et-uxegney\/\"},\"author\":{\"name\":\"C.K.\",\"@id\":\"https:\/\/vosgesinfo.fr\/epinalinfo\/#\/schema\/person\/6f9a650eeea99d969b6c4ab78fccbe81\"},\"headline\":\"Le 5\u00e8 camp estival des jeunes sapeurs-pompiers des Vosges \u00e0 Epinal et Uxegney\",\"datePublished\":\"2024-07-01T12:03:53+00:00\",\"dateModified\":\"2024-07-01T12:03:53+00:00\",\"mainEntityOfPage\":{\"@id\":\"https:\/\/vosgesinfo.fr\/epinalinfo\/2024\/07\/le-5e-camp-estival-des-jeunes-sapeurs-pompiers-des-vosges-a-epinal-et-uxegney\/\"},\"wordCount\":146,\"commentCount\":0,\"publisher\":{\"@id\":\"https:\/\/vosgesinfo.fr\/epinalinfo\/#organization\"},\"image\":{\"@id\":\"https:\/\/vosgesinfo.fr\/epinalinfo\/2024\/07\/le-5e-camp-estival-des-jeunes-sapeurs-pompiers-des-vosges-a-epinal-et-uxegney\/#primaryimage\"},\"thumbnailUrl\":\"https:\/\/vosgesinfo.fr\/app\/uploads\/sites\/3\/2024\/07\/jeunes-sapeurs-pompiers-vosges7.jpg\",\"keywords\":[\"brevet national JSP\",\"Epinal\",\"JSP\",\"sapeurs pompiers\",\"Sdis88\",\"Uxegney\",\"vosges\"],\"articleSection\":[\"A la Une\",\"Epinal\",\"S\u00e9curit\u00e9\",\"Vosges\"],\"inLanguage\":\"fr-FR\",\"potentialAction\":[{\"@type\":\"CommentAction\",\"name\":\"Comment\",\"target\":[\"https:\/\/vosgesinfo.fr\/epinalinfo\/2024\/07\/le-5e-camp-estival-des-jeunes-sapeurs-pompiers-des-vosges-a-epinal-et-uxegney\/#respond\"]}]},{\"@type\":\"WebPage\",\"@id\":\"https:\/\/vosgesinfo.fr\/epinalinfo\/2024\/07\/le-5e-camp-estival-des-jeunes-sapeurs-pompiers-des-vosges-a-epinal-et-uxegney\/\",\"url\":\"https:\/\/vosgesinfo.fr\/epinalinfo\/2024\/07\/le-5e-camp-estival-des-jeunes-sapeurs-pompiers-des-vosges-a-epinal-et-uxegney\/\",\"name\":\"Le 5\u00e8 camp estival des jeunes sapeurs-pompiers des Vosges \u00e0 Epinal et Uxegney - Epinal Info\",\"isPartOf\":{\"@id\":\"https:\/\/vosgesinfo.fr\/epinalinfo\/#website\"},\"primaryImageOfPage\":{\"@id\":\"https:\/\/vosgesinfo.fr\/epinalinfo\/2024\/07\/le-5e-camp-estival-des-jeunes-sapeurs-pompiers-des-vosges-a-epinal-et-uxegney\/#primaryimage\"},\"image\":{\"@id\":\"https:\/\/vosgesinfo.fr\/epinalinfo\/2024\/07\/le-5e-camp-estival-des-jeunes-sapeurs-pompiers-des-vosges-a-epinal-et-uxegney\/#primaryimage\"},\"thumbnailUrl\":\"https:\/\/vosgesinfo.fr\/app\/uploads\/sites\/3\/2024\/07\/jeunes-sapeurs-pompiers-vosges7.jpg\",\"datePublished\":\"2024-07-01T12:03:53+00:00\",\"dateModified\":\"2024-07-01T12:03:53+00:00\",\"breadcrumb\":{\"@id\":\"https:\/\/vosgesinfo.fr\/epinalinfo\/2024\/07\/le-5e-camp-estival-des-jeunes-sapeurs-pompiers-des-vosges-a-epinal-et-uxegney\/#breadcrumb\"},\"inLanguage\":\"fr-FR\",\"potentialAction\":[{\"@type\":\"ReadAction\",\"target\":[\"https:\/\/vosgesinfo.fr\/epinalinfo\/2024\/07\/le-5e-camp-estival-des-jeunes-sapeurs-pompiers-des-vosges-a-epinal-et-uxegney\/\"]}]},{\"@type\":\"ImageObject\",\"inLanguage\":\"fr-FR\",\"@id\":\"https:\/\/vosgesinfo.fr\/epinalinfo\/2024\/07\/le-5e-camp-estival-des-jeunes-sapeurs-pompiers-des-vosges-a-epinal-et-uxegney\/#primaryimage\",\"url\":\"https:\/\/vosgesinfo.fr\/app\/uploads\/sites\/3\/2024\/07\/jeunes-sapeurs-pompiers-vosges7.jpg\",\"contentUrl\":\"https:\/\/vosgesinfo.fr\/app\/uploads\/sites\/3\/2024\/07\/jeunes-sapeurs-pompiers-vosges7.jpg\",\"width\":1440,\"height\":959,\"caption\":\"photos Sdis88\"},{\"@type\":\"BreadcrumbList\",\"@id\":\"https:\/\/vosgesinfo.fr\/epinalinfo\/2024\/07\/le-5e-camp-estival-des-jeunes-sapeurs-pompiers-des-vosges-a-epinal-et-uxegney\/#breadcrumb\",\"itemListElement\":[{\"@type\":\"ListItem\",\"position\":1,\"name\":\"Home\",\"item\":\"https:\/\/vosgesinfo.fr\/epinalinfo\/\"},{\"@type\":\"ListItem\",\"position\":2,\"name\":\"Le 5\u00e8 camp estival des jeunes sapeurs-pompiers des Vosges \u00e0 Epinal et Uxegney\"}]},{\"@type\":\"WebSite\",\"@id\":\"https:\/\/vosgesinfo.fr\/epinalinfo\/#website\",\"url\":\"https:\/\/vosgesinfo.fr\/epinalinfo\/\",\"name\":\"Epinal Info\",\"description\":\"Toute l&#039;actualit\u00e9 d&#039;\u00c9pinal\",\"publisher\":{\"@id\":\"https:\/\/vosgesinfo.fr\/epinalinfo\/#organization\"},\"alternateName\":\"Toute l'actualit\u00e9 d'\u00c9pinal\",\"potentialAction\":[{\"@type\":\"SearchAction\",\"target\":{\"@type\":\"EntryPoint\",\"urlTemplate\":\"https:\/\/vosgesinfo.fr\/epinalinfo\/?s={search_term_string}\"},\"query-input\":\"required name=search_term_string\"}],\"inLanguage\":\"fr-FR\"},{\"@type\":\"Organization\",\"@id\":\"https:\/\/vosgesinfo.fr\/epinalinfo\/#organization\",\"name\":\"Epinal Info\",\"url\":\"https:\/\/vosgesinfo.fr\/epinalinfo\/\",\"logo\":{\"@type\":\"ImageObject\",\"inLanguage\":\"fr-FR\",\"@id\":\"https:\/\/vosgesinfo.fr\/epinalinfo\/#\/schema\/logo\/image\/\",\"url\":\"https:\/\/vosgesinfo.fr\/app\/uploads\/sites\/3\/2023\/08\/logo-epinalinfos.svg\",\"contentUrl\":\"https:\/\/vosgesinfo.fr\/app\/uploads\/sites\/3\/2023\/08\/logo-epinalinfos.svg\",\"width\":1,\"height\":1,\"caption\":\"Epinal Info\"},\"image\":{\"@id\":\"https:\/\/vosgesinfo.fr\/epinalinfo\/#\/schema\/logo\/image\/\"},\"sameAs\":[\"https:\/\/www.facebook.com\/Epinalinfos\",\"https:\/\/x.com\/VosgesInfo88\",\"https:\/\/www.youtube.com\/@vosgesinfo\"]},{\"@type\":\"Person\",\"@id\":\"https:\/\/vosgesinfo.fr\/epinalinfo\/#\/schema\/person\/6f9a650eeea99d969b6c4ab78fccbe81\",\"name\":\"C.K.\",\"image\":{\"@type\":\"ImageObject\",\"inLanguage\":\"fr-FR\",\"@id\":\"https:\/\/vosgesinfo.fr\/epinalinfo\/#\/schema\/person\/image\/\",\"url\":\"https:\/\/secure.gravatar.com\/avatar\/48e3fc7f8421ba8942be6b74a2b7f014ca39bc00dece156b7a8e098ae7dc87bf?s=96&d=mm&r=g\",\"contentUrl\":\"https:\/\/secure.gravatar.com\/avatar\/48e3fc7f8421ba8942be6b74a2b7f014ca39bc00dece156b7a8e098ae7dc87bf?s=96&d=mm&r=g\",\"caption\":\"C.K.\"},\"url\":\"https:\/\/vosgesinfo.fr\/epinalinfo\/author\/celia-k-n\/\"}]}<\/script>\n<!-- \/ Yoast SEO plugin. -->","yoast_head_json":{"title":"Le 5\u00e8 camp estival des jeunes sapeurs-pompiers des Vosges \u00e0 Epinal et Uxegney - Epinal Info","robots":{"index":"index","follow":"follow","max-snippet":"max-snippet:-1","max-image-preview":"max-image-preview:large","max-video-preview":"max-video-preview:-1"},"canonical":"https:\/\/vosgesinfo.fr\/epinalinfo\/2024\/07\/le-5e-camp-estival-des-jeunes-sapeurs-pompiers-des-vosges-a-epinal-et-uxegney\/","twitter_card":"summary_large_image","twitter_title":"Le 5\u00e8 camp estival des jeunes sapeurs-pompiers des Vosges \u00e0 Epinal et Uxegney - Epinal Info","twitter_description":"Pour la cinqui\u00e8me fois, les jeunes sapeurs-pompiers volontaires des Vosges sont r\u00e9unis en camp estival \u00e0 \u00c9pinal et Uxegney. Le [&hellip;]","twitter_image":"https:\/\/vosgesinfo.fr\/app\/uploads\/sites\/3\/2024\/07\/jeunes-sapeurs-pompiers-vosges7-1024x682.jpg","twitter_creator":"@VosgesInfo88","twitter_site":"@VosgesInfo88","twitter_misc":{"\u00c9crit par":"C.K.","Dur\u00e9e de lecture estim\u00e9e":"1 minute"},"schema":{"@context":"https:\/\/schema.org","@graph":[{"@type":"Article","@id":"https:\/\/vosgesinfo.fr\/epinalinfo\/2024\/07\/le-5e-camp-estival-des-jeunes-sapeurs-pompiers-des-vosges-a-epinal-et-uxegney\/#article","isPartOf":{"@id":"https:\/\/vosgesinfo.fr\/epinalinfo\/2024\/07\/le-5e-camp-estival-des-jeunes-sapeurs-pompiers-des-vosges-a-epinal-et-uxegney\/"},"author":{"name":"C.K.","@id":"https:\/\/vosgesinfo.fr\/epinalinfo\/#\/schema\/person\/6f9a650eeea99d969b6c4ab78fccbe81"},"headline":"Le 5\u00e8 camp estival des jeunes sapeurs-pompiers des Vosges \u00e0 Epinal et Uxegney","datePublished":"2024-07-01T12:03:53+00:00","dateModified":"2024-07-01T12:03:53+00:00","mainEntityOfPage":{"@id":"https:\/\/vosgesinfo.fr\/epinalinfo\/2024\/07\/le-5e-camp-estival-des-jeunes-sapeurs-pompiers-des-vosges-a-epinal-et-uxegney\/"},"wordCount":146,"commentCount":0,"publisher":{"@id":"https:\/\/vosgesinfo.fr\/epinalinfo\/#organization"},"image":{"@id":"https:\/\/vosgesinfo.fr\/epinalinfo\/2024\/07\/le-5e-camp-estival-des-jeunes-sapeurs-pompiers-des-vosges-a-epinal-et-uxegney\/#primaryimage"},"thumbnailUrl":"https:\/\/vosgesinfo.fr\/app\/uploads\/sites\/3\/2024\/07\/jeunes-sapeurs-pompiers-vosges7.jpg","keywords":["brevet national JSP","Epinal","JSP","sapeurs pompiers","Sdis88","Uxegney","vosges"],"articleSection":["A la Une","Epinal","S\u00e9curit\u00e9","Vosges"],"inLanguage":"fr-FR","potentialAction":[{"@type":"CommentAction","name":"Comment","target":["https:\/\/vosgesinfo.fr\/epinalinfo\/2024\/07\/le-5e-camp-estival-des-jeunes-sapeurs-pompiers-des-vosges-a-epinal-et-uxegney\/#respond"]}]},{"@type":"WebPage","@id":"https:\/\/vosgesinfo.fr\/epinalinfo\/2024\/07\/le-5e-camp-estival-des-jeunes-sapeurs-pompiers-des-vosges-a-epinal-et-uxegney\/","url":"https:\/\/vosgesinfo.fr\/epinalinfo\/2024\/07\/le-5e-camp-estival-des-jeunes-sapeurs-pompiers-des-vosges-a-epinal-et-uxegney\/","name":"Le 5\u00e8 camp estival des jeunes sapeurs-pompiers des Vosges \u00e0 Epinal et Uxegney - Epinal Info","isPartOf":{"@id":"https:\/\/vosgesinfo.fr\/epinalinfo\/#website"},"primaryImageOfPage":{"@id":"https:\/\/vosgesinfo.fr\/epinalinfo\/2024\/07\/le-5e-camp-estival-des-jeunes-sapeurs-pompiers-des-vosges-a-epinal-et-uxegney\/#primaryimage"},"image":{"@id":"https:\/\/vosgesinfo.fr\/epinalinfo\/2024\/07\/le-5e-camp-estival-des-jeunes-sapeurs-pompiers-des-vosges-a-epinal-et-uxegney\/#primaryimage"},"thumbnailUrl":"https:\/\/vosgesinfo.fr\/app\/uploads\/sites\/3\/2024\/07\/jeunes-sapeurs-pompiers-vosges7.jpg","datePublished":"2024-07-01T12:03:53+00:00","dateModified":"2024-07-01T12:03:53+00:00","breadcrumb":{"@id":"https:\/\/vosgesinfo.fr\/epinalinfo\/2024\/07\/le-5e-camp-estival-des-jeunes-sapeurs-pompiers-des-vosges-a-epinal-et-uxegney\/#breadcrumb"},"inLanguage":"fr-FR","potentialAction":[{"@type":"ReadAction","target":["https:\/\/vosgesinfo.fr\/epinalinfo\/2024\/07\/le-5e-camp-estival-des-jeunes-sapeurs-pompiers-des-vosges-a-epinal-et-uxegney\/"]}]},{"@type":"ImageObject","inLanguage":"fr-FR","@id":"https:\/\/vosgesinfo.fr\/epinalinfo\/2024\/07\/le-5e-camp-estival-des-jeunes-sapeurs-pompiers-des-vosges-a-epinal-et-uxegney\/#primaryimage","url":"https:\/\/vosgesinfo.fr\/app\/uploads\/sites\/3\/2024\/07\/jeunes-sapeurs-pompiers-vosges7.jpg","contentUrl":"https:\/\/vosgesinfo.fr\/app\/uploads\/sites\/3\/2024\/07\/jeunes-sapeurs-pompiers-vosges7.jpg","width":1440,"height":959,"caption":"photos Sdis88"},{"@type":"BreadcrumbList","@id":"https:\/\/vosgesinfo.fr\/epinalinfo\/2024\/07\/le-5e-camp-estival-des-jeunes-sapeurs-pompiers-des-vosges-a-epinal-et-uxegney\/#breadcrumb","itemListElement":[{"@type":"ListItem","position":1,"name":"Home","item":"https:\/\/vosgesinfo.fr\/epinalinfo\/"},{"@type":"ListItem","position":2,"name":"Le 5\u00e8 camp estival des jeunes sapeurs-pompiers des Vosges \u00e0 Epinal et Uxegney"}]},{"@type":"WebSite","@id":"https:\/\/vosgesinfo.fr\/epinalinfo\/#website","url":"https:\/\/vosgesinfo.fr\/epinalinfo\/","name":"Epinal Info","description":"Toute l&#039;actualit\u00e9 d&#039;\u00c9pinal","publisher":{"@id":"https:\/\/vosgesinfo.fr\/epinalinfo\/#organization"},"alternateName":"Toute l'actualit\u00e9 d'\u00c9pinal","potentialAction":[{"@type":"SearchAction","target":{"@type":"EntryPoint","urlTemplate":"https:\/\/vosgesinfo.fr\/epinalinfo\/?s={search_term_string}"},"query-input":"required name=search_term_string"}],"inLanguage":"fr-FR"},{"@type":"Organization","@id":"https:\/\/vosgesinfo.fr\/epinalinfo\/#organization","name":"Epinal Info","url":"https:\/\/vosgesinfo.fr\/epinalinfo\/","logo":{"@type":"ImageObject","inLanguage":"fr-FR","@id":"https:\/\/vosgesinfo.fr\/epinalinfo\/#\/schema\/logo\/image\/","url":"https:\/\/vosgesinfo.fr\/app\/uploads\/sites\/3\/2023\/08\/logo-epinalinfos.svg","contentUrl":"https:\/\/vosgesinfo.fr\/app\/uploads\/sites\/3\/2023\/08\/logo-epinalinfos.svg","width":1,"height":1,"caption":"Epinal Info"},"image":{"@id":"https:\/\/vosgesinfo.fr\/epinalinfo\/#\/schema\/logo\/image\/"},"sameAs":["https:\/\/www.facebook.com\/Epinalinfos","https:\/\/x.com\/VosgesInfo88","https:\/\/www.youtube.com\/@vosgesinfo"]},{"@type":"Person","@id":"https:\/\/vosgesinfo.fr\/epinalinfo\/#\/schema\/person\/6f9a650eeea99d969b6c4ab78fccbe81","name":"C.K.","image":{"@type":"ImageObject","inLanguage":"fr-FR","@id":"https:\/\/vosgesinfo.fr\/epinalinfo\/#\/schema\/person\/image\/","url":"https:\/\/secure.gravatar.com\/avatar\/48e3fc7f8421ba8942be6b74a2b7f014ca39bc00dece156b7a8e098ae7dc87bf?s=96&d=mm&r=g","contentUrl":"https:\/\/secure.gravatar.com\/avatar\/48e3fc7f8421ba8942be6b74a2b7f014ca39bc00dece156b7a8e098ae7dc87bf?s=96&d=mm&r=g","caption":"C.K."},"url":"https:\/\/vosgesinfo.fr\/epinalinfo\/author\/celia-k-n\/"}]}},"_links":{"self":[{"href":"https:\/\/vosgesinfo.fr\/epinalinfo\/wp-json\/wp\/v2\/posts\/43145","targetHints":{"allow":["GET"]}}],"collection":[{"href":"https:\/\/vosgesinfo.fr\/epinalinfo\/wp-json\/wp\/v2\/posts"}],"about":[{"href":"https:\/\/vosgesinfo.fr\/epinalinfo\/wp-json\/wp\/v2\/types\/post"}],"author":[{"embeddable":true,"href":"https:\/\/vosgesinfo.fr\/epinalinfo\/wp-json\/wp\/v2\/users\/52"}],"replies":[{"embeddable":true,"href":"https:\/\/vosgesinfo.fr\/epinalinfo\/wp-json\/wp\/v2\/comments?post=43145"}],"version-history":[{"count":1,"href":"https:\/\/vosgesinfo.fr\/epinalinfo\/wp-json\/wp\/v2\/posts\/43145\/revisions"}],"predecessor-version":[{"id":43154,"href":"https:\/\/vosgesinfo.fr\/epinalinfo\/wp-json\/wp\/v2\/posts\/43145\/revisions\/43154"}],"wp:featuredmedia":[{"embeddable":true,"href":"https:\/\/vosgesinfo.fr\/epinalinfo\/wp-json\/wp\/v2\/media\/43146"}],"wp:attachment":[{"href":"https:\/\/vosgesinfo.fr\/epinalinfo\/wp-json\/wp\/v2\/media?parent=43145"}],"wp:term":[{"taxonomy":"category","embeddable":true,"href":"https:\/\/vosgesinfo.fr\/epinalinfo\/wp-json\/wp\/v2\/categories?post=43145"},{"taxonomy":"post_tag","embeddable":true,"href":"https:\/\/vosgesinfo.fr\/epinalinfo\/wp-json\/wp\/v2\/tags?post=43145"}],"curies":[{"name":"wp","href":"https:\/\/api.w.org\/{rel}","templated":true}]}}