{"id":43415,"date":"2024-07-08T10:56:48","date_gmt":"2024-07-08T08:56:48","guid":{"rendered":"https:\/\/vosgesinfo.fr\/epinalinfo\/2024\/07\/rambervillers-collecte-des-memoires-de-loccupation-et-de-la-liberation\/"},"modified":"2024-07-08T10:56:48","modified_gmt":"2024-07-08T08:56:48","slug":"rambervillers-collecte-des-memoires-de-loccupation-et-de-la-liberation","status":"publish","type":"post","link":"https:\/\/vosgesinfo.fr\/epinalinfo\/2024\/07\/rambervillers-collecte-des-memoires-de-loccupation-et-de-la-liberation\/","title":{"rendered":"Rambervillers \u2013 Collecte des M\u00e9moires de l&rsquo;Occupation et de la Lib\u00e9ration"},"content":{"rendered":"<h2>\u00c0 l\u2019occasion du 80e anniversaire de la Lib\u00e9ration, la Ville de Rambervillers souhaite collecter des photos, r\u00e9cits \u00e9crits et documents du quotidien relatifs \u00e0 la p\u00e9riode de l\u2019Occupation de la ville.<\/h2>\n<p><!--more--><\/p>\n<p>En parall\u00e8le, la ville cherche \u00e9galement \u00e0 recenser des t\u00e9moins de l&rsquo;Occupation et de la Lib\u00e9ration pr\u00eats \u00e0 partager leurs souvenirs lors d&rsquo;\u00e9changes avec des \u00e9l\u00e8ves de la Ville et\/ou qui accepteraient d\u2019\u00eatre enregistr\u00e9s. Ces rencontres permettront aux jeunes de profiter de la force de la transmission orale de la m\u00e9moire.<\/p>\n<p>Si vous poss\u00e9dez des documents ou si vous connaissez des t\u00e9moins susceptibles de participer \u00e0 cette s\u00e9quence, merci de contacter la mairie de Rambervillers par email \u00e0 <a href=\"mailto:mairie@rambervillers.fr\" target=\"_blank\" rel=\"noopener\">mairie@rambervillers.fr<\/a> ou par t\u00e9l\u00e9phone au 03.29.65.12.07.<\/p>\n<p><img decoding=\"async\" class=\"alignnone size-full wp-image-35803\" src=\"https:\/\/vosgesinfo.fr\/app\/uploads\/sites\/4\/2024\/07\/rambervillers-80e-anniversaire-liberation.png\" alt=\"\" width=\"940\" height=\"788\" \/><\/p>\n","protected":false},"excerpt":{"rendered":"<p>\u00c0 l\u2019occasion du 80e anniversaire de la Lib\u00e9ration, la Ville de Rambervillers souhaite collecter des photos, r\u00e9cits \u00e9crits et documents [&hellip;]<\/p>\n","protected":false},"author":46,"featured_media":43416,"comment_status":"open","ping_status":"open","sticky":false,"template":"","format":"standard","meta":{"footnotes":""},"categories":[2,24,10],"tags":[6517,6518,6519,320],"class_list":["post-43415","post","type-post","status-publish","format-standard","has-post-thumbnail","hentry","category-breves","category-epinal","category-societe","tag-80e-anniversaire-de-la-liberation-de-rambervillers","tag-collecte-des-memoires-de-loccupation-et-de-la-liberation-de-rambervillers","tag-mairie-de-rambervillers","tag-rambervillers"],"acf":[],"yoast_head":"<!-- This site is optimized with the Yoast SEO plugin v22.5 - https:\/\/yoast.com\/wordpress\/plugins\/seo\/ -->\n<title>Rambervillers \u2013 Collecte des M\u00e9moires de l&#039;Occupation et de la Lib\u00e9ration - Epinal Info<\/title>\n<meta name=\"robots\" content=\"index, follow, max-snippet:-1, max-image-preview:large, max-video-preview:-1\" \/>\n<link rel=\"canonical\" href=\"https:\/\/vosgesinfo.fr\/epinalinfo\/2024\/07\/rambervillers-collecte-des-memoires-de-loccupation-et-de-la-liberation\/\" \/>\n<meta name=\"twitter:card\" content=\"summary_large_image\" \/>\n<meta name=\"twitter:title\" content=\"Rambervillers \u2013 Collecte des M\u00e9moires de l&#039;Occupation et de la Lib\u00e9ration - Epinal Info\" \/>\n<meta name=\"twitter:description\" content=\"\u00c0 l\u2019occasion du 80e anniversaire de la Lib\u00e9ration, la Ville de Rambervillers souhaite collecter des photos, r\u00e9cits \u00e9crits et documents [&hellip;]\" \/>\n<meta name=\"twitter:image\" content=\"https:\/\/vosgesinfo.fr\/app\/uploads\/sites\/3\/2024\/07\/rambervillers-80e-anniversaire-liberation.png\" \/>\n<meta name=\"twitter:creator\" content=\"@VosgesInfo88\" \/>\n<meta name=\"twitter:site\" content=\"@VosgesInfo88\" \/>\n<meta name=\"twitter:label1\" content=\"\u00c9crit par\" \/>\n\t<meta name=\"twitter:data1\" content=\"J.J.\" \/>\n\t<meta name=\"twitter:label2\" content=\"Dur\u00e9e de lecture estim\u00e9e\" \/>\n\t<meta name=\"twitter:data2\" content=\"1 minute\" \/>\n<script type=\"application\/ld+json\" class=\"yoast-schema-graph\">{\"@context\":\"https:\/\/schema.org\",\"@graph\":[{\"@type\":\"Article\",\"@id\":\"https:\/\/vosgesinfo.fr\/epinalinfo\/2024\/07\/rambervillers-collecte-des-memoires-de-loccupation-et-de-la-liberation\/#article\",\"isPartOf\":{\"@id\":\"https:\/\/vosgesinfo.fr\/epinalinfo\/2024\/07\/rambervillers-collecte-des-memoires-de-loccupation-et-de-la-liberation\/\"},\"author\":{\"name\":\"J.J.\",\"@id\":\"https:\/\/vosgesinfo.fr\/epinalinfo\/#\/schema\/person\/fa73e9f726d67bb88f46d5b7943cb572\"},\"headline\":\"Rambervillers \u2013 Collecte des M\u00e9moires de l&rsquo;Occupation et de la Lib\u00e9ration\",\"datePublished\":\"2024-07-08T08:56:48+00:00\",\"dateModified\":\"2024-07-08T08:56:48+00:00\",\"mainEntityOfPage\":{\"@id\":\"https:\/\/vosgesinfo.fr\/epinalinfo\/2024\/07\/rambervillers-collecte-des-memoires-de-loccupation-et-de-la-liberation\/\"},\"wordCount\":144,\"commentCount\":0,\"publisher\":{\"@id\":\"https:\/\/vosgesinfo.fr\/epinalinfo\/#organization\"},\"image\":{\"@id\":\"https:\/\/vosgesinfo.fr\/epinalinfo\/2024\/07\/rambervillers-collecte-des-memoires-de-loccupation-et-de-la-liberation\/#primaryimage\"},\"thumbnailUrl\":\"https:\/\/vosgesinfo.fr\/app\/uploads\/sites\/3\/2024\/07\/rambervillers-80e-anniversaire-liberation.png\",\"keywords\":[\"80e anniversaire de la Lib\u00e9ration de Rambervillers\",\"Collecte des M\u00e9moires de l'Occupation et de la Lib\u00e9ration de Rambervillers\",\"Mairie de Rambervillers\",\"Rambervillers\"],\"articleSection\":[\"Br\u00e8ves\",\"Epinal\",\"Soci\u00e9t\u00e9\"],\"inLanguage\":\"fr-FR\",\"potentialAction\":[{\"@type\":\"CommentAction\",\"name\":\"Comment\",\"target\":[\"https:\/\/vosgesinfo.fr\/epinalinfo\/2024\/07\/rambervillers-collecte-des-memoires-de-loccupation-et-de-la-liberation\/#respond\"]}]},{\"@type\":\"WebPage\",\"@id\":\"https:\/\/vosgesinfo.fr\/epinalinfo\/2024\/07\/rambervillers-collecte-des-memoires-de-loccupation-et-de-la-liberation\/\",\"url\":\"https:\/\/vosgesinfo.fr\/epinalinfo\/2024\/07\/rambervillers-collecte-des-memoires-de-loccupation-et-de-la-liberation\/\",\"name\":\"Rambervillers \u2013 Collecte des M\u00e9moires de l'Occupation et de la Lib\u00e9ration - Epinal Info\",\"isPartOf\":{\"@id\":\"https:\/\/vosgesinfo.fr\/epinalinfo\/#website\"},\"primaryImageOfPage\":{\"@id\":\"https:\/\/vosgesinfo.fr\/epinalinfo\/2024\/07\/rambervillers-collecte-des-memoires-de-loccupation-et-de-la-liberation\/#primaryimage\"},\"image\":{\"@id\":\"https:\/\/vosgesinfo.fr\/epinalinfo\/2024\/07\/rambervillers-collecte-des-memoires-de-loccupation-et-de-la-liberation\/#primaryimage\"},\"thumbnailUrl\":\"https:\/\/vosgesinfo.fr\/app\/uploads\/sites\/3\/2024\/07\/rambervillers-80e-anniversaire-liberation.png\",\"datePublished\":\"2024-07-08T08:56:48+00:00\",\"dateModified\":\"2024-07-08T08:56:48+00:00\",\"breadcrumb\":{\"@id\":\"https:\/\/vosgesinfo.fr\/epinalinfo\/2024\/07\/rambervillers-collecte-des-memoires-de-loccupation-et-de-la-liberation\/#breadcrumb\"},\"inLanguage\":\"fr-FR\",\"potentialAction\":[{\"@type\":\"ReadAction\",\"target\":[\"https:\/\/vosgesinfo.fr\/epinalinfo\/2024\/07\/rambervillers-collecte-des-memoires-de-loccupation-et-de-la-liberation\/\"]}]},{\"@type\":\"ImageObject\",\"inLanguage\":\"fr-FR\",\"@id\":\"https:\/\/vosgesinfo.fr\/epinalinfo\/2024\/07\/rambervillers-collecte-des-memoires-de-loccupation-et-de-la-liberation\/#primaryimage\",\"url\":\"https:\/\/vosgesinfo.fr\/app\/uploads\/sites\/3\/2024\/07\/rambervillers-80e-anniversaire-liberation.png\",\"contentUrl\":\"https:\/\/vosgesinfo.fr\/app\/uploads\/sites\/3\/2024\/07\/rambervillers-80e-anniversaire-liberation.png\",\"width\":940,\"height\":788},{\"@type\":\"BreadcrumbList\",\"@id\":\"https:\/\/vosgesinfo.fr\/epinalinfo\/2024\/07\/rambervillers-collecte-des-memoires-de-loccupation-et-de-la-liberation\/#breadcrumb\",\"itemListElement\":[{\"@type\":\"ListItem\",\"position\":1,\"name\":\"Home\",\"item\":\"https:\/\/vosgesinfo.fr\/epinalinfo\/\"},{\"@type\":\"ListItem\",\"position\":2,\"name\":\"Rambervillers \u2013 Collecte des M\u00e9moires de l&rsquo;Occupation et de la Lib\u00e9ration\"}]},{\"@type\":\"WebSite\",\"@id\":\"https:\/\/vosgesinfo.fr\/epinalinfo\/#website\",\"url\":\"https:\/\/vosgesinfo.fr\/epinalinfo\/\",\"name\":\"Epinal Info\",\"description\":\"Toute l&#039;actualit\u00e9 d&#039;\u00c9pinal\",\"publisher\":{\"@id\":\"https:\/\/vosgesinfo.fr\/epinalinfo\/#organization\"},\"alternateName\":\"Toute l'actualit\u00e9 d'\u00c9pinal\",\"potentialAction\":[{\"@type\":\"SearchAction\",\"target\":{\"@type\":\"EntryPoint\",\"urlTemplate\":\"https:\/\/vosgesinfo.fr\/epinalinfo\/?s={search_term_string}\"},\"query-input\":\"required name=search_term_string\"}],\"inLanguage\":\"fr-FR\"},{\"@type\":\"Organization\",\"@id\":\"https:\/\/vosgesinfo.fr\/epinalinfo\/#organization\",\"name\":\"Epinal Info\",\"url\":\"https:\/\/vosgesinfo.fr\/epinalinfo\/\",\"logo\":{\"@type\":\"ImageObject\",\"inLanguage\":\"fr-FR\",\"@id\":\"https:\/\/vosgesinfo.fr\/epinalinfo\/#\/schema\/logo\/image\/\",\"url\":\"https:\/\/vosgesinfo.fr\/app\/uploads\/sites\/3\/2023\/08\/logo-epinalinfos.svg\",\"contentUrl\":\"https:\/\/vosgesinfo.fr\/app\/uploads\/sites\/3\/2023\/08\/logo-epinalinfos.svg\",\"width\":1,\"height\":1,\"caption\":\"Epinal Info\"},\"image\":{\"@id\":\"https:\/\/vosgesinfo.fr\/epinalinfo\/#\/schema\/logo\/image\/\"},\"sameAs\":[\"https:\/\/www.facebook.com\/Epinalinfos\",\"https:\/\/x.com\/VosgesInfo88\",\"https:\/\/www.youtube.com\/@vosgesinfo\"]},{\"@type\":\"Person\",\"@id\":\"https:\/\/vosgesinfo.fr\/epinalinfo\/#\/schema\/person\/fa73e9f726d67bb88f46d5b7943cb572\",\"name\":\"J.J.\",\"image\":{\"@type\":\"ImageObject\",\"inLanguage\":\"fr-FR\",\"@id\":\"https:\/\/vosgesinfo.fr\/epinalinfo\/#\/schema\/person\/image\/\",\"url\":\"https:\/\/secure.gravatar.com\/avatar\/219e749e47ffbcca018a360ae4add7d4cdf1cdaaf8bc7676b27efade3fe65615?s=96&d=mm&r=g\",\"contentUrl\":\"https:\/\/secure.gravatar.com\/avatar\/219e749e47ffbcca018a360ae4add7d4cdf1cdaaf8bc7676b27efade3fe65615?s=96&d=mm&r=g\",\"caption\":\"J.J.\"},\"url\":\"https:\/\/vosgesinfo.fr\/epinalinfo\/author\/j-j\/\"}]}<\/script>\n<!-- \/ Yoast SEO plugin. -->","yoast_head_json":{"title":"Rambervillers \u2013 Collecte des M\u00e9moires de l'Occupation et de la Lib\u00e9ration - Epinal Info","robots":{"index":"index","follow":"follow","max-snippet":"max-snippet:-1","max-image-preview":"max-image-preview:large","max-video-preview":"max-video-preview:-1"},"canonical":"https:\/\/vosgesinfo.fr\/epinalinfo\/2024\/07\/rambervillers-collecte-des-memoires-de-loccupation-et-de-la-liberation\/","twitter_card":"summary_large_image","twitter_title":"Rambervillers \u2013 Collecte des M\u00e9moires de l'Occupation et de la Lib\u00e9ration - Epinal Info","twitter_description":"\u00c0 l\u2019occasion du 80e anniversaire de la Lib\u00e9ration, la Ville de Rambervillers souhaite collecter des photos, r\u00e9cits \u00e9crits et documents [&hellip;]","twitter_image":"https:\/\/vosgesinfo.fr\/app\/uploads\/sites\/3\/2024\/07\/rambervillers-80e-anniversaire-liberation.png","twitter_creator":"@VosgesInfo88","twitter_site":"@VosgesInfo88","twitter_misc":{"\u00c9crit par":"J.J.","Dur\u00e9e de lecture estim\u00e9e":"1 minute"},"schema":{"@context":"https:\/\/schema.org","@graph":[{"@type":"Article","@id":"https:\/\/vosgesinfo.fr\/epinalinfo\/2024\/07\/rambervillers-collecte-des-memoires-de-loccupation-et-de-la-liberation\/#article","isPartOf":{"@id":"https:\/\/vosgesinfo.fr\/epinalinfo\/2024\/07\/rambervillers-collecte-des-memoires-de-loccupation-et-de-la-liberation\/"},"author":{"name":"J.J.","@id":"https:\/\/vosgesinfo.fr\/epinalinfo\/#\/schema\/person\/fa73e9f726d67bb88f46d5b7943cb572"},"headline":"Rambervillers \u2013 Collecte des M\u00e9moires de l&rsquo;Occupation et de la Lib\u00e9ration","datePublished":"2024-07-08T08:56:48+00:00","dateModified":"2024-07-08T08:56:48+00:00","mainEntityOfPage":{"@id":"https:\/\/vosgesinfo.fr\/epinalinfo\/2024\/07\/rambervillers-collecte-des-memoires-de-loccupation-et-de-la-liberation\/"},"wordCount":144,"commentCount":0,"publisher":{"@id":"https:\/\/vosgesinfo.fr\/epinalinfo\/#organization"},"image":{"@id":"https:\/\/vosgesinfo.fr\/epinalinfo\/2024\/07\/rambervillers-collecte-des-memoires-de-loccupation-et-de-la-liberation\/#primaryimage"},"thumbnailUrl":"https:\/\/vosgesinfo.fr\/app\/uploads\/sites\/3\/2024\/07\/rambervillers-80e-anniversaire-liberation.png","keywords":["80e anniversaire de la Lib\u00e9ration de Rambervillers","Collecte des M\u00e9moires de l'Occupation et de la Lib\u00e9ration de Rambervillers","Mairie de Rambervillers","Rambervillers"],"articleSection":["Br\u00e8ves","Epinal","Soci\u00e9t\u00e9"],"inLanguage":"fr-FR","potentialAction":[{"@type":"CommentAction","name":"Comment","target":["https:\/\/vosgesinfo.fr\/epinalinfo\/2024\/07\/rambervillers-collecte-des-memoires-de-loccupation-et-de-la-liberation\/#respond"]}]},{"@type":"WebPage","@id":"https:\/\/vosgesinfo.fr\/epinalinfo\/2024\/07\/rambervillers-collecte-des-memoires-de-loccupation-et-de-la-liberation\/","url":"https:\/\/vosgesinfo.fr\/epinalinfo\/2024\/07\/rambervillers-collecte-des-memoires-de-loccupation-et-de-la-liberation\/","name":"Rambervillers \u2013 Collecte des M\u00e9moires de l'Occupation et de la Lib\u00e9ration - Epinal Info","isPartOf":{"@id":"https:\/\/vosgesinfo.fr\/epinalinfo\/#website"},"primaryImageOfPage":{"@id":"https:\/\/vosgesinfo.fr\/epinalinfo\/2024\/07\/rambervillers-collecte-des-memoires-de-loccupation-et-de-la-liberation\/#primaryimage"},"image":{"@id":"https:\/\/vosgesinfo.fr\/epinalinfo\/2024\/07\/rambervillers-collecte-des-memoires-de-loccupation-et-de-la-liberation\/#primaryimage"},"thumbnailUrl":"https:\/\/vosgesinfo.fr\/app\/uploads\/sites\/3\/2024\/07\/rambervillers-80e-anniversaire-liberation.png","datePublished":"2024-07-08T08:56:48+00:00","dateModified":"2024-07-08T08:56:48+00:00","breadcrumb":{"@id":"https:\/\/vosgesinfo.fr\/epinalinfo\/2024\/07\/rambervillers-collecte-des-memoires-de-loccupation-et-de-la-liberation\/#breadcrumb"},"inLanguage":"fr-FR","potentialAction":[{"@type":"ReadAction","target":["https:\/\/vosgesinfo.fr\/epinalinfo\/2024\/07\/rambervillers-collecte-des-memoires-de-loccupation-et-de-la-liberation\/"]}]},{"@type":"ImageObject","inLanguage":"fr-FR","@id":"https:\/\/vosgesinfo.fr\/epinalinfo\/2024\/07\/rambervillers-collecte-des-memoires-de-loccupation-et-de-la-liberation\/#primaryimage","url":"https:\/\/vosgesinfo.fr\/app\/uploads\/sites\/3\/2024\/07\/rambervillers-80e-anniversaire-liberation.png","contentUrl":"https:\/\/vosgesinfo.fr\/app\/uploads\/sites\/3\/2024\/07\/rambervillers-80e-anniversaire-liberation.png","width":940,"height":788},{"@type":"BreadcrumbList","@id":"https:\/\/vosgesinfo.fr\/epinalinfo\/2024\/07\/rambervillers-collecte-des-memoires-de-loccupation-et-de-la-liberation\/#breadcrumb","itemListElement":[{"@type":"ListItem","position":1,"name":"Home","item":"https:\/\/vosgesinfo.fr\/epinalinfo\/"},{"@type":"ListItem","position":2,"name":"Rambervillers \u2013 Collecte des M\u00e9moires de l&rsquo;Occupation et de la Lib\u00e9ration"}]},{"@type":"WebSite","@id":"https:\/\/vosgesinfo.fr\/epinalinfo\/#website","url":"https:\/\/vosgesinfo.fr\/epinalinfo\/","name":"Epinal Info","description":"Toute l&#039;actualit\u00e9 d&#039;\u00c9pinal","publisher":{"@id":"https:\/\/vosgesinfo.fr\/epinalinfo\/#organization"},"alternateName":"Toute l'actualit\u00e9 d'\u00c9pinal","potentialAction":[{"@type":"SearchAction","target":{"@type":"EntryPoint","urlTemplate":"https:\/\/vosgesinfo.fr\/epinalinfo\/?s={search_term_string}"},"query-input":"required name=search_term_string"}],"inLanguage":"fr-FR"},{"@type":"Organization","@id":"https:\/\/vosgesinfo.fr\/epinalinfo\/#organization","name":"Epinal Info","url":"https:\/\/vosgesinfo.fr\/epinalinfo\/","logo":{"@type":"ImageObject","inLanguage":"fr-FR","@id":"https:\/\/vosgesinfo.fr\/epinalinfo\/#\/schema\/logo\/image\/","url":"https:\/\/vosgesinfo.fr\/app\/uploads\/sites\/3\/2023\/08\/logo-epinalinfos.svg","contentUrl":"https:\/\/vosgesinfo.fr\/app\/uploads\/sites\/3\/2023\/08\/logo-epinalinfos.svg","width":1,"height":1,"caption":"Epinal Info"},"image":{"@id":"https:\/\/vosgesinfo.fr\/epinalinfo\/#\/schema\/logo\/image\/"},"sameAs":["https:\/\/www.facebook.com\/Epinalinfos","https:\/\/x.com\/VosgesInfo88","https:\/\/www.youtube.com\/@vosgesinfo"]},{"@type":"Person","@id":"https:\/\/vosgesinfo.fr\/epinalinfo\/#\/schema\/person\/fa73e9f726d67bb88f46d5b7943cb572","name":"J.J.","image":{"@type":"ImageObject","inLanguage":"fr-FR","@id":"https:\/\/vosgesinfo.fr\/epinalinfo\/#\/schema\/person\/image\/","url":"https:\/\/secure.gravatar.com\/avatar\/219e749e47ffbcca018a360ae4add7d4cdf1cdaaf8bc7676b27efade3fe65615?s=96&d=mm&r=g","contentUrl":"https:\/\/secure.gravatar.com\/avatar\/219e749e47ffbcca018a360ae4add7d4cdf1cdaaf8bc7676b27efade3fe65615?s=96&d=mm&r=g","caption":"J.J."},"url":"https:\/\/vosgesinfo.fr\/epinalinfo\/author\/j-j\/"}]}},"_links":{"self":[{"href":"https:\/\/vosgesinfo.fr\/epinalinfo\/wp-json\/wp\/v2\/posts\/43415","targetHints":{"allow":["GET"]}}],"collection":[{"href":"https:\/\/vosgesinfo.fr\/epinalinfo\/wp-json\/wp\/v2\/posts"}],"about":[{"href":"https:\/\/vosgesinfo.fr\/epinalinfo\/wp-json\/wp\/v2\/types\/post"}],"author":[{"embeddable":true,"href":"https:\/\/vosgesinfo.fr\/epinalinfo\/wp-json\/wp\/v2\/users\/46"}],"replies":[{"embeddable":true,"href":"https:\/\/vosgesinfo.fr\/epinalinfo\/wp-json\/wp\/v2\/comments?post=43415"}],"version-history":[{"count":0,"href":"https:\/\/vosgesinfo.fr\/epinalinfo\/wp-json\/wp\/v2\/posts\/43415\/revisions"}],"wp:featuredmedia":[{"embeddable":true,"href":"https:\/\/vosgesinfo.fr\/epinalinfo\/wp-json\/wp\/v2\/media\/43416"}],"wp:attachment":[{"href":"https:\/\/vosgesinfo.fr\/epinalinfo\/wp-json\/wp\/v2\/media?parent=43415"}],"wp:term":[{"taxonomy":"category","embeddable":true,"href":"https:\/\/vosgesinfo.fr\/epinalinfo\/wp-json\/wp\/v2\/categories?post=43415"},{"taxonomy":"post_tag","embeddable":true,"href":"https:\/\/vosgesinfo.fr\/epinalinfo\/wp-json\/wp\/v2\/tags?post=43415"}],"curies":[{"name":"wp","href":"https:\/\/api.w.org\/{rel}","templated":true}]}}