{"id":43637,"date":"2024-07-12T15:14:45","date_gmt":"2024-07-12T13:14:45","guid":{"rendered":"https:\/\/vosgesinfo.fr\/epinalinfo\/?p=43637"},"modified":"2024-07-12T15:45:23","modified_gmt":"2024-07-12T13:45:23","slug":"alerte-a-la-coqueluche-dans-le-grand-est","status":"publish","type":"post","link":"https:\/\/vosgesinfo.fr\/epinalinfo\/2024\/07\/alerte-a-la-coqueluche-dans-le-grand-est\/","title":{"rendered":"Alerte \u00e0 la coqueluche dans le Grand Est !"},"content":{"rendered":"<h2><img decoding=\"async\" class=\"aligncenter size-full wp-image-43638\" src=\"https:\/\/vosgesinfo.fr\/app\/uploads\/sites\/3\/2024\/07\/baby-2416718-960-720.jpg\" alt=\"\" width=\"960\" height=\"648\" srcset=\"https:\/\/vosgesinfo.fr\/app\/uploads\/sites\/3\/2024\/07\/baby-2416718-960-720.jpg 960w, https:\/\/vosgesinfo.fr\/app\/uploads\/sites\/3\/2024\/07\/baby-2416718-960-720-300x203.jpg 300w, https:\/\/vosgesinfo.fr\/app\/uploads\/sites\/3\/2024\/07\/baby-2416718-960-720-768x518.jpg 768w\" sizes=\"(max-width: 960px) 100vw, 960px\" \/>Les nombres de cas de coqueluche sont en forte augmentation depuis le d\u00e9but de l&rsquo;ann\u00e9e 2024. L&rsquo;\u00e9pid\u00e9mie fait des ravages dans le Grand Est de la France. Les nourrissons sont particuli\u00e8rement \u00e0 risques. L&rsquo;Agence R\u00e9gionale de Sant\u00e9 a enregistr\u00e9 une cinquantaine de signalements de cas de coqueluche du 1er janvier au 7 juin 2024 contre 0 en 2023 sur la m\u00eame p\u00e9riode.<\/h2>\n<p>La circulation de la coqueluche est en forte augmentation depuis plusieurs mois en France, notamment dans la r\u00e9gion Grand Est. Depuis le d\u00e9but de l&rsquo;ann\u00e9e, le nombre de cas signal\u00e9s a consid\u00e9rablement augment\u00e9, atteignant des niveaux n\u00e9cessitant une vigilance accrue de la part de la population et des professionnels de sant\u00e9. L\u2019ARS a enregistr\u00e9 une cinquantaine de signalements de cas de coqueluche du 1er janvier au 7 juin 2024 contre 0 en 2023 sur la m\u00eame p\u00e9riode.<\/p>\n<p>Face \u00e0 cette situation pr\u00e9occupante, l\u2019ARS souhaite informer les professionnels de sant\u00e9 et de la petite enfance, et sensibiliser le grand public sur la situation des personnes \u00e0 risques de complications (nourrissons, sujets atteints d\u2019affections respiratoires chroniques ou sujets immunod\u00e9prim\u00e9s, femme enceinte).<\/p>\n<h3>La situation en France et en Grand Est<\/h3>\n<p>La coqueluche \u00e9volue par cycles de recrudescence tous les 3 \u00e0 5 ans. En France, les donn\u00e9es de surveillance ont montr\u00e9 six pics \u00e9pid\u00e9miques sur les derni\u00e8res ann\u00e9es : 1997, 2000, 2005, 2009, 2012-2013 et 2017-2018. Sant\u00e9 Publique France a publi\u00e9 dans son bulletin \u00e9pid\u00e9miologique du mois de juin 2024 l\u2019information d\u2019une r\u00e9surgence de la maladie sur le territoire national s\u2019intensifiant depuis le d\u00e9but de l\u2019ann\u00e9e 2024, touchant \u00e9galement nos voisins europ\u00e9ens.<\/p>\n<p>Sant\u00e9 Publique France rel\u00e8ve pour la r\u00e9gion Grand Est une nette augmentation des passages aux urgences et des consultations chez SOS M\u00e9decins au motif d\u2019une infection \u00e0 coqueluche depuis le mois d\u2019avril.<\/p>\n<h3>Sympt\u00f4mes et mode de transmission de la coqueluche<\/h3>\n<p>La coqueluche est une infection respiratoire hautement contagieuse caus\u00e9e par une bact\u00e9rie et caract\u00e9ris\u00e9e par un rhume et une toux \u00e0 pr\u00e9dominance nocturne qui se prolonge au-del\u00e0 de 7 jours. Cette toux peut durer plusieurs semaines.<br \/>\nSa transmission se fait principalement dans la famille ou en collectivit\u00e9s au contact d\u2019une personne malade pr\u00e9sentant une toux. Les formes graves touchent surtout les nourrissons de moins de six mois, pouvant entrainer le d\u00e9c\u00e8s. En moyenne, une personne infect\u00e9e peut en contaminer 15 autres.<\/p>\n<p>La vaccination reste le moyen le plus efficace de pr\u00e9venir la coqueluche et ses complications.<\/p>\n<p>En cas de toux persistante pendant plus de 7 jours, il est crucial de consulter un m\u00e9decin pour une confirmation diagnostique.<\/p>\n","protected":false},"excerpt":{"rendered":"<p>Les nombres de cas de coqueluche sont en forte augmentation depuis le d\u00e9but de l&rsquo;ann\u00e9e 2024. L&rsquo;\u00e9pid\u00e9mie fait des ravages [&hellip;]<\/p>\n","protected":false},"author":52,"featured_media":43638,"comment_status":"open","ping_status":"open","sticky":false,"template":"","format":"standard","meta":{"footnotes":""},"categories":[22,729,14,5],"tags":[6548,138,386,85,75],"class_list":["post-43637","post","type-post","status-publish","format-standard","has-post-thumbnail","hentry","category-a-la-une","category-lorraine","category-sante","category-vosges","tag-coqueluche","tag-grand-est","tag-maladie","tag-sante","tag-vosges"],"acf":[],"yoast_head":"<!-- This site is optimized with the Yoast SEO plugin v22.5 - https:\/\/yoast.com\/wordpress\/plugins\/seo\/ -->\n<title>Alerte \u00e0 la coqueluche dans le Grand Est ! - Epinal Info<\/title>\n<meta name=\"robots\" content=\"index, follow, max-snippet:-1, max-image-preview:large, max-video-preview:-1\" \/>\n<link rel=\"canonical\" href=\"https:\/\/vosgesinfo.fr\/epinalinfo\/2024\/07\/alerte-a-la-coqueluche-dans-le-grand-est\/\" \/>\n<meta name=\"twitter:card\" content=\"summary_large_image\" \/>\n<meta name=\"twitter:title\" content=\"Alerte \u00e0 la coqueluche dans le Grand Est ! - Epinal Info\" \/>\n<meta name=\"twitter:description\" content=\"Les nombres de cas de coqueluche sont en forte augmentation depuis le d\u00e9but de l&rsquo;ann\u00e9e 2024. L&rsquo;\u00e9pid\u00e9mie fait des ravages [&hellip;]\" \/>\n<meta name=\"twitter:image\" content=\"https:\/\/vosgesinfo.fr\/app\/uploads\/sites\/3\/2024\/07\/baby-2416718-960-720.jpg\" \/>\n<meta name=\"twitter:creator\" content=\"@VosgesInfo88\" \/>\n<meta name=\"twitter:site\" content=\"@VosgesInfo88\" \/>\n<meta name=\"twitter:label1\" content=\"\u00c9crit par\" \/>\n\t<meta name=\"twitter:data1\" content=\"C.K.\" \/>\n\t<meta name=\"twitter:label2\" content=\"Dur\u00e9e de lecture estim\u00e9e\" \/>\n\t<meta name=\"twitter:data2\" content=\"3 minutes\" \/>\n<script type=\"application\/ld+json\" class=\"yoast-schema-graph\">{\"@context\":\"https:\/\/schema.org\",\"@graph\":[{\"@type\":\"Article\",\"@id\":\"https:\/\/vosgesinfo.fr\/epinalinfo\/2024\/07\/alerte-a-la-coqueluche-dans-le-grand-est\/#article\",\"isPartOf\":{\"@id\":\"https:\/\/vosgesinfo.fr\/epinalinfo\/2024\/07\/alerte-a-la-coqueluche-dans-le-grand-est\/\"},\"author\":{\"name\":\"C.K.\",\"@id\":\"https:\/\/vosgesinfo.fr\/epinalinfo\/#\/schema\/person\/6f9a650eeea99d969b6c4ab78fccbe81\"},\"headline\":\"Alerte \u00e0 la coqueluche dans le Grand Est !\",\"datePublished\":\"2024-07-12T13:14:45+00:00\",\"dateModified\":\"2024-07-12T13:45:23+00:00\",\"mainEntityOfPage\":{\"@id\":\"https:\/\/vosgesinfo.fr\/epinalinfo\/2024\/07\/alerte-a-la-coqueluche-dans-le-grand-est\/\"},\"wordCount\":455,\"commentCount\":0,\"publisher\":{\"@id\":\"https:\/\/vosgesinfo.fr\/epinalinfo\/#organization\"},\"image\":{\"@id\":\"https:\/\/vosgesinfo.fr\/epinalinfo\/2024\/07\/alerte-a-la-coqueluche-dans-le-grand-est\/#primaryimage\"},\"thumbnailUrl\":\"https:\/\/vosgesinfo.fr\/app\/uploads\/sites\/3\/2024\/07\/baby-2416718-960-720.jpg\",\"keywords\":[\"coqueluche\",\"Grand Est\",\"maladie\",\"sant\u00e9\",\"vosges\"],\"articleSection\":[\"A la Une\",\"Lorraine\",\"Sant\u00e9\",\"Vosges\"],\"inLanguage\":\"fr-FR\",\"potentialAction\":[{\"@type\":\"CommentAction\",\"name\":\"Comment\",\"target\":[\"https:\/\/vosgesinfo.fr\/epinalinfo\/2024\/07\/alerte-a-la-coqueluche-dans-le-grand-est\/#respond\"]}]},{\"@type\":\"WebPage\",\"@id\":\"https:\/\/vosgesinfo.fr\/epinalinfo\/2024\/07\/alerte-a-la-coqueluche-dans-le-grand-est\/\",\"url\":\"https:\/\/vosgesinfo.fr\/epinalinfo\/2024\/07\/alerte-a-la-coqueluche-dans-le-grand-est\/\",\"name\":\"Alerte \u00e0 la coqueluche dans le Grand Est ! - Epinal Info\",\"isPartOf\":{\"@id\":\"https:\/\/vosgesinfo.fr\/epinalinfo\/#website\"},\"primaryImageOfPage\":{\"@id\":\"https:\/\/vosgesinfo.fr\/epinalinfo\/2024\/07\/alerte-a-la-coqueluche-dans-le-grand-est\/#primaryimage\"},\"image\":{\"@id\":\"https:\/\/vosgesinfo.fr\/epinalinfo\/2024\/07\/alerte-a-la-coqueluche-dans-le-grand-est\/#primaryimage\"},\"thumbnailUrl\":\"https:\/\/vosgesinfo.fr\/app\/uploads\/sites\/3\/2024\/07\/baby-2416718-960-720.jpg\",\"datePublished\":\"2024-07-12T13:14:45+00:00\",\"dateModified\":\"2024-07-12T13:45:23+00:00\",\"breadcrumb\":{\"@id\":\"https:\/\/vosgesinfo.fr\/epinalinfo\/2024\/07\/alerte-a-la-coqueluche-dans-le-grand-est\/#breadcrumb\"},\"inLanguage\":\"fr-FR\",\"potentialAction\":[{\"@type\":\"ReadAction\",\"target\":[\"https:\/\/vosgesinfo.fr\/epinalinfo\/2024\/07\/alerte-a-la-coqueluche-dans-le-grand-est\/\"]}]},{\"@type\":\"ImageObject\",\"inLanguage\":\"fr-FR\",\"@id\":\"https:\/\/vosgesinfo.fr\/epinalinfo\/2024\/07\/alerte-a-la-coqueluche-dans-le-grand-est\/#primaryimage\",\"url\":\"https:\/\/vosgesinfo.fr\/app\/uploads\/sites\/3\/2024\/07\/baby-2416718-960-720.jpg\",\"contentUrl\":\"https:\/\/vosgesinfo.fr\/app\/uploads\/sites\/3\/2024\/07\/baby-2416718-960-720.jpg\",\"width\":960,\"height\":648},{\"@type\":\"BreadcrumbList\",\"@id\":\"https:\/\/vosgesinfo.fr\/epinalinfo\/2024\/07\/alerte-a-la-coqueluche-dans-le-grand-est\/#breadcrumb\",\"itemListElement\":[{\"@type\":\"ListItem\",\"position\":1,\"name\":\"Home\",\"item\":\"https:\/\/vosgesinfo.fr\/epinalinfo\/\"},{\"@type\":\"ListItem\",\"position\":2,\"name\":\"Alerte \u00e0 la coqueluche dans le Grand Est !\"}]},{\"@type\":\"WebSite\",\"@id\":\"https:\/\/vosgesinfo.fr\/epinalinfo\/#website\",\"url\":\"https:\/\/vosgesinfo.fr\/epinalinfo\/\",\"name\":\"Epinal Info\",\"description\":\"Toute l&#039;actualit\u00e9 d&#039;\u00c9pinal\",\"publisher\":{\"@id\":\"https:\/\/vosgesinfo.fr\/epinalinfo\/#organization\"},\"alternateName\":\"Toute l'actualit\u00e9 d'\u00c9pinal\",\"potentialAction\":[{\"@type\":\"SearchAction\",\"target\":{\"@type\":\"EntryPoint\",\"urlTemplate\":\"https:\/\/vosgesinfo.fr\/epinalinfo\/?s={search_term_string}\"},\"query-input\":\"required name=search_term_string\"}],\"inLanguage\":\"fr-FR\"},{\"@type\":\"Organization\",\"@id\":\"https:\/\/vosgesinfo.fr\/epinalinfo\/#organization\",\"name\":\"Epinal Info\",\"url\":\"https:\/\/vosgesinfo.fr\/epinalinfo\/\",\"logo\":{\"@type\":\"ImageObject\",\"inLanguage\":\"fr-FR\",\"@id\":\"https:\/\/vosgesinfo.fr\/epinalinfo\/#\/schema\/logo\/image\/\",\"url\":\"https:\/\/vosgesinfo.fr\/app\/uploads\/sites\/3\/2023\/08\/logo-epinalinfos.svg\",\"contentUrl\":\"https:\/\/vosgesinfo.fr\/app\/uploads\/sites\/3\/2023\/08\/logo-epinalinfos.svg\",\"width\":1,\"height\":1,\"caption\":\"Epinal Info\"},\"image\":{\"@id\":\"https:\/\/vosgesinfo.fr\/epinalinfo\/#\/schema\/logo\/image\/\"},\"sameAs\":[\"https:\/\/www.facebook.com\/Epinalinfos\",\"https:\/\/x.com\/VosgesInfo88\",\"https:\/\/www.youtube.com\/@vosgesinfo\"]},{\"@type\":\"Person\",\"@id\":\"https:\/\/vosgesinfo.fr\/epinalinfo\/#\/schema\/person\/6f9a650eeea99d969b6c4ab78fccbe81\",\"name\":\"C.K.\",\"image\":{\"@type\":\"ImageObject\",\"inLanguage\":\"fr-FR\",\"@id\":\"https:\/\/vosgesinfo.fr\/epinalinfo\/#\/schema\/person\/image\/\",\"url\":\"https:\/\/secure.gravatar.com\/avatar\/48e3fc7f8421ba8942be6b74a2b7f014ca39bc00dece156b7a8e098ae7dc87bf?s=96&d=mm&r=g\",\"contentUrl\":\"https:\/\/secure.gravatar.com\/avatar\/48e3fc7f8421ba8942be6b74a2b7f014ca39bc00dece156b7a8e098ae7dc87bf?s=96&d=mm&r=g\",\"caption\":\"C.K.\"},\"url\":\"https:\/\/vosgesinfo.fr\/epinalinfo\/author\/celia-k-n\/\"}]}<\/script>\n<!-- \/ Yoast SEO plugin. -->","yoast_head_json":{"title":"Alerte \u00e0 la coqueluche dans le Grand Est ! - Epinal Info","robots":{"index":"index","follow":"follow","max-snippet":"max-snippet:-1","max-image-preview":"max-image-preview:large","max-video-preview":"max-video-preview:-1"},"canonical":"https:\/\/vosgesinfo.fr\/epinalinfo\/2024\/07\/alerte-a-la-coqueluche-dans-le-grand-est\/","twitter_card":"summary_large_image","twitter_title":"Alerte \u00e0 la coqueluche dans le Grand Est ! - Epinal Info","twitter_description":"Les nombres de cas de coqueluche sont en forte augmentation depuis le d\u00e9but de l&rsquo;ann\u00e9e 2024. L&rsquo;\u00e9pid\u00e9mie fait des ravages [&hellip;]","twitter_image":"https:\/\/vosgesinfo.fr\/app\/uploads\/sites\/3\/2024\/07\/baby-2416718-960-720.jpg","twitter_creator":"@VosgesInfo88","twitter_site":"@VosgesInfo88","twitter_misc":{"\u00c9crit par":"C.K.","Dur\u00e9e de lecture estim\u00e9e":"3 minutes"},"schema":{"@context":"https:\/\/schema.org","@graph":[{"@type":"Article","@id":"https:\/\/vosgesinfo.fr\/epinalinfo\/2024\/07\/alerte-a-la-coqueluche-dans-le-grand-est\/#article","isPartOf":{"@id":"https:\/\/vosgesinfo.fr\/epinalinfo\/2024\/07\/alerte-a-la-coqueluche-dans-le-grand-est\/"},"author":{"name":"C.K.","@id":"https:\/\/vosgesinfo.fr\/epinalinfo\/#\/schema\/person\/6f9a650eeea99d969b6c4ab78fccbe81"},"headline":"Alerte \u00e0 la coqueluche dans le Grand Est !","datePublished":"2024-07-12T13:14:45+00:00","dateModified":"2024-07-12T13:45:23+00:00","mainEntityOfPage":{"@id":"https:\/\/vosgesinfo.fr\/epinalinfo\/2024\/07\/alerte-a-la-coqueluche-dans-le-grand-est\/"},"wordCount":455,"commentCount":0,"publisher":{"@id":"https:\/\/vosgesinfo.fr\/epinalinfo\/#organization"},"image":{"@id":"https:\/\/vosgesinfo.fr\/epinalinfo\/2024\/07\/alerte-a-la-coqueluche-dans-le-grand-est\/#primaryimage"},"thumbnailUrl":"https:\/\/vosgesinfo.fr\/app\/uploads\/sites\/3\/2024\/07\/baby-2416718-960-720.jpg","keywords":["coqueluche","Grand Est","maladie","sant\u00e9","vosges"],"articleSection":["A la Une","Lorraine","Sant\u00e9","Vosges"],"inLanguage":"fr-FR","potentialAction":[{"@type":"CommentAction","name":"Comment","target":["https:\/\/vosgesinfo.fr\/epinalinfo\/2024\/07\/alerte-a-la-coqueluche-dans-le-grand-est\/#respond"]}]},{"@type":"WebPage","@id":"https:\/\/vosgesinfo.fr\/epinalinfo\/2024\/07\/alerte-a-la-coqueluche-dans-le-grand-est\/","url":"https:\/\/vosgesinfo.fr\/epinalinfo\/2024\/07\/alerte-a-la-coqueluche-dans-le-grand-est\/","name":"Alerte \u00e0 la coqueluche dans le Grand Est ! - Epinal Info","isPartOf":{"@id":"https:\/\/vosgesinfo.fr\/epinalinfo\/#website"},"primaryImageOfPage":{"@id":"https:\/\/vosgesinfo.fr\/epinalinfo\/2024\/07\/alerte-a-la-coqueluche-dans-le-grand-est\/#primaryimage"},"image":{"@id":"https:\/\/vosgesinfo.fr\/epinalinfo\/2024\/07\/alerte-a-la-coqueluche-dans-le-grand-est\/#primaryimage"},"thumbnailUrl":"https:\/\/vosgesinfo.fr\/app\/uploads\/sites\/3\/2024\/07\/baby-2416718-960-720.jpg","datePublished":"2024-07-12T13:14:45+00:00","dateModified":"2024-07-12T13:45:23+00:00","breadcrumb":{"@id":"https:\/\/vosgesinfo.fr\/epinalinfo\/2024\/07\/alerte-a-la-coqueluche-dans-le-grand-est\/#breadcrumb"},"inLanguage":"fr-FR","potentialAction":[{"@type":"ReadAction","target":["https:\/\/vosgesinfo.fr\/epinalinfo\/2024\/07\/alerte-a-la-coqueluche-dans-le-grand-est\/"]}]},{"@type":"ImageObject","inLanguage":"fr-FR","@id":"https:\/\/vosgesinfo.fr\/epinalinfo\/2024\/07\/alerte-a-la-coqueluche-dans-le-grand-est\/#primaryimage","url":"https:\/\/vosgesinfo.fr\/app\/uploads\/sites\/3\/2024\/07\/baby-2416718-960-720.jpg","contentUrl":"https:\/\/vosgesinfo.fr\/app\/uploads\/sites\/3\/2024\/07\/baby-2416718-960-720.jpg","width":960,"height":648},{"@type":"BreadcrumbList","@id":"https:\/\/vosgesinfo.fr\/epinalinfo\/2024\/07\/alerte-a-la-coqueluche-dans-le-grand-est\/#breadcrumb","itemListElement":[{"@type":"ListItem","position":1,"name":"Home","item":"https:\/\/vosgesinfo.fr\/epinalinfo\/"},{"@type":"ListItem","position":2,"name":"Alerte \u00e0 la coqueluche dans le Grand Est !"}]},{"@type":"WebSite","@id":"https:\/\/vosgesinfo.fr\/epinalinfo\/#website","url":"https:\/\/vosgesinfo.fr\/epinalinfo\/","name":"Epinal Info","description":"Toute l&#039;actualit\u00e9 d&#039;\u00c9pinal","publisher":{"@id":"https:\/\/vosgesinfo.fr\/epinalinfo\/#organization"},"alternateName":"Toute l'actualit\u00e9 d'\u00c9pinal","potentialAction":[{"@type":"SearchAction","target":{"@type":"EntryPoint","urlTemplate":"https:\/\/vosgesinfo.fr\/epinalinfo\/?s={search_term_string}"},"query-input":"required name=search_term_string"}],"inLanguage":"fr-FR"},{"@type":"Organization","@id":"https:\/\/vosgesinfo.fr\/epinalinfo\/#organization","name":"Epinal Info","url":"https:\/\/vosgesinfo.fr\/epinalinfo\/","logo":{"@type":"ImageObject","inLanguage":"fr-FR","@id":"https:\/\/vosgesinfo.fr\/epinalinfo\/#\/schema\/logo\/image\/","url":"https:\/\/vosgesinfo.fr\/app\/uploads\/sites\/3\/2023\/08\/logo-epinalinfos.svg","contentUrl":"https:\/\/vosgesinfo.fr\/app\/uploads\/sites\/3\/2023\/08\/logo-epinalinfos.svg","width":1,"height":1,"caption":"Epinal Info"},"image":{"@id":"https:\/\/vosgesinfo.fr\/epinalinfo\/#\/schema\/logo\/image\/"},"sameAs":["https:\/\/www.facebook.com\/Epinalinfos","https:\/\/x.com\/VosgesInfo88","https:\/\/www.youtube.com\/@vosgesinfo"]},{"@type":"Person","@id":"https:\/\/vosgesinfo.fr\/epinalinfo\/#\/schema\/person\/6f9a650eeea99d969b6c4ab78fccbe81","name":"C.K.","image":{"@type":"ImageObject","inLanguage":"fr-FR","@id":"https:\/\/vosgesinfo.fr\/epinalinfo\/#\/schema\/person\/image\/","url":"https:\/\/secure.gravatar.com\/avatar\/48e3fc7f8421ba8942be6b74a2b7f014ca39bc00dece156b7a8e098ae7dc87bf?s=96&d=mm&r=g","contentUrl":"https:\/\/secure.gravatar.com\/avatar\/48e3fc7f8421ba8942be6b74a2b7f014ca39bc00dece156b7a8e098ae7dc87bf?s=96&d=mm&r=g","caption":"C.K."},"url":"https:\/\/vosgesinfo.fr\/epinalinfo\/author\/celia-k-n\/"}]}},"_links":{"self":[{"href":"https:\/\/vosgesinfo.fr\/epinalinfo\/wp-json\/wp\/v2\/posts\/43637","targetHints":{"allow":["GET"]}}],"collection":[{"href":"https:\/\/vosgesinfo.fr\/epinalinfo\/wp-json\/wp\/v2\/posts"}],"about":[{"href":"https:\/\/vosgesinfo.fr\/epinalinfo\/wp-json\/wp\/v2\/types\/post"}],"author":[{"embeddable":true,"href":"https:\/\/vosgesinfo.fr\/epinalinfo\/wp-json\/wp\/v2\/users\/52"}],"replies":[{"embeddable":true,"href":"https:\/\/vosgesinfo.fr\/epinalinfo\/wp-json\/wp\/v2\/comments?post=43637"}],"version-history":[{"count":3,"href":"https:\/\/vosgesinfo.fr\/epinalinfo\/wp-json\/wp\/v2\/posts\/43637\/revisions"}],"predecessor-version":[{"id":43641,"href":"https:\/\/vosgesinfo.fr\/epinalinfo\/wp-json\/wp\/v2\/posts\/43637\/revisions\/43641"}],"wp:featuredmedia":[{"embeddable":true,"href":"https:\/\/vosgesinfo.fr\/epinalinfo\/wp-json\/wp\/v2\/media\/43638"}],"wp:attachment":[{"href":"https:\/\/vosgesinfo.fr\/epinalinfo\/wp-json\/wp\/v2\/media?parent=43637"}],"wp:term":[{"taxonomy":"category","embeddable":true,"href":"https:\/\/vosgesinfo.fr\/epinalinfo\/wp-json\/wp\/v2\/categories?post=43637"},{"taxonomy":"post_tag","embeddable":true,"href":"https:\/\/vosgesinfo.fr\/epinalinfo\/wp-json\/wp\/v2\/tags?post=43637"}],"curies":[{"name":"wp","href":"https:\/\/api.w.org\/{rel}","templated":true}]}}