{"id":43775,"date":"2024-07-17T14:25:53","date_gmt":"2024-07-17T12:25:53","guid":{"rendered":"https:\/\/vosgesinfo.fr\/epinalinfo\/?p=43775"},"modified":"2024-07-17T14:25:53","modified_gmt":"2024-07-17T12:25:53","slug":"un-phenomene-rare-qui-se-produit-tous-les-120-ans-visible-dans-un-jardin-botanique","status":"publish","type":"post","link":"https:\/\/vosgesinfo.fr\/epinalinfo\/2024\/07\/un-phenomene-rare-qui-se-produit-tous-les-120-ans-visible-dans-un-jardin-botanique\/","title":{"rendered":"Un ph\u00e9nom\u00e8ne rare, qui se produit tous les 120 ans, visible dans un jardin botanique"},"content":{"rendered":"<div id=\"attachment_43776\" style=\"width: 1034px\" class=\"wp-caption aligncenter\"><img decoding=\"async\" aria-describedby=\"caption-attachment-43776\" class=\"size-large wp-image-43776\" src=\"https:\/\/vosgesinfo.fr\/app\/uploads\/sites\/3\/2024\/07\/jardins-botaniques-du-grand-nancy-et-de-luniversite-de-lorraine-bambous-noir-en-fleurs-1-1024x684.jpg\" alt=\"\" width=\"1024\" height=\"684\" srcset=\"https:\/\/vosgesinfo.fr\/app\/uploads\/sites\/3\/2024\/07\/jardins-botaniques-du-grand-nancy-et-de-luniversite-de-lorraine-bambous-noir-en-fleurs-1-1024x684.jpg 1024w, https:\/\/vosgesinfo.fr\/app\/uploads\/sites\/3\/2024\/07\/jardins-botaniques-du-grand-nancy-et-de-luniversite-de-lorraine-bambous-noir-en-fleurs-1-300x200.jpg 300w, https:\/\/vosgesinfo.fr\/app\/uploads\/sites\/3\/2024\/07\/jardins-botaniques-du-grand-nancy-et-de-luniversite-de-lorraine-bambous-noir-en-fleurs-1-768x513.jpg 768w, https:\/\/vosgesinfo.fr\/app\/uploads\/sites\/3\/2024\/07\/jardins-botaniques-du-grand-nancy-et-de-luniversite-de-lorraine-bambous-noir-en-fleurs-1-1536x1025.jpg 1536w, https:\/\/vosgesinfo.fr\/app\/uploads\/sites\/3\/2024\/07\/jardins-botaniques-du-grand-nancy-et-de-luniversite-de-lorraine-bambous-noir-en-fleurs-1.jpg 2048w\" sizes=\"(max-width: 1024px) 100vw, 1024px\" \/><p id=\"caption-attachment-43776\" class=\"wp-caption-text\">photos Facebook Jardins botaniques du Grand Nancy<\/p><\/div>\n<h2><\/h2>\n<h2><span style=\"font-size: 18pt;\">Un ph\u00e9nom\u00e8ne rare, qui se produit tous les 120 ans est actuellement visible au jardin botanique Jean-Marie Pelt de Nancy.<\/span> <span class=\"x193iq5w xeuugli x13faqbe x1vvkbs x1xmvt09 x1lliihq x1s928wv xhkezso x1gmr53x x1cpjm7i x1fgarty x1943h6x xudqn12 x3x7a5m x6prxxf xvq8zen xo1l8bm xzsf02u x1yc453h\" dir=\"auto\" style=\"font-size: 18pt;\">Phyllostachys nigra, le bambou noir, est en fleur. <\/span><\/h2>\n<p>Un an apr\u00e8s l\u2019\u00e9closion du Phallus de Titan, la plus grande fleur du monde, le jardin botanique Jean-Marie Pelt de Nancy fait \u00e0 nouveau l&rsquo;actu, mais cette fois avec le bambou noir. En effet, <span class=\"x193iq5w xeuugli x13faqbe x1vvkbs x1xmvt09 x1lliihq x1s928wv xhkezso x1gmr53x x1cpjm7i x1fgarty x1943h6x xudqn12 x3x7a5m x6prxxf xvq8zen xo1l8bm xzsf02u x1yc453h\" dir=\"auto\">Phyllostachys nigra, le bambou noir<\/span>, est actuellement en fleur, chose extr\u00eamement rare. Ce ph\u00e9nom\u00e8ne est visible tous les 120 a,ns !<\/p>\n<div id=\"Inread_1\" class=\"inread\" data-dfp=\"\/49926454\/actu_site\/article_Inread_1\" data-google-query-id=\"CNLSwMCErocDFbZXHQkdMB8LHA\">\n<p id=\"google_ads_iframe_\/49926454\/actu_site\/article_Inread_1_0__container__\"><span class=\"x193iq5w xeuugli x13faqbe x1vvkbs x1xmvt09 x1lliihq x1s928wv xhkezso x1gmr53x x1cpjm7i x1fgarty x1943h6x xudqn12 x3x7a5m x6prxxf xvq8zen xo1l8bm xzsf02u x1yc453h\" dir=\"auto\">La for\u00eat de bambous est accessible gratuitement au jardin botanique Jean-Marie Pelt tous les jours, de 9h \u00e0 18h.<\/span><\/p>\n\n\t\t<style type=\"text\/css\">\n\t\t\t#gallery-1 {\n\t\t\t\tmargin: auto;\n\t\t\t}\n\t\t\t#gallery-1 .gallery-item {\n\t\t\t\tfloat: left;\n\t\t\t\tmargin-top: 10px;\n\t\t\t\ttext-align: center;\n\t\t\t\twidth: 33%;\n\t\t\t}\n\t\t\t#gallery-1 img {\n\t\t\t\tborder: 2px solid #cfcfcf;\n\t\t\t}\n\t\t\t#gallery-1 .gallery-caption {\n\t\t\t\tmargin-left: 0;\n\t\t\t}\n\t\t\t\/* see gallery_shortcode() in wp-includes\/media.php *\/\n\t\t<\/style>\n\t\t<div id='gallery-1' class='gallery galleryid-43775 gallery-columns-3 gallery-size-large'><dl class='gallery-item'>\n\t\t\t<dt class='gallery-icon portrait'>\n\t\t\t\t<a href='https:\/\/vosgesinfo.fr\/app\/uploads\/sites\/3\/2024\/07\/jardins-botaniques-du-grand-nancy-et-de-luniversite-de-lorraine-bambous-noir-en-fleurs-2.jpg'><img decoding=\"async\" width=\"684\" height=\"1024\" src=\"https:\/\/vosgesinfo.fr\/app\/uploads\/sites\/3\/2024\/07\/jardins-botaniques-du-grand-nancy-et-de-luniversite-de-lorraine-bambous-noir-en-fleurs-2-684x1024.jpg\" class=\"attachment-large size-large\" alt=\"\" srcset=\"https:\/\/vosgesinfo.fr\/app\/uploads\/sites\/3\/2024\/07\/jardins-botaniques-du-grand-nancy-et-de-luniversite-de-lorraine-bambous-noir-en-fleurs-2-684x1024.jpg 684w, https:\/\/vosgesinfo.fr\/app\/uploads\/sites\/3\/2024\/07\/jardins-botaniques-du-grand-nancy-et-de-luniversite-de-lorraine-bambous-noir-en-fleurs-2-200x300.jpg 200w, https:\/\/vosgesinfo.fr\/app\/uploads\/sites\/3\/2024\/07\/jardins-botaniques-du-grand-nancy-et-de-luniversite-de-lorraine-bambous-noir-en-fleurs-2-768x1151.jpg 768w, https:\/\/vosgesinfo.fr\/app\/uploads\/sites\/3\/2024\/07\/jardins-botaniques-du-grand-nancy-et-de-luniversite-de-lorraine-bambous-noir-en-fleurs-2-1025x1536.jpg 1025w, https:\/\/vosgesinfo.fr\/app\/uploads\/sites\/3\/2024\/07\/jardins-botaniques-du-grand-nancy-et-de-luniversite-de-lorraine-bambous-noir-en-fleurs-2.jpg 1367w\" sizes=\"(max-width: 684px) 100vw, 684px\" \/><\/a>\n\t\t\t<\/dt><\/dl><dl class='gallery-item'>\n\t\t\t<dt class='gallery-icon landscape'>\n\t\t\t\t<a href='https:\/\/vosgesinfo.fr\/app\/uploads\/sites\/3\/2024\/07\/jardins-botaniques-du-grand-nancy-et-de-luniversite-de-lorraine-bambous-noir-en-fleurs-3.jpg'><img decoding=\"async\" width=\"1024\" height=\"684\" src=\"https:\/\/vosgesinfo.fr\/app\/uploads\/sites\/3\/2024\/07\/jardins-botaniques-du-grand-nancy-et-de-luniversite-de-lorraine-bambous-noir-en-fleurs-3-1024x684.jpg\" class=\"attachment-large size-large\" alt=\"\" srcset=\"https:\/\/vosgesinfo.fr\/app\/uploads\/sites\/3\/2024\/07\/jardins-botaniques-du-grand-nancy-et-de-luniversite-de-lorraine-bambous-noir-en-fleurs-3-1024x684.jpg 1024w, https:\/\/vosgesinfo.fr\/app\/uploads\/sites\/3\/2024\/07\/jardins-botaniques-du-grand-nancy-et-de-luniversite-de-lorraine-bambous-noir-en-fleurs-3-300x200.jpg 300w, https:\/\/vosgesinfo.fr\/app\/uploads\/sites\/3\/2024\/07\/jardins-botaniques-du-grand-nancy-et-de-luniversite-de-lorraine-bambous-noir-en-fleurs-3-768x513.jpg 768w, https:\/\/vosgesinfo.fr\/app\/uploads\/sites\/3\/2024\/07\/jardins-botaniques-du-grand-nancy-et-de-luniversite-de-lorraine-bambous-noir-en-fleurs-3-1536x1025.jpg 1536w, https:\/\/vosgesinfo.fr\/app\/uploads\/sites\/3\/2024\/07\/jardins-botaniques-du-grand-nancy-et-de-luniversite-de-lorraine-bambous-noir-en-fleurs-3.jpg 2048w\" sizes=\"(max-width: 1024px) 100vw, 1024px\" \/><\/a>\n\t\t\t<\/dt><\/dl><dl class='gallery-item'>\n\t\t\t<dt class='gallery-icon landscape'>\n\t\t\t\t<a href='https:\/\/vosgesinfo.fr\/app\/uploads\/sites\/3\/2024\/07\/jardins-botaniques-du-grand-nancy-et-de-luniversite-de-lorraine-bambous-noir-en-fleurs-4.jpg'><img decoding=\"async\" width=\"1024\" height=\"684\" src=\"https:\/\/vosgesinfo.fr\/app\/uploads\/sites\/3\/2024\/07\/jardins-botaniques-du-grand-nancy-et-de-luniversite-de-lorraine-bambous-noir-en-fleurs-4-1024x684.jpg\" class=\"attachment-large size-large\" alt=\"\" srcset=\"https:\/\/vosgesinfo.fr\/app\/uploads\/sites\/3\/2024\/07\/jardins-botaniques-du-grand-nancy-et-de-luniversite-de-lorraine-bambous-noir-en-fleurs-4-1024x684.jpg 1024w, https:\/\/vosgesinfo.fr\/app\/uploads\/sites\/3\/2024\/07\/jardins-botaniques-du-grand-nancy-et-de-luniversite-de-lorraine-bambous-noir-en-fleurs-4-300x200.jpg 300w, https:\/\/vosgesinfo.fr\/app\/uploads\/sites\/3\/2024\/07\/jardins-botaniques-du-grand-nancy-et-de-luniversite-de-lorraine-bambous-noir-en-fleurs-4-768x513.jpg 768w, https:\/\/vosgesinfo.fr\/app\/uploads\/sites\/3\/2024\/07\/jardins-botaniques-du-grand-nancy-et-de-luniversite-de-lorraine-bambous-noir-en-fleurs-4-1536x1025.jpg 1536w, https:\/\/vosgesinfo.fr\/app\/uploads\/sites\/3\/2024\/07\/jardins-botaniques-du-grand-nancy-et-de-luniversite-de-lorraine-bambous-noir-en-fleurs-4.jpg 2048w\" sizes=\"(max-width: 1024px) 100vw, 1024px\" \/><\/a>\n\t\t\t<\/dt><\/dl><br style=\"clear: both\" \/>\n\t\t<\/div>\n\n<\/div>\n","protected":false},"excerpt":{"rendered":"<p>Un ph\u00e9nom\u00e8ne rare, qui se produit tous les 120 ans est actuellement visible au jardin botanique Jean-Marie Pelt de Nancy. [&hellip;]<\/p>\n","protected":false},"author":52,"featured_media":43776,"comment_status":"open","ping_status":"open","sticky":false,"template":"","format":"standard","meta":{"footnotes":""},"categories":[22,16,685,729,5],"tags":[6562,717,1171,6561,23],"class_list":["post-43775","post","type-post","status-publish","format-standard","has-post-thumbnail","hentry","category-a-la-une","category-environnement","category-insolite","category-lorraine","category-vosges","tag-bambou-noir","tag-fleur","tag-insolite","tag-jardin-botanique-de-nancy","tag-nuit-des-refuges"],"acf":[],"yoast_head":"<!-- This site is optimized with the Yoast SEO plugin v22.5 - https:\/\/yoast.com\/wordpress\/plugins\/seo\/ -->\n<title>Un ph\u00e9nom\u00e8ne rare, qui se produit tous les 120 ans, visible dans un jardin botanique - Epinal Info<\/title>\n<meta name=\"robots\" content=\"index, follow, max-snippet:-1, max-image-preview:large, max-video-preview:-1\" \/>\n<link rel=\"canonical\" href=\"https:\/\/vosgesinfo.fr\/epinalinfo\/?p=43775\" \/>\n<meta name=\"twitter:card\" content=\"summary_large_image\" \/>\n<meta name=\"twitter:title\" content=\"Un ph\u00e9nom\u00e8ne rare, qui se produit tous les 120 ans, visible dans un jardin botanique - Epinal Info\" \/>\n<meta name=\"twitter:description\" content=\"Un ph\u00e9nom\u00e8ne rare, qui se produit tous les 120 ans est actuellement visible au jardin botanique Jean-Marie Pelt de Nancy. [&hellip;]\" \/>\n<meta name=\"twitter:image\" content=\"https:\/\/vosgesinfo.fr\/app\/uploads\/sites\/3\/2024\/07\/jardins-botaniques-du-grand-nancy-et-de-luniversite-de-lorraine-bambous-noir-en-fleurs-2-684x1024.jpg\" \/>\n<meta name=\"twitter:creator\" content=\"@VosgesInfo88\" \/>\n<meta name=\"twitter:site\" content=\"@VosgesInfo88\" \/>\n<meta name=\"twitter:label1\" content=\"\u00c9crit par\" \/>\n\t<meta name=\"twitter:data1\" content=\"C.K.\" \/>\n\t<meta name=\"twitter:label2\" content=\"Dur\u00e9e de lecture estim\u00e9e\" \/>\n\t<meta name=\"twitter:data2\" content=\"1 minute\" \/>\n<script type=\"application\/ld+json\" class=\"yoast-schema-graph\">{\"@context\":\"https:\/\/schema.org\",\"@graph\":[{\"@type\":\"Article\",\"@id\":\"https:\/\/vosgesinfo.fr\/epinalinfo\/?p=43775#article\",\"isPartOf\":{\"@id\":\"https:\/\/vosgesinfo.fr\/epinalinfo\/?p=43775\"},\"author\":{\"name\":\"C.K.\",\"@id\":\"https:\/\/vosgesinfo.fr\/epinalinfo\/#\/schema\/person\/6f9a650eeea99d969b6c4ab78fccbe81\"},\"headline\":\"Un ph\u00e9nom\u00e8ne rare, qui se produit tous les 120 ans, visible dans un jardin botanique\",\"datePublished\":\"2024-07-17T12:25:53+00:00\",\"dateModified\":\"2024-07-17T12:25:53+00:00\",\"mainEntityOfPage\":{\"@id\":\"https:\/\/vosgesinfo.fr\/epinalinfo\/?p=43775\"},\"wordCount\":143,\"commentCount\":0,\"publisher\":{\"@id\":\"https:\/\/vosgesinfo.fr\/epinalinfo\/#organization\"},\"image\":{\"@id\":\"https:\/\/vosgesinfo.fr\/epinalinfo\/?p=43775#primaryimage\"},\"thumbnailUrl\":\"https:\/\/vosgesinfo.fr\/app\/uploads\/sites\/3\/2024\/07\/jardins-botaniques-du-grand-nancy-et-de-luniversite-de-lorraine-bambous-noir-en-fleurs-1.jpg\",\"keywords\":[\"bambou noir\",\"fleur\",\"insolite\",\"jardin botanique de Nancy\",\"nuit des refuges\"],\"articleSection\":[\"A la Une\",\"Environnement\",\"Insolite\",\"Lorraine\",\"Vosges\"],\"inLanguage\":\"fr-FR\",\"potentialAction\":[{\"@type\":\"CommentAction\",\"name\":\"Comment\",\"target\":[\"https:\/\/vosgesinfo.fr\/epinalinfo\/?p=43775#respond\"]}]},{\"@type\":\"WebPage\",\"@id\":\"https:\/\/vosgesinfo.fr\/epinalinfo\/?p=43775\",\"url\":\"https:\/\/vosgesinfo.fr\/epinalinfo\/?p=43775\",\"name\":\"Un ph\u00e9nom\u00e8ne rare, qui se produit tous les 120 ans, visible dans un jardin botanique - Epinal Info\",\"isPartOf\":{\"@id\":\"https:\/\/vosgesinfo.fr\/epinalinfo\/#website\"},\"primaryImageOfPage\":{\"@id\":\"https:\/\/vosgesinfo.fr\/epinalinfo\/?p=43775#primaryimage\"},\"image\":{\"@id\":\"https:\/\/vosgesinfo.fr\/epinalinfo\/?p=43775#primaryimage\"},\"thumbnailUrl\":\"https:\/\/vosgesinfo.fr\/app\/uploads\/sites\/3\/2024\/07\/jardins-botaniques-du-grand-nancy-et-de-luniversite-de-lorraine-bambous-noir-en-fleurs-1.jpg\",\"datePublished\":\"2024-07-17T12:25:53+00:00\",\"dateModified\":\"2024-07-17T12:25:53+00:00\",\"breadcrumb\":{\"@id\":\"https:\/\/vosgesinfo.fr\/epinalinfo\/?p=43775#breadcrumb\"},\"inLanguage\":\"fr-FR\",\"potentialAction\":[{\"@type\":\"ReadAction\",\"target\":[\"https:\/\/vosgesinfo.fr\/epinalinfo\/?p=43775\"]}]},{\"@type\":\"ImageObject\",\"inLanguage\":\"fr-FR\",\"@id\":\"https:\/\/vosgesinfo.fr\/epinalinfo\/?p=43775#primaryimage\",\"url\":\"https:\/\/vosgesinfo.fr\/app\/uploads\/sites\/3\/2024\/07\/jardins-botaniques-du-grand-nancy-et-de-luniversite-de-lorraine-bambous-noir-en-fleurs-1.jpg\",\"contentUrl\":\"https:\/\/vosgesinfo.fr\/app\/uploads\/sites\/3\/2024\/07\/jardins-botaniques-du-grand-nancy-et-de-luniversite-de-lorraine-bambous-noir-en-fleurs-1.jpg\",\"width\":2048,\"height\":1367,\"caption\":\"photos Facebook Jardins botaniques du Grand Nancy\"},{\"@type\":\"BreadcrumbList\",\"@id\":\"https:\/\/vosgesinfo.fr\/epinalinfo\/?p=43775#breadcrumb\",\"itemListElement\":[{\"@type\":\"ListItem\",\"position\":1,\"name\":\"Home\",\"item\":\"https:\/\/vosgesinfo.fr\/epinalinfo\/\"},{\"@type\":\"ListItem\",\"position\":2,\"name\":\"Un ph\u00e9nom\u00e8ne rare, qui se produit tous les 120 ans, visible dans un jardin botanique\"}]},{\"@type\":\"WebSite\",\"@id\":\"https:\/\/vosgesinfo.fr\/epinalinfo\/#website\",\"url\":\"https:\/\/vosgesinfo.fr\/epinalinfo\/\",\"name\":\"Epinal Info\",\"description\":\"Toute l&#039;actualit\u00e9 d&#039;\u00c9pinal\",\"publisher\":{\"@id\":\"https:\/\/vosgesinfo.fr\/epinalinfo\/#organization\"},\"alternateName\":\"Toute l'actualit\u00e9 d'\u00c9pinal\",\"potentialAction\":[{\"@type\":\"SearchAction\",\"target\":{\"@type\":\"EntryPoint\",\"urlTemplate\":\"https:\/\/vosgesinfo.fr\/epinalinfo\/?s={search_term_string}\"},\"query-input\":\"required name=search_term_string\"}],\"inLanguage\":\"fr-FR\"},{\"@type\":\"Organization\",\"@id\":\"https:\/\/vosgesinfo.fr\/epinalinfo\/#organization\",\"name\":\"Epinal Info\",\"url\":\"https:\/\/vosgesinfo.fr\/epinalinfo\/\",\"logo\":{\"@type\":\"ImageObject\",\"inLanguage\":\"fr-FR\",\"@id\":\"https:\/\/vosgesinfo.fr\/epinalinfo\/#\/schema\/logo\/image\/\",\"url\":\"https:\/\/vosgesinfo.fr\/app\/uploads\/sites\/3\/2023\/08\/logo-epinalinfos.svg\",\"contentUrl\":\"https:\/\/vosgesinfo.fr\/app\/uploads\/sites\/3\/2023\/08\/logo-epinalinfos.svg\",\"width\":1,\"height\":1,\"caption\":\"Epinal Info\"},\"image\":{\"@id\":\"https:\/\/vosgesinfo.fr\/epinalinfo\/#\/schema\/logo\/image\/\"},\"sameAs\":[\"https:\/\/www.facebook.com\/Epinalinfos\",\"https:\/\/x.com\/VosgesInfo88\",\"https:\/\/www.youtube.com\/@vosgesinfo\"]},{\"@type\":\"Person\",\"@id\":\"https:\/\/vosgesinfo.fr\/epinalinfo\/#\/schema\/person\/6f9a650eeea99d969b6c4ab78fccbe81\",\"name\":\"C.K.\",\"image\":{\"@type\":\"ImageObject\",\"inLanguage\":\"fr-FR\",\"@id\":\"https:\/\/vosgesinfo.fr\/epinalinfo\/#\/schema\/person\/image\/\",\"url\":\"https:\/\/secure.gravatar.com\/avatar\/48e3fc7f8421ba8942be6b74a2b7f014ca39bc00dece156b7a8e098ae7dc87bf?s=96&d=mm&r=g\",\"contentUrl\":\"https:\/\/secure.gravatar.com\/avatar\/48e3fc7f8421ba8942be6b74a2b7f014ca39bc00dece156b7a8e098ae7dc87bf?s=96&d=mm&r=g\",\"caption\":\"C.K.\"},\"url\":\"https:\/\/vosgesinfo.fr\/epinalinfo\/author\/celia-k-n\/\"}]}<\/script>\n<!-- \/ Yoast SEO plugin. -->","yoast_head_json":{"title":"Un ph\u00e9nom\u00e8ne rare, qui se produit tous les 120 ans, visible dans un jardin botanique - Epinal Info","robots":{"index":"index","follow":"follow","max-snippet":"max-snippet:-1","max-image-preview":"max-image-preview:large","max-video-preview":"max-video-preview:-1"},"canonical":"https:\/\/vosgesinfo.fr\/epinalinfo\/?p=43775","twitter_card":"summary_large_image","twitter_title":"Un ph\u00e9nom\u00e8ne rare, qui se produit tous les 120 ans, visible dans un jardin botanique - Epinal Info","twitter_description":"Un ph\u00e9nom\u00e8ne rare, qui se produit tous les 120 ans est actuellement visible au jardin botanique Jean-Marie Pelt de Nancy. [&hellip;]","twitter_image":"https:\/\/vosgesinfo.fr\/app\/uploads\/sites\/3\/2024\/07\/jardins-botaniques-du-grand-nancy-et-de-luniversite-de-lorraine-bambous-noir-en-fleurs-2-684x1024.jpg","twitter_creator":"@VosgesInfo88","twitter_site":"@VosgesInfo88","twitter_misc":{"\u00c9crit par":"C.K.","Dur\u00e9e de lecture estim\u00e9e":"1 minute"},"schema":{"@context":"https:\/\/schema.org","@graph":[{"@type":"Article","@id":"https:\/\/vosgesinfo.fr\/epinalinfo\/?p=43775#article","isPartOf":{"@id":"https:\/\/vosgesinfo.fr\/epinalinfo\/?p=43775"},"author":{"name":"C.K.","@id":"https:\/\/vosgesinfo.fr\/epinalinfo\/#\/schema\/person\/6f9a650eeea99d969b6c4ab78fccbe81"},"headline":"Un ph\u00e9nom\u00e8ne rare, qui se produit tous les 120 ans, visible dans un jardin botanique","datePublished":"2024-07-17T12:25:53+00:00","dateModified":"2024-07-17T12:25:53+00:00","mainEntityOfPage":{"@id":"https:\/\/vosgesinfo.fr\/epinalinfo\/?p=43775"},"wordCount":143,"commentCount":0,"publisher":{"@id":"https:\/\/vosgesinfo.fr\/epinalinfo\/#organization"},"image":{"@id":"https:\/\/vosgesinfo.fr\/epinalinfo\/?p=43775#primaryimage"},"thumbnailUrl":"https:\/\/vosgesinfo.fr\/app\/uploads\/sites\/3\/2024\/07\/jardins-botaniques-du-grand-nancy-et-de-luniversite-de-lorraine-bambous-noir-en-fleurs-1.jpg","keywords":["bambou noir","fleur","insolite","jardin botanique de Nancy","nuit des refuges"],"articleSection":["A la Une","Environnement","Insolite","Lorraine","Vosges"],"inLanguage":"fr-FR","potentialAction":[{"@type":"CommentAction","name":"Comment","target":["https:\/\/vosgesinfo.fr\/epinalinfo\/?p=43775#respond"]}]},{"@type":"WebPage","@id":"https:\/\/vosgesinfo.fr\/epinalinfo\/?p=43775","url":"https:\/\/vosgesinfo.fr\/epinalinfo\/?p=43775","name":"Un ph\u00e9nom\u00e8ne rare, qui se produit tous les 120 ans, visible dans un jardin botanique - Epinal Info","isPartOf":{"@id":"https:\/\/vosgesinfo.fr\/epinalinfo\/#website"},"primaryImageOfPage":{"@id":"https:\/\/vosgesinfo.fr\/epinalinfo\/?p=43775#primaryimage"},"image":{"@id":"https:\/\/vosgesinfo.fr\/epinalinfo\/?p=43775#primaryimage"},"thumbnailUrl":"https:\/\/vosgesinfo.fr\/app\/uploads\/sites\/3\/2024\/07\/jardins-botaniques-du-grand-nancy-et-de-luniversite-de-lorraine-bambous-noir-en-fleurs-1.jpg","datePublished":"2024-07-17T12:25:53+00:00","dateModified":"2024-07-17T12:25:53+00:00","breadcrumb":{"@id":"https:\/\/vosgesinfo.fr\/epinalinfo\/?p=43775#breadcrumb"},"inLanguage":"fr-FR","potentialAction":[{"@type":"ReadAction","target":["https:\/\/vosgesinfo.fr\/epinalinfo\/?p=43775"]}]},{"@type":"ImageObject","inLanguage":"fr-FR","@id":"https:\/\/vosgesinfo.fr\/epinalinfo\/?p=43775#primaryimage","url":"https:\/\/vosgesinfo.fr\/app\/uploads\/sites\/3\/2024\/07\/jardins-botaniques-du-grand-nancy-et-de-luniversite-de-lorraine-bambous-noir-en-fleurs-1.jpg","contentUrl":"https:\/\/vosgesinfo.fr\/app\/uploads\/sites\/3\/2024\/07\/jardins-botaniques-du-grand-nancy-et-de-luniversite-de-lorraine-bambous-noir-en-fleurs-1.jpg","width":2048,"height":1367,"caption":"photos Facebook Jardins botaniques du Grand Nancy"},{"@type":"BreadcrumbList","@id":"https:\/\/vosgesinfo.fr\/epinalinfo\/?p=43775#breadcrumb","itemListElement":[{"@type":"ListItem","position":1,"name":"Home","item":"https:\/\/vosgesinfo.fr\/epinalinfo\/"},{"@type":"ListItem","position":2,"name":"Un ph\u00e9nom\u00e8ne rare, qui se produit tous les 120 ans, visible dans un jardin botanique"}]},{"@type":"WebSite","@id":"https:\/\/vosgesinfo.fr\/epinalinfo\/#website","url":"https:\/\/vosgesinfo.fr\/epinalinfo\/","name":"Epinal Info","description":"Toute l&#039;actualit\u00e9 d&#039;\u00c9pinal","publisher":{"@id":"https:\/\/vosgesinfo.fr\/epinalinfo\/#organization"},"alternateName":"Toute l'actualit\u00e9 d'\u00c9pinal","potentialAction":[{"@type":"SearchAction","target":{"@type":"EntryPoint","urlTemplate":"https:\/\/vosgesinfo.fr\/epinalinfo\/?s={search_term_string}"},"query-input":"required name=search_term_string"}],"inLanguage":"fr-FR"},{"@type":"Organization","@id":"https:\/\/vosgesinfo.fr\/epinalinfo\/#organization","name":"Epinal Info","url":"https:\/\/vosgesinfo.fr\/epinalinfo\/","logo":{"@type":"ImageObject","inLanguage":"fr-FR","@id":"https:\/\/vosgesinfo.fr\/epinalinfo\/#\/schema\/logo\/image\/","url":"https:\/\/vosgesinfo.fr\/app\/uploads\/sites\/3\/2023\/08\/logo-epinalinfos.svg","contentUrl":"https:\/\/vosgesinfo.fr\/app\/uploads\/sites\/3\/2023\/08\/logo-epinalinfos.svg","width":1,"height":1,"caption":"Epinal Info"},"image":{"@id":"https:\/\/vosgesinfo.fr\/epinalinfo\/#\/schema\/logo\/image\/"},"sameAs":["https:\/\/www.facebook.com\/Epinalinfos","https:\/\/x.com\/VosgesInfo88","https:\/\/www.youtube.com\/@vosgesinfo"]},{"@type":"Person","@id":"https:\/\/vosgesinfo.fr\/epinalinfo\/#\/schema\/person\/6f9a650eeea99d969b6c4ab78fccbe81","name":"C.K.","image":{"@type":"ImageObject","inLanguage":"fr-FR","@id":"https:\/\/vosgesinfo.fr\/epinalinfo\/#\/schema\/person\/image\/","url":"https:\/\/secure.gravatar.com\/avatar\/48e3fc7f8421ba8942be6b74a2b7f014ca39bc00dece156b7a8e098ae7dc87bf?s=96&d=mm&r=g","contentUrl":"https:\/\/secure.gravatar.com\/avatar\/48e3fc7f8421ba8942be6b74a2b7f014ca39bc00dece156b7a8e098ae7dc87bf?s=96&d=mm&r=g","caption":"C.K."},"url":"https:\/\/vosgesinfo.fr\/epinalinfo\/author\/celia-k-n\/"}]}},"_links":{"self":[{"href":"https:\/\/vosgesinfo.fr\/epinalinfo\/wp-json\/wp\/v2\/posts\/43775","targetHints":{"allow":["GET"]}}],"collection":[{"href":"https:\/\/vosgesinfo.fr\/epinalinfo\/wp-json\/wp\/v2\/posts"}],"about":[{"href":"https:\/\/vosgesinfo.fr\/epinalinfo\/wp-json\/wp\/v2\/types\/post"}],"author":[{"embeddable":true,"href":"https:\/\/vosgesinfo.fr\/epinalinfo\/wp-json\/wp\/v2\/users\/52"}],"replies":[{"embeddable":true,"href":"https:\/\/vosgesinfo.fr\/epinalinfo\/wp-json\/wp\/v2\/comments?post=43775"}],"version-history":[{"count":1,"href":"https:\/\/vosgesinfo.fr\/epinalinfo\/wp-json\/wp\/v2\/posts\/43775\/revisions"}],"predecessor-version":[{"id":43780,"href":"https:\/\/vosgesinfo.fr\/epinalinfo\/wp-json\/wp\/v2\/posts\/43775\/revisions\/43780"}],"wp:featuredmedia":[{"embeddable":true,"href":"https:\/\/vosgesinfo.fr\/epinalinfo\/wp-json\/wp\/v2\/media\/43776"}],"wp:attachment":[{"href":"https:\/\/vosgesinfo.fr\/epinalinfo\/wp-json\/wp\/v2\/media?parent=43775"}],"wp:term":[{"taxonomy":"category","embeddable":true,"href":"https:\/\/vosgesinfo.fr\/epinalinfo\/wp-json\/wp\/v2\/categories?post=43775"},{"taxonomy":"post_tag","embeddable":true,"href":"https:\/\/vosgesinfo.fr\/epinalinfo\/wp-json\/wp\/v2\/tags?post=43775"}],"curies":[{"name":"wp","href":"https:\/\/api.w.org\/{rel}","templated":true}]}}