{"id":43897,"date":"2024-07-22T14:11:43","date_gmt":"2024-07-22T12:11:43","guid":{"rendered":"https:\/\/vosgesinfo.fr\/epinalinfo\/?p=43897"},"modified":"2024-07-22T15:23:20","modified_gmt":"2024-07-22T13:23:20","slug":"video-reintroduction-de-23-chouettes-de-loural","status":"publish","type":"post","link":"https:\/\/vosgesinfo.fr\/epinalinfo\/2024\/07\/video-reintroduction-de-23-chouettes-de-loural\/","title":{"rendered":"[video] &#8211; R\u00e9introduction de 23 Chouettes de l&rsquo;Oural"},"content":{"rendered":"<p><iframe loading=\"lazy\" src=\"\/\/www.youtube.com\/embed\/2n9uj_OEjn0\" width=\"560\" height=\"314\" allowfullscreen=\"allowfullscreen\"><\/iframe><\/p>\n<h2><strong>Ce vendredi 19 juillet, un convoi exceptionnel de 9 chouettes de l\u2019Oural n\u00e9es dans des structures zoologiques fran\u00e7aises dont 1 \u00e0 Sainte-Croix est parti de Rhodes en Moselle, en direction de la for\u00eat du Haut-Palatinat pour \u00eatre r\u00e9introduites dans la nature. 14 chouettes seront \u00e9galement r\u00e9introduites provenant d\u2019Allemagne.<\/strong><\/h2>\n<p class=\"x_MsoNormal\">L\u2018association VLAB s\u2018applique depuis 8 ans au retour de la chouette de l\u2018Oural (<i>Strix uralensis<\/i>), dans le Haut-Palatinat d\u2019o\u00f9 elle avait disparu gr\u00e2ce \u00e0 ce programme.<\/p>\n<p class=\"x_MsoNormal\"><b>Sainte Croix a une relation toute particuli\u00e8re avec la chouette de l\u2019Oural<\/b> car, en plus de fournir pour la quatri\u00e8me fois des oiseaux au programme de r\u00e9introduction, <b>le parc a mis sur pied et coordonne depuis 2 ans le programme EAZA Ex situ Programm de cette esp\u00e8ce<\/b> soutenue par l\u2019Association Europ\u00e9enne des Zoos et Aquariums (EAZA).<\/p>\n<h3 class=\"x_MsoNormal\"><b>Un futur prometteur pour les chouettes !<\/b><\/h3>\n<p class=\"x_MsoNormal\">Au total, depuis le lancement de ce programme en 2017, ce sont 83 chouettes de l\u2019Oural qui ont \u00e9t\u00e9 r\u00e9introduites dans la nature.<\/p>\n<p class=\"x_MsoNormal\">Ce programme a \u00e9t\u00e9 couronn\u00e9 de succ\u00e8s, car <b>pour la premi\u00e8re fois en 100 ans, nous avons pu observer la naissance d&rsquo;une chouette \u00e0 l&rsquo;\u00e9tat sauvage<\/b> provenant d&rsquo;un couple r\u00e9introduit !<\/p>\n<h3 class=\"x_MsoNormal\"><b>Le parc de Saint-Croix engag\u00e9 dans la pr\u00e9servation des esp\u00e8ces<\/b><\/h3>\n<p class=\"x_MsoNormal\">Depuis sa cr\u00e9ation, le Parc Animalier de Sainte-Croix s\u2019engage dans de nombreux programmes de r\u00e9introduction en faveur de la pr\u00e9servation des esp\u00e8ces.<\/p>\n<p class=\"x_MsoNormal\">Ainsi, depuis plusieurs ann\u00e9es, <b>le parc participe \u00e0 28 programmes d\u2019\u00e9levages europ\u00e9ens<\/b> (gloutons, lynx, ours bruns, bisons europ\u00e9ens, vautours, chevaux de Przewalski etc.) et <b>pilote 3 de ces programmes pour les esp\u00e8ces menac\u00e9es<\/b> : la cistude d\u2019Europe, le Grand T\u00e9tras et la chouette de l\u2019Oural.<\/p>\n\n\t\t<style type=\"text\/css\">\n\t\t\t#gallery-1 {\n\t\t\t\tmargin: auto;\n\t\t\t}\n\t\t\t#gallery-1 .gallery-item {\n\t\t\t\tfloat: left;\n\t\t\t\tmargin-top: 10px;\n\t\t\t\ttext-align: center;\n\t\t\t\twidth: 33%;\n\t\t\t}\n\t\t\t#gallery-1 img {\n\t\t\t\tborder: 2px solid #cfcfcf;\n\t\t\t}\n\t\t\t#gallery-1 .gallery-caption {\n\t\t\t\tmargin-left: 0;\n\t\t\t}\n\t\t\t\/* see gallery_shortcode() in wp-includes\/media.php *\/\n\t\t<\/style>\n\t\t<div id='gallery-1' class='gallery galleryid-43897 gallery-columns-3 gallery-size-large'><dl class='gallery-item'>\n\t\t\t<dt class='gallery-icon landscape'>\n\t\t\t\t<a href='https:\/\/vosgesinfo.fr\/app\/uploads\/sites\/3\/2024\/07\/grand-tetras-sainte-croix-cp-emilie-scherrer-2-scaled.jpg'><img decoding=\"async\" width=\"1024\" height=\"683\" src=\"https:\/\/vosgesinfo.fr\/app\/uploads\/sites\/3\/2024\/07\/grand-tetras-sainte-croix-cp-emilie-scherrer-2-1024x683.jpg\" class=\"attachment-large size-large\" alt=\"\" aria-describedby=\"gallery-1-43898\" srcset=\"https:\/\/vosgesinfo.fr\/app\/uploads\/sites\/3\/2024\/07\/grand-tetras-sainte-croix-cp-emilie-scherrer-2-1024x683.jpg 1024w, https:\/\/vosgesinfo.fr\/app\/uploads\/sites\/3\/2024\/07\/grand-tetras-sainte-croix-cp-emilie-scherrer-2-300x200.jpg 300w, https:\/\/vosgesinfo.fr\/app\/uploads\/sites\/3\/2024\/07\/grand-tetras-sainte-croix-cp-emilie-scherrer-2-768x512.jpg 768w, https:\/\/vosgesinfo.fr\/app\/uploads\/sites\/3\/2024\/07\/grand-tetras-sainte-croix-cp-emilie-scherrer-2-1536x1024.jpg 1536w, https:\/\/vosgesinfo.fr\/app\/uploads\/sites\/3\/2024\/07\/grand-tetras-sainte-croix-cp-emilie-scherrer-2-2048x1365.jpg 2048w\" sizes=\"(max-width: 1024px) 100vw, 1024px\" \/><\/a>\n\t\t\t<\/dt>\n\t\t\t\t<dd class='wp-caption-text gallery-caption' id='gallery-1-43898'>\n\t\t\t\tgrand-tetras-sainte-croix-cp-emilie-scherrer\n\t\t\t\t<\/dd><\/dl><dl class='gallery-item'>\n\t\t\t<dt class='gallery-icon landscape'>\n\t\t\t\t<a href='https:\/\/vosgesinfo.fr\/app\/uploads\/sites\/3\/2024\/07\/cistude-sainte-croix-cp-margaux-c-5-scaled.jpg'><img decoding=\"async\" width=\"1024\" height=\"683\" src=\"https:\/\/vosgesinfo.fr\/app\/uploads\/sites\/3\/2024\/07\/cistude-sainte-croix-cp-margaux-c-5-1024x683.jpg\" class=\"attachment-large size-large\" alt=\"\" aria-describedby=\"gallery-1-43899\" srcset=\"https:\/\/vosgesinfo.fr\/app\/uploads\/sites\/3\/2024\/07\/cistude-sainte-croix-cp-margaux-c-5-1024x683.jpg 1024w, https:\/\/vosgesinfo.fr\/app\/uploads\/sites\/3\/2024\/07\/cistude-sainte-croix-cp-margaux-c-5-300x200.jpg 300w, https:\/\/vosgesinfo.fr\/app\/uploads\/sites\/3\/2024\/07\/cistude-sainte-croix-cp-margaux-c-5-768x512.jpg 768w, https:\/\/vosgesinfo.fr\/app\/uploads\/sites\/3\/2024\/07\/cistude-sainte-croix-cp-margaux-c-5-1536x1024.jpg 1536w, https:\/\/vosgesinfo.fr\/app\/uploads\/sites\/3\/2024\/07\/cistude-sainte-croix-cp-margaux-c-5-2048x1365.jpg 2048w\" sizes=\"(max-width: 1024px) 100vw, 1024px\" \/><\/a>\n\t\t\t<\/dt>\n\t\t\t\t<dd class='wp-caption-text gallery-caption' id='gallery-1-43899'>\n\t\t\t\tcistude-sainte-croix-cp-margaux\n\t\t\t\t<\/dd><\/dl><dl class='gallery-item'>\n\t\t\t<dt class='gallery-icon portrait'>\n\t\t\t\t<a href='https:\/\/vosgesinfo.fr\/app\/uploads\/sites\/3\/2024\/07\/depart-chouette-de-loural-sainte-croix-cp-e-steffan-3.png'><img decoding=\"async\" width=\"768\" height=\"1024\" src=\"https:\/\/vosgesinfo.fr\/app\/uploads\/sites\/3\/2024\/07\/depart-chouette-de-loural-sainte-croix-cp-e-steffan-3-768x1024.png\" class=\"attachment-large size-large\" alt=\"\" aria-describedby=\"gallery-1-43900\" srcset=\"https:\/\/vosgesinfo.fr\/app\/uploads\/sites\/3\/2024\/07\/depart-chouette-de-loural-sainte-croix-cp-e-steffan-3-768x1024.png 768w, https:\/\/vosgesinfo.fr\/app\/uploads\/sites\/3\/2024\/07\/depart-chouette-de-loural-sainte-croix-cp-e-steffan-3-225x300.png 225w, https:\/\/vosgesinfo.fr\/app\/uploads\/sites\/3\/2024\/07\/depart-chouette-de-loural-sainte-croix-cp-e-steffan-3-1152x1536.png 1152w, https:\/\/vosgesinfo.fr\/app\/uploads\/sites\/3\/2024\/07\/depart-chouette-de-loural-sainte-croix-cp-e-steffan-3.png 1536w\" sizes=\"(max-width: 768px) 100vw, 768px\" \/><\/a>\n\t\t\t<\/dt>\n\t\t\t\t<dd class='wp-caption-text gallery-caption' id='gallery-1-43900'>\n\t\t\t\td\u00e9part chouette de l&rsquo;oural Sainte-Croix cp e steffan\n\t\t\t\t<\/dd><\/dl><br style=\"clear: both\" \/><dl class='gallery-item'>\n\t\t\t<dt class='gallery-icon landscape'>\n\t\t\t\t<a href='https:\/\/vosgesinfo.fr\/app\/uploads\/sites\/3\/2024\/07\/depart-chouette-de-loural-sainte-croix-cp-margaux-c-5-2-scaled.jpg'><img decoding=\"async\" width=\"1024\" height=\"707\" src=\"https:\/\/vosgesinfo.fr\/app\/uploads\/sites\/3\/2024\/07\/depart-chouette-de-loural-sainte-croix-cp-margaux-c-5-2-1024x707.jpg\" class=\"attachment-large size-large\" alt=\"\" aria-describedby=\"gallery-1-43901\" srcset=\"https:\/\/vosgesinfo.fr\/app\/uploads\/sites\/3\/2024\/07\/depart-chouette-de-loural-sainte-croix-cp-margaux-c-5-2-1024x707.jpg 1024w, https:\/\/vosgesinfo.fr\/app\/uploads\/sites\/3\/2024\/07\/depart-chouette-de-loural-sainte-croix-cp-margaux-c-5-2-300x207.jpg 300w, https:\/\/vosgesinfo.fr\/app\/uploads\/sites\/3\/2024\/07\/depart-chouette-de-loural-sainte-croix-cp-margaux-c-5-2-768x530.jpg 768w, https:\/\/vosgesinfo.fr\/app\/uploads\/sites\/3\/2024\/07\/depart-chouette-de-loural-sainte-croix-cp-margaux-c-5-2-1536x1061.jpg 1536w, https:\/\/vosgesinfo.fr\/app\/uploads\/sites\/3\/2024\/07\/depart-chouette-de-loural-sainte-croix-cp-margaux-c-5-2-2048x1414.jpg 2048w\" sizes=\"(max-width: 1024px) 100vw, 1024px\" \/><\/a>\n\t\t\t<\/dt>\n\t\t\t\t<dd class='wp-caption-text gallery-caption' id='gallery-1-43901'>\n\t\t\t\tdepart-chouette-de-loural-sainte-croix-cp-margaux\n\t\t\t\t<\/dd><\/dl>\n\t\t\t<br style='clear: both' \/>\n\t\t<\/div>\n\n","protected":false},"excerpt":{"rendered":"<p>Ce vendredi 19 juillet, un convoi exceptionnel de 9 chouettes de l\u2019Oural n\u00e9es dans des structures zoologiques fran\u00e7aises dont 1 [&hellip;]<\/p>\n","protected":false},"author":52,"featured_media":43902,"comment_status":"open","ping_status":"open","sticky":false,"template":"","format":"standard","meta":{"footnotes":""},"categories":[22,16,729,5],"tags":[149,6576,215,6577],"class_list":["post-43897","post","type-post","status-publish","format-standard","has-post-thumbnail","hentry","category-a-la-une","category-environnement","category-lorraine","category-vosges","tag-animaux","tag-chouettes-de-loural","tag-lorraine","tag-parc-de-saint-croix"],"acf":[],"yoast_head":"<!-- This site is optimized with the Yoast SEO plugin v22.5 - https:\/\/yoast.com\/wordpress\/plugins\/seo\/ -->\n<title>[video] - R\u00e9introduction de 23 Chouettes de l&#039;Oural - Epinal Info<\/title>\n<meta name=\"robots\" content=\"index, follow, max-snippet:-1, max-image-preview:large, max-video-preview:-1\" \/>\n<link rel=\"canonical\" href=\"https:\/\/vosgesinfo.fr\/epinalinfo\/2024\/07\/video-reintroduction-de-23-chouettes-de-loural\/\" \/>\n<meta name=\"twitter:card\" content=\"summary_large_image\" \/>\n<meta name=\"twitter:title\" content=\"[video] - R\u00e9introduction de 23 Chouettes de l&#039;Oural - Epinal Info\" \/>\n<meta name=\"twitter:description\" content=\"Ce vendredi 19 juillet, un convoi exceptionnel de 9 chouettes de l\u2019Oural n\u00e9es dans des structures zoologiques fran\u00e7aises dont 1 [&hellip;]\" \/>\n<meta name=\"twitter:image\" content=\"https:\/\/vosgesinfo.fr\/app\/uploads\/sites\/3\/2024\/07\/chouette-oural2.jpg\" \/>\n<meta name=\"twitter:creator\" content=\"@VosgesInfo88\" \/>\n<meta name=\"twitter:site\" content=\"@VosgesInfo88\" \/>\n<meta name=\"twitter:label1\" content=\"\u00c9crit par\" \/>\n\t<meta name=\"twitter:data1\" content=\"C.K.\" \/>\n\t<meta name=\"twitter:label2\" content=\"Dur\u00e9e de lecture estim\u00e9e\" \/>\n\t<meta name=\"twitter:data2\" content=\"2 minutes\" \/>\n<script type=\"application\/ld+json\" class=\"yoast-schema-graph\">{\"@context\":\"https:\/\/schema.org\",\"@graph\":[{\"@type\":\"Article\",\"@id\":\"https:\/\/vosgesinfo.fr\/epinalinfo\/2024\/07\/video-reintroduction-de-23-chouettes-de-loural\/#article\",\"isPartOf\":{\"@id\":\"https:\/\/vosgesinfo.fr\/epinalinfo\/2024\/07\/video-reintroduction-de-23-chouettes-de-loural\/\"},\"author\":{\"name\":\"C.K.\",\"@id\":\"https:\/\/vosgesinfo.fr\/epinalinfo\/#\/schema\/person\/6f9a650eeea99d969b6c4ab78fccbe81\"},\"headline\":\"[video] &#8211; R\u00e9introduction de 23 Chouettes de l&rsquo;Oural\",\"datePublished\":\"2024-07-22T12:11:43+00:00\",\"dateModified\":\"2024-07-22T13:23:20+00:00\",\"mainEntityOfPage\":{\"@id\":\"https:\/\/vosgesinfo.fr\/epinalinfo\/2024\/07\/video-reintroduction-de-23-chouettes-de-loural\/\"},\"wordCount\":308,\"commentCount\":0,\"publisher\":{\"@id\":\"https:\/\/vosgesinfo.fr\/epinalinfo\/#organization\"},\"image\":{\"@id\":\"https:\/\/vosgesinfo.fr\/epinalinfo\/2024\/07\/video-reintroduction-de-23-chouettes-de-loural\/#primaryimage\"},\"thumbnailUrl\":\"https:\/\/vosgesinfo.fr\/app\/uploads\/sites\/3\/2024\/07\/chouette-oural2.jpg\",\"keywords\":[\"animaux\",\"Chouettes de l'Oural\",\"lorraine\",\"parc de Saint-Croix\"],\"articleSection\":[\"A la Une\",\"Environnement\",\"Lorraine\",\"Vosges\"],\"inLanguage\":\"fr-FR\",\"potentialAction\":[{\"@type\":\"CommentAction\",\"name\":\"Comment\",\"target\":[\"https:\/\/vosgesinfo.fr\/epinalinfo\/2024\/07\/video-reintroduction-de-23-chouettes-de-loural\/#respond\"]}]},{\"@type\":\"WebPage\",\"@id\":\"https:\/\/vosgesinfo.fr\/epinalinfo\/2024\/07\/video-reintroduction-de-23-chouettes-de-loural\/\",\"url\":\"https:\/\/vosgesinfo.fr\/epinalinfo\/2024\/07\/video-reintroduction-de-23-chouettes-de-loural\/\",\"name\":\"[video] - R\u00e9introduction de 23 Chouettes de l'Oural - Epinal Info\",\"isPartOf\":{\"@id\":\"https:\/\/vosgesinfo.fr\/epinalinfo\/#website\"},\"primaryImageOfPage\":{\"@id\":\"https:\/\/vosgesinfo.fr\/epinalinfo\/2024\/07\/video-reintroduction-de-23-chouettes-de-loural\/#primaryimage\"},\"image\":{\"@id\":\"https:\/\/vosgesinfo.fr\/epinalinfo\/2024\/07\/video-reintroduction-de-23-chouettes-de-loural\/#primaryimage\"},\"thumbnailUrl\":\"https:\/\/vosgesinfo.fr\/app\/uploads\/sites\/3\/2024\/07\/chouette-oural2.jpg\",\"datePublished\":\"2024-07-22T12:11:43+00:00\",\"dateModified\":\"2024-07-22T13:23:20+00:00\",\"breadcrumb\":{\"@id\":\"https:\/\/vosgesinfo.fr\/epinalinfo\/2024\/07\/video-reintroduction-de-23-chouettes-de-loural\/#breadcrumb\"},\"inLanguage\":\"fr-FR\",\"potentialAction\":[{\"@type\":\"ReadAction\",\"target\":[\"https:\/\/vosgesinfo.fr\/epinalinfo\/2024\/07\/video-reintroduction-de-23-chouettes-de-loural\/\"]}]},{\"@type\":\"ImageObject\",\"inLanguage\":\"fr-FR\",\"@id\":\"https:\/\/vosgesinfo.fr\/epinalinfo\/2024\/07\/video-reintroduction-de-23-chouettes-de-loural\/#primaryimage\",\"url\":\"https:\/\/vosgesinfo.fr\/app\/uploads\/sites\/3\/2024\/07\/chouette-oural2.jpg\",\"contentUrl\":\"https:\/\/vosgesinfo.fr\/app\/uploads\/sites\/3\/2024\/07\/chouette-oural2.jpg\",\"width\":739,\"height\":518},{\"@type\":\"BreadcrumbList\",\"@id\":\"https:\/\/vosgesinfo.fr\/epinalinfo\/2024\/07\/video-reintroduction-de-23-chouettes-de-loural\/#breadcrumb\",\"itemListElement\":[{\"@type\":\"ListItem\",\"position\":1,\"name\":\"Home\",\"item\":\"https:\/\/vosgesinfo.fr\/epinalinfo\/\"},{\"@type\":\"ListItem\",\"position\":2,\"name\":\"[video] &#8211; R\u00e9introduction de 23 Chouettes de l&#8217;Oural\"}]},{\"@type\":\"WebSite\",\"@id\":\"https:\/\/vosgesinfo.fr\/epinalinfo\/#website\",\"url\":\"https:\/\/vosgesinfo.fr\/epinalinfo\/\",\"name\":\"Epinal Info\",\"description\":\"Toute l&#039;actualit\u00e9 d&#039;\u00c9pinal\",\"publisher\":{\"@id\":\"https:\/\/vosgesinfo.fr\/epinalinfo\/#organization\"},\"alternateName\":\"Toute l'actualit\u00e9 d'\u00c9pinal\",\"potentialAction\":[{\"@type\":\"SearchAction\",\"target\":{\"@type\":\"EntryPoint\",\"urlTemplate\":\"https:\/\/vosgesinfo.fr\/epinalinfo\/?s={search_term_string}\"},\"query-input\":\"required name=search_term_string\"}],\"inLanguage\":\"fr-FR\"},{\"@type\":\"Organization\",\"@id\":\"https:\/\/vosgesinfo.fr\/epinalinfo\/#organization\",\"name\":\"Epinal Info\",\"url\":\"https:\/\/vosgesinfo.fr\/epinalinfo\/\",\"logo\":{\"@type\":\"ImageObject\",\"inLanguage\":\"fr-FR\",\"@id\":\"https:\/\/vosgesinfo.fr\/epinalinfo\/#\/schema\/logo\/image\/\",\"url\":\"https:\/\/vosgesinfo.fr\/app\/uploads\/sites\/3\/2023\/08\/logo-epinalinfos.svg\",\"contentUrl\":\"https:\/\/vosgesinfo.fr\/app\/uploads\/sites\/3\/2023\/08\/logo-epinalinfos.svg\",\"width\":1,\"height\":1,\"caption\":\"Epinal Info\"},\"image\":{\"@id\":\"https:\/\/vosgesinfo.fr\/epinalinfo\/#\/schema\/logo\/image\/\"},\"sameAs\":[\"https:\/\/www.facebook.com\/Epinalinfos\",\"https:\/\/x.com\/VosgesInfo88\",\"https:\/\/www.youtube.com\/@vosgesinfo\"]},{\"@type\":\"Person\",\"@id\":\"https:\/\/vosgesinfo.fr\/epinalinfo\/#\/schema\/person\/6f9a650eeea99d969b6c4ab78fccbe81\",\"name\":\"C.K.\",\"image\":{\"@type\":\"ImageObject\",\"inLanguage\":\"fr-FR\",\"@id\":\"https:\/\/vosgesinfo.fr\/epinalinfo\/#\/schema\/person\/image\/\",\"url\":\"https:\/\/secure.gravatar.com\/avatar\/48e3fc7f8421ba8942be6b74a2b7f014ca39bc00dece156b7a8e098ae7dc87bf?s=96&d=mm&r=g\",\"contentUrl\":\"https:\/\/secure.gravatar.com\/avatar\/48e3fc7f8421ba8942be6b74a2b7f014ca39bc00dece156b7a8e098ae7dc87bf?s=96&d=mm&r=g\",\"caption\":\"C.K.\"},\"url\":\"https:\/\/vosgesinfo.fr\/epinalinfo\/author\/celia-k-n\/\"}]}<\/script>\n<!-- \/ Yoast SEO plugin. -->","yoast_head_json":{"title":"[video] - R\u00e9introduction de 23 Chouettes de l'Oural - Epinal Info","robots":{"index":"index","follow":"follow","max-snippet":"max-snippet:-1","max-image-preview":"max-image-preview:large","max-video-preview":"max-video-preview:-1"},"canonical":"https:\/\/vosgesinfo.fr\/epinalinfo\/2024\/07\/video-reintroduction-de-23-chouettes-de-loural\/","twitter_card":"summary_large_image","twitter_title":"[video] - R\u00e9introduction de 23 Chouettes de l'Oural - Epinal Info","twitter_description":"Ce vendredi 19 juillet, un convoi exceptionnel de 9 chouettes de l\u2019Oural n\u00e9es dans des structures zoologiques fran\u00e7aises dont 1 [&hellip;]","twitter_image":"https:\/\/vosgesinfo.fr\/app\/uploads\/sites\/3\/2024\/07\/chouette-oural2.jpg","twitter_creator":"@VosgesInfo88","twitter_site":"@VosgesInfo88","twitter_misc":{"\u00c9crit par":"C.K.","Dur\u00e9e de lecture estim\u00e9e":"2 minutes"},"schema":{"@context":"https:\/\/schema.org","@graph":[{"@type":"Article","@id":"https:\/\/vosgesinfo.fr\/epinalinfo\/2024\/07\/video-reintroduction-de-23-chouettes-de-loural\/#article","isPartOf":{"@id":"https:\/\/vosgesinfo.fr\/epinalinfo\/2024\/07\/video-reintroduction-de-23-chouettes-de-loural\/"},"author":{"name":"C.K.","@id":"https:\/\/vosgesinfo.fr\/epinalinfo\/#\/schema\/person\/6f9a650eeea99d969b6c4ab78fccbe81"},"headline":"[video] &#8211; R\u00e9introduction de 23 Chouettes de l&rsquo;Oural","datePublished":"2024-07-22T12:11:43+00:00","dateModified":"2024-07-22T13:23:20+00:00","mainEntityOfPage":{"@id":"https:\/\/vosgesinfo.fr\/epinalinfo\/2024\/07\/video-reintroduction-de-23-chouettes-de-loural\/"},"wordCount":308,"commentCount":0,"publisher":{"@id":"https:\/\/vosgesinfo.fr\/epinalinfo\/#organization"},"image":{"@id":"https:\/\/vosgesinfo.fr\/epinalinfo\/2024\/07\/video-reintroduction-de-23-chouettes-de-loural\/#primaryimage"},"thumbnailUrl":"https:\/\/vosgesinfo.fr\/app\/uploads\/sites\/3\/2024\/07\/chouette-oural2.jpg","keywords":["animaux","Chouettes de l'Oural","lorraine","parc de Saint-Croix"],"articleSection":["A la Une","Environnement","Lorraine","Vosges"],"inLanguage":"fr-FR","potentialAction":[{"@type":"CommentAction","name":"Comment","target":["https:\/\/vosgesinfo.fr\/epinalinfo\/2024\/07\/video-reintroduction-de-23-chouettes-de-loural\/#respond"]}]},{"@type":"WebPage","@id":"https:\/\/vosgesinfo.fr\/epinalinfo\/2024\/07\/video-reintroduction-de-23-chouettes-de-loural\/","url":"https:\/\/vosgesinfo.fr\/epinalinfo\/2024\/07\/video-reintroduction-de-23-chouettes-de-loural\/","name":"[video] - R\u00e9introduction de 23 Chouettes de l'Oural - Epinal Info","isPartOf":{"@id":"https:\/\/vosgesinfo.fr\/epinalinfo\/#website"},"primaryImageOfPage":{"@id":"https:\/\/vosgesinfo.fr\/epinalinfo\/2024\/07\/video-reintroduction-de-23-chouettes-de-loural\/#primaryimage"},"image":{"@id":"https:\/\/vosgesinfo.fr\/epinalinfo\/2024\/07\/video-reintroduction-de-23-chouettes-de-loural\/#primaryimage"},"thumbnailUrl":"https:\/\/vosgesinfo.fr\/app\/uploads\/sites\/3\/2024\/07\/chouette-oural2.jpg","datePublished":"2024-07-22T12:11:43+00:00","dateModified":"2024-07-22T13:23:20+00:00","breadcrumb":{"@id":"https:\/\/vosgesinfo.fr\/epinalinfo\/2024\/07\/video-reintroduction-de-23-chouettes-de-loural\/#breadcrumb"},"inLanguage":"fr-FR","potentialAction":[{"@type":"ReadAction","target":["https:\/\/vosgesinfo.fr\/epinalinfo\/2024\/07\/video-reintroduction-de-23-chouettes-de-loural\/"]}]},{"@type":"ImageObject","inLanguage":"fr-FR","@id":"https:\/\/vosgesinfo.fr\/epinalinfo\/2024\/07\/video-reintroduction-de-23-chouettes-de-loural\/#primaryimage","url":"https:\/\/vosgesinfo.fr\/app\/uploads\/sites\/3\/2024\/07\/chouette-oural2.jpg","contentUrl":"https:\/\/vosgesinfo.fr\/app\/uploads\/sites\/3\/2024\/07\/chouette-oural2.jpg","width":739,"height":518},{"@type":"BreadcrumbList","@id":"https:\/\/vosgesinfo.fr\/epinalinfo\/2024\/07\/video-reintroduction-de-23-chouettes-de-loural\/#breadcrumb","itemListElement":[{"@type":"ListItem","position":1,"name":"Home","item":"https:\/\/vosgesinfo.fr\/epinalinfo\/"},{"@type":"ListItem","position":2,"name":"[video] &#8211; R\u00e9introduction de 23 Chouettes de l&#8217;Oural"}]},{"@type":"WebSite","@id":"https:\/\/vosgesinfo.fr\/epinalinfo\/#website","url":"https:\/\/vosgesinfo.fr\/epinalinfo\/","name":"Epinal Info","description":"Toute l&#039;actualit\u00e9 d&#039;\u00c9pinal","publisher":{"@id":"https:\/\/vosgesinfo.fr\/epinalinfo\/#organization"},"alternateName":"Toute l'actualit\u00e9 d'\u00c9pinal","potentialAction":[{"@type":"SearchAction","target":{"@type":"EntryPoint","urlTemplate":"https:\/\/vosgesinfo.fr\/epinalinfo\/?s={search_term_string}"},"query-input":"required name=search_term_string"}],"inLanguage":"fr-FR"},{"@type":"Organization","@id":"https:\/\/vosgesinfo.fr\/epinalinfo\/#organization","name":"Epinal Info","url":"https:\/\/vosgesinfo.fr\/epinalinfo\/","logo":{"@type":"ImageObject","inLanguage":"fr-FR","@id":"https:\/\/vosgesinfo.fr\/epinalinfo\/#\/schema\/logo\/image\/","url":"https:\/\/vosgesinfo.fr\/app\/uploads\/sites\/3\/2023\/08\/logo-epinalinfos.svg","contentUrl":"https:\/\/vosgesinfo.fr\/app\/uploads\/sites\/3\/2023\/08\/logo-epinalinfos.svg","width":1,"height":1,"caption":"Epinal Info"},"image":{"@id":"https:\/\/vosgesinfo.fr\/epinalinfo\/#\/schema\/logo\/image\/"},"sameAs":["https:\/\/www.facebook.com\/Epinalinfos","https:\/\/x.com\/VosgesInfo88","https:\/\/www.youtube.com\/@vosgesinfo"]},{"@type":"Person","@id":"https:\/\/vosgesinfo.fr\/epinalinfo\/#\/schema\/person\/6f9a650eeea99d969b6c4ab78fccbe81","name":"C.K.","image":{"@type":"ImageObject","inLanguage":"fr-FR","@id":"https:\/\/vosgesinfo.fr\/epinalinfo\/#\/schema\/person\/image\/","url":"https:\/\/secure.gravatar.com\/avatar\/48e3fc7f8421ba8942be6b74a2b7f014ca39bc00dece156b7a8e098ae7dc87bf?s=96&d=mm&r=g","contentUrl":"https:\/\/secure.gravatar.com\/avatar\/48e3fc7f8421ba8942be6b74a2b7f014ca39bc00dece156b7a8e098ae7dc87bf?s=96&d=mm&r=g","caption":"C.K."},"url":"https:\/\/vosgesinfo.fr\/epinalinfo\/author\/celia-k-n\/"}]}},"_links":{"self":[{"href":"https:\/\/vosgesinfo.fr\/epinalinfo\/wp-json\/wp\/v2\/posts\/43897","targetHints":{"allow":["GET"]}}],"collection":[{"href":"https:\/\/vosgesinfo.fr\/epinalinfo\/wp-json\/wp\/v2\/posts"}],"about":[{"href":"https:\/\/vosgesinfo.fr\/epinalinfo\/wp-json\/wp\/v2\/types\/post"}],"author":[{"embeddable":true,"href":"https:\/\/vosgesinfo.fr\/epinalinfo\/wp-json\/wp\/v2\/users\/52"}],"replies":[{"embeddable":true,"href":"https:\/\/vosgesinfo.fr\/epinalinfo\/wp-json\/wp\/v2\/comments?post=43897"}],"version-history":[{"count":2,"href":"https:\/\/vosgesinfo.fr\/epinalinfo\/wp-json\/wp\/v2\/posts\/43897\/revisions"}],"predecessor-version":[{"id":43904,"href":"https:\/\/vosgesinfo.fr\/epinalinfo\/wp-json\/wp\/v2\/posts\/43897\/revisions\/43904"}],"wp:featuredmedia":[{"embeddable":true,"href":"https:\/\/vosgesinfo.fr\/epinalinfo\/wp-json\/wp\/v2\/media\/43902"}],"wp:attachment":[{"href":"https:\/\/vosgesinfo.fr\/epinalinfo\/wp-json\/wp\/v2\/media?parent=43897"}],"wp:term":[{"taxonomy":"category","embeddable":true,"href":"https:\/\/vosgesinfo.fr\/epinalinfo\/wp-json\/wp\/v2\/categories?post=43897"},{"taxonomy":"post_tag","embeddable":true,"href":"https:\/\/vosgesinfo.fr\/epinalinfo\/wp-json\/wp\/v2\/tags?post=43897"}],"curies":[{"name":"wp","href":"https:\/\/api.w.org\/{rel}","templated":true}]}}